{"id":1686,"date":"2025-09-09T22:10:18","date_gmt":"2025-09-10T01:10:18","guid":{"rendered":"https:\/\/gazetapernambucana.com\/?p=1686"},"modified":"2025-09-09T22:10:18","modified_gmt":"2025-09-10T01:10:18","slug":"dolar-fecha-em-alta-com-receio-de-sancoes-dos-eua-pos-stf","status":"publish","type":"post","link":"https:\/\/gazetapernambucana.com\/?p=1686","title":{"rendered":"D\u00f3lar fecha em alta com receio de san\u00e7\u00f5es dos EUA \u201cp\u00f3s STF\u201d"},"content":{"rendered":"<p>Ministros do Supremo come\u00e7aram a votar no julgamento do ex-presidente Jair Bolsonaro<\/p>\n<p>O d\u00f3lar subiu nesta ter\u00e7a-feira (9), e fechou acima de R$ 5,43, apesar de leve recuo da moeda norte-americana ante divisas latino-americanas, em dia de alta do min\u00e9rio de ferro e do petr\u00f3leo. Operadores dizem que o ambiente interno \u00e9 de cautela diante das incertezas sobre os desdobramentos do julgamento do ex-presidente da Rep\u00fablica Jair Bolsonaro pelo Supremo Tribunal Federal (STF) por tentativa de golpe de Estado.<\/p>\n<p>Com liquidez reduzida e oscila\u00e7\u00e3o de menos de tr\u00eas centavos (m\u00ednima de R$ 5,4151 e m\u00e1xima de R$ 5,4394), o d\u00f3lar avan\u00e7ou 0,35%, a R$ 5,4363. Depois de cair 3,19% em agosto, sobe 0,26% em setembro. No ano, perde 12,04% no ano.<\/p>\n<p>Para o gerente de c\u00e2mbio da Treviso Corretora, Reginaldo Galhardo, h\u00e1 receio de novas san\u00e7\u00f5es ao Brasil pela administra\u00e7\u00e3o Donald Trump em caso de condena\u00e7\u00e3o de Bolsonaro.<\/p>\n<p>Ele diz que a c\u00fapula virtual do Brics convocada na segunda-feira (8) pelo presidente Luiz In\u00e1cio Lula da Silva refor\u00e7a o temor de retalia\u00e7\u00e3o americana e leva investidores \u00e0 defensiva.<\/p>\n<p>\u2013 O mercado est\u00e1 claramente buscando prote\u00e7\u00e3o, o que segura esse d\u00f3lar acima de R$ 5,40. A liquidez baixa mostra que h\u00e1 pouca disposi\u00e7\u00e3o para tomar riscos \u2013 afirma Galhardo.<\/p>\n<p>Relator da a\u00e7\u00e3o, o ministro Alexandre de Moraes votou pela condena\u00e7\u00e3o de Bolsonaro e de sete r\u00e9us, entre eles o general Braga Neto, vice na chapa de 2022, e o delator Mario Cid, ex-ajudante de ordens do Planalto. O ministro Fl\u00e1vio Dino acompanhou Moraes. O julgamento prossegue na quarta-feira a partir das 9 horas.<\/p>\n<p>Questionada sobre poss\u00edveis novas san\u00e7\u00f5es, a porta-voz da Casa Branca, Karoline Leavitt, disse \u00e0 tarde que n\u00e3o tinha \u201cnenhuma a\u00e7\u00e3o adicional para antecipar\u201d, mas ponderou que os EUA n\u00e3o t\u00eam medo de usar o poder econ\u00f4mico e militar para \u201cproteger a liberdade de express\u00e3o ao redor do mundo\u201d.<\/p>\n<p>\u2013 Hoje e na semana inteira o Real pode se descolar do exterior n\u00e3o tanto pelo julgamento de Bolsonaro, j\u00e1 que o resultado em si n\u00e3o deve surpreender, mas por medo de novas san\u00e7\u00f5es de Trump \u2013 afirma a economista-chefe da B.Side Investimentos, Helena Veronese, que lembra que a taxa Selic elevada mant\u00e9m a atratividade do carry trade e limita a deprecia\u00e7\u00e3o do real.<\/p>\n<p>No exterior, o \u00edndice DXY \u2013 term\u00f4metro do comportamento do d\u00f3lar em rela\u00e7\u00e3o a uma cesta de seis divisas fortes \u2013 teve alta moderada nesta ter\u00e7a, em aparente recupera\u00e7\u00e3o das perdas recentes, apesar da revis\u00e3o para baixo da gera\u00e7\u00e3o de postos de trabalho nos EUA. No fim da tarde, o Dollar Index subiu 0,35%, perto da m\u00e1xima da sess\u00e3o (97,813 pontos).<\/p>\n<p>O Departamento do Trabalho cortou em 911 mil o n\u00famero de vagas criadas at\u00e9 2025, segundo revis\u00e3o preliminar do payroll. Depois, o secret\u00e1rio do Tesouro, Scott Bessent, voltou a criticar o Federal Reserve (Fed, o banco central norte-americano), dizendo que Trump est\u00e1 certo ao afirmar que o Fed \u201cest\u00e1 sufocando o crescimento com altas taxas de juros\u201d.<\/p>\n<p>Investidores aguardam dados de infla\u00e7\u00e3o no atacado e ao consumidor nos pr\u00f3ximos dias para calibrar apostas sobre o afrouxamento monet\u00e1rio. O mercado d\u00e1 como certo que o Fed cortar\u00e1 a taxa b\u00e1sica em 17 de setembro, em ao menos 25 pontos-base.<\/p>\n<p>Veronese projeta tr\u00eas cortes seguidos de 25 pontos-base pelo Fed neste ano e v\u00ea v\u00e1rios indicadores apontando desacelera\u00e7\u00e3o da economia americana.<\/p>\n<p>\u2013 O cen\u00e1rio ainda \u00e9 de d\u00f3lar fraco no mundo, com o corte de juros pelo Fed e pela pr\u00f3pria pol\u00edtica econ\u00f4mica de Trump. O comportamento da moeda aqui vai depender no curto prazo de poss\u00edveis novas san\u00e7\u00f5es americanas \u2013 afirma a economista.<\/p>\n<p>&nbsp;<\/p>\n","protected":false},"excerpt":{"rendered":"<p>Ministros do Supremo come\u00e7aram a votar no julgamento do ex-presidente Jair Bolsonaro O d\u00f3lar subiu nesta ter\u00e7a-feira (9), e fechou acima de R$ 5,43, apesar de leve recuo da moeda norte-americana ante divisas latino-americanas, em dia de alta do min\u00e9rio de ferro e do petr\u00f3leo. Operadores dizem que o ambiente interno \u00e9 de cautela diante [&hellip;]<\/p>\n","protected":false},"author":1,"featured_media":1687,"comment_status":"open","ping_status":"open","sticky":false,"template":"","format":"standard","meta":{"footnotes":"","jetpack_publicize_message":"","jetpack_publicize_feature_enabled":true,"jetpack_social_post_already_shared":true,"jetpack_social_options":{"image_generator_settings":{"template":"highway","default_image_id":0,"font":"","enabled":false},"version":2}},"categories":[1],"tags":[],"class_list":["post-1686","post","type-post","status-publish","format-standard","has-post-thumbnail","hentry","category-https-gazetapernambucana-com-page_id225"],"yoast_head":"<!-- This site is optimized with the Yoast SEO plugin v24.5 - https:\/\/yoast.com\/wordpress\/plugins\/seo\/ -->\n<title>D\u00f3lar fecha em alta com receio de san\u00e7\u00f5es dos EUA \u201cp\u00f3s STF\u201d -<\/title>\n<meta name=\"robots\" content=\"index, follow, max-snippet:-1, max-image-preview:large, max-video-preview:-1\" \/>\n<link rel=\"canonical\" href=\"https:\/\/gazetapernambucana.com\/?p=1686\" \/>\n<meta property=\"og:locale\" content=\"pt_BR\" \/>\n<meta property=\"og:type\" content=\"article\" \/>\n<meta property=\"og:title\" content=\"D\u00f3lar fecha em alta com receio de san\u00e7\u00f5es dos EUA \u201cp\u00f3s STF\u201d\" \/>\n<meta property=\"og:description\" content=\"Ministros do Supremo come\u00e7aram a votar no julgamento do ex-presidente Jair Bolsonaro O d\u00f3lar subiu nesta ter\u00e7a-feira (9), e fechou acima de R$ 5,43, apesar de leve recuo da moeda norte-americana ante divisas latino-americanas, em dia de alta do min\u00e9rio de ferro e do petr\u00f3leo. Operadores dizem que o ambiente interno \u00e9 de cautela diante [&hellip;]\" \/>\n<meta property=\"og:url\" content=\"https:\/\/gazetapernambucana.com\/?p=1686\" \/>\n<meta property=\"article:published_time\" content=\"2025-09-10T01:10:18+00:00\" \/>\n<meta property=\"og:image\" content=\"https:\/\/gazetapernambucana.com\/wp-content\/uploads\/2025\/09\/IMG_9939.webp\" \/>\n\t<meta property=\"og:image:width\" content=\"1536\" \/>\n\t<meta property=\"og:image:height\" content=\"1025\" \/>\n\t<meta property=\"og:image:type\" content=\"image\/webp\" \/>\n<meta name=\"author\" content=\"GP\" \/>\n<meta name=\"twitter:card\" content=\"summary_large_image\" \/>\n<meta name=\"twitter:label1\" content=\"Escrito por\" \/>\n\t<meta name=\"twitter:data1\" content=\"GP\" \/>\n\t<meta name=\"twitter:label2\" content=\"Est. tempo de leitura\" \/>\n\t<meta name=\"twitter:data2\" content=\"4 minutos\" \/>\n<script type=\"application\/ld+json\" class=\"yoast-schema-graph\">{\"@context\":\"https:\/\/schema.org\",\"@graph\":[{\"@type\":\"WebPage\",\"@id\":\"https:\/\/gazetapernambucana.com\/?p=1686\",\"url\":\"https:\/\/gazetapernambucana.com\/?p=1686\",\"name\":\"D\u00f3lar fecha em alta com receio de san\u00e7\u00f5es dos EUA \u201cp\u00f3s STF\u201d -\",\"isPartOf\":{\"@id\":\"https:\/\/gazetapernambucana.com\/#website\"},\"primaryImageOfPage\":{\"@id\":\"https:\/\/gazetapernambucana.com\/?p=1686#primaryimage\"},\"image\":{\"@id\":\"https:\/\/gazetapernambucana.com\/?p=1686#primaryimage\"},\"thumbnailUrl\":\"https:\/\/gazetapernambucana.com\/wp-content\/uploads\/2025\/09\/IMG_9939.webp\",\"datePublished\":\"2025-09-10T01:10:18+00:00\",\"author\":{\"@id\":\"https:\/\/gazetapernambucana.com\/#\/schema\/person\/188dc283325181ac2de4db1e9e987427\"},\"breadcrumb\":{\"@id\":\"https:\/\/gazetapernambucana.com\/?p=1686#breadcrumb\"},\"inLanguage\":\"pt-BR\",\"potentialAction\":[{\"@type\":\"ReadAction\",\"target\":[\"https:\/\/gazetapernambucana.com\/?p=1686\"]}]},{\"@type\":\"ImageObject\",\"inLanguage\":\"pt-BR\",\"@id\":\"https:\/\/gazetapernambucana.com\/?p=1686#primaryimage\",\"url\":\"https:\/\/gazetapernambucana.com\/wp-content\/uploads\/2025\/09\/IMG_9939.webp\",\"contentUrl\":\"https:\/\/gazetapernambucana.com\/wp-content\/uploads\/2025\/09\/IMG_9939.webp\",\"width\":1536,\"height\":1025},{\"@type\":\"BreadcrumbList\",\"@id\":\"https:\/\/gazetapernambucana.com\/?p=1686#breadcrumb\",\"itemListElement\":[{\"@type\":\"ListItem\",\"position\":1,\"name\":\"In\u00edcio\",\"item\":\"https:\/\/gazetapernambucana.com\/\"},{\"@type\":\"ListItem\",\"position\":2,\"name\":\"D\u00f3lar fecha em alta com receio de san\u00e7\u00f5es dos EUA \u201cp\u00f3s STF\u201d\"}]},{\"@type\":\"WebSite\",\"@id\":\"https:\/\/gazetapernambucana.com\/#website\",\"url\":\"https:\/\/gazetapernambucana.com\/\",\"name\":\"\",\"description\":\"\",\"potentialAction\":[{\"@type\":\"SearchAction\",\"target\":{\"@type\":\"EntryPoint\",\"urlTemplate\":\"https:\/\/gazetapernambucana.com\/?s={search_term_string}\"},\"query-input\":{\"@type\":\"PropertyValueSpecification\",\"valueRequired\":true,\"valueName\":\"search_term_string\"}}],\"inLanguage\":\"pt-BR\"},{\"@type\":\"Person\",\"@id\":\"https:\/\/gazetapernambucana.com\/#\/schema\/person\/188dc283325181ac2de4db1e9e987427\",\"name\":\"GP\",\"image\":{\"@type\":\"ImageObject\",\"inLanguage\":\"pt-BR\",\"@id\":\"https:\/\/gazetapernambucana.com\/#\/schema\/person\/image\/\",\"url\":\"https:\/\/secure.gravatar.com\/avatar\/9dad78ff9a2d8b5742d11779f8a3f53b052320c550b2e1907882353c067bb111?s=96&d=mm&r=g\",\"contentUrl\":\"https:\/\/secure.gravatar.com\/avatar\/9dad78ff9a2d8b5742d11779f8a3f53b052320c550b2e1907882353c067bb111?s=96&d=mm&r=g\",\"caption\":\"GP\"},\"sameAs\":[\"http:\/\/gazetapernambucana.com\"],\"url\":\"https:\/\/gazetapernambucana.com\/?author=1\"}]}<\/script>\n<!-- \/ Yoast SEO plugin. -->","yoast_head_json":{"title":"D\u00f3lar fecha em alta com receio de san\u00e7\u00f5es dos EUA \u201cp\u00f3s STF\u201d -","robots":{"index":"index","follow":"follow","max-snippet":"max-snippet:-1","max-image-preview":"max-image-preview:large","max-video-preview":"max-video-preview:-1"},"canonical":"https:\/\/gazetapernambucana.com\/?p=1686","og_locale":"pt_BR","og_type":"article","og_title":"D\u00f3lar fecha em alta com receio de san\u00e7\u00f5es dos EUA \u201cp\u00f3s STF\u201d","og_description":"Ministros do Supremo come\u00e7aram a votar no julgamento do ex-presidente Jair Bolsonaro O d\u00f3lar subiu nesta ter\u00e7a-feira (9), e fechou acima de R$ 5,43, apesar de leve recuo da moeda norte-americana ante divisas latino-americanas, em dia de alta do min\u00e9rio de ferro e do petr\u00f3leo. Operadores dizem que o ambiente interno \u00e9 de cautela diante [&hellip;]","og_url":"https:\/\/gazetapernambucana.com\/?p=1686","article_published_time":"2025-09-10T01:10:18+00:00","og_image":[{"width":1536,"height":1025,"url":"https:\/\/gazetapernambucana.com\/wp-content\/uploads\/2025\/09\/IMG_9939.webp","type":"image\/webp"}],"author":"GP","twitter_card":"summary_large_image","twitter_misc":{"Escrito por":"GP","Est. tempo de leitura":"4 minutos"},"schema":{"@context":"https:\/\/schema.org","@graph":[{"@type":"WebPage","@id":"https:\/\/gazetapernambucana.com\/?p=1686","url":"https:\/\/gazetapernambucana.com\/?p=1686","name":"D\u00f3lar fecha em alta com receio de san\u00e7\u00f5es dos EUA \u201cp\u00f3s STF\u201d -","isPartOf":{"@id":"https:\/\/gazetapernambucana.com\/#website"},"primaryImageOfPage":{"@id":"https:\/\/gazetapernambucana.com\/?p=1686#primaryimage"},"image":{"@id":"https:\/\/gazetapernambucana.com\/?p=1686#primaryimage"},"thumbnailUrl":"https:\/\/gazetapernambucana.com\/wp-content\/uploads\/2025\/09\/IMG_9939.webp","datePublished":"2025-09-10T01:10:18+00:00","author":{"@id":"https:\/\/gazetapernambucana.com\/#\/schema\/person\/188dc283325181ac2de4db1e9e987427"},"breadcrumb":{"@id":"https:\/\/gazetapernambucana.com\/?p=1686#breadcrumb"},"inLanguage":"pt-BR","potentialAction":[{"@type":"ReadAction","target":["https:\/\/gazetapernambucana.com\/?p=1686"]}]},{"@type":"ImageObject","inLanguage":"pt-BR","@id":"https:\/\/gazetapernambucana.com\/?p=1686#primaryimage","url":"https:\/\/gazetapernambucana.com\/wp-content\/uploads\/2025\/09\/IMG_9939.webp","contentUrl":"https:\/\/gazetapernambucana.com\/wp-content\/uploads\/2025\/09\/IMG_9939.webp","width":1536,"height":1025},{"@type":"BreadcrumbList","@id":"https:\/\/gazetapernambucana.com\/?p=1686#breadcrumb","itemListElement":[{"@type":"ListItem","position":1,"name":"In\u00edcio","item":"https:\/\/gazetapernambucana.com\/"},{"@type":"ListItem","position":2,"name":"D\u00f3lar fecha em alta com receio de san\u00e7\u00f5es dos EUA \u201cp\u00f3s STF\u201d"}]},{"@type":"WebSite","@id":"https:\/\/gazetapernambucana.com\/#website","url":"https:\/\/gazetapernambucana.com\/","name":"","description":"","potentialAction":[{"@type":"SearchAction","target":{"@type":"EntryPoint","urlTemplate":"https:\/\/gazetapernambucana.com\/?s={search_term_string}"},"query-input":{"@type":"PropertyValueSpecification","valueRequired":true,"valueName":"search_term_string"}}],"inLanguage":"pt-BR"},{"@type":"Person","@id":"https:\/\/gazetapernambucana.com\/#\/schema\/person\/188dc283325181ac2de4db1e9e987427","name":"GP","image":{"@type":"ImageObject","inLanguage":"pt-BR","@id":"https:\/\/gazetapernambucana.com\/#\/schema\/person\/image\/","url":"https:\/\/secure.gravatar.com\/avatar\/9dad78ff9a2d8b5742d11779f8a3f53b052320c550b2e1907882353c067bb111?s=96&d=mm&r=g","contentUrl":"https:\/\/secure.gravatar.com\/avatar\/9dad78ff9a2d8b5742d11779f8a3f53b052320c550b2e1907882353c067bb111?s=96&d=mm&r=g","caption":"GP"},"sameAs":["http:\/\/gazetapernambucana.com"],"url":"https:\/\/gazetapernambucana.com\/?author=1"}]}},"jetpack_publicize_connections":[],"_links":{"self":[{"href":"https:\/\/gazetapernambucana.com\/index.php?rest_route=\/wp\/v2\/posts\/1686","targetHints":{"allow":["GET"]}}],"collection":[{"href":"https:\/\/gazetapernambucana.com\/index.php?rest_route=\/wp\/v2\/posts"}],"about":[{"href":"https:\/\/gazetapernambucana.com\/index.php?rest_route=\/wp\/v2\/types\/post"}],"author":[{"embeddable":true,"href":"https:\/\/gazetapernambucana.com\/index.php?rest_route=\/wp\/v2\/users\/1"}],"replies":[{"embeddable":true,"href":"https:\/\/gazetapernambucana.com\/index.php?rest_route=%2Fwp%2Fv2%2Fcomments&post=1686"}],"version-history":[{"count":1,"href":"https:\/\/gazetapernambucana.com\/index.php?rest_route=\/wp\/v2\/posts\/1686\/revisions"}],"predecessor-version":[{"id":1688,"href":"https:\/\/gazetapernambucana.com\/index.php?rest_route=\/wp\/v2\/posts\/1686\/revisions\/1688"}],"wp:featuredmedia":[{"embeddable":true,"href":"https:\/\/gazetapernambucana.com\/index.php?rest_route=\/wp\/v2\/media\/1687"}],"wp:attachment":[{"href":"https:\/\/gazetapernambucana.com\/index.php?rest_route=%2Fwp%2Fv2%2Fmedia&parent=1686"}],"wp:term":[{"taxonomy":"category","embeddable":true,"href":"https:\/\/gazetapernambucana.com\/index.php?rest_route=%2Fwp%2Fv2%2Fcategories&post=1686"},{"taxonomy":"post_tag","embeddable":true,"href":"https:\/\/gazetapernambucana.com\/index.php?rest_route=%2Fwp%2Fv2%2Ftags&post=1686"}],"curies":[{"name":"wp","href":"https:\/\/api.w.org\/{rel}","templated":true}]}}