{"id":1666,"date":"2025-09-08T23:06:49","date_gmt":"2025-09-09T02:06:49","guid":{"rendered":"https:\/\/gazetapernambucana.com\/?p=1666"},"modified":"2025-09-09T13:03:06","modified_gmt":"2025-09-09T16:03:06","slug":"tratado-da-coragem-ardente-quando-dois-se-escolhem-o-mundo-arde-em-vao-por-flavio-chaves","status":"publish","type":"post","link":"https:\/\/gazetapernambucana.com\/?p=1666","title":{"rendered":"Tratado da coragem ardente: Quando dois se escolhem, o mundo arde em v\u00e3o. Por Fl\u00e1vio Chaves"},"content":{"rendered":"<p data-start=\"343\" data-end=\"816\"><img loading=\"lazy\" decoding=\"async\" class=\"alignnone size-full wp-image-174319\" src=\"https:\/\/flaviochaves.com.br\/wp-content\/uploads\/2025\/07\/462562856_2457397397798111_6719032111439857149_n-1-150x150-1.jpg\" sizes=\"auto, (max-width: 150px) 100vw, 150px\" srcset=\"https:\/\/flaviochaves.com.br\/wp-content\/uploads\/2025\/07\/462562856_2457397397798111_6719032111439857149_n-1-150x150-1.jpg 150w, https:\/\/flaviochaves.com.br\/wp-content\/uploads\/2025\/07\/462562856_2457397397798111_6719032111439857149_n-1-150x150-1-144x144.jpg 144w\" alt=\"\" width=\"150\" height=\"150\" \/>\u00a0<strong data-start=\"149\" data-end=\"168\">Por Fl\u00e1vio Chaves \u2013 Jornalista, poeta, escritor e membro da Academia Pernambucana de Letras. Foi Delegado Federal\/Minc\u00a0 \u2013<\/strong> \u00a0H\u00e1 for\u00e7as na vida que n\u00e3o se explicam, apenas se reconhecem, como a chegada do vento que vira o rosto e bagun\u00e7a o tempo. Quando dois se encontram com os olhos da alma e n\u00e3o apenas com a carne, forma-se um pacto invis\u00edvel, desses que nem o pr\u00f3prio destino ousa contradizer. O amor, quando \u00e9 chamado pelo nome verdadeiro, n\u00e3o se curva a obst\u00e1culos, n\u00e3o se esfarela diante da resist\u00eancia, n\u00e3o se rende \u00e0 inveja nem \u00e0 opini\u00e3o dos que n\u00e3o sabem o que \u00e9 amar al\u00e9m da superf\u00edcie.<\/p>\n<p data-start=\"818\" data-end=\"1253\">\u00c9 que o amor, quando \u00e9 semente plantada em terra f\u00e9rtil, n\u00e3o espera permiss\u00e3o para crescer. Ele simplesmente cresce. Desafia a l\u00f3gica, desobedece ao calend\u00e1rio, ri da geografia e, se preciso, passa por cima de tudo o que tenta impedi-lo de florescer. O que nasce entre dois que se querem com verdade \u00e9 como chama sagrada: n\u00e3o se apaga com vento fraco, nem com a saliva \u00e1cida de quem n\u00e3o suporta ver acesa a luz que nunca p\u00f4de carregar.<\/p>\n<p data-start=\"1255\" data-end=\"1831\">O ser tomado de amor \u00e9 um incendi\u00e1rio de emo\u00e7\u00f5es. Ele n\u00e3o pede licen\u00e7a para sentir, nem conselhos para seguir. Ele apenas vai, tomado de uma coragem quase mitol\u00f3gica, como se fosse Aquiles de peito aberto no campo de batalha \u2014 n\u00e3o para ferir, mas para n\u00e3o recuar. Quem ama com inteireza se transforma em campo de resist\u00eancia contra a frieza do mundo. Traz nas m\u00e3os o manifesto da entrega, e no olhar, a fa\u00edsca de quem n\u00e3o teme o confronto. E se algu\u00e9m se atreve a atravessar esse caminho, encontrar\u00e1 n\u00e3o um casal apaixonado, mas uma for\u00e7a ancestral que n\u00e3o admite ser dobrada.<\/p>\n<p data-start=\"1833\" data-end=\"2288\">H\u00e1 sempre quem tente impedir o voo de quem encontrou o c\u00e9u no olhar do outro. Gente que n\u00e3o soube amar, que deixou escapar entre os dedos o que um dia talvez teve \u2014 ou achou que tinha. S\u00e3o esses, os que vivem \u00e0 sombra do que poderia ter sido, que se armam de argumentos e pedras, tentando sabotar o que n\u00e3o compreendem. Mas esquecem que a filosofia mais pura do amor \u00e9 simples: ningu\u00e9m perde o que nunca teve, e ningu\u00e9m segura o que nasceu para ser livre.<\/p>\n<p data-start=\"2290\" data-end=\"2727\">Quando dois se reconhecem com a alma em chamas, n\u00e3o h\u00e1 decreto, ci\u00fame ou censura que os detenha. Se houver quem deseje erguer muros entre dois cora\u00e7\u00f5es que j\u00e1 se reconhecem, o amor n\u00e3o guerreia \u2014 ele resiste. N\u00e3o se defende com armas, mas com presen\u00e7a. N\u00e3o imp\u00f5e, apenas existe com tal intensidade que sua pr\u00f3pria exist\u00eancia desarma qualquer tentativa de nega\u00e7\u00e3o. Porque aquilo que \u00e9 verdadeiro n\u00e3o precisa vencer: basta continuar sendo.<\/p>\n<p data-start=\"2729\" data-end=\"3080\">E se houver quem tente apagar esse inc\u00eandio, o tempo h\u00e1 de mostrar que fogo nascido do encontro verdadeiro n\u00e3o se desfaz com sopros. \u00c9 calor que persiste, chama que se adapta ao vento e continua ardendo \u2014 n\u00e3o para consumir, mas para iluminar. S\u00f3 os que habitam a grandeza do sentir compreendem: h\u00e1 brasas que nem o frio mais severo consegue extinguir.<\/p>\n<p data-start=\"3082\" data-end=\"3190\">Porque o amor, quando \u00e9 coragem em estado puro, \u00e9 tamb\u00e9m perman\u00eancia. E diante disso, todo resto \u00e9 sil\u00eancio.<\/p>\n","protected":false},"excerpt":{"rendered":"<p>\u00a0Por Fl\u00e1vio Chaves \u2013 Jornalista, poeta, escritor e membro da Academia Pernambucana de Letras. Foi Delegado Federal\/Minc\u00a0 \u2013 \u00a0H\u00e1 for\u00e7as na vida que n\u00e3o se explicam, apenas se reconhecem, como a chegada do vento que vira o rosto e bagun\u00e7a o tempo. Quando dois se encontram com os olhos da alma e n\u00e3o apenas com [&hellip;]<\/p>\n","protected":false},"author":1,"featured_media":1017,"comment_status":"open","ping_status":"open","sticky":false,"template":"","format":"standard","meta":{"footnotes":"","jetpack_publicize_message":"","jetpack_publicize_feature_enabled":true,"jetpack_social_post_already_shared":true,"jetpack_social_options":{"image_generator_settings":{"template":"highway","default_image_id":0,"font":"","enabled":false},"version":2}},"categories":[1,35,46,76],"tags":[],"class_list":["post-1666","post","type-post","status-publish","format-standard","has-post-thumbnail","hentry","category-https-gazetapernambucana-com-page_id225","category-https-gazetapernambucana-com-page_id218","category-literatura","category-opiniao"],"yoast_head":"<!-- This site is optimized with the Yoast SEO plugin v24.5 - https:\/\/yoast.com\/wordpress\/plugins\/seo\/ -->\n<title>Tratado da coragem ardente: Quando dois se escolhem, o mundo arde em v\u00e3o. Por Fl\u00e1vio Chaves -<\/title>\n<meta name=\"robots\" content=\"index, follow, max-snippet:-1, max-image-preview:large, max-video-preview:-1\" \/>\n<link rel=\"canonical\" href=\"https:\/\/gazetapernambucana.com\/?p=1666\" \/>\n<meta property=\"og:locale\" content=\"pt_BR\" \/>\n<meta property=\"og:type\" content=\"article\" \/>\n<meta property=\"og:title\" content=\"Tratado da coragem ardente: Quando dois se escolhem, o mundo arde em v\u00e3o. Por Fl\u00e1vio Chaves\" \/>\n<meta property=\"og:description\" content=\"| %excerpt% - %sitename%\" \/>\n<meta property=\"og:url\" content=\"https:\/\/gazetapernambucana.com\/?p=1666\" \/>\n<meta property=\"article:published_time\" content=\"2025-09-09T02:06:49+00:00\" \/>\n<meta property=\"article:modified_time\" content=\"2025-09-09T16:03:06+00:00\" \/>\n<meta property=\"og:image\" content=\"https:\/\/gazetapernambucana.com\/wp-content\/uploads\/2025\/06\/462562856_2457397397798111_6719032111439857149_n-1-1.jpg\" \/>\n\t<meta property=\"og:image:width\" content=\"212\" \/>\n\t<meta property=\"og:image:height\" content=\"208\" \/>\n\t<meta property=\"og:image:type\" content=\"image\/jpeg\" \/>\n<meta name=\"author\" content=\"GP\" \/>\n<meta name=\"twitter:card\" content=\"summary_large_image\" \/>\n<meta name=\"twitter:label1\" content=\"Escrito por\" \/>\n\t<meta name=\"twitter:data1\" content=\"GP\" \/>\n\t<meta name=\"twitter:label2\" content=\"Est. tempo de leitura\" \/>\n\t<meta name=\"twitter:data2\" content=\"4 minutos\" \/>\n<script type=\"application\/ld+json\" class=\"yoast-schema-graph\">{\"@context\":\"https:\/\/schema.org\",\"@graph\":[{\"@type\":\"WebPage\",\"@id\":\"https:\/\/gazetapernambucana.com\/?p=1666\",\"url\":\"https:\/\/gazetapernambucana.com\/?p=1666\",\"name\":\"Tratado da coragem ardente: Quando dois se escolhem, o mundo arde em v\u00e3o. Por Fl\u00e1vio Chaves -\",\"isPartOf\":{\"@id\":\"https:\/\/gazetapernambucana.com\/#website\"},\"primaryImageOfPage\":{\"@id\":\"https:\/\/gazetapernambucana.com\/?p=1666#primaryimage\"},\"image\":{\"@id\":\"https:\/\/gazetapernambucana.com\/?p=1666#primaryimage\"},\"thumbnailUrl\":\"https:\/\/gazetapernambucana.com\/wp-content\/uploads\/2025\/06\/462562856_2457397397798111_6719032111439857149_n-1-1.jpg\",\"datePublished\":\"2025-09-09T02:06:49+00:00\",\"dateModified\":\"2025-09-09T16:03:06+00:00\",\"author\":{\"@id\":\"https:\/\/gazetapernambucana.com\/#\/schema\/person\/188dc283325181ac2de4db1e9e987427\"},\"breadcrumb\":{\"@id\":\"https:\/\/gazetapernambucana.com\/?p=1666#breadcrumb\"},\"inLanguage\":\"pt-BR\",\"potentialAction\":[{\"@type\":\"ReadAction\",\"target\":[\"https:\/\/gazetapernambucana.com\/?p=1666\"]}]},{\"@type\":\"ImageObject\",\"inLanguage\":\"pt-BR\",\"@id\":\"https:\/\/gazetapernambucana.com\/?p=1666#primaryimage\",\"url\":\"https:\/\/gazetapernambucana.com\/wp-content\/uploads\/2025\/06\/462562856_2457397397798111_6719032111439857149_n-1-1.jpg\",\"contentUrl\":\"https:\/\/gazetapernambucana.com\/wp-content\/uploads\/2025\/06\/462562856_2457397397798111_6719032111439857149_n-1-1.jpg\",\"width\":212,\"height\":208},{\"@type\":\"BreadcrumbList\",\"@id\":\"https:\/\/gazetapernambucana.com\/?p=1666#breadcrumb\",\"itemListElement\":[{\"@type\":\"ListItem\",\"position\":1,\"name\":\"In\u00edcio\",\"item\":\"https:\/\/gazetapernambucana.com\/\"},{\"@type\":\"ListItem\",\"position\":2,\"name\":\"Tratado da coragem ardente: Quando dois se escolhem, o mundo arde em v\u00e3o. Por Fl\u00e1vio Chaves\"}]},{\"@type\":\"WebSite\",\"@id\":\"https:\/\/gazetapernambucana.com\/#website\",\"url\":\"https:\/\/gazetapernambucana.com\/\",\"name\":\"\",\"description\":\"\",\"potentialAction\":[{\"@type\":\"SearchAction\",\"target\":{\"@type\":\"EntryPoint\",\"urlTemplate\":\"https:\/\/gazetapernambucana.com\/?s={search_term_string}\"},\"query-input\":{\"@type\":\"PropertyValueSpecification\",\"valueRequired\":true,\"valueName\":\"search_term_string\"}}],\"inLanguage\":\"pt-BR\"},{\"@type\":\"Person\",\"@id\":\"https:\/\/gazetapernambucana.com\/#\/schema\/person\/188dc283325181ac2de4db1e9e987427\",\"name\":\"GP\",\"image\":{\"@type\":\"ImageObject\",\"inLanguage\":\"pt-BR\",\"@id\":\"https:\/\/gazetapernambucana.com\/#\/schema\/person\/image\/\",\"url\":\"https:\/\/secure.gravatar.com\/avatar\/9dad78ff9a2d8b5742d11779f8a3f53b052320c550b2e1907882353c067bb111?s=96&d=mm&r=g\",\"contentUrl\":\"https:\/\/secure.gravatar.com\/avatar\/9dad78ff9a2d8b5742d11779f8a3f53b052320c550b2e1907882353c067bb111?s=96&d=mm&r=g\",\"caption\":\"GP\"},\"sameAs\":[\"http:\/\/gazetapernambucana.com\"],\"url\":\"https:\/\/gazetapernambucana.com\/?author=1\"}]}<\/script>\n<!-- \/ Yoast SEO plugin. -->","yoast_head_json":{"title":"Tratado da coragem ardente: Quando dois se escolhem, o mundo arde em v\u00e3o. Por Fl\u00e1vio Chaves -","robots":{"index":"index","follow":"follow","max-snippet":"max-snippet:-1","max-image-preview":"max-image-preview:large","max-video-preview":"max-video-preview:-1"},"canonical":"https:\/\/gazetapernambucana.com\/?p=1666","og_locale":"pt_BR","og_type":"article","og_title":"Tratado da coragem ardente: Quando dois se escolhem, o mundo arde em v\u00e3o. Por Fl\u00e1vio Chaves","og_description":"| %excerpt% - %sitename%","og_url":"https:\/\/gazetapernambucana.com\/?p=1666","article_published_time":"2025-09-09T02:06:49+00:00","article_modified_time":"2025-09-09T16:03:06+00:00","og_image":[{"width":212,"height":208,"url":"https:\/\/gazetapernambucana.com\/wp-content\/uploads\/2025\/06\/462562856_2457397397798111_6719032111439857149_n-1-1.jpg","type":"image\/jpeg"}],"author":"GP","twitter_card":"summary_large_image","twitter_misc":{"Escrito por":"GP","Est. tempo de leitura":"4 minutos"},"schema":{"@context":"https:\/\/schema.org","@graph":[{"@type":"WebPage","@id":"https:\/\/gazetapernambucana.com\/?p=1666","url":"https:\/\/gazetapernambucana.com\/?p=1666","name":"Tratado da coragem ardente: Quando dois se escolhem, o mundo arde em v\u00e3o. Por Fl\u00e1vio Chaves -","isPartOf":{"@id":"https:\/\/gazetapernambucana.com\/#website"},"primaryImageOfPage":{"@id":"https:\/\/gazetapernambucana.com\/?p=1666#primaryimage"},"image":{"@id":"https:\/\/gazetapernambucana.com\/?p=1666#primaryimage"},"thumbnailUrl":"https:\/\/gazetapernambucana.com\/wp-content\/uploads\/2025\/06\/462562856_2457397397798111_6719032111439857149_n-1-1.jpg","datePublished":"2025-09-09T02:06:49+00:00","dateModified":"2025-09-09T16:03:06+00:00","author":{"@id":"https:\/\/gazetapernambucana.com\/#\/schema\/person\/188dc283325181ac2de4db1e9e987427"},"breadcrumb":{"@id":"https:\/\/gazetapernambucana.com\/?p=1666#breadcrumb"},"inLanguage":"pt-BR","potentialAction":[{"@type":"ReadAction","target":["https:\/\/gazetapernambucana.com\/?p=1666"]}]},{"@type":"ImageObject","inLanguage":"pt-BR","@id":"https:\/\/gazetapernambucana.com\/?p=1666#primaryimage","url":"https:\/\/gazetapernambucana.com\/wp-content\/uploads\/2025\/06\/462562856_2457397397798111_6719032111439857149_n-1-1.jpg","contentUrl":"https:\/\/gazetapernambucana.com\/wp-content\/uploads\/2025\/06\/462562856_2457397397798111_6719032111439857149_n-1-1.jpg","width":212,"height":208},{"@type":"BreadcrumbList","@id":"https:\/\/gazetapernambucana.com\/?p=1666#breadcrumb","itemListElement":[{"@type":"ListItem","position":1,"name":"In\u00edcio","item":"https:\/\/gazetapernambucana.com\/"},{"@type":"ListItem","position":2,"name":"Tratado da coragem ardente: Quando dois se escolhem, o mundo arde em v\u00e3o. Por Fl\u00e1vio Chaves"}]},{"@type":"WebSite","@id":"https:\/\/gazetapernambucana.com\/#website","url":"https:\/\/gazetapernambucana.com\/","name":"","description":"","potentialAction":[{"@type":"SearchAction","target":{"@type":"EntryPoint","urlTemplate":"https:\/\/gazetapernambucana.com\/?s={search_term_string}"},"query-input":{"@type":"PropertyValueSpecification","valueRequired":true,"valueName":"search_term_string"}}],"inLanguage":"pt-BR"},{"@type":"Person","@id":"https:\/\/gazetapernambucana.com\/#\/schema\/person\/188dc283325181ac2de4db1e9e987427","name":"GP","image":{"@type":"ImageObject","inLanguage":"pt-BR","@id":"https:\/\/gazetapernambucana.com\/#\/schema\/person\/image\/","url":"https:\/\/secure.gravatar.com\/avatar\/9dad78ff9a2d8b5742d11779f8a3f53b052320c550b2e1907882353c067bb111?s=96&d=mm&r=g","contentUrl":"https:\/\/secure.gravatar.com\/avatar\/9dad78ff9a2d8b5742d11779f8a3f53b052320c550b2e1907882353c067bb111?s=96&d=mm&r=g","caption":"GP"},"sameAs":["http:\/\/gazetapernambucana.com"],"url":"https:\/\/gazetapernambucana.com\/?author=1"}]}},"jetpack_publicize_connections":[],"_links":{"self":[{"href":"https:\/\/gazetapernambucana.com\/index.php?rest_route=\/wp\/v2\/posts\/1666","targetHints":{"allow":["GET"]}}],"collection":[{"href":"https:\/\/gazetapernambucana.com\/index.php?rest_route=\/wp\/v2\/posts"}],"about":[{"href":"https:\/\/gazetapernambucana.com\/index.php?rest_route=\/wp\/v2\/types\/post"}],"author":[{"embeddable":true,"href":"https:\/\/gazetapernambucana.com\/index.php?rest_route=\/wp\/v2\/users\/1"}],"replies":[{"embeddable":true,"href":"https:\/\/gazetapernambucana.com\/index.php?rest_route=%2Fwp%2Fv2%2Fcomments&post=1666"}],"version-history":[{"count":3,"href":"https:\/\/gazetapernambucana.com\/index.php?rest_route=\/wp\/v2\/posts\/1666\/revisions"}],"predecessor-version":[{"id":1669,"href":"https:\/\/gazetapernambucana.com\/index.php?rest_route=\/wp\/v2\/posts\/1666\/revisions\/1669"}],"wp:featuredmedia":[{"embeddable":true,"href":"https:\/\/gazetapernambucana.com\/index.php?rest_route=\/wp\/v2\/media\/1017"}],"wp:attachment":[{"href":"https:\/\/gazetapernambucana.com\/index.php?rest_route=%2Fwp%2Fv2%2Fmedia&parent=1666"}],"wp:term":[{"taxonomy":"category","embeddable":true,"href":"https:\/\/gazetapernambucana.com\/index.php?rest_route=%2Fwp%2Fv2%2Fcategories&post=1666"},{"taxonomy":"post_tag","embeddable":true,"href":"https:\/\/gazetapernambucana.com\/index.php?rest_route=%2Fwp%2Fv2%2Ftags&post=1666"}],"curies":[{"name":"wp","href":"https:\/\/api.w.org\/{rel}","templated":true}]}}