{"id":1655,"date":"2025-09-05T12:11:36","date_gmt":"2025-09-05T15:11:36","guid":{"rendered":"https:\/\/gazetapernambucana.com\/?p=1655"},"modified":"2025-09-08T21:08:13","modified_gmt":"2025-09-09T00:08:13","slug":"a-beleza-impiedosa-de-sentir-por-flavio-chaves","status":"publish","type":"post","link":"https:\/\/gazetapernambucana.com\/?p=1655","title":{"rendered":"A Beleza Impiedosa de Sentir. Por Fl\u00e1vio Chaves"},"content":{"rendered":"<h3 data-start=\"136\" data-end=\"311\">Entre as engrenagens silenciosas da exist\u00eancia, sobrevivem aqueles que sangram por dentro enquanto sustentam o peso do mundo.<\/h3>\n<p data-start=\"313\" data-end=\"973\"><img loading=\"lazy\" decoding=\"async\" class=\"alignnone size-medium wp-image-1115\" src=\"http:\/\/gazetapernambucana.com\/wp-content\/uploads\/2025\/06\/download-42-1-264x300.jpeg\" alt=\"\" width=\"264\" height=\"300\" srcset=\"https:\/\/gazetapernambucana.com\/wp-content\/uploads\/2025\/06\/download-42-1-264x300.jpeg 264w, https:\/\/gazetapernambucana.com\/wp-content\/uploads\/2025\/06\/download-42-1-768x872.jpeg 768w, https:\/\/gazetapernambucana.com\/wp-content\/uploads\/2025\/06\/download-42-1.jpeg 890w\" sizes=\"auto, (max-width: 264px) 100vw, 264px\" \/>\u00a0 <strong data-start=\"149\" data-end=\"168\">Por Fl\u00e1vio Chaves \u2013 Jornalista, poeta, escritor e membro da Academia Pernambucana de Letras. Foi Delegado Federal\/Minc\u00a0 \u2013<\/strong> \u00a0A vida, em sua superf\u00edcie de apar\u00eancias e compromissos, parece seguir um rumo t\u00e3o absurdamente organizado que beira a mentira. As manh\u00e3s nascem como se estivessem certas do que vir\u00e1, os homens se vestem como quem veste um papel, e os dias passam numa sequ\u00eancia de gestos programados, sem espanto, sem pausa, sem verdade. Mas por baixo dessa engrenagem domesticada, h\u00e1 um subterr\u00e2neo em constante combust\u00e3o, um lugar onde a pele do mundo n\u00e3o \u00e9 suficiente para conter o que pulsa. Ali, ali vivem os que n\u00e3o conseguiram se adaptar ao sil\u00eancio das multid\u00f5es: os solit\u00e1rios, os poetas e os loucos. N\u00e3o como categorias distintas, mas como matizes do mesmo desespero.<\/p>\n<p data-start=\"975\" data-end=\"1580\">S\u00e3o aqueles que, mesmo sorrindo, sabem que h\u00e1 um cansa\u00e7o de alma que n\u00e3o repousa. Sentem o mundo como quem anda com o cora\u00e7\u00e3o do lado de fora do corpo, exposto aos ventos, \u00e0s farpas, aos olhares que n\u00e3o veem. Eles n\u00e3o se encaixam no rel\u00f3gio social que transforma o tempo em mercadoria. Para eles, o tempo n\u00e3o passa, dilacera. E cada dia \u00e9 um campo minado de sensa\u00e7\u00f5es, onde qualquer cheiro, palavra ou aus\u00eancia pode ser o estopim de uma lembran\u00e7a que ningu\u00e9m entenderia. Porque a vida para esses seres n\u00e3o \u00e9 um caminho, mas um labirinto. E n\u00e3o \u00e9 o fim que os assusta, mas a repeti\u00e7\u00e3o infinita das paredes.<\/p>\n<p data-start=\"1582\" data-end=\"2161\">Eles n\u00e3o t\u00eam medo de amar, mas amam como quem segura uma faca pelo fio. S\u00e3o os que olham para o outro com um tipo de fome que n\u00e3o se sacia com presen\u00e7a, mas com alma. Por isso sofrem tanto. Porque sentem em excesso. E num mundo que adestra os sentimentos at\u00e9 que fiquem inofensivos, quem sente muito \u00e9 tratado como amea\u00e7a. \u00c9 por isso que vivem nas bordas, como se fossem erro de tipografia na p\u00e1gina da exist\u00eancia. A sociedade os olha com curiosidade ou piedade, mas nunca com real compreens\u00e3o, porque compreender implicaria admitir que h\u00e1 algo profundamente errado com o centro.<\/p>\n<p data-start=\"2163\" data-end=\"2708\">Esses seres n\u00e3o pedem respostas. Suportam o peso das perguntas como quem carrega uma crian\u00e7a ferida nos bra\u00e7os. Sabem que a lucidez \u00e9 um risco, e que muitas vezes a loucura \u00e9 apenas a forma mais corajosa de continuar vivo. S\u00e3o eles que ainda escrevem cartas sem destinat\u00e1rio, que ainda choram diante de uma m\u00fasica antiga, que ainda se deixam abalar por um p\u00f4r do sol que parece ter sido pintado s\u00f3 para doer mais um pouco. S\u00e3o eles que sustentam, sem saber, a parte mais humana do mundo. E, no entanto, s\u00e3o tamb\u00e9m os mais impiedosamente tristes.<\/p>\n<p data-start=\"2710\" data-end=\"3162\">N\u00e3o porque desejem essa tristeza, mas porque ela \u00e9 o pre\u00e7o de ver demais, de amar demais, de lembrar demais. Eles vivem como quem caminha num campo de espelhos partidos, tentando recolher os cacos sem ferir os p\u00e9s. Sabem que a exist\u00eancia n\u00e3o \u00e9 uma estrada, mas uma espiral. E que cada retorno \u00e9 mais profundo, mais escuro, mais verdadeiro. Por isso, escrevem. Por isso, se calam. Por isso, dan\u00e7am quando ningu\u00e9m v\u00ea. N\u00e3o para fugir, mas para permanecer.<\/p>\n<p data-start=\"3164\" data-end=\"3709\">No fundo, s\u00e3o eles que carregam o mundo. N\u00e3o o mundo das manchetes, dos n\u00fameros, das celebra\u00e7\u00f5es p\u00fablicas. Mas o mundo que chora em sil\u00eancio, o mundo que se esconde atr\u00e1s de portas fechadas, o mundo que ainda sonha mesmo quando tudo parece desabar. E talvez, s\u00f3 talvez, a salva\u00e7\u00e3o venha justamente desse lugar onde habita a tristeza sem nome \u2014 essa tristeza que n\u00e3o destr\u00f3i, mas transforma. Porque s\u00f3 quem sofreu demais \u00e9 capaz de amar com verdade. E s\u00f3 quem se perdeu muitas vezes sabe encontrar beleza naquilo que j\u00e1 n\u00e3o brilha para os outros.<\/p>\n","protected":false},"excerpt":{"rendered":"<p>Entre as engrenagens silenciosas da exist\u00eancia, sobrevivem aqueles que sangram por dentro enquanto sustentam o peso do mundo. \u00a0 Por Fl\u00e1vio Chaves \u2013 Jornalista, poeta, escritor e membro da Academia Pernambucana de Letras. Foi Delegado Federal\/Minc\u00a0 \u2013 \u00a0A vida, em sua superf\u00edcie de apar\u00eancias e compromissos, parece seguir um rumo t\u00e3o absurdamente organizado que beira [&hellip;]<\/p>\n","protected":false},"author":1,"featured_media":1115,"comment_status":"open","ping_status":"open","sticky":false,"template":"","format":"standard","meta":{"footnotes":"","jetpack_publicize_message":"","jetpack_publicize_feature_enabled":true,"jetpack_social_post_already_shared":true,"jetpack_social_options":{"image_generator_settings":{"template":"highway","default_image_id":0,"font":"","enabled":false},"version":2}},"categories":[1,35,46],"tags":[],"class_list":["post-1655","post","type-post","status-publish","format-standard","has-post-thumbnail","hentry","category-https-gazetapernambucana-com-page_id225","category-https-gazetapernambucana-com-page_id218","category-literatura"],"yoast_head":"<!-- This site is optimized with the Yoast SEO plugin v24.5 - https:\/\/yoast.com\/wordpress\/plugins\/seo\/ -->\n<title>A Beleza Impiedosa de Sentir. Por Fl\u00e1vio Chaves -<\/title>\n<meta name=\"robots\" content=\"index, follow, max-snippet:-1, max-image-preview:large, max-video-preview:-1\" \/>\n<link rel=\"canonical\" href=\"https:\/\/gazetapernambucana.com\/?p=1655\" \/>\n<meta property=\"og:locale\" content=\"pt_BR\" \/>\n<meta property=\"og:type\" content=\"article\" \/>\n<meta property=\"og:title\" content=\"A Beleza Impiedosa de Sentir. Por Fl\u00e1vio Chaves\" \/>\n<meta property=\"og:description\" content=\"Entre as engrenagens silenciosas da exist\u00eancia, sobrevivem aqueles que sangram por dentro enquanto sustentam o peso do mundo. \u00a0 Por Fl\u00e1vio Chaves \u2013 Jornalista, poeta, escritor e membro da Academia Pernambucana de Letras. Foi Delegado Federal\/Minc\u00a0 \u2013 \u00a0A vida, em sua superf\u00edcie de apar\u00eancias e compromissos, parece seguir um rumo t\u00e3o absurdamente organizado que beira [&hellip;]\" \/>\n<meta property=\"og:url\" content=\"https:\/\/gazetapernambucana.com\/?p=1655\" \/>\n<meta property=\"article:published_time\" content=\"2025-09-05T15:11:36+00:00\" \/>\n<meta property=\"article:modified_time\" content=\"2025-09-09T00:08:13+00:00\" \/>\n<meta property=\"og:image\" content=\"https:\/\/gazetapernambucana.com\/wp-content\/uploads\/2025\/06\/download-42-1.jpeg\" \/>\n\t<meta property=\"og:image:width\" content=\"890\" \/>\n\t<meta property=\"og:image:height\" content=\"1010\" \/>\n\t<meta property=\"og:image:type\" content=\"image\/jpeg\" \/>\n<meta name=\"author\" content=\"GP\" \/>\n<meta name=\"twitter:card\" content=\"summary_large_image\" \/>\n<meta name=\"twitter:label1\" content=\"Escrito por\" \/>\n\t<meta name=\"twitter:data1\" content=\"GP\" \/>\n\t<meta name=\"twitter:label2\" content=\"Est. tempo de leitura\" \/>\n\t<meta name=\"twitter:data2\" content=\"4 minutos\" \/>\n<script type=\"application\/ld+json\" class=\"yoast-schema-graph\">{\"@context\":\"https:\/\/schema.org\",\"@graph\":[{\"@type\":\"WebPage\",\"@id\":\"https:\/\/gazetapernambucana.com\/?p=1655\",\"url\":\"https:\/\/gazetapernambucana.com\/?p=1655\",\"name\":\"A Beleza Impiedosa de Sentir. Por Fl\u00e1vio Chaves -\",\"isPartOf\":{\"@id\":\"https:\/\/gazetapernambucana.com\/#website\"},\"primaryImageOfPage\":{\"@id\":\"https:\/\/gazetapernambucana.com\/?p=1655#primaryimage\"},\"image\":{\"@id\":\"https:\/\/gazetapernambucana.com\/?p=1655#primaryimage\"},\"thumbnailUrl\":\"https:\/\/gazetapernambucana.com\/wp-content\/uploads\/2025\/06\/download-42-1.jpeg\",\"datePublished\":\"2025-09-05T15:11:36+00:00\",\"dateModified\":\"2025-09-09T00:08:13+00:00\",\"author\":{\"@id\":\"https:\/\/gazetapernambucana.com\/#\/schema\/person\/188dc283325181ac2de4db1e9e987427\"},\"breadcrumb\":{\"@id\":\"https:\/\/gazetapernambucana.com\/?p=1655#breadcrumb\"},\"inLanguage\":\"pt-BR\",\"potentialAction\":[{\"@type\":\"ReadAction\",\"target\":[\"https:\/\/gazetapernambucana.com\/?p=1655\"]}]},{\"@type\":\"ImageObject\",\"inLanguage\":\"pt-BR\",\"@id\":\"https:\/\/gazetapernambucana.com\/?p=1655#primaryimage\",\"url\":\"https:\/\/gazetapernambucana.com\/wp-content\/uploads\/2025\/06\/download-42-1.jpeg\",\"contentUrl\":\"https:\/\/gazetapernambucana.com\/wp-content\/uploads\/2025\/06\/download-42-1.jpeg\",\"width\":890,\"height\":1010},{\"@type\":\"BreadcrumbList\",\"@id\":\"https:\/\/gazetapernambucana.com\/?p=1655#breadcrumb\",\"itemListElement\":[{\"@type\":\"ListItem\",\"position\":1,\"name\":\"In\u00edcio\",\"item\":\"https:\/\/gazetapernambucana.com\/\"},{\"@type\":\"ListItem\",\"position\":2,\"name\":\"A Beleza Impiedosa de Sentir. Por Fl\u00e1vio Chaves\"}]},{\"@type\":\"WebSite\",\"@id\":\"https:\/\/gazetapernambucana.com\/#website\",\"url\":\"https:\/\/gazetapernambucana.com\/\",\"name\":\"\",\"description\":\"\",\"potentialAction\":[{\"@type\":\"SearchAction\",\"target\":{\"@type\":\"EntryPoint\",\"urlTemplate\":\"https:\/\/gazetapernambucana.com\/?s={search_term_string}\"},\"query-input\":{\"@type\":\"PropertyValueSpecification\",\"valueRequired\":true,\"valueName\":\"search_term_string\"}}],\"inLanguage\":\"pt-BR\"},{\"@type\":\"Person\",\"@id\":\"https:\/\/gazetapernambucana.com\/#\/schema\/person\/188dc283325181ac2de4db1e9e987427\",\"name\":\"GP\",\"image\":{\"@type\":\"ImageObject\",\"inLanguage\":\"pt-BR\",\"@id\":\"https:\/\/gazetapernambucana.com\/#\/schema\/person\/image\/\",\"url\":\"https:\/\/secure.gravatar.com\/avatar\/9dad78ff9a2d8b5742d11779f8a3f53b052320c550b2e1907882353c067bb111?s=96&d=mm&r=g\",\"contentUrl\":\"https:\/\/secure.gravatar.com\/avatar\/9dad78ff9a2d8b5742d11779f8a3f53b052320c550b2e1907882353c067bb111?s=96&d=mm&r=g\",\"caption\":\"GP\"},\"sameAs\":[\"http:\/\/gazetapernambucana.com\"],\"url\":\"https:\/\/gazetapernambucana.com\/?author=1\"}]}<\/script>\n<!-- \/ Yoast SEO plugin. -->","yoast_head_json":{"title":"A Beleza Impiedosa de Sentir. Por Fl\u00e1vio Chaves -","robots":{"index":"index","follow":"follow","max-snippet":"max-snippet:-1","max-image-preview":"max-image-preview:large","max-video-preview":"max-video-preview:-1"},"canonical":"https:\/\/gazetapernambucana.com\/?p=1655","og_locale":"pt_BR","og_type":"article","og_title":"A Beleza Impiedosa de Sentir. Por Fl\u00e1vio Chaves","og_description":"Entre as engrenagens silenciosas da exist\u00eancia, sobrevivem aqueles que sangram por dentro enquanto sustentam o peso do mundo. \u00a0 Por Fl\u00e1vio Chaves \u2013 Jornalista, poeta, escritor e membro da Academia Pernambucana de Letras. Foi Delegado Federal\/Minc\u00a0 \u2013 \u00a0A vida, em sua superf\u00edcie de apar\u00eancias e compromissos, parece seguir um rumo t\u00e3o absurdamente organizado que beira [&hellip;]","og_url":"https:\/\/gazetapernambucana.com\/?p=1655","article_published_time":"2025-09-05T15:11:36+00:00","article_modified_time":"2025-09-09T00:08:13+00:00","og_image":[{"width":890,"height":1010,"url":"https:\/\/gazetapernambucana.com\/wp-content\/uploads\/2025\/06\/download-42-1.jpeg","type":"image\/jpeg"}],"author":"GP","twitter_card":"summary_large_image","twitter_misc":{"Escrito por":"GP","Est. tempo de leitura":"4 minutos"},"schema":{"@context":"https:\/\/schema.org","@graph":[{"@type":"WebPage","@id":"https:\/\/gazetapernambucana.com\/?p=1655","url":"https:\/\/gazetapernambucana.com\/?p=1655","name":"A Beleza Impiedosa de Sentir. Por Fl\u00e1vio Chaves -","isPartOf":{"@id":"https:\/\/gazetapernambucana.com\/#website"},"primaryImageOfPage":{"@id":"https:\/\/gazetapernambucana.com\/?p=1655#primaryimage"},"image":{"@id":"https:\/\/gazetapernambucana.com\/?p=1655#primaryimage"},"thumbnailUrl":"https:\/\/gazetapernambucana.com\/wp-content\/uploads\/2025\/06\/download-42-1.jpeg","datePublished":"2025-09-05T15:11:36+00:00","dateModified":"2025-09-09T00:08:13+00:00","author":{"@id":"https:\/\/gazetapernambucana.com\/#\/schema\/person\/188dc283325181ac2de4db1e9e987427"},"breadcrumb":{"@id":"https:\/\/gazetapernambucana.com\/?p=1655#breadcrumb"},"inLanguage":"pt-BR","potentialAction":[{"@type":"ReadAction","target":["https:\/\/gazetapernambucana.com\/?p=1655"]}]},{"@type":"ImageObject","inLanguage":"pt-BR","@id":"https:\/\/gazetapernambucana.com\/?p=1655#primaryimage","url":"https:\/\/gazetapernambucana.com\/wp-content\/uploads\/2025\/06\/download-42-1.jpeg","contentUrl":"https:\/\/gazetapernambucana.com\/wp-content\/uploads\/2025\/06\/download-42-1.jpeg","width":890,"height":1010},{"@type":"BreadcrumbList","@id":"https:\/\/gazetapernambucana.com\/?p=1655#breadcrumb","itemListElement":[{"@type":"ListItem","position":1,"name":"In\u00edcio","item":"https:\/\/gazetapernambucana.com\/"},{"@type":"ListItem","position":2,"name":"A Beleza Impiedosa de Sentir. Por Fl\u00e1vio Chaves"}]},{"@type":"WebSite","@id":"https:\/\/gazetapernambucana.com\/#website","url":"https:\/\/gazetapernambucana.com\/","name":"","description":"","potentialAction":[{"@type":"SearchAction","target":{"@type":"EntryPoint","urlTemplate":"https:\/\/gazetapernambucana.com\/?s={search_term_string}"},"query-input":{"@type":"PropertyValueSpecification","valueRequired":true,"valueName":"search_term_string"}}],"inLanguage":"pt-BR"},{"@type":"Person","@id":"https:\/\/gazetapernambucana.com\/#\/schema\/person\/188dc283325181ac2de4db1e9e987427","name":"GP","image":{"@type":"ImageObject","inLanguage":"pt-BR","@id":"https:\/\/gazetapernambucana.com\/#\/schema\/person\/image\/","url":"https:\/\/secure.gravatar.com\/avatar\/9dad78ff9a2d8b5742d11779f8a3f53b052320c550b2e1907882353c067bb111?s=96&d=mm&r=g","contentUrl":"https:\/\/secure.gravatar.com\/avatar\/9dad78ff9a2d8b5742d11779f8a3f53b052320c550b2e1907882353c067bb111?s=96&d=mm&r=g","caption":"GP"},"sameAs":["http:\/\/gazetapernambucana.com"],"url":"https:\/\/gazetapernambucana.com\/?author=1"}]}},"jetpack_publicize_connections":[],"_links":{"self":[{"href":"https:\/\/gazetapernambucana.com\/index.php?rest_route=\/wp\/v2\/posts\/1655","targetHints":{"allow":["GET"]}}],"collection":[{"href":"https:\/\/gazetapernambucana.com\/index.php?rest_route=\/wp\/v2\/posts"}],"about":[{"href":"https:\/\/gazetapernambucana.com\/index.php?rest_route=\/wp\/v2\/types\/post"}],"author":[{"embeddable":true,"href":"https:\/\/gazetapernambucana.com\/index.php?rest_route=\/wp\/v2\/users\/1"}],"replies":[{"embeddable":true,"href":"https:\/\/gazetapernambucana.com\/index.php?rest_route=%2Fwp%2Fv2%2Fcomments&post=1655"}],"version-history":[{"count":1,"href":"https:\/\/gazetapernambucana.com\/index.php?rest_route=\/wp\/v2\/posts\/1655\/revisions"}],"predecessor-version":[{"id":1656,"href":"https:\/\/gazetapernambucana.com\/index.php?rest_route=\/wp\/v2\/posts\/1655\/revisions\/1656"}],"wp:featuredmedia":[{"embeddable":true,"href":"https:\/\/gazetapernambucana.com\/index.php?rest_route=\/wp\/v2\/media\/1115"}],"wp:attachment":[{"href":"https:\/\/gazetapernambucana.com\/index.php?rest_route=%2Fwp%2Fv2%2Fmedia&parent=1655"}],"wp:term":[{"taxonomy":"category","embeddable":true,"href":"https:\/\/gazetapernambucana.com\/index.php?rest_route=%2Fwp%2Fv2%2Fcategories&post=1655"},{"taxonomy":"post_tag","embeddable":true,"href":"https:\/\/gazetapernambucana.com\/index.php?rest_route=%2Fwp%2Fv2%2Ftags&post=1655"}],"curies":[{"name":"wp","href":"https:\/\/api.w.org\/{rel}","templated":true}]}}