{"id":1647,"date":"2025-09-03T22:39:40","date_gmt":"2025-09-04T01:39:40","guid":{"rendered":"https:\/\/gazetapernambucana.com\/?p=1647"},"modified":"2025-09-03T22:39:40","modified_gmt":"2025-09-04T01:39:40","slug":"gonet-se-opoe-ao-perdao-judicial-e-agrava-a-situacao-de-mauro-cid","status":"publish","type":"post","link":"https:\/\/gazetapernambucana.com\/?p=1647","title":{"rendered":"Gonet se op\u00f5e ao perd\u00e3o judicial e agrava a situa\u00e7\u00e3o de Mauro Cid"},"content":{"rendered":"<header class=\"entry-header\"><\/header>\n<div class=\"entry-content post_content\">\n<div class=\"addtoany_share_save_container addtoany_content addtoany_content_top\">\n<div class=\"a2a_kit a2a_kit_size_20 addtoany_list\" data-a2a-url=\"https:\/\/www.tribunadainternet.com.br\/2025\/09\/02\/gonet-se-opoe-ao-perdao-judicial-e-agrava-a-situacao-de-mauro-cid\/\" data-a2a-title=\"Gonet se op\u00f5e ao perd\u00e3o judicial e agrava a situa\u00e7\u00e3o de Mauro Cid\"><\/div>\n<\/div>\n<div class=\"wp-caption aligncenter\"><strong><img loading=\"lazy\" decoding=\"async\" class=\"\" src=\"https:\/\/www.estadao.com.br\/resizer\/v2\/JVBNZCUGPZE35OOEYN2YCKNNEE.jpg?quality=80&amp;auth=905ad6b5cb7633f894d1466f239af7c2f8ad4c2c40756b853d908c9d463c753c&amp;width=380\" alt=\"Mem\u00f3ria e acessos de Mauro Cid s\u00e3o fonte de problema para Bolsonaro apesar  de recuo em confiss\u00e3o - Estad\u00e3o\" width=\"326\" height=\"217\" \/><\/strong><\/p>\n<p class=\"wp-caption-text\"><strong>Mauro Cid, um militar covarde, que chorou ao ser preso<\/strong><\/p>\n<\/div>\n<p><strong>Malu Gaspar<br \/>\n<\/strong><em>O Globo<\/em><\/p>\n<p>O procurador-geral da Rep\u00fablica, Paulo Gonet, se op\u00f4s nesta ter\u00e7a-feira (2) a um perd\u00e3o judicial ao tenente-coronel Mauro Cid, cuja dela\u00e7\u00e3o premiada fundamentou a den\u00fancia apresentada contra o ex-presidente Jair Bolsonaro e outros sete r\u00e9us do chamado \u201cn\u00facleo crucial\u201d da trama golpista.<\/p>\n<p>\u201cOs relatos de Mauro Cid foram \u00fateis para o esclarecimento dos fatos relacionados \u00e0 investiga\u00e7\u00e3o. Embora a PF tenha descoberto a maior parte dos eventos descritos na den\u00fancia de forma independente, a colabora\u00e7\u00e3o de Cid acrescentou-lhes profundidade\u201d, disse Gonet, ao defender a validade do acordo e defender a proced\u00eancia da a\u00e7\u00e3o penal.<\/p>\n<p><strong>OMISS\u00d5ES DE CID<\/strong>\u00a0\u2013 O procurador-geral da Rep\u00fablica, no entanto, voltou a criticar as omiss\u00f5es do delator. \u201cN\u00e3o custa recordar que n\u00e3o existe entre n\u00f3s a figura da mera testemunha premiada\u201d, afirmou.<\/p>\n<p>Em parecer enviado ao Supremo em julho, Gonet j\u00e1 tinha defendido que Cid recebesse pena bem maior do que os dois anos estabelecidos no acordo de colabora\u00e7\u00e3o fechado com a Pol\u00edcia Federal em 2023, por conta do \u201ccomportamento contradit\u00f3rio, marcado por omiss\u00f5es e resist\u00eancia ao cumprimento integral das obriga\u00e7\u00f5es pactuadas\u201d.<\/p>\n<p>Depois disso, por\u00e9m, a defesa contestou Gonet, chamando o procurador de \u201cdesleal\u201d e sustentando que Cid cumpriu todas as obriga\u00e7\u00f5es pactuadas e que o colaborador n\u00e3o pode ser punido por n\u00e3o falar o que realmente n\u00e3o sabia.<\/p>\n<p><strong>REITERA\u00c7\u00d5ES\u00a0<\/strong>\u2013 Nada disso fez diferen\u00e7a para a acusa\u00e7\u00e3o reiterada nesta ter\u00e7a-feira por Gonet aos ministros da Primeira Turma do Supremo Tribunal Federal (STF).<\/p>\n<p>Se a maioria dos ministros seguir sua posi\u00e7\u00e3o, Cid, que \u00e9 tenente-coronel, corre o risco de receber uma condena\u00e7\u00e3o superior a 2 anos, o que pavimentaria o caminho para sua perda de posto e patente.<\/p>\n<p>Mauro Cid fechou acordo de colabora\u00e7\u00e3o premiada com a Pol\u00edcia Federal em 2023. Para Gonet, a atitude do militar ao longo da investiga\u00e7\u00e3o, com a omiss\u00e3o de \u201cfatos graves\u201d e a ado\u00e7\u00e3o de uma \u201cnarrativa seletiva\u201d, provocou \u201cpreju\u00edzos relevantes ao interesse p\u00fablico\u201d, o que exige uma \u201ccriteriosa pondera\u00e7\u00e3o\u201d quanto \u00e0 concess\u00e3o de eventuais benef\u00edcios previstos em lei.<\/p>\n<p><strong>ESTAVA PREVISTO<\/strong>\u00a0\u2013 O acordo fechado com a PF prev\u00ea quatro benef\u00edcios a Mauro Cid, cuja dela\u00e7\u00e3o fundamentou a den\u00fancia apresentada pela PGR contra Bolsonaro, Walter Braga Netto e outras 32 pessoas por golpe de Estado.<\/p>\n<p>S\u00e3o eles: perd\u00e3o judicial ou pena privativa de liberdade n\u00e3o superior a dois anos; restitui\u00e7\u00e3o de bens e valores pertencentes ao colaborador apreendidos; extens\u00e3o dos benef\u00edcios para pai, esposa e filha maior do colaborador, \u201cno que for compat\u00edvel\u201d.<\/p>\n<p>E a\u00e7\u00e3o da Pol\u00edcia Federal \u201cvisando garantir a seguran\u00e7a do colaborador e seus familiares, bem como medidas visando garantir o sigilo dos atos de colabora\u00e7\u00e3o\u201d.<\/p>\n<\/div>\n","protected":false},"excerpt":{"rendered":"<p>Mauro Cid, um militar covarde, que chorou ao ser preso Malu Gaspar O Globo O procurador-geral da Rep\u00fablica, Paulo Gonet, se op\u00f4s nesta ter\u00e7a-feira (2) a um perd\u00e3o judicial ao tenente-coronel Mauro Cid, cuja dela\u00e7\u00e3o premiada fundamentou a den\u00fancia apresentada contra o ex-presidente Jair Bolsonaro e outros sete r\u00e9us do chamado \u201cn\u00facleo crucial\u201d da trama [&hellip;]<\/p>\n","protected":false},"author":1,"featured_media":1648,"comment_status":"open","ping_status":"open","sticky":false,"template":"","format":"standard","meta":{"footnotes":"","jetpack_publicize_message":"","jetpack_publicize_feature_enabled":true,"jetpack_social_post_already_shared":true,"jetpack_social_options":{"image_generator_settings":{"template":"highway","default_image_id":0,"font":"","enabled":false},"version":2}},"categories":[37,1,65],"tags":[],"class_list":["post-1647","post","type-post","status-publish","format-standard","has-post-thumbnail","hentry","category-https-gazetapernambucana-com-page_id212","category-https-gazetapernambucana-com-page_id225","category-politica"],"yoast_head":"<!-- This site is optimized with the Yoast SEO plugin v24.5 - https:\/\/yoast.com\/wordpress\/plugins\/seo\/ -->\n<title>Gonet se op\u00f5e ao perd\u00e3o judicial e agrava a situa\u00e7\u00e3o de Mauro Cid -<\/title>\n<meta name=\"robots\" content=\"index, follow, max-snippet:-1, max-image-preview:large, max-video-preview:-1\" \/>\n<link rel=\"canonical\" href=\"https:\/\/gazetapernambucana.com\/?p=1647\" \/>\n<meta property=\"og:locale\" content=\"pt_BR\" \/>\n<meta property=\"og:type\" content=\"article\" \/>\n<meta property=\"og:title\" content=\"Gonet se op\u00f5e ao perd\u00e3o judicial e agrava a situa\u00e7\u00e3o de Mauro Cid -\" \/>\n<meta property=\"og:description\" content=\"Mauro Cid, um militar covarde, que chorou ao ser preso Malu Gaspar O Globo O procurador-geral da Rep\u00fablica, Paulo Gonet, se op\u00f4s nesta ter\u00e7a-feira (2) a um perd\u00e3o judicial ao tenente-coronel Mauro Cid, cuja dela\u00e7\u00e3o premiada fundamentou a den\u00fancia apresentada contra o ex-presidente Jair Bolsonaro e outros sete r\u00e9us do chamado \u201cn\u00facleo crucial\u201d da trama [&hellip;]\" \/>\n<meta property=\"og:url\" content=\"https:\/\/gazetapernambucana.com\/?p=1647\" \/>\n<meta property=\"article:published_time\" content=\"2025-09-04T01:39:40+00:00\" \/>\n<meta name=\"author\" content=\"GP\" \/>\n<meta name=\"twitter:card\" content=\"summary_large_image\" \/>\n<meta name=\"twitter:label1\" content=\"Escrito por\" \/>\n\t<meta name=\"twitter:data1\" content=\"GP\" \/>\n\t<meta name=\"twitter:label2\" content=\"Est. tempo de leitura\" \/>\n\t<meta name=\"twitter:data2\" content=\"3 minutos\" \/>\n<script type=\"application\/ld+json\" class=\"yoast-schema-graph\">{\"@context\":\"https:\/\/schema.org\",\"@graph\":[{\"@type\":\"WebPage\",\"@id\":\"https:\/\/gazetapernambucana.com\/?p=1647\",\"url\":\"https:\/\/gazetapernambucana.com\/?p=1647\",\"name\":\"Gonet se op\u00f5e ao perd\u00e3o judicial e agrava a situa\u00e7\u00e3o de Mauro Cid -\",\"isPartOf\":{\"@id\":\"https:\/\/gazetapernambucana.com\/#website\"},\"primaryImageOfPage\":{\"@id\":\"https:\/\/gazetapernambucana.com\/?p=1647#primaryimage\"},\"image\":{\"@id\":\"https:\/\/gazetapernambucana.com\/?p=1647#primaryimage\"},\"thumbnailUrl\":\"https:\/\/gazetapernambucana.com\/wp-content\/uploads\/2025\/09\/JVBNZCUGPZE35OOEYN2YCKNNEE.avif\",\"datePublished\":\"2025-09-04T01:39:40+00:00\",\"author\":{\"@id\":\"https:\/\/gazetapernambucana.com\/#\/schema\/person\/188dc283325181ac2de4db1e9e987427\"},\"breadcrumb\":{\"@id\":\"https:\/\/gazetapernambucana.com\/?p=1647#breadcrumb\"},\"inLanguage\":\"pt-BR\",\"potentialAction\":[{\"@type\":\"ReadAction\",\"target\":[\"https:\/\/gazetapernambucana.com\/?p=1647\"]}]},{\"@type\":\"ImageObject\",\"inLanguage\":\"pt-BR\",\"@id\":\"https:\/\/gazetapernambucana.com\/?p=1647#primaryimage\",\"url\":\"https:\/\/gazetapernambucana.com\/wp-content\/uploads\/2025\/09\/JVBNZCUGPZE35OOEYN2YCKNNEE.avif\",\"contentUrl\":\"https:\/\/gazetapernambucana.com\/wp-content\/uploads\/2025\/09\/JVBNZCUGPZE35OOEYN2YCKNNEE.avif\",\"width\":380,\"height\":253},{\"@type\":\"BreadcrumbList\",\"@id\":\"https:\/\/gazetapernambucana.com\/?p=1647#breadcrumb\",\"itemListElement\":[{\"@type\":\"ListItem\",\"position\":1,\"name\":\"In\u00edcio\",\"item\":\"https:\/\/gazetapernambucana.com\/\"},{\"@type\":\"ListItem\",\"position\":2,\"name\":\"Gonet se op\u00f5e ao perd\u00e3o judicial e agrava a situa\u00e7\u00e3o de Mauro Cid\"}]},{\"@type\":\"WebSite\",\"@id\":\"https:\/\/gazetapernambucana.com\/#website\",\"url\":\"https:\/\/gazetapernambucana.com\/\",\"name\":\"\",\"description\":\"\",\"potentialAction\":[{\"@type\":\"SearchAction\",\"target\":{\"@type\":\"EntryPoint\",\"urlTemplate\":\"https:\/\/gazetapernambucana.com\/?s={search_term_string}\"},\"query-input\":{\"@type\":\"PropertyValueSpecification\",\"valueRequired\":true,\"valueName\":\"search_term_string\"}}],\"inLanguage\":\"pt-BR\"},{\"@type\":\"Person\",\"@id\":\"https:\/\/gazetapernambucana.com\/#\/schema\/person\/188dc283325181ac2de4db1e9e987427\",\"name\":\"GP\",\"image\":{\"@type\":\"ImageObject\",\"inLanguage\":\"pt-BR\",\"@id\":\"https:\/\/gazetapernambucana.com\/#\/schema\/person\/image\/\",\"url\":\"https:\/\/secure.gravatar.com\/avatar\/9dad78ff9a2d8b5742d11779f8a3f53b052320c550b2e1907882353c067bb111?s=96&d=mm&r=g\",\"contentUrl\":\"https:\/\/secure.gravatar.com\/avatar\/9dad78ff9a2d8b5742d11779f8a3f53b052320c550b2e1907882353c067bb111?s=96&d=mm&r=g\",\"caption\":\"GP\"},\"sameAs\":[\"http:\/\/gazetapernambucana.com\"],\"url\":\"https:\/\/gazetapernambucana.com\/?author=1\"}]}<\/script>\n<!-- \/ Yoast SEO plugin. -->","yoast_head_json":{"title":"Gonet se op\u00f5e ao perd\u00e3o judicial e agrava a situa\u00e7\u00e3o de Mauro Cid -","robots":{"index":"index","follow":"follow","max-snippet":"max-snippet:-1","max-image-preview":"max-image-preview:large","max-video-preview":"max-video-preview:-1"},"canonical":"https:\/\/gazetapernambucana.com\/?p=1647","og_locale":"pt_BR","og_type":"article","og_title":"Gonet se op\u00f5e ao perd\u00e3o judicial e agrava a situa\u00e7\u00e3o de Mauro Cid -","og_description":"Mauro Cid, um militar covarde, que chorou ao ser preso Malu Gaspar O Globo O procurador-geral da Rep\u00fablica, Paulo Gonet, se op\u00f4s nesta ter\u00e7a-feira (2) a um perd\u00e3o judicial ao tenente-coronel Mauro Cid, cuja dela\u00e7\u00e3o premiada fundamentou a den\u00fancia apresentada contra o ex-presidente Jair Bolsonaro e outros sete r\u00e9us do chamado \u201cn\u00facleo crucial\u201d da trama [&hellip;]","og_url":"https:\/\/gazetapernambucana.com\/?p=1647","article_published_time":"2025-09-04T01:39:40+00:00","author":"GP","twitter_card":"summary_large_image","twitter_misc":{"Escrito por":"GP","Est. tempo de leitura":"3 minutos"},"schema":{"@context":"https:\/\/schema.org","@graph":[{"@type":"WebPage","@id":"https:\/\/gazetapernambucana.com\/?p=1647","url":"https:\/\/gazetapernambucana.com\/?p=1647","name":"Gonet se op\u00f5e ao perd\u00e3o judicial e agrava a situa\u00e7\u00e3o de Mauro Cid -","isPartOf":{"@id":"https:\/\/gazetapernambucana.com\/#website"},"primaryImageOfPage":{"@id":"https:\/\/gazetapernambucana.com\/?p=1647#primaryimage"},"image":{"@id":"https:\/\/gazetapernambucana.com\/?p=1647#primaryimage"},"thumbnailUrl":"https:\/\/gazetapernambucana.com\/wp-content\/uploads\/2025\/09\/JVBNZCUGPZE35OOEYN2YCKNNEE.avif","datePublished":"2025-09-04T01:39:40+00:00","author":{"@id":"https:\/\/gazetapernambucana.com\/#\/schema\/person\/188dc283325181ac2de4db1e9e987427"},"breadcrumb":{"@id":"https:\/\/gazetapernambucana.com\/?p=1647#breadcrumb"},"inLanguage":"pt-BR","potentialAction":[{"@type":"ReadAction","target":["https:\/\/gazetapernambucana.com\/?p=1647"]}]},{"@type":"ImageObject","inLanguage":"pt-BR","@id":"https:\/\/gazetapernambucana.com\/?p=1647#primaryimage","url":"https:\/\/gazetapernambucana.com\/wp-content\/uploads\/2025\/09\/JVBNZCUGPZE35OOEYN2YCKNNEE.avif","contentUrl":"https:\/\/gazetapernambucana.com\/wp-content\/uploads\/2025\/09\/JVBNZCUGPZE35OOEYN2YCKNNEE.avif","width":380,"height":253},{"@type":"BreadcrumbList","@id":"https:\/\/gazetapernambucana.com\/?p=1647#breadcrumb","itemListElement":[{"@type":"ListItem","position":1,"name":"In\u00edcio","item":"https:\/\/gazetapernambucana.com\/"},{"@type":"ListItem","position":2,"name":"Gonet se op\u00f5e ao perd\u00e3o judicial e agrava a situa\u00e7\u00e3o de Mauro Cid"}]},{"@type":"WebSite","@id":"https:\/\/gazetapernambucana.com\/#website","url":"https:\/\/gazetapernambucana.com\/","name":"","description":"","potentialAction":[{"@type":"SearchAction","target":{"@type":"EntryPoint","urlTemplate":"https:\/\/gazetapernambucana.com\/?s={search_term_string}"},"query-input":{"@type":"PropertyValueSpecification","valueRequired":true,"valueName":"search_term_string"}}],"inLanguage":"pt-BR"},{"@type":"Person","@id":"https:\/\/gazetapernambucana.com\/#\/schema\/person\/188dc283325181ac2de4db1e9e987427","name":"GP","image":{"@type":"ImageObject","inLanguage":"pt-BR","@id":"https:\/\/gazetapernambucana.com\/#\/schema\/person\/image\/","url":"https:\/\/secure.gravatar.com\/avatar\/9dad78ff9a2d8b5742d11779f8a3f53b052320c550b2e1907882353c067bb111?s=96&d=mm&r=g","contentUrl":"https:\/\/secure.gravatar.com\/avatar\/9dad78ff9a2d8b5742d11779f8a3f53b052320c550b2e1907882353c067bb111?s=96&d=mm&r=g","caption":"GP"},"sameAs":["http:\/\/gazetapernambucana.com"],"url":"https:\/\/gazetapernambucana.com\/?author=1"}]}},"jetpack_publicize_connections":[],"_links":{"self":[{"href":"https:\/\/gazetapernambucana.com\/index.php?rest_route=\/wp\/v2\/posts\/1647","targetHints":{"allow":["GET"]}}],"collection":[{"href":"https:\/\/gazetapernambucana.com\/index.php?rest_route=\/wp\/v2\/posts"}],"about":[{"href":"https:\/\/gazetapernambucana.com\/index.php?rest_route=\/wp\/v2\/types\/post"}],"author":[{"embeddable":true,"href":"https:\/\/gazetapernambucana.com\/index.php?rest_route=\/wp\/v2\/users\/1"}],"replies":[{"embeddable":true,"href":"https:\/\/gazetapernambucana.com\/index.php?rest_route=%2Fwp%2Fv2%2Fcomments&post=1647"}],"version-history":[{"count":1,"href":"https:\/\/gazetapernambucana.com\/index.php?rest_route=\/wp\/v2\/posts\/1647\/revisions"}],"predecessor-version":[{"id":1649,"href":"https:\/\/gazetapernambucana.com\/index.php?rest_route=\/wp\/v2\/posts\/1647\/revisions\/1649"}],"wp:featuredmedia":[{"embeddable":true,"href":"https:\/\/gazetapernambucana.com\/index.php?rest_route=\/wp\/v2\/media\/1648"}],"wp:attachment":[{"href":"https:\/\/gazetapernambucana.com\/index.php?rest_route=%2Fwp%2Fv2%2Fmedia&parent=1647"}],"wp:term":[{"taxonomy":"category","embeddable":true,"href":"https:\/\/gazetapernambucana.com\/index.php?rest_route=%2Fwp%2Fv2%2Fcategories&post=1647"},{"taxonomy":"post_tag","embeddable":true,"href":"https:\/\/gazetapernambucana.com\/index.php?rest_route=%2Fwp%2Fv2%2Ftags&post=1647"}],"curies":[{"name":"wp","href":"https:\/\/api.w.org\/{rel}","templated":true}]}}