{"id":1636,"date":"2025-09-02T23:22:23","date_gmt":"2025-09-03T02:22:23","guid":{"rendered":"https:\/\/gazetapernambucana.com\/?p=1636"},"modified":"2025-09-02T23:22:23","modified_gmt":"2025-09-03T02:22:23","slug":"primeira-manifestacao-de-moraes-soou-antijuridica-e-desnecessaria-por-josias-de-souza","status":"publish","type":"post","link":"https:\/\/gazetapernambucana.com\/?p=1636","title":{"rendered":"Primeira manifesta\u00e7\u00e3o de Moraes soou antijur\u00eddica e desnecess\u00e1ria. Por Josias de Souza"},"content":{"rendered":"<header class=\"entry-header\"><\/header>\n<div class=\"entry-content post_content\">\n<div class=\"addtoany_share_save_container addtoany_content addtoany_content_top\">\n<div class=\"a2a_kit a2a_kit_size_20 addtoany_list\" data-a2a-url=\"https:\/\/www.tribunadainternet.com.br\/2025\/09\/02\/primeira-manifestacao-de-moraes-soou-antijuridica-e-desnecessaria\/\" data-a2a-title=\"Primeira manifesta\u00e7\u00e3o de Moraes soou antijur\u00eddica e desnecess\u00e1ria\"><\/div>\n<\/div>\n<div class=\"wp-caption aligncenter\"><strong><img loading=\"lazy\" decoding=\"async\" class=\"\" src=\"https:\/\/p2.trrsf.com\/image\/fget\/cf\/800\/450\/middle\/images.terra.com\/2025\/09\/02\/moraes-em-julgamento-u7wt1y5v8m05.png\" alt=\"Julgamento de Bolsonaro: Moraes destaca que omiss\u00e3o corr\u00f3i a democracia\" width=\"365\" height=\"205\" \/><\/strong><\/p>\n<p class=\"wp-caption-text\"><strong>Determinadas coloca\u00e7\u00f5es de Moraes deixam mal o Supremo<\/strong><\/p>\n<\/div>\n<p><strong>Josias de Souza<br \/>\n<\/strong><em>do UOL<\/em><\/p>\n<p>No primeiro dia do julgamento do n\u00facleo crucial do compl\u00f4 do golpe, esperava-se do relator que fizesse a leitura do relat\u00f3rio que resume a tramita\u00e7\u00e3o do processo, sem ju\u00edzo sobre o m\u00e9rito das acusa\u00e7\u00f5es.<\/p>\n<p>Alexandre de Moraes foi ao ponto, cumprindo a tarefa com precis\u00e3o. Mas achou que seria uma boa ideia inserir na sua manifesta\u00e7\u00e3o um pref\u00e1cio de conota\u00e7\u00e3o pol\u00edtica. Com isso, introduziu na fase final do processo uma curva fora do ponto.<\/p>\n<p><strong>LOCAL INAPROPRIADO<\/strong>\u00a0\u2013 No discurso que serviu de introdu\u00e7\u00e3o para o resumo do tr\u00e2mite processual, Moraes disse coisas certas num local inapropriado. Torpedeou a ideia de anistia:<\/p>\n<p>\u201cA impunidade, a covardia e a omiss\u00e3o n\u00e3o s\u00e3o op\u00e7\u00f5es para a pacifica\u00e7\u00e3o\u201d. Deu a entender que o eventual perd\u00e3o legislativo ser\u00e1 julgado inconstitucional:<\/p>\n<p>\u201cConfundir a saud\u00e1vel e necess\u00e1ria pacifica\u00e7\u00e3o com a covardia do apaziguamento, significa impunidade e desrespeito \u00e0 Constitui\u00e7\u00e3o.\u201d<\/p>\n<p><strong>SOBERANIA<\/strong>\u00a0\u2013 Moraes enrolou-se na bandeira da defesa da soberania.<\/p>\n<p>Numa refer\u00eancia \u00e0s san\u00e7\u00f5es de Trump, estimuladas por Eduardo Bolsonaro, declarou que foi descoberta uma \u201cverdadeira organiza\u00e7\u00e3o criminosa\u201d que, agindo de forma \u201ccovarde e trai\u00e7oeira\u201d, tentou \u201ccoagir\u201d o Supremo, para submeter o tribunal \u201cao crivo de outro Estado estrangeiro.\u201d<\/p>\n<p>A curvatura pol\u00edtica do discurso inicial de Moraes desvirtuou o ponto. No resumo do processo, o ministro se absteve de fazer ju\u00edzo sobre o m\u00e9rito da causa, como conv\u00e9m ao devido processo legal.<\/p>\n<p><strong>COMO UMA L\u00c1PIDE<\/strong>\u00a0\u2013 Mas o teor do pref\u00e1cio caiu sobre as biografias de Bolsonaro e dos outros sete r\u00e9us como uma l\u00e1pide. O ministro como que esbo\u00e7ou os contornos condenat\u00f3rios do seu voto, que ser\u00e1 apresentado apenas na semana que vem.<\/p>\n<p>Moraes confundiu a bancada do Supremo com uma tribuna da C\u00e2mara ou do Senado. Sua fala inicial soou antijur\u00eddica e desnecess\u00e1ria.<\/p>\n<p>Na pr\u00e1tica, o ministro forneceu pano para o figurino de v\u00edtima de r\u00e9us cujas defesas n\u00e3o conseguiram refutar os fatos que os incriminam.<\/p>\n<\/div>\n","protected":false},"excerpt":{"rendered":"<p>Determinadas coloca\u00e7\u00f5es de Moraes deixam mal o Supremo Josias de Souza do UOL No primeiro dia do julgamento do n\u00facleo crucial do compl\u00f4 do golpe, esperava-se do relator que fizesse a leitura do relat\u00f3rio que resume a tramita\u00e7\u00e3o do processo, sem ju\u00edzo sobre o m\u00e9rito das acusa\u00e7\u00f5es. Alexandre de Moraes foi ao ponto, cumprindo a [&hellip;]<\/p>\n","protected":false},"author":1,"featured_media":1637,"comment_status":"open","ping_status":"open","sticky":false,"template":"","format":"standard","meta":{"footnotes":"","jetpack_publicize_message":"","jetpack_publicize_feature_enabled":true,"jetpack_social_post_already_shared":true,"jetpack_social_options":{"image_generator_settings":{"template":"highway","default_image_id":0,"font":"","enabled":false},"version":2}},"categories":[37,1,65],"tags":[],"class_list":["post-1636","post","type-post","status-publish","format-standard","has-post-thumbnail","hentry","category-https-gazetapernambucana-com-page_id212","category-https-gazetapernambucana-com-page_id225","category-politica"],"yoast_head":"<!-- This site is optimized with the Yoast SEO plugin v24.5 - https:\/\/yoast.com\/wordpress\/plugins\/seo\/ -->\n<title>Primeira manifesta\u00e7\u00e3o de Moraes soou antijur\u00eddica e desnecess\u00e1ria. Por Josias de Souza -<\/title>\n<meta name=\"robots\" content=\"index, follow, max-snippet:-1, max-image-preview:large, max-video-preview:-1\" \/>\n<link rel=\"canonical\" href=\"https:\/\/gazetapernambucana.com\/?p=1636\" \/>\n<meta property=\"og:locale\" content=\"pt_BR\" \/>\n<meta property=\"og:type\" content=\"article\" \/>\n<meta property=\"og:title\" content=\"Primeira manifesta\u00e7\u00e3o de Moraes soou antijur\u00eddica e desnecess\u00e1ria. Por Josias de Souza -\" \/>\n<meta property=\"og:description\" content=\"Determinadas coloca\u00e7\u00f5es de Moraes deixam mal o Supremo Josias de Souza do UOL No primeiro dia do julgamento do n\u00facleo crucial do compl\u00f4 do golpe, esperava-se do relator que fizesse a leitura do relat\u00f3rio que resume a tramita\u00e7\u00e3o do processo, sem ju\u00edzo sobre o m\u00e9rito das acusa\u00e7\u00f5es. Alexandre de Moraes foi ao ponto, cumprindo a [&hellip;]\" \/>\n<meta property=\"og:url\" content=\"https:\/\/gazetapernambucana.com\/?p=1636\" \/>\n<meta property=\"article:published_time\" content=\"2025-09-03T02:22:23+00:00\" \/>\n<meta property=\"og:image\" content=\"https:\/\/gazetapernambucana.com\/wp-content\/uploads\/2025\/09\/moraes-em-julgamento-u7wt1y5v8m05.webp\" \/>\n\t<meta property=\"og:image:width\" content=\"800\" \/>\n\t<meta property=\"og:image:height\" content=\"450\" \/>\n\t<meta property=\"og:image:type\" content=\"image\/webp\" \/>\n<meta name=\"author\" content=\"GP\" \/>\n<meta name=\"twitter:card\" content=\"summary_large_image\" \/>\n<meta name=\"twitter:label1\" content=\"Escrito por\" \/>\n\t<meta name=\"twitter:data1\" content=\"GP\" \/>\n\t<meta name=\"twitter:label2\" content=\"Est. tempo de leitura\" \/>\n\t<meta name=\"twitter:data2\" content=\"3 minutos\" \/>\n<script type=\"application\/ld+json\" class=\"yoast-schema-graph\">{\"@context\":\"https:\/\/schema.org\",\"@graph\":[{\"@type\":\"WebPage\",\"@id\":\"https:\/\/gazetapernambucana.com\/?p=1636\",\"url\":\"https:\/\/gazetapernambucana.com\/?p=1636\",\"name\":\"Primeira manifesta\u00e7\u00e3o de Moraes soou antijur\u00eddica e desnecess\u00e1ria. Por Josias de Souza -\",\"isPartOf\":{\"@id\":\"https:\/\/gazetapernambucana.com\/#website\"},\"primaryImageOfPage\":{\"@id\":\"https:\/\/gazetapernambucana.com\/?p=1636#primaryimage\"},\"image\":{\"@id\":\"https:\/\/gazetapernambucana.com\/?p=1636#primaryimage\"},\"thumbnailUrl\":\"https:\/\/gazetapernambucana.com\/wp-content\/uploads\/2025\/09\/moraes-em-julgamento-u7wt1y5v8m05.webp\",\"datePublished\":\"2025-09-03T02:22:23+00:00\",\"author\":{\"@id\":\"https:\/\/gazetapernambucana.com\/#\/schema\/person\/188dc283325181ac2de4db1e9e987427\"},\"breadcrumb\":{\"@id\":\"https:\/\/gazetapernambucana.com\/?p=1636#breadcrumb\"},\"inLanguage\":\"pt-BR\",\"potentialAction\":[{\"@type\":\"ReadAction\",\"target\":[\"https:\/\/gazetapernambucana.com\/?p=1636\"]}]},{\"@type\":\"ImageObject\",\"inLanguage\":\"pt-BR\",\"@id\":\"https:\/\/gazetapernambucana.com\/?p=1636#primaryimage\",\"url\":\"https:\/\/gazetapernambucana.com\/wp-content\/uploads\/2025\/09\/moraes-em-julgamento-u7wt1y5v8m05.webp\",\"contentUrl\":\"https:\/\/gazetapernambucana.com\/wp-content\/uploads\/2025\/09\/moraes-em-julgamento-u7wt1y5v8m05.webp\",\"width\":800,\"height\":450},{\"@type\":\"BreadcrumbList\",\"@id\":\"https:\/\/gazetapernambucana.com\/?p=1636#breadcrumb\",\"itemListElement\":[{\"@type\":\"ListItem\",\"position\":1,\"name\":\"In\u00edcio\",\"item\":\"https:\/\/gazetapernambucana.com\/\"},{\"@type\":\"ListItem\",\"position\":2,\"name\":\"Primeira manifesta\u00e7\u00e3o de Moraes soou antijur\u00eddica e desnecess\u00e1ria. Por Josias de Souza\"}]},{\"@type\":\"WebSite\",\"@id\":\"https:\/\/gazetapernambucana.com\/#website\",\"url\":\"https:\/\/gazetapernambucana.com\/\",\"name\":\"\",\"description\":\"\",\"potentialAction\":[{\"@type\":\"SearchAction\",\"target\":{\"@type\":\"EntryPoint\",\"urlTemplate\":\"https:\/\/gazetapernambucana.com\/?s={search_term_string}\"},\"query-input\":{\"@type\":\"PropertyValueSpecification\",\"valueRequired\":true,\"valueName\":\"search_term_string\"}}],\"inLanguage\":\"pt-BR\"},{\"@type\":\"Person\",\"@id\":\"https:\/\/gazetapernambucana.com\/#\/schema\/person\/188dc283325181ac2de4db1e9e987427\",\"name\":\"GP\",\"image\":{\"@type\":\"ImageObject\",\"inLanguage\":\"pt-BR\",\"@id\":\"https:\/\/gazetapernambucana.com\/#\/schema\/person\/image\/\",\"url\":\"https:\/\/secure.gravatar.com\/avatar\/9dad78ff9a2d8b5742d11779f8a3f53b052320c550b2e1907882353c067bb111?s=96&d=mm&r=g\",\"contentUrl\":\"https:\/\/secure.gravatar.com\/avatar\/9dad78ff9a2d8b5742d11779f8a3f53b052320c550b2e1907882353c067bb111?s=96&d=mm&r=g\",\"caption\":\"GP\"},\"sameAs\":[\"http:\/\/gazetapernambucana.com\"],\"url\":\"https:\/\/gazetapernambucana.com\/?author=1\"}]}<\/script>\n<!-- \/ Yoast SEO plugin. -->","yoast_head_json":{"title":"Primeira manifesta\u00e7\u00e3o de Moraes soou antijur\u00eddica e desnecess\u00e1ria. Por Josias de Souza -","robots":{"index":"index","follow":"follow","max-snippet":"max-snippet:-1","max-image-preview":"max-image-preview:large","max-video-preview":"max-video-preview:-1"},"canonical":"https:\/\/gazetapernambucana.com\/?p=1636","og_locale":"pt_BR","og_type":"article","og_title":"Primeira manifesta\u00e7\u00e3o de Moraes soou antijur\u00eddica e desnecess\u00e1ria. Por Josias de Souza -","og_description":"Determinadas coloca\u00e7\u00f5es de Moraes deixam mal o Supremo Josias de Souza do UOL No primeiro dia do julgamento do n\u00facleo crucial do compl\u00f4 do golpe, esperava-se do relator que fizesse a leitura do relat\u00f3rio que resume a tramita\u00e7\u00e3o do processo, sem ju\u00edzo sobre o m\u00e9rito das acusa\u00e7\u00f5es. Alexandre de Moraes foi ao ponto, cumprindo a [&hellip;]","og_url":"https:\/\/gazetapernambucana.com\/?p=1636","article_published_time":"2025-09-03T02:22:23+00:00","og_image":[{"width":800,"height":450,"url":"https:\/\/gazetapernambucana.com\/wp-content\/uploads\/2025\/09\/moraes-em-julgamento-u7wt1y5v8m05.webp","type":"image\/webp"}],"author":"GP","twitter_card":"summary_large_image","twitter_misc":{"Escrito por":"GP","Est. tempo de leitura":"3 minutos"},"schema":{"@context":"https:\/\/schema.org","@graph":[{"@type":"WebPage","@id":"https:\/\/gazetapernambucana.com\/?p=1636","url":"https:\/\/gazetapernambucana.com\/?p=1636","name":"Primeira manifesta\u00e7\u00e3o de Moraes soou antijur\u00eddica e desnecess\u00e1ria. Por Josias de Souza -","isPartOf":{"@id":"https:\/\/gazetapernambucana.com\/#website"},"primaryImageOfPage":{"@id":"https:\/\/gazetapernambucana.com\/?p=1636#primaryimage"},"image":{"@id":"https:\/\/gazetapernambucana.com\/?p=1636#primaryimage"},"thumbnailUrl":"https:\/\/gazetapernambucana.com\/wp-content\/uploads\/2025\/09\/moraes-em-julgamento-u7wt1y5v8m05.webp","datePublished":"2025-09-03T02:22:23+00:00","author":{"@id":"https:\/\/gazetapernambucana.com\/#\/schema\/person\/188dc283325181ac2de4db1e9e987427"},"breadcrumb":{"@id":"https:\/\/gazetapernambucana.com\/?p=1636#breadcrumb"},"inLanguage":"pt-BR","potentialAction":[{"@type":"ReadAction","target":["https:\/\/gazetapernambucana.com\/?p=1636"]}]},{"@type":"ImageObject","inLanguage":"pt-BR","@id":"https:\/\/gazetapernambucana.com\/?p=1636#primaryimage","url":"https:\/\/gazetapernambucana.com\/wp-content\/uploads\/2025\/09\/moraes-em-julgamento-u7wt1y5v8m05.webp","contentUrl":"https:\/\/gazetapernambucana.com\/wp-content\/uploads\/2025\/09\/moraes-em-julgamento-u7wt1y5v8m05.webp","width":800,"height":450},{"@type":"BreadcrumbList","@id":"https:\/\/gazetapernambucana.com\/?p=1636#breadcrumb","itemListElement":[{"@type":"ListItem","position":1,"name":"In\u00edcio","item":"https:\/\/gazetapernambucana.com\/"},{"@type":"ListItem","position":2,"name":"Primeira manifesta\u00e7\u00e3o de Moraes soou antijur\u00eddica e desnecess\u00e1ria. Por Josias de Souza"}]},{"@type":"WebSite","@id":"https:\/\/gazetapernambucana.com\/#website","url":"https:\/\/gazetapernambucana.com\/","name":"","description":"","potentialAction":[{"@type":"SearchAction","target":{"@type":"EntryPoint","urlTemplate":"https:\/\/gazetapernambucana.com\/?s={search_term_string}"},"query-input":{"@type":"PropertyValueSpecification","valueRequired":true,"valueName":"search_term_string"}}],"inLanguage":"pt-BR"},{"@type":"Person","@id":"https:\/\/gazetapernambucana.com\/#\/schema\/person\/188dc283325181ac2de4db1e9e987427","name":"GP","image":{"@type":"ImageObject","inLanguage":"pt-BR","@id":"https:\/\/gazetapernambucana.com\/#\/schema\/person\/image\/","url":"https:\/\/secure.gravatar.com\/avatar\/9dad78ff9a2d8b5742d11779f8a3f53b052320c550b2e1907882353c067bb111?s=96&d=mm&r=g","contentUrl":"https:\/\/secure.gravatar.com\/avatar\/9dad78ff9a2d8b5742d11779f8a3f53b052320c550b2e1907882353c067bb111?s=96&d=mm&r=g","caption":"GP"},"sameAs":["http:\/\/gazetapernambucana.com"],"url":"https:\/\/gazetapernambucana.com\/?author=1"}]}},"jetpack_publicize_connections":[],"_links":{"self":[{"href":"https:\/\/gazetapernambucana.com\/index.php?rest_route=\/wp\/v2\/posts\/1636","targetHints":{"allow":["GET"]}}],"collection":[{"href":"https:\/\/gazetapernambucana.com\/index.php?rest_route=\/wp\/v2\/posts"}],"about":[{"href":"https:\/\/gazetapernambucana.com\/index.php?rest_route=\/wp\/v2\/types\/post"}],"author":[{"embeddable":true,"href":"https:\/\/gazetapernambucana.com\/index.php?rest_route=\/wp\/v2\/users\/1"}],"replies":[{"embeddable":true,"href":"https:\/\/gazetapernambucana.com\/index.php?rest_route=%2Fwp%2Fv2%2Fcomments&post=1636"}],"version-history":[{"count":1,"href":"https:\/\/gazetapernambucana.com\/index.php?rest_route=\/wp\/v2\/posts\/1636\/revisions"}],"predecessor-version":[{"id":1638,"href":"https:\/\/gazetapernambucana.com\/index.php?rest_route=\/wp\/v2\/posts\/1636\/revisions\/1638"}],"wp:featuredmedia":[{"embeddable":true,"href":"https:\/\/gazetapernambucana.com\/index.php?rest_route=\/wp\/v2\/media\/1637"}],"wp:attachment":[{"href":"https:\/\/gazetapernambucana.com\/index.php?rest_route=%2Fwp%2Fv2%2Fmedia&parent=1636"}],"wp:term":[{"taxonomy":"category","embeddable":true,"href":"https:\/\/gazetapernambucana.com\/index.php?rest_route=%2Fwp%2Fv2%2Fcategories&post=1636"},{"taxonomy":"post_tag","embeddable":true,"href":"https:\/\/gazetapernambucana.com\/index.php?rest_route=%2Fwp%2Fv2%2Ftags&post=1636"}],"curies":[{"name":"wp","href":"https:\/\/api.w.org\/{rel}","templated":true}]}}