{"id":1634,"date":"2025-09-01T22:42:06","date_gmt":"2025-09-02T01:42:06","guid":{"rendered":"https:\/\/gazetapernambucana.com\/?p=1634"},"modified":"2025-09-01T22:42:06","modified_gmt":"2025-09-02T01:42:06","slug":"sport-fora-do-trem-por-claudemir-gomes","status":"publish","type":"post","link":"https:\/\/gazetapernambucana.com\/?p=1634","title":{"rendered":"Sport fora do trem. Por CLAUDEMIR GOMES"},"content":{"rendered":"<p>&nbsp;<\/p>\n<div class=\"entry-content\">\n<p><strong><img loading=\"lazy\" decoding=\"async\" class=\"alignnone size-full wp-image-174288\" src=\"https:\/\/flaviochaves.com.br\/wp-content\/uploads\/2025\/07\/43163348_124416095196984_1643391599985557504_n-1-1-300x300-1.jpg\" sizes=\"auto, (max-width: 300px) 100vw, 300px\" srcset=\"https:\/\/flaviochaves.com.br\/wp-content\/uploads\/2025\/07\/43163348_124416095196984_1643391599985557504_n-1-1-300x300-1.jpg 300w, https:\/\/flaviochaves.com.br\/wp-content\/uploads\/2025\/07\/43163348_124416095196984_1643391599985557504_n-1-1-300x300-1-150x150.jpg 150w, https:\/\/flaviochaves.com.br\/wp-content\/uploads\/2025\/07\/43163348_124416095196984_1643391599985557504_n-1-1-300x300-1-144x144.jpg 144w\" alt=\"\" width=\"300\" height=\"300\" \/>\u00a0 \u00a0 Por CLAUDEMIR GOMES\u00a0 \u2013\u00a0\u00a0<\/strong>A derrota \u2013 3\u00d72 \u2013 do Sport para o Vasco, na noite do domingo, na Ilha do Retiro, foi um aut\u00eantico adeus as ilus\u00f5es, para o torcedor rubro-negro que ainda acalentava o sonho de sobreviver na S\u00e9rie A do Brasileiro. Uma li\u00e7\u00e3o dura para quem n\u00e3o aprendeu o b\u00e1sico: \u201cPrimeiro \u00e9 primeiro, e segundo \u00e9 segundo\u201d em qualquer lugar do mundo.<\/p>\n<p>Quando houve o acesso da S\u00e9rie B para a S\u00e9rie A, os gestores do futebol do clube leonino se embriagaram com o sucesso passageiro. De egos inflados, n\u00e3o perceberam a troca das locomotivas. Resultado: em momento algum o Sport conseguiu embarcar no trem da S\u00e9rie A. Sem conseguir subir na cambiteira, ficou chupando cana na beira do caminho. Agora, \u00e9 aproveitar o resto da temporada, juntar os baga\u00e7os e aguardar o trem da Segundona, cuja locomotiva \u00e9 uma Maria Fuma\u00e7a que anda no ritmo ao qual o time da Ilha do Retiro joga.<\/p>\n<p>Entendo que muita coisa mudou no futebol nos \u00faltimos vinte anos, per\u00edodo em que o esporte mais popular do planeta se transformou em um dos neg\u00f3cios mais rent\u00e1veis do mundo. Entretanto, algumas peculiaridades s\u00e3o imut\u00e1veis. Quando n\u00e3o se tem conhecimento da ess\u00eancia, o trabalho de campo n\u00e3o prospera. \u00c9 como se voc\u00ea pegasse um executivo com expertise no ramo de hotelaria e colocasse a frente de uma secretaria de educa\u00e7\u00e3o, ou transferisse um profissional do agroneg\u00f3cio para a ger\u00eancia de um hospital.<\/p>\n<p>\u201cCada macaco no seu galho\u201d, reza a sabedoria popular.<\/p>\n<p>Imaturos, mas extremamente vaidosos, os gestores do futebol do Sport foram facilmente ludibriados na montagem do elenco visando a edi\u00e7\u00e3o 2025 do Brasileiro da S\u00e9rie A. O futebol \u00e9 uma pra\u00e7a aonde o vai e vem de espertalh\u00f5es sempre existiu. Nos dias de hoje, os lobos travestidos de cordeiros, passaram a ser mais persuasivos atuando como executivos e empres\u00e1rios.<\/p>\n<p>O presidente, Yuri Rom\u00e3o, tem feito um\u00a0<strong><em>\u201cmea culpa\u201d<\/em><\/strong>\u00a0em algumas entrevistas, mas sua verbaliza\u00e7\u00e3o n\u00e3o ir\u00e1 consertar os erros cometidos pelos jogadores dentro das quatro linhas. Naturalmente que, a p\u00edfia campanha na qual o Sport contabilizou apenas uma vit\u00f3ria em vinte apresenta\u00e7\u00f5es \u00e9 a resultante de uma montagem equivocada de elenco.<\/p>\n<p>Com os bolsos das cal\u00e7as abarrotados de dinheiro, os trainees de diretores foram as compras e encheram a prateleira de carne de pesco\u00e7o achando que fosse fil\u00e9. O produto apresentado pelo Sport nos jogos foi dif\u00edcil de digerir, uma vez que n\u00e3o estava \u00e0 altura do \u201cbanquete\u201d que \u00e9 servido na S\u00e9rie A. O torcedor leonino fez sua parte, mas o time n\u00e3o correspondeu.<\/p>\n<p>Intensidade se observa em qualquer n\u00edvel de disputa. Harmonia e din\u00e2mica encontramos em prateleiras mais altas. Qualidade, harmonia, din\u00e2mica e intensidade s\u00e3o requisitos de quem est\u00e1 na elite buscando um futebol de excel\u00eancia.<\/p>\n<p>O trem sempre anda mais r\u00e1pido. At\u00e9 mesmo a velha cambiteira puxada pela Maria Fuma\u00e7a. Eis porque temos que come\u00e7ar a correr antes de o trem chegar. Caso contr\u00e1rio, n\u00e3o vamos conseguir subir. Ver o trem passar e ficar com o baga\u00e7o da cana na m\u00e3o d\u00e1 uma frusta\u00e7\u00e3o danada.<\/p>\n<p>Uma sugest\u00e3o: Que os dirigentes do Sport iniciem, agora, a corrida para subir nos primeiros vag\u00f5es do trem da S\u00e9rie B em 2026.<\/p>\n<\/div>\n","protected":false},"excerpt":{"rendered":"<p>&nbsp; \u00a0 \u00a0 Por CLAUDEMIR GOMES\u00a0 \u2013\u00a0\u00a0A derrota \u2013 3\u00d72 \u2013 do Sport para o Vasco, na noite do domingo, na Ilha do Retiro, foi um aut\u00eantico adeus as ilus\u00f5es, para o torcedor rubro-negro que ainda acalentava o sonho de sobreviver na S\u00e9rie A do Brasileiro. Uma li\u00e7\u00e3o dura para quem n\u00e3o aprendeu o b\u00e1sico: [&hellip;]<\/p>\n","protected":false},"author":1,"featured_media":1250,"comment_status":"open","ping_status":"open","sticky":false,"template":"","format":"standard","meta":{"footnotes":"","jetpack_publicize_message":"","jetpack_publicize_feature_enabled":true,"jetpack_social_post_already_shared":true,"jetpack_social_options":{"image_generator_settings":{"template":"highway","default_image_id":0,"font":"","enabled":false},"version":2}},"categories":[1,39],"tags":[],"class_list":["post-1634","post","type-post","status-publish","format-standard","has-post-thumbnail","hentry","category-https-gazetapernambucana-com-page_id225","category-https-gazetapernambucana-com-page_id221"],"yoast_head":"<!-- This site is optimized with the Yoast SEO plugin v24.5 - https:\/\/yoast.com\/wordpress\/plugins\/seo\/ -->\n<title>Sport fora do trem. Por CLAUDEMIR GOMES -<\/title>\n<meta name=\"robots\" content=\"index, follow, max-snippet:-1, max-image-preview:large, max-video-preview:-1\" \/>\n<link rel=\"canonical\" href=\"https:\/\/gazetapernambucana.com\/?p=1634\" \/>\n<meta property=\"og:locale\" content=\"pt_BR\" \/>\n<meta property=\"og:type\" content=\"article\" \/>\n<meta property=\"og:title\" content=\"Sport fora do trem. Por CLAUDEMIR GOMES -\" \/>\n<meta property=\"og:description\" content=\"&nbsp; \u00a0 \u00a0 Por CLAUDEMIR GOMES\u00a0 \u2013\u00a0\u00a0A derrota \u2013 3\u00d72 \u2013 do Sport para o Vasco, na noite do domingo, na Ilha do Retiro, foi um aut\u00eantico adeus as ilus\u00f5es, para o torcedor rubro-negro que ainda acalentava o sonho de sobreviver na S\u00e9rie A do Brasileiro. Uma li\u00e7\u00e3o dura para quem n\u00e3o aprendeu o b\u00e1sico: [&hellip;]\" \/>\n<meta property=\"og:url\" content=\"https:\/\/gazetapernambucana.com\/?p=1634\" \/>\n<meta property=\"article:published_time\" content=\"2025-09-02T01:42:06+00:00\" \/>\n<meta property=\"og:image\" content=\"https:\/\/gazetapernambucana.com\/wp-content\/uploads\/2025\/07\/43163348_124416095196984_1643391599985557504_n-1-1-300x300-1.jpg\" \/>\n\t<meta property=\"og:image:width\" content=\"300\" \/>\n\t<meta property=\"og:image:height\" content=\"300\" \/>\n\t<meta property=\"og:image:type\" content=\"image\/jpeg\" \/>\n<meta name=\"author\" content=\"GP\" \/>\n<meta name=\"twitter:card\" content=\"summary_large_image\" \/>\n<meta name=\"twitter:label1\" content=\"Escrito por\" \/>\n\t<meta name=\"twitter:data1\" content=\"GP\" \/>\n\t<meta name=\"twitter:label2\" content=\"Est. tempo de leitura\" \/>\n\t<meta name=\"twitter:data2\" content=\"4 minutos\" \/>\n<script type=\"application\/ld+json\" class=\"yoast-schema-graph\">{\"@context\":\"https:\/\/schema.org\",\"@graph\":[{\"@type\":\"WebPage\",\"@id\":\"https:\/\/gazetapernambucana.com\/?p=1634\",\"url\":\"https:\/\/gazetapernambucana.com\/?p=1634\",\"name\":\"Sport fora do trem. Por CLAUDEMIR GOMES -\",\"isPartOf\":{\"@id\":\"https:\/\/gazetapernambucana.com\/#website\"},\"primaryImageOfPage\":{\"@id\":\"https:\/\/gazetapernambucana.com\/?p=1634#primaryimage\"},\"image\":{\"@id\":\"https:\/\/gazetapernambucana.com\/?p=1634#primaryimage\"},\"thumbnailUrl\":\"https:\/\/gazetapernambucana.com\/wp-content\/uploads\/2025\/07\/43163348_124416095196984_1643391599985557504_n-1-1-300x300-1.jpg\",\"datePublished\":\"2025-09-02T01:42:06+00:00\",\"author\":{\"@id\":\"https:\/\/gazetapernambucana.com\/#\/schema\/person\/188dc283325181ac2de4db1e9e987427\"},\"breadcrumb\":{\"@id\":\"https:\/\/gazetapernambucana.com\/?p=1634#breadcrumb\"},\"inLanguage\":\"pt-BR\",\"potentialAction\":[{\"@type\":\"ReadAction\",\"target\":[\"https:\/\/gazetapernambucana.com\/?p=1634\"]}]},{\"@type\":\"ImageObject\",\"inLanguage\":\"pt-BR\",\"@id\":\"https:\/\/gazetapernambucana.com\/?p=1634#primaryimage\",\"url\":\"https:\/\/gazetapernambucana.com\/wp-content\/uploads\/2025\/07\/43163348_124416095196984_1643391599985557504_n-1-1-300x300-1.jpg\",\"contentUrl\":\"https:\/\/gazetapernambucana.com\/wp-content\/uploads\/2025\/07\/43163348_124416095196984_1643391599985557504_n-1-1-300x300-1.jpg\",\"width\":300,\"height\":300},{\"@type\":\"BreadcrumbList\",\"@id\":\"https:\/\/gazetapernambucana.com\/?p=1634#breadcrumb\",\"itemListElement\":[{\"@type\":\"ListItem\",\"position\":1,\"name\":\"In\u00edcio\",\"item\":\"https:\/\/gazetapernambucana.com\/\"},{\"@type\":\"ListItem\",\"position\":2,\"name\":\"Sport fora do trem. Por CLAUDEMIR GOMES\"}]},{\"@type\":\"WebSite\",\"@id\":\"https:\/\/gazetapernambucana.com\/#website\",\"url\":\"https:\/\/gazetapernambucana.com\/\",\"name\":\"\",\"description\":\"\",\"potentialAction\":[{\"@type\":\"SearchAction\",\"target\":{\"@type\":\"EntryPoint\",\"urlTemplate\":\"https:\/\/gazetapernambucana.com\/?s={search_term_string}\"},\"query-input\":{\"@type\":\"PropertyValueSpecification\",\"valueRequired\":true,\"valueName\":\"search_term_string\"}}],\"inLanguage\":\"pt-BR\"},{\"@type\":\"Person\",\"@id\":\"https:\/\/gazetapernambucana.com\/#\/schema\/person\/188dc283325181ac2de4db1e9e987427\",\"name\":\"GP\",\"image\":{\"@type\":\"ImageObject\",\"inLanguage\":\"pt-BR\",\"@id\":\"https:\/\/gazetapernambucana.com\/#\/schema\/person\/image\/\",\"url\":\"https:\/\/secure.gravatar.com\/avatar\/9dad78ff9a2d8b5742d11779f8a3f53b052320c550b2e1907882353c067bb111?s=96&d=mm&r=g\",\"contentUrl\":\"https:\/\/secure.gravatar.com\/avatar\/9dad78ff9a2d8b5742d11779f8a3f53b052320c550b2e1907882353c067bb111?s=96&d=mm&r=g\",\"caption\":\"GP\"},\"sameAs\":[\"http:\/\/gazetapernambucana.com\"],\"url\":\"https:\/\/gazetapernambucana.com\/?author=1\"}]}<\/script>\n<!-- \/ Yoast SEO plugin. -->","yoast_head_json":{"title":"Sport fora do trem. Por CLAUDEMIR GOMES -","robots":{"index":"index","follow":"follow","max-snippet":"max-snippet:-1","max-image-preview":"max-image-preview:large","max-video-preview":"max-video-preview:-1"},"canonical":"https:\/\/gazetapernambucana.com\/?p=1634","og_locale":"pt_BR","og_type":"article","og_title":"Sport fora do trem. Por CLAUDEMIR GOMES -","og_description":"&nbsp; \u00a0 \u00a0 Por CLAUDEMIR GOMES\u00a0 \u2013\u00a0\u00a0A derrota \u2013 3\u00d72 \u2013 do Sport para o Vasco, na noite do domingo, na Ilha do Retiro, foi um aut\u00eantico adeus as ilus\u00f5es, para o torcedor rubro-negro que ainda acalentava o sonho de sobreviver na S\u00e9rie A do Brasileiro. Uma li\u00e7\u00e3o dura para quem n\u00e3o aprendeu o b\u00e1sico: [&hellip;]","og_url":"https:\/\/gazetapernambucana.com\/?p=1634","article_published_time":"2025-09-02T01:42:06+00:00","og_image":[{"width":300,"height":300,"url":"https:\/\/gazetapernambucana.com\/wp-content\/uploads\/2025\/07\/43163348_124416095196984_1643391599985557504_n-1-1-300x300-1.jpg","type":"image\/jpeg"}],"author":"GP","twitter_card":"summary_large_image","twitter_misc":{"Escrito por":"GP","Est. tempo de leitura":"4 minutos"},"schema":{"@context":"https:\/\/schema.org","@graph":[{"@type":"WebPage","@id":"https:\/\/gazetapernambucana.com\/?p=1634","url":"https:\/\/gazetapernambucana.com\/?p=1634","name":"Sport fora do trem. Por CLAUDEMIR GOMES -","isPartOf":{"@id":"https:\/\/gazetapernambucana.com\/#website"},"primaryImageOfPage":{"@id":"https:\/\/gazetapernambucana.com\/?p=1634#primaryimage"},"image":{"@id":"https:\/\/gazetapernambucana.com\/?p=1634#primaryimage"},"thumbnailUrl":"https:\/\/gazetapernambucana.com\/wp-content\/uploads\/2025\/07\/43163348_124416095196984_1643391599985557504_n-1-1-300x300-1.jpg","datePublished":"2025-09-02T01:42:06+00:00","author":{"@id":"https:\/\/gazetapernambucana.com\/#\/schema\/person\/188dc283325181ac2de4db1e9e987427"},"breadcrumb":{"@id":"https:\/\/gazetapernambucana.com\/?p=1634#breadcrumb"},"inLanguage":"pt-BR","potentialAction":[{"@type":"ReadAction","target":["https:\/\/gazetapernambucana.com\/?p=1634"]}]},{"@type":"ImageObject","inLanguage":"pt-BR","@id":"https:\/\/gazetapernambucana.com\/?p=1634#primaryimage","url":"https:\/\/gazetapernambucana.com\/wp-content\/uploads\/2025\/07\/43163348_124416095196984_1643391599985557504_n-1-1-300x300-1.jpg","contentUrl":"https:\/\/gazetapernambucana.com\/wp-content\/uploads\/2025\/07\/43163348_124416095196984_1643391599985557504_n-1-1-300x300-1.jpg","width":300,"height":300},{"@type":"BreadcrumbList","@id":"https:\/\/gazetapernambucana.com\/?p=1634#breadcrumb","itemListElement":[{"@type":"ListItem","position":1,"name":"In\u00edcio","item":"https:\/\/gazetapernambucana.com\/"},{"@type":"ListItem","position":2,"name":"Sport fora do trem. Por CLAUDEMIR GOMES"}]},{"@type":"WebSite","@id":"https:\/\/gazetapernambucana.com\/#website","url":"https:\/\/gazetapernambucana.com\/","name":"","description":"","potentialAction":[{"@type":"SearchAction","target":{"@type":"EntryPoint","urlTemplate":"https:\/\/gazetapernambucana.com\/?s={search_term_string}"},"query-input":{"@type":"PropertyValueSpecification","valueRequired":true,"valueName":"search_term_string"}}],"inLanguage":"pt-BR"},{"@type":"Person","@id":"https:\/\/gazetapernambucana.com\/#\/schema\/person\/188dc283325181ac2de4db1e9e987427","name":"GP","image":{"@type":"ImageObject","inLanguage":"pt-BR","@id":"https:\/\/gazetapernambucana.com\/#\/schema\/person\/image\/","url":"https:\/\/secure.gravatar.com\/avatar\/9dad78ff9a2d8b5742d11779f8a3f53b052320c550b2e1907882353c067bb111?s=96&d=mm&r=g","contentUrl":"https:\/\/secure.gravatar.com\/avatar\/9dad78ff9a2d8b5742d11779f8a3f53b052320c550b2e1907882353c067bb111?s=96&d=mm&r=g","caption":"GP"},"sameAs":["http:\/\/gazetapernambucana.com"],"url":"https:\/\/gazetapernambucana.com\/?author=1"}]}},"jetpack_publicize_connections":[],"_links":{"self":[{"href":"https:\/\/gazetapernambucana.com\/index.php?rest_route=\/wp\/v2\/posts\/1634","targetHints":{"allow":["GET"]}}],"collection":[{"href":"https:\/\/gazetapernambucana.com\/index.php?rest_route=\/wp\/v2\/posts"}],"about":[{"href":"https:\/\/gazetapernambucana.com\/index.php?rest_route=\/wp\/v2\/types\/post"}],"author":[{"embeddable":true,"href":"https:\/\/gazetapernambucana.com\/index.php?rest_route=\/wp\/v2\/users\/1"}],"replies":[{"embeddable":true,"href":"https:\/\/gazetapernambucana.com\/index.php?rest_route=%2Fwp%2Fv2%2Fcomments&post=1634"}],"version-history":[{"count":1,"href":"https:\/\/gazetapernambucana.com\/index.php?rest_route=\/wp\/v2\/posts\/1634\/revisions"}],"predecessor-version":[{"id":1635,"href":"https:\/\/gazetapernambucana.com\/index.php?rest_route=\/wp\/v2\/posts\/1634\/revisions\/1635"}],"wp:featuredmedia":[{"embeddable":true,"href":"https:\/\/gazetapernambucana.com\/index.php?rest_route=\/wp\/v2\/media\/1250"}],"wp:attachment":[{"href":"https:\/\/gazetapernambucana.com\/index.php?rest_route=%2Fwp%2Fv2%2Fmedia&parent=1634"}],"wp:term":[{"taxonomy":"category","embeddable":true,"href":"https:\/\/gazetapernambucana.com\/index.php?rest_route=%2Fwp%2Fv2%2Fcategories&post=1634"},{"taxonomy":"post_tag","embeddable":true,"href":"https:\/\/gazetapernambucana.com\/index.php?rest_route=%2Fwp%2Fv2%2Ftags&post=1634"}],"curies":[{"name":"wp","href":"https:\/\/api.w.org\/{rel}","templated":true}]}}