{"id":1630,"date":"2025-08-31T23:04:38","date_gmt":"2025-09-01T02:04:38","guid":{"rendered":"https:\/\/gazetapernambucana.com\/?p=1630"},"modified":"2025-09-01T16:43:30","modified_gmt":"2025-09-01T19:43:30","slug":"por-que-escrevi-este-livro-por-flavio-chaves","status":"publish","type":"post","link":"https:\/\/gazetapernambucana.com\/?p=1630","title":{"rendered":"Por que escrevi este livro. Por Fl\u00e1vio Chaves"},"content":{"rendered":"<p data-start=\"395\" data-end=\"651\"><img loading=\"lazy\" decoding=\"async\" class=\"alignnone size-medium wp-image-1631\" src=\"http:\/\/gazetapernambucana.com\/wp-content\/uploads\/2025\/08\/4e5711f9-0189-4ae0-bdc6-4a7296a10359-300x300.png\" alt=\"\" width=\"300\" height=\"300\" srcset=\"https:\/\/gazetapernambucana.com\/wp-content\/uploads\/2025\/08\/4e5711f9-0189-4ae0-bdc6-4a7296a10359-300x300.png 300w, https:\/\/gazetapernambucana.com\/wp-content\/uploads\/2025\/08\/4e5711f9-0189-4ae0-bdc6-4a7296a10359-150x150.png 150w, https:\/\/gazetapernambucana.com\/wp-content\/uploads\/2025\/08\/4e5711f9-0189-4ae0-bdc6-4a7296a10359-768x768.png 768w, https:\/\/gazetapernambucana.com\/wp-content\/uploads\/2025\/08\/4e5711f9-0189-4ae0-bdc6-4a7296a10359.png 1024w\" sizes=\"auto, (max-width: 300px) 100vw, 300px\" \/>\u00a0 <strong data-start=\"149\" data-end=\"168\">Por Fl\u00e1vio Chaves \u2013 Jornalista, poeta, escritor e membro da Academia Pernambucana de Letras. Foi Delegado Federal\/Minc\u00a0 \u2013 <\/strong>Escrever n\u00e3o \u00e9 apenas um ato de escolha; muitas vezes, \u00e9 um imperativo. H\u00e1 temas que n\u00e3o nos pedem licen\u00e7a para entrar em nossa vida: eles nos atravessam, nos convocam e nos obrigam a dar-lhes forma. Assim nasceu o livro\u00a0 <em data-start=\"608\" data-end=\"648\">Sheikha Moza Nasser, Hamlet e o Ex\u00edlio<\/em>.<\/p>\n<p data-start=\"653\" data-end=\"1118\">A imagem do ex\u00edlio me persegue h\u00e1 muito tempo. N\u00e3o apenas o ex\u00edlio pol\u00edtico, que afasta corpos de territ\u00f3rios, mas o ex\u00edlio interior, que nos distancia de n\u00f3s mesmos, das nossas verdades e das nossas ra\u00edzes. Ao mergulhar nas p\u00e1ginas de Shakespeare e encontrar Hamlet debatendo-se entre a d\u00favida e a a\u00e7\u00e3o, percebi o quanto sua ang\u00fastia dialoga com a condi\u00e7\u00e3o de tantos que, em nossa \u00e9poca, vivem desterrados em sua pr\u00f3pria terra, silenciados em sua pr\u00f3pria p\u00e1tria.<\/p>\n<p data-start=\"1120\" data-end=\"1532\">Foi nesse cruzamento inesperado que surgiu o impulso criador. Enquanto pesquisava a biografia de Shakespeare, encontrei a trajet\u00f3ria da Sheikha Moza, uma mulher que enfrentou ex\u00edlios e interdi\u00e7\u00f5es, mas que soube transformar sua dor em voz, sua condi\u00e7\u00e3o em for\u00e7a, sua travessia em s\u00edmbolo. Entre a fic\u00e7\u00e3o do pr\u00edncipe dinamarqu\u00eas e a realidade de uma mulher \u00e1rabe, identifiquei um mesmo fio de dor e resist\u00eancia.<\/p>\n<p data-start=\"1534\" data-end=\"1844\">O livro n\u00e3o pretende ser apenas uma narrativa liter\u00e1ria. Ele \u00e9, sobretudo, um convite \u00e0 reflex\u00e3o. \u00c9 um chamado para que compreendamos que a condi\u00e7\u00e3o do ex\u00edlio n\u00e3o pertence apenas ao outro, ao estrangeiro distante, mas pode habitar tamb\u00e9m em cada um de n\u00f3s, quando somos privados de voz, de justi\u00e7a, de lugar.<\/p>\n<p data-start=\"1846\" data-end=\"2148\">Escrevi este livro porque acredito que a literatura tem o poder de iluminar as zonas de sombra da nossa hist\u00f3ria e de nossa condi\u00e7\u00e3o humana. Escrevi porque precisamos falar de poder, de mem\u00f3ria, de resist\u00eancia e de pertencimento em um tempo em que tantas formas de exclus\u00e3o tentam calar consci\u00eancias.<\/p>\n<p data-start=\"2150\" data-end=\"2529\">Sei que um livro, por si s\u00f3, n\u00e3o transforma o mundo. Mas sei tamb\u00e9m que cada p\u00e1gina pode ser uma semente. E \u00e9 por isso que este projeto vai al\u00e9m da publica\u00e7\u00e3o: ele deseja chegar \u00e0s bibliotecas, \u00e0s escolas, aos espa\u00e7os onde ainda h\u00e1 sil\u00eancio. Deseja que cada jovem leitor encontre nessas p\u00e1ginas um espelho ou uma janela, e que cada professor veja nelas um recurso de esperan\u00e7a.<\/p>\n<p data-start=\"2531\" data-end=\"2762\">Escrevi <em data-start=\"2539\" data-end=\"2579\">Sheikha Moza Nasser, Hamlet e o Ex\u00edlio<\/em> porque n\u00e3o poderia fazer outra coisa. Porque o sil\u00eancio seria uma ren\u00fancia. Porque a palavra, quando verdadeira, pode atravessar fronteiras, unir tempos e acender consci\u00eancias.<\/p>\n<p data-start=\"2764\" data-end=\"2845\">E porque, no fundo, todo escritor escreve para n\u00e3o estar sozinho em seu ex\u00edlio.<\/p>\n","protected":false},"excerpt":{"rendered":"<p>\u00a0 Por Fl\u00e1vio Chaves \u2013 Jornalista, poeta, escritor e membro da Academia Pernambucana de Letras. Foi Delegado Federal\/Minc\u00a0 \u2013 Escrever n\u00e3o \u00e9 apenas um ato de escolha; muitas vezes, \u00e9 um imperativo. H\u00e1 temas que n\u00e3o nos pedem licen\u00e7a para entrar em nossa vida: eles nos atravessam, nos convocam e nos obrigam a dar-lhes forma. [&hellip;]<\/p>\n","protected":false},"author":1,"featured_media":1631,"comment_status":"open","ping_status":"open","sticky":false,"template":"","format":"standard","meta":{"footnotes":"","jetpack_publicize_message":"","jetpack_publicize_feature_enabled":true,"jetpack_social_post_already_shared":true,"jetpack_social_options":{"image_generator_settings":{"template":"highway","default_image_id":0,"font":"","enabled":false},"version":2}},"categories":[1,35,46],"tags":[],"class_list":["post-1630","post","type-post","status-publish","format-standard","has-post-thumbnail","hentry","category-https-gazetapernambucana-com-page_id225","category-https-gazetapernambucana-com-page_id218","category-literatura"],"yoast_head":"<!-- This site is optimized with the Yoast SEO plugin v24.5 - https:\/\/yoast.com\/wordpress\/plugins\/seo\/ -->\n<title>Por que escrevi este livro. Por Fl\u00e1vio Chaves -<\/title>\n<meta name=\"robots\" content=\"index, follow, max-snippet:-1, max-image-preview:large, max-video-preview:-1\" \/>\n<link rel=\"canonical\" href=\"https:\/\/gazetapernambucana.com\/?p=1630\" \/>\n<meta property=\"og:locale\" content=\"pt_BR\" \/>\n<meta property=\"og:type\" content=\"article\" \/>\n<meta property=\"og:title\" content=\"Por que escrevi este livro. Por Fl\u00e1vio Chaves -\" \/>\n<meta property=\"og:description\" content=\"\u00a0 Por Fl\u00e1vio Chaves \u2013 Jornalista, poeta, escritor e membro da Academia Pernambucana de Letras. Foi Delegado Federal\/Minc\u00a0 \u2013 Escrever n\u00e3o \u00e9 apenas um ato de escolha; muitas vezes, \u00e9 um imperativo. H\u00e1 temas que n\u00e3o nos pedem licen\u00e7a para entrar em nossa vida: eles nos atravessam, nos convocam e nos obrigam a dar-lhes forma. [&hellip;]\" \/>\n<meta property=\"og:url\" content=\"https:\/\/gazetapernambucana.com\/?p=1630\" \/>\n<meta property=\"article:published_time\" content=\"2025-09-01T02:04:38+00:00\" \/>\n<meta property=\"article:modified_time\" content=\"2025-09-01T19:43:30+00:00\" \/>\n<meta property=\"og:image\" content=\"https:\/\/gazetapernambucana.com\/wp-content\/uploads\/2025\/08\/4e5711f9-0189-4ae0-bdc6-4a7296a10359.png\" \/>\n\t<meta property=\"og:image:width\" content=\"640\" \/>\n\t<meta property=\"og:image:height\" content=\"640\" \/>\n\t<meta property=\"og:image:type\" content=\"image\/png\" \/>\n<meta name=\"author\" content=\"GP\" \/>\n<meta name=\"twitter:card\" content=\"summary_large_image\" \/>\n<meta name=\"twitter:label1\" content=\"Escrito por\" \/>\n\t<meta name=\"twitter:data1\" content=\"GP\" \/>\n\t<meta name=\"twitter:label2\" content=\"Est. tempo de leitura\" \/>\n\t<meta name=\"twitter:data2\" content=\"3 minutos\" \/>\n<script type=\"application\/ld+json\" class=\"yoast-schema-graph\">{\"@context\":\"https:\/\/schema.org\",\"@graph\":[{\"@type\":\"WebPage\",\"@id\":\"https:\/\/gazetapernambucana.com\/?p=1630\",\"url\":\"https:\/\/gazetapernambucana.com\/?p=1630\",\"name\":\"Por que escrevi este livro. Por Fl\u00e1vio Chaves -\",\"isPartOf\":{\"@id\":\"https:\/\/gazetapernambucana.com\/#website\"},\"primaryImageOfPage\":{\"@id\":\"https:\/\/gazetapernambucana.com\/?p=1630#primaryimage\"},\"image\":{\"@id\":\"https:\/\/gazetapernambucana.com\/?p=1630#primaryimage\"},\"thumbnailUrl\":\"https:\/\/gazetapernambucana.com\/wp-content\/uploads\/2025\/08\/4e5711f9-0189-4ae0-bdc6-4a7296a10359.png\",\"datePublished\":\"2025-09-01T02:04:38+00:00\",\"dateModified\":\"2025-09-01T19:43:30+00:00\",\"author\":{\"@id\":\"https:\/\/gazetapernambucana.com\/#\/schema\/person\/188dc283325181ac2de4db1e9e987427\"},\"breadcrumb\":{\"@id\":\"https:\/\/gazetapernambucana.com\/?p=1630#breadcrumb\"},\"inLanguage\":\"pt-BR\",\"potentialAction\":[{\"@type\":\"ReadAction\",\"target\":[\"https:\/\/gazetapernambucana.com\/?p=1630\"]}]},{\"@type\":\"ImageObject\",\"inLanguage\":\"pt-BR\",\"@id\":\"https:\/\/gazetapernambucana.com\/?p=1630#primaryimage\",\"url\":\"https:\/\/gazetapernambucana.com\/wp-content\/uploads\/2025\/08\/4e5711f9-0189-4ae0-bdc6-4a7296a10359.png\",\"contentUrl\":\"https:\/\/gazetapernambucana.com\/wp-content\/uploads\/2025\/08\/4e5711f9-0189-4ae0-bdc6-4a7296a10359.png\",\"width\":1024,\"height\":1024},{\"@type\":\"BreadcrumbList\",\"@id\":\"https:\/\/gazetapernambucana.com\/?p=1630#breadcrumb\",\"itemListElement\":[{\"@type\":\"ListItem\",\"position\":1,\"name\":\"In\u00edcio\",\"item\":\"https:\/\/gazetapernambucana.com\/\"},{\"@type\":\"ListItem\",\"position\":2,\"name\":\"Por que escrevi este livro. Por Fl\u00e1vio Chaves\"}]},{\"@type\":\"WebSite\",\"@id\":\"https:\/\/gazetapernambucana.com\/#website\",\"url\":\"https:\/\/gazetapernambucana.com\/\",\"name\":\"\",\"description\":\"\",\"potentialAction\":[{\"@type\":\"SearchAction\",\"target\":{\"@type\":\"EntryPoint\",\"urlTemplate\":\"https:\/\/gazetapernambucana.com\/?s={search_term_string}\"},\"query-input\":{\"@type\":\"PropertyValueSpecification\",\"valueRequired\":true,\"valueName\":\"search_term_string\"}}],\"inLanguage\":\"pt-BR\"},{\"@type\":\"Person\",\"@id\":\"https:\/\/gazetapernambucana.com\/#\/schema\/person\/188dc283325181ac2de4db1e9e987427\",\"name\":\"GP\",\"image\":{\"@type\":\"ImageObject\",\"inLanguage\":\"pt-BR\",\"@id\":\"https:\/\/gazetapernambucana.com\/#\/schema\/person\/image\/\",\"url\":\"https:\/\/secure.gravatar.com\/avatar\/9dad78ff9a2d8b5742d11779f8a3f53b052320c550b2e1907882353c067bb111?s=96&d=mm&r=g\",\"contentUrl\":\"https:\/\/secure.gravatar.com\/avatar\/9dad78ff9a2d8b5742d11779f8a3f53b052320c550b2e1907882353c067bb111?s=96&d=mm&r=g\",\"caption\":\"GP\"},\"sameAs\":[\"http:\/\/gazetapernambucana.com\"],\"url\":\"https:\/\/gazetapernambucana.com\/?author=1\"}]}<\/script>\n<!-- \/ Yoast SEO plugin. -->","yoast_head_json":{"title":"Por que escrevi este livro. Por Fl\u00e1vio Chaves -","robots":{"index":"index","follow":"follow","max-snippet":"max-snippet:-1","max-image-preview":"max-image-preview:large","max-video-preview":"max-video-preview:-1"},"canonical":"https:\/\/gazetapernambucana.com\/?p=1630","og_locale":"pt_BR","og_type":"article","og_title":"Por que escrevi este livro. Por Fl\u00e1vio Chaves -","og_description":"\u00a0 Por Fl\u00e1vio Chaves \u2013 Jornalista, poeta, escritor e membro da Academia Pernambucana de Letras. Foi Delegado Federal\/Minc\u00a0 \u2013 Escrever n\u00e3o \u00e9 apenas um ato de escolha; muitas vezes, \u00e9 um imperativo. H\u00e1 temas que n\u00e3o nos pedem licen\u00e7a para entrar em nossa vida: eles nos atravessam, nos convocam e nos obrigam a dar-lhes forma. [&hellip;]","og_url":"https:\/\/gazetapernambucana.com\/?p=1630","article_published_time":"2025-09-01T02:04:38+00:00","article_modified_time":"2025-09-01T19:43:30+00:00","og_image":[{"url":"https:\/\/gazetapernambucana.com\/wp-content\/uploads\/2025\/08\/4e5711f9-0189-4ae0-bdc6-4a7296a10359.png","width":640,"height":640,"type":"image\/png"}],"author":"GP","twitter_card":"summary_large_image","twitter_misc":{"Escrito por":"GP","Est. tempo de leitura":"3 minutos"},"schema":{"@context":"https:\/\/schema.org","@graph":[{"@type":"WebPage","@id":"https:\/\/gazetapernambucana.com\/?p=1630","url":"https:\/\/gazetapernambucana.com\/?p=1630","name":"Por que escrevi este livro. Por Fl\u00e1vio Chaves -","isPartOf":{"@id":"https:\/\/gazetapernambucana.com\/#website"},"primaryImageOfPage":{"@id":"https:\/\/gazetapernambucana.com\/?p=1630#primaryimage"},"image":{"@id":"https:\/\/gazetapernambucana.com\/?p=1630#primaryimage"},"thumbnailUrl":"https:\/\/gazetapernambucana.com\/wp-content\/uploads\/2025\/08\/4e5711f9-0189-4ae0-bdc6-4a7296a10359.png","datePublished":"2025-09-01T02:04:38+00:00","dateModified":"2025-09-01T19:43:30+00:00","author":{"@id":"https:\/\/gazetapernambucana.com\/#\/schema\/person\/188dc283325181ac2de4db1e9e987427"},"breadcrumb":{"@id":"https:\/\/gazetapernambucana.com\/?p=1630#breadcrumb"},"inLanguage":"pt-BR","potentialAction":[{"@type":"ReadAction","target":["https:\/\/gazetapernambucana.com\/?p=1630"]}]},{"@type":"ImageObject","inLanguage":"pt-BR","@id":"https:\/\/gazetapernambucana.com\/?p=1630#primaryimage","url":"https:\/\/gazetapernambucana.com\/wp-content\/uploads\/2025\/08\/4e5711f9-0189-4ae0-bdc6-4a7296a10359.png","contentUrl":"https:\/\/gazetapernambucana.com\/wp-content\/uploads\/2025\/08\/4e5711f9-0189-4ae0-bdc6-4a7296a10359.png","width":1024,"height":1024},{"@type":"BreadcrumbList","@id":"https:\/\/gazetapernambucana.com\/?p=1630#breadcrumb","itemListElement":[{"@type":"ListItem","position":1,"name":"In\u00edcio","item":"https:\/\/gazetapernambucana.com\/"},{"@type":"ListItem","position":2,"name":"Por que escrevi este livro. Por Fl\u00e1vio Chaves"}]},{"@type":"WebSite","@id":"https:\/\/gazetapernambucana.com\/#website","url":"https:\/\/gazetapernambucana.com\/","name":"","description":"","potentialAction":[{"@type":"SearchAction","target":{"@type":"EntryPoint","urlTemplate":"https:\/\/gazetapernambucana.com\/?s={search_term_string}"},"query-input":{"@type":"PropertyValueSpecification","valueRequired":true,"valueName":"search_term_string"}}],"inLanguage":"pt-BR"},{"@type":"Person","@id":"https:\/\/gazetapernambucana.com\/#\/schema\/person\/188dc283325181ac2de4db1e9e987427","name":"GP","image":{"@type":"ImageObject","inLanguage":"pt-BR","@id":"https:\/\/gazetapernambucana.com\/#\/schema\/person\/image\/","url":"https:\/\/secure.gravatar.com\/avatar\/9dad78ff9a2d8b5742d11779f8a3f53b052320c550b2e1907882353c067bb111?s=96&d=mm&r=g","contentUrl":"https:\/\/secure.gravatar.com\/avatar\/9dad78ff9a2d8b5742d11779f8a3f53b052320c550b2e1907882353c067bb111?s=96&d=mm&r=g","caption":"GP"},"sameAs":["http:\/\/gazetapernambucana.com"],"url":"https:\/\/gazetapernambucana.com\/?author=1"}]}},"jetpack_publicize_connections":[],"_links":{"self":[{"href":"https:\/\/gazetapernambucana.com\/index.php?rest_route=\/wp\/v2\/posts\/1630","targetHints":{"allow":["GET"]}}],"collection":[{"href":"https:\/\/gazetapernambucana.com\/index.php?rest_route=\/wp\/v2\/posts"}],"about":[{"href":"https:\/\/gazetapernambucana.com\/index.php?rest_route=\/wp\/v2\/types\/post"}],"author":[{"embeddable":true,"href":"https:\/\/gazetapernambucana.com\/index.php?rest_route=\/wp\/v2\/users\/1"}],"replies":[{"embeddable":true,"href":"https:\/\/gazetapernambucana.com\/index.php?rest_route=%2Fwp%2Fv2%2Fcomments&post=1630"}],"version-history":[{"count":2,"href":"https:\/\/gazetapernambucana.com\/index.php?rest_route=\/wp\/v2\/posts\/1630\/revisions"}],"predecessor-version":[{"id":1633,"href":"https:\/\/gazetapernambucana.com\/index.php?rest_route=\/wp\/v2\/posts\/1630\/revisions\/1633"}],"wp:featuredmedia":[{"embeddable":true,"href":"https:\/\/gazetapernambucana.com\/index.php?rest_route=\/wp\/v2\/media\/1631"}],"wp:attachment":[{"href":"https:\/\/gazetapernambucana.com\/index.php?rest_route=%2Fwp%2Fv2%2Fmedia&parent=1630"}],"wp:term":[{"taxonomy":"category","embeddable":true,"href":"https:\/\/gazetapernambucana.com\/index.php?rest_route=%2Fwp%2Fv2%2Fcategories&post=1630"},{"taxonomy":"post_tag","embeddable":true,"href":"https:\/\/gazetapernambucana.com\/index.php?rest_route=%2Fwp%2Fv2%2Ftags&post=1630"}],"curies":[{"name":"wp","href":"https:\/\/api.w.org\/{rel}","templated":true}]}}