{"id":1628,"date":"2025-08-31T19:28:00","date_gmt":"2025-08-31T22:28:00","guid":{"rendered":"https:\/\/gazetapernambucana.com\/?p=1628"},"modified":"2025-08-31T19:28:00","modified_gmt":"2025-08-31T22:28:00","slug":"conversas-de-1-2-minuto-45-advogados-ii-de-ii-e-jaguar-por-jose-paulo-cavalcanti-filho","status":"publish","type":"post","link":"https:\/\/gazetapernambucana.com\/?p=1628","title":{"rendered":"Conversas de 1\/2 minuto (45) -Advogados (II de II) e Jaguar. Por Jos\u00e9 Paulo Cavalcanti Filho"},"content":{"rendered":"<p><strong><img loading=\"lazy\" decoding=\"async\" class=\"alignnone size-full wp-image-173868\" src=\"https:\/\/flaviochaves.com.br\/wp-content\/uploads\/2025\/05\/11f77e6d8a8e346bc312bf2719fc2e63-2-300x147-1.webp\" alt=\"\" width=\"300\" height=\"147\" \/>\u00a0 \u00a0 \u00a0\u00a0Por Jos\u00e9 Paulo Cavalcanti Filho \u00a0\u2013 \u00a0Escritor, poeta, membro das Academias Pernambucana de Letras, Brasileira de Letras e Portuguesa de Letras. \u00c9\u00a0 um dos maiores conhecedores da obra de Fernando Pessoa. Integrou a Comiss\u00e3o da Verdade\u00a0 \u00a0\u2013\u00a0 \u00a0ADVOGADOS (Final).\u00a0<\/strong>Agora,\u00a0<strong>o complemento da coluna anterior<\/strong>. Dedicada, em seu m\u00eas, aos advogados, em livro que estou escrevendo (t\u00edtulo da coluna). Antes, bom lembrar como tudo come\u00e7ou: \u201c<em>Lei de 11 de agosto de 1827. Dom Pedro Primeiro por gra\u00e7a de Deos e unanime Acclam\u00e3o dos povos, Imperador Constitucional e Defensor Perpetuo do Brasil fazemos saber a todos os nossos Sudditos que a Assembleia Geral Decretou e N\u00f3s Queremos a Lei seguinte: Art. 1. Crear-se-h\u00e3o dous Cursos de Sciencias Juridicas e Sociais, hum na Cidade de S.paulo e outro na de Olinda, e nelles no espa\u00e7o de cinco anos e em nome Cadeiras, se ensinar\u00e3o as mat\u00e9rias seguinte:\u2026 Dada no Palacio do Rio de Janeiro aos onze dias do mez de Agosto de mil oitocentos e vinte-sete. Sexto da Independecia e do Imperio<\/em>\u201d. Pois \u00e9, foi assim. E vamos logo \u00e0s conversas:<\/p>\n<p><strong>\u00a0<\/strong><strong>MARCELO NAVARRO RIBEIRO DANTAS,\u00a0<\/strong><em>ministro do STJ.\u00a0<\/em>Cerim\u00f4nia de entrega do Relat\u00f3rio Final da Comiss\u00e3o Nacional da Verdade, em que fui um dos seis membros. Marcelo disse, de minha gravata,<\/p>\n<p>\u2013 \u00c9 a mais bonita que j\u00e1 vi.<\/p>\n<p>Entreguei, na hora. E ele<\/p>\n<p>\u2013 Vou guardar para usar em sua posse na Academia Brasileira de Letras.<\/p>\n<p>E usou mesmo (em 2022), oito anos depois, trata-se de um vidente.<\/p>\n<p>* * *<\/p>\n<p>O barzinho que frequenta, na Praia de Pirangi (RN), tem nome curioso (mandou foto),\u00a0<em>Comeu Morreu ? bar, lanchonete e bodega<\/em>. Nele, esta placa (outra foto)<\/p>\n<p>? P\u00e3o na chapa:<\/p>\n<p>Com manteiga, 2,50.<\/p>\n<p>Com margarina, 2,00.<\/p>\n<p>Sem manteiga, 1,50.<\/p>\n<p>Sem margarina, 1,00.<\/p>\n<p>* * *<\/p>\n<p>Tamb\u00e9m mandou foto de cartaz em outro bar, daquela mesma praia, que dizia num portugu\u00eas casti\u00e7o<\/p>\n<p>? Hor\u00e1rio:<\/p>\n<p>Abrimos quando chegarmos<\/p>\n<p>Fechamos quando sairmos<\/p>\n<p>Se vier e n\u00e3o estivermos<\/p>\n<p>\u00c9 porque n\u00e3o chegamos ou j\u00e1 sa\u00edmos.<\/p>\n<p>* * *<\/p>\n<p>Outra de barraca por ele vista, em suas andan\u00e7as matinais na praia,<\/p>\n<p>? Hor\u00e1rio de funcionamento:<\/p>\n<p>N\u00f3s abrimos \u00e0s 8:00h ou 9:00h, \u00e0s vezes \u00e0s 10:00h.<\/p>\n<p>Fechamos \u00e0s 18:00 ou 19:00, \u00e0s vezes \u00e0s 20:00h.<\/p>\n<p>\u00c0s vezes, nem abrimos!<\/p>\n<p><strong>* * *<\/strong><\/p>\n<p>E mais uma, de certo Bar Cu do Mundo. Perguntei se ficava na sua terra e respondeu, como poeta,<\/p>\n<p>? Se for, erraram no t\u00edtulo, que deveria ser Barco do Mundo.<\/p>\n<p><strong>* * *<\/strong><\/p>\n<p>Ao pensar nas dores da alma, escreveu<\/p>\n<p>\u2013 Amargura?<\/p>\n<p>Amar cura.<\/p>\n<p>Solidariedade?<\/p>\n<p>S\u00f3 lhe dar a idade.<\/p>\n<p>Morri?<\/p>\n<p>Amar, ri.<\/p>\n<p>Sentimento?<\/p>\n<p>Sem ti minto.<\/p>\n<p>Jamais?<\/p>\n<p>J\u00e1, mas\u2026<\/p>\n<p><strong>\u00a0<\/strong><strong>RAMADA CURTO,\u00a0<\/strong><em>advogado e dramaturgo.\u00a0<\/em>Na Primeira Rep\u00fablica, deputado e ministro das Finan\u00e7as. Em Portugal, esteve presente nos mais c\u00e9lebres processos-crime de seu tempo. Neste caso um cliente havia dito ser, o autor da a\u00e7\u00e3o, um\u00a0<em>filho da puta<\/em>. E Ramada come\u00e7ou a fala chamando aten\u00e7\u00e3o para o fato de que, muitas vezes, utilizamos essa express\u00e3o como se fosse um elogio<\/p>\n<p>? Ganda filho da puta, \u00e9s o melhor de todos!<\/p>\n<p>? D\u00e1 c\u00e1 um abra\u00e7o, meu grande filho da puta!<\/p>\n<p>E concluiu suas alega\u00e7\u00f5es dizendo, ao juiz do feito,<\/p>\n<p>? At\u00e9 aposto que, neste momento, V.Exa. est\u00e1 a pensar o seguinte: vejam algo que este filho da puta n\u00e3o se havia de ter lembrado, s\u00f3 para safar o seu cliente!<\/p>\n<p>Na hora de ler a senten\u00e7a o juiz, olhando para o r\u00e9u<\/p>\n<p>? O senhor est\u00e1 absolvido, mas bem pode agradecer ao filho da puta do seu advogado.<\/p>\n<p><strong>\u00a0<\/strong><strong>ROBERTO ROSAS,<\/strong>\u00a0<em>advogado.<\/em>\u00a0Lembrou que perguntaram ao Ministro Orozimbo Nonato, do Supremo,<\/p>\n<p>\u2013 O senhor foi juiz?<\/p>\n<p>\u2013 Fui.<\/p>\n<p>\u2013 E quando largou o apito?<\/p>\n<p><strong>\u00a0<\/strong><strong>RUI BARBOSA,\u00a0<\/strong><em>advogado e homem p\u00fablico.<\/em>\u00a0Ruy usava um tipo de \u00f3culos diferente, sem hastes, pendurado no nariz. E, com esses \u00f3culos, tamb\u00e9m marcava a p\u00e1ginas dos livros que estava lendo. Com frequ\u00eancia, fechava o dito livro e l\u00e1 se perdia mais um. No invent\u00e1rio de sua biblioteca, depois de sua morte, acharam mais de 40. Certa vez aquele homem culto, fundador (em 1897) da Academia Brasileira de Letras e seu Presidente (em 1908\/19, at\u00e9 ser sucedido por Carlos de Laet), considerado\u00a0<em>\u00c1guia de Haia<\/em>\u00a0na II Confer\u00eancia da Paz (1907), por n\u00e3o encontrar os ditos \u00f3culos, perguntou \u00e0 gorda cozinheira que estava no ponto<\/p>\n<p>? Que \u00f4nibus \u00e9 esse?<\/p>\n<p>E ela, olhando aquele velhinho com d\u00f3,<\/p>\n<p>? O senhor me desculpe mas eu tamb\u00e9m sou analfabeta.<\/p>\n<p><strong>* * *<\/strong><\/p>\n<p>A \u00fanica grava\u00e7\u00e3o que se tem, com sua voz, \u00e9 homenagens \u00e0 mulher. Trecho<\/p>\n<p>? A mulher foi, tem sido e ser\u00e1 sempre, um b\u00e1lsamo para todas as feridas do cora\u00e7\u00e3o. Um raio de sol que nos alumia, nas trevas cerradas de uma exist\u00eancia atribulada. A estrela que nos aponta para o Norte, nesta pedregosa senda da vida. Enfim, o consolo para todos os desalentos, o al\u00edvio para todas as dores, a m\u00e3o que nos sustenta quando, j\u00e1 exaustos, corremos a precipitar-nos no abismo da morte ou da degrada\u00e7\u00e3o moral.<\/p>\n<p>No Senado, ante cr\u00edticas feitas por um partid\u00e1rio do presidente Hermes da Fonseca que o acusava de ser velho, respondeu<\/p>\n<p>? Que nada, tenho ainda muita for\u00e7a.<\/p>\n<p>O que levou seus inimigos a distribuir, pelas ruas do Rio, maldosa quadrinha implicando a mulher de Ruy<\/p>\n<p>? Ao ouvir-lhe a gabolice<\/p>\n<p>Maria Augusta se abrasa<\/p>\n<p>Se tem tanta quanto disse<\/p>\n<p>Por que n\u00e3o gasta em casa?<\/p>\n<p><strong>\u00a0<\/strong><strong>SIGMARINGA SEIXAS,\u00a0<\/strong><em>advogado e homem p\u00fablico.\u00a0<\/em>Redigi, para o governo (FHC), o Decreto 3.551 (publicado em 4 de agosto de 2000); que, atendendo recomenda\u00e7\u00e3o da UNESCO (1985), instituiu o Programa Nacional do Patrim\u00f4nio Imaterial. At\u00e9 ganhei da UNESCO uma comenda, por isso. E decidimos comemorar no primeiro desses patrim\u00f4nios escolhidos, um Quarup ? ritual, em homenagem aos mortos ilustres, celebrado pelos povos ind\u00edgenas do alto Xingu. Na hora da viagem houve imprevisto e n\u00e3o pude ir. Na volta, Sig disse como foi<\/p>\n<p>? Durante o dia, mil mosquitos em nossa volta. E, de noite, dois mil. N\u00e3o dava nem para respirar. Voc\u00ea foi s\u00e1bio, ao correr de l\u00e1.<\/p>\n<p><strong>\u00a0<\/strong><strong>SOBRAL PINTO,\u00a0<\/strong><em>advogado.<\/em>\u00a0Miguel Arraes (governador de Pernambuco) estava em Fernando de Noronha, preso. Sobral requereu Habeas Corpus para ele ? negado, claro, pela justi\u00e7a da Ditadura. Jos\u00e9 Almino (da Casa Rui Barbosa), filho mais velho, perguntou quanto seriam seus honor\u00e1rios e Sobral<\/p>\n<p>? Nada, n\u00e3o recebo dinheiro de comunista.<\/p>\n<p><strong>\u00a0<\/strong><strong>SYLENO RIBEIRO,\u00a0<\/strong><em>advogado.\u00a0<\/em>Dayse de Vasconcelos Mayer, amiga antiga, indo ensinar Direito em Portugal o procura e diz<\/p>\n<p>? Vim me despedir, Syleno, por ter certeza de que vou morrer muito cedo.<\/p>\n<p>E ele, famoso por sua sinceridade absoluta,<\/p>\n<p>? E n\u00e3o acha muito tarde para morrer cedo?<\/p>\n<p><strong>* * *<\/strong><\/p>\n<figure id=\"attachment_459882\" class=\"wp-caption alignright\" aria-describedby=\"caption-attachment-459882\"><img loading=\"lazy\" decoding=\"async\" class=\"alignnone size-medium wp-image-174538\" src=\"https:\/\/flaviochaves.com.br\/wp-content\/uploads\/2025\/08\/9ce2d9cb-10ac-4bc8-af20-c2f7629e68ff-300x169.jpg\" sizes=\"auto, (max-width: 300px) 100vw, 300px\" srcset=\"https:\/\/flaviochaves.com.br\/wp-content\/uploads\/2025\/08\/9ce2d9cb-10ac-4bc8-af20-c2f7629e68ff-300x169.jpg 300w, https:\/\/flaviochaves.com.br\/wp-content\/uploads\/2025\/08\/9ce2d9cb-10ac-4bc8-af20-c2f7629e68ff-650x366.jpg 650w, https:\/\/flaviochaves.com.br\/wp-content\/uploads\/2025\/08\/9ce2d9cb-10ac-4bc8-af20-c2f7629e68ff-768x432.jpg 768w, https:\/\/flaviochaves.com.br\/wp-content\/uploads\/2025\/08\/9ce2d9cb-10ac-4bc8-af20-c2f7629e68ff.jpg 796w\" alt=\"\" width=\"300\" height=\"169\" \/><figcaption id=\"caption-attachment-459882\" class=\"wp-caption-text\"><em><strong>Jaguar<\/strong><\/em><\/figcaption><\/figure>\n<p><strong>SAUDADES DO AMIGO JAGUAR.<\/strong>\u00a0Luiz Gravat\u00e1 mandou, no zap, um desenho do ratinho Sig (cria\u00e7\u00e3o do cartunista) chorando. Foi a senha. Mais um entre tantas mortes de amigos queridos. Mais uma. Lembrei de Pessoa (<em>Passos da cruz<\/em>),<\/p>\n<p>\u201cFosse eu apenas, n\u00e3o sei onde ou como,<\/p>\n<p>Num crep\u00fasculo de espadas.<\/p>\n<p>Morrendo entre bandeiras desfraldadas<\/p>\n<p>Na \u00faltima tarde de um imp\u00e9rio em chamas\u2026<\/p>\n<p>Todas essas perdas entre tantas bandeiras desfraldadas do passado. E como despedida lembro, triste, duas historinhas (entre muitas) dele de que fui testemunha:<\/p>\n<ol>\n<li>Indo para Petr\u00f3polis, na frente do carro, Jaguar. Atr\u00e1s, no meio, N\u00e1ssara. G\u00eanio. E surdo. Faziam as perguntas, Jaguar escrevia num caderno, mostrava e ele ia respondendo. Falou quase duas horas, sem parar. J\u00e1 chegando, Jaguar arrancou do caderno as folhas com perguntas, fez um bolo, abriu a janela e disse<\/li>\n<\/ol>\n<p>? Isso \u00e9 que eu chamo jogar conversa fora.<\/p>\n<p>E jogou mesmo.<\/p>\n<p>2. Na Lagoa Azul, fiz as apresenta\u00e7\u00f5es. Ele<\/p>\n<p>\u2013 Muito prazer, dona Lect\u00edcia. Por falar nisso e o Thomas?<\/p>\n<p>\u2013\u00a0 Thomas? Que Thomas?<\/p>\n<p>\u2013 Eu tomo o que tiver, mas prefiro cacha\u00e7a.<\/p>\n<p>Previdente, Jaguar deixou escrito quais eram suas \u00faltimas vontades. E tudo (muito) natural. \u201cJ\u00e1 que a minha vida \u00e9 uma bagun\u00e7a sem rem\u00e9dio, pelo menos resolvi planejar direito a minha morte. Para come\u00e7ar, decidi ser cremado e que as cinzas sejam espalhadas pelos bares que bebi.\u00a0<em>Vai faltar cinza<\/em>, foi o coment\u00e1rio de Chico OPF. Se acharem que \u00e9 muito bar para pouca cinza, basta incinerar um pangar\u00e9 velho para inteirar\u201d. Viva Jaguar!!!<\/p>\n","protected":false},"excerpt":{"rendered":"<p>\u00a0 \u00a0 \u00a0\u00a0Por Jos\u00e9 Paulo Cavalcanti Filho \u00a0\u2013 \u00a0Escritor, poeta, membro das Academias Pernambucana de Letras, Brasileira de Letras e Portuguesa de Letras. \u00c9\u00a0 um dos maiores conhecedores da obra de Fernando Pessoa. Integrou a Comiss\u00e3o da Verdade\u00a0 \u00a0\u2013\u00a0 \u00a0ADVOGADOS (Final).\u00a0Agora,\u00a0o complemento da coluna anterior. Dedicada, em seu m\u00eas, aos advogados, em livro que estou [&hellip;]<\/p>\n","protected":false},"author":1,"featured_media":1585,"comment_status":"open","ping_status":"open","sticky":false,"template":"","format":"standard","meta":{"footnotes":"","jetpack_publicize_message":"","jetpack_publicize_feature_enabled":true,"jetpack_social_post_already_shared":true,"jetpack_social_options":{"image_generator_settings":{"template":"highway","default_image_id":0,"font":"","enabled":false},"version":2}},"categories":[1,35,76],"tags":[],"class_list":["post-1628","post","type-post","status-publish","format-standard","has-post-thumbnail","hentry","category-https-gazetapernambucana-com-page_id225","category-https-gazetapernambucana-com-page_id218","category-opiniao"],"yoast_head":"<!-- This site is optimized with the Yoast SEO plugin v24.5 - https:\/\/yoast.com\/wordpress\/plugins\/seo\/ -->\n<title>Conversas de 1\/2 minuto (45) -Advogados (II de II) e Jaguar. Por Jos\u00e9 Paulo Cavalcanti Filho -<\/title>\n<meta name=\"robots\" content=\"index, follow, max-snippet:-1, max-image-preview:large, max-video-preview:-1\" \/>\n<link rel=\"canonical\" href=\"https:\/\/gazetapernambucana.com\/?p=1628\" \/>\n<meta property=\"og:locale\" content=\"pt_BR\" \/>\n<meta property=\"og:type\" content=\"article\" \/>\n<meta property=\"og:title\" content=\"Conversas de 1\/2 minuto (45) -Advogados (II de II) e Jaguar. Por Jos\u00e9 Paulo Cavalcanti Filho -\" \/>\n<meta property=\"og:description\" content=\"\u00a0 \u00a0 \u00a0\u00a0Por Jos\u00e9 Paulo Cavalcanti Filho \u00a0\u2013 \u00a0Escritor, poeta, membro das Academias Pernambucana de Letras, Brasileira de Letras e Portuguesa de Letras. \u00c9\u00a0 um dos maiores conhecedores da obra de Fernando Pessoa. Integrou a Comiss\u00e3o da Verdade\u00a0 \u00a0\u2013\u00a0 \u00a0ADVOGADOS (Final).\u00a0Agora,\u00a0o complemento da coluna anterior. Dedicada, em seu m\u00eas, aos advogados, em livro que estou [&hellip;]\" \/>\n<meta property=\"og:url\" content=\"https:\/\/gazetapernambucana.com\/?p=1628\" \/>\n<meta property=\"article:published_time\" content=\"2025-08-31T22:28:00+00:00\" \/>\n<meta property=\"og:image\" content=\"https:\/\/gazetapernambucana.com\/wp-content\/uploads\/2025\/08\/11f77e6d8a8e346bc312bf2719fc2e63-2-300x147-1-2.webp\" \/>\n\t<meta property=\"og:image:width\" content=\"300\" \/>\n\t<meta property=\"og:image:height\" content=\"147\" \/>\n\t<meta property=\"og:image:type\" content=\"image\/webp\" \/>\n<meta name=\"author\" content=\"GP\" \/>\n<meta name=\"twitter:card\" content=\"summary_large_image\" \/>\n<meta name=\"twitter:label1\" content=\"Escrito por\" \/>\n\t<meta name=\"twitter:data1\" content=\"GP\" \/>\n\t<meta name=\"twitter:label2\" content=\"Est. tempo de leitura\" \/>\n\t<meta name=\"twitter:data2\" content=\"8 minutos\" \/>\n<script type=\"application\/ld+json\" class=\"yoast-schema-graph\">{\"@context\":\"https:\/\/schema.org\",\"@graph\":[{\"@type\":\"WebPage\",\"@id\":\"https:\/\/gazetapernambucana.com\/?p=1628\",\"url\":\"https:\/\/gazetapernambucana.com\/?p=1628\",\"name\":\"Conversas de 1\/2 minuto (45) -Advogados (II de II) e Jaguar. Por Jos\u00e9 Paulo Cavalcanti Filho -\",\"isPartOf\":{\"@id\":\"https:\/\/gazetapernambucana.com\/#website\"},\"primaryImageOfPage\":{\"@id\":\"https:\/\/gazetapernambucana.com\/?p=1628#primaryimage\"},\"image\":{\"@id\":\"https:\/\/gazetapernambucana.com\/?p=1628#primaryimage\"},\"thumbnailUrl\":\"https:\/\/gazetapernambucana.com\/wp-content\/uploads\/2025\/08\/11f77e6d8a8e346bc312bf2719fc2e63-2-300x147-1-2.webp\",\"datePublished\":\"2025-08-31T22:28:00+00:00\",\"author\":{\"@id\":\"https:\/\/gazetapernambucana.com\/#\/schema\/person\/188dc283325181ac2de4db1e9e987427\"},\"breadcrumb\":{\"@id\":\"https:\/\/gazetapernambucana.com\/?p=1628#breadcrumb\"},\"inLanguage\":\"pt-BR\",\"potentialAction\":[{\"@type\":\"ReadAction\",\"target\":[\"https:\/\/gazetapernambucana.com\/?p=1628\"]}]},{\"@type\":\"ImageObject\",\"inLanguage\":\"pt-BR\",\"@id\":\"https:\/\/gazetapernambucana.com\/?p=1628#primaryimage\",\"url\":\"https:\/\/gazetapernambucana.com\/wp-content\/uploads\/2025\/08\/11f77e6d8a8e346bc312bf2719fc2e63-2-300x147-1-2.webp\",\"contentUrl\":\"https:\/\/gazetapernambucana.com\/wp-content\/uploads\/2025\/08\/11f77e6d8a8e346bc312bf2719fc2e63-2-300x147-1-2.webp\",\"width\":300,\"height\":147},{\"@type\":\"BreadcrumbList\",\"@id\":\"https:\/\/gazetapernambucana.com\/?p=1628#breadcrumb\",\"itemListElement\":[{\"@type\":\"ListItem\",\"position\":1,\"name\":\"In\u00edcio\",\"item\":\"https:\/\/gazetapernambucana.com\/\"},{\"@type\":\"ListItem\",\"position\":2,\"name\":\"Conversas de 1\/2 minuto (45) -Advogados (II de II) e Jaguar. Por Jos\u00e9 Paulo Cavalcanti Filho\"}]},{\"@type\":\"WebSite\",\"@id\":\"https:\/\/gazetapernambucana.com\/#website\",\"url\":\"https:\/\/gazetapernambucana.com\/\",\"name\":\"\",\"description\":\"\",\"potentialAction\":[{\"@type\":\"SearchAction\",\"target\":{\"@type\":\"EntryPoint\",\"urlTemplate\":\"https:\/\/gazetapernambucana.com\/?s={search_term_string}\"},\"query-input\":{\"@type\":\"PropertyValueSpecification\",\"valueRequired\":true,\"valueName\":\"search_term_string\"}}],\"inLanguage\":\"pt-BR\"},{\"@type\":\"Person\",\"@id\":\"https:\/\/gazetapernambucana.com\/#\/schema\/person\/188dc283325181ac2de4db1e9e987427\",\"name\":\"GP\",\"image\":{\"@type\":\"ImageObject\",\"inLanguage\":\"pt-BR\",\"@id\":\"https:\/\/gazetapernambucana.com\/#\/schema\/person\/image\/\",\"url\":\"https:\/\/secure.gravatar.com\/avatar\/9dad78ff9a2d8b5742d11779f8a3f53b052320c550b2e1907882353c067bb111?s=96&d=mm&r=g\",\"contentUrl\":\"https:\/\/secure.gravatar.com\/avatar\/9dad78ff9a2d8b5742d11779f8a3f53b052320c550b2e1907882353c067bb111?s=96&d=mm&r=g\",\"caption\":\"GP\"},\"sameAs\":[\"http:\/\/gazetapernambucana.com\"],\"url\":\"https:\/\/gazetapernambucana.com\/?author=1\"}]}<\/script>\n<!-- \/ Yoast SEO plugin. -->","yoast_head_json":{"title":"Conversas de 1\/2 minuto (45) -Advogados (II de II) e Jaguar. Por Jos\u00e9 Paulo Cavalcanti Filho -","robots":{"index":"index","follow":"follow","max-snippet":"max-snippet:-1","max-image-preview":"max-image-preview:large","max-video-preview":"max-video-preview:-1"},"canonical":"https:\/\/gazetapernambucana.com\/?p=1628","og_locale":"pt_BR","og_type":"article","og_title":"Conversas de 1\/2 minuto (45) -Advogados (II de II) e Jaguar. Por Jos\u00e9 Paulo Cavalcanti Filho -","og_description":"\u00a0 \u00a0 \u00a0\u00a0Por Jos\u00e9 Paulo Cavalcanti Filho \u00a0\u2013 \u00a0Escritor, poeta, membro das Academias Pernambucana de Letras, Brasileira de Letras e Portuguesa de Letras. \u00c9\u00a0 um dos maiores conhecedores da obra de Fernando Pessoa. Integrou a Comiss\u00e3o da Verdade\u00a0 \u00a0\u2013\u00a0 \u00a0ADVOGADOS (Final).\u00a0Agora,\u00a0o complemento da coluna anterior. Dedicada, em seu m\u00eas, aos advogados, em livro que estou [&hellip;]","og_url":"https:\/\/gazetapernambucana.com\/?p=1628","article_published_time":"2025-08-31T22:28:00+00:00","og_image":[{"width":300,"height":147,"url":"https:\/\/gazetapernambucana.com\/wp-content\/uploads\/2025\/08\/11f77e6d8a8e346bc312bf2719fc2e63-2-300x147-1-2.webp","type":"image\/webp"}],"author":"GP","twitter_card":"summary_large_image","twitter_misc":{"Escrito por":"GP","Est. tempo de leitura":"8 minutos"},"schema":{"@context":"https:\/\/schema.org","@graph":[{"@type":"WebPage","@id":"https:\/\/gazetapernambucana.com\/?p=1628","url":"https:\/\/gazetapernambucana.com\/?p=1628","name":"Conversas de 1\/2 minuto (45) -Advogados (II de II) e Jaguar. Por Jos\u00e9 Paulo Cavalcanti Filho -","isPartOf":{"@id":"https:\/\/gazetapernambucana.com\/#website"},"primaryImageOfPage":{"@id":"https:\/\/gazetapernambucana.com\/?p=1628#primaryimage"},"image":{"@id":"https:\/\/gazetapernambucana.com\/?p=1628#primaryimage"},"thumbnailUrl":"https:\/\/gazetapernambucana.com\/wp-content\/uploads\/2025\/08\/11f77e6d8a8e346bc312bf2719fc2e63-2-300x147-1-2.webp","datePublished":"2025-08-31T22:28:00+00:00","author":{"@id":"https:\/\/gazetapernambucana.com\/#\/schema\/person\/188dc283325181ac2de4db1e9e987427"},"breadcrumb":{"@id":"https:\/\/gazetapernambucana.com\/?p=1628#breadcrumb"},"inLanguage":"pt-BR","potentialAction":[{"@type":"ReadAction","target":["https:\/\/gazetapernambucana.com\/?p=1628"]}]},{"@type":"ImageObject","inLanguage":"pt-BR","@id":"https:\/\/gazetapernambucana.com\/?p=1628#primaryimage","url":"https:\/\/gazetapernambucana.com\/wp-content\/uploads\/2025\/08\/11f77e6d8a8e346bc312bf2719fc2e63-2-300x147-1-2.webp","contentUrl":"https:\/\/gazetapernambucana.com\/wp-content\/uploads\/2025\/08\/11f77e6d8a8e346bc312bf2719fc2e63-2-300x147-1-2.webp","width":300,"height":147},{"@type":"BreadcrumbList","@id":"https:\/\/gazetapernambucana.com\/?p=1628#breadcrumb","itemListElement":[{"@type":"ListItem","position":1,"name":"In\u00edcio","item":"https:\/\/gazetapernambucana.com\/"},{"@type":"ListItem","position":2,"name":"Conversas de 1\/2 minuto (45) -Advogados (II de II) e Jaguar. Por Jos\u00e9 Paulo Cavalcanti Filho"}]},{"@type":"WebSite","@id":"https:\/\/gazetapernambucana.com\/#website","url":"https:\/\/gazetapernambucana.com\/","name":"","description":"","potentialAction":[{"@type":"SearchAction","target":{"@type":"EntryPoint","urlTemplate":"https:\/\/gazetapernambucana.com\/?s={search_term_string}"},"query-input":{"@type":"PropertyValueSpecification","valueRequired":true,"valueName":"search_term_string"}}],"inLanguage":"pt-BR"},{"@type":"Person","@id":"https:\/\/gazetapernambucana.com\/#\/schema\/person\/188dc283325181ac2de4db1e9e987427","name":"GP","image":{"@type":"ImageObject","inLanguage":"pt-BR","@id":"https:\/\/gazetapernambucana.com\/#\/schema\/person\/image\/","url":"https:\/\/secure.gravatar.com\/avatar\/9dad78ff9a2d8b5742d11779f8a3f53b052320c550b2e1907882353c067bb111?s=96&d=mm&r=g","contentUrl":"https:\/\/secure.gravatar.com\/avatar\/9dad78ff9a2d8b5742d11779f8a3f53b052320c550b2e1907882353c067bb111?s=96&d=mm&r=g","caption":"GP"},"sameAs":["http:\/\/gazetapernambucana.com"],"url":"https:\/\/gazetapernambucana.com\/?author=1"}]}},"jetpack_publicize_connections":[],"_links":{"self":[{"href":"https:\/\/gazetapernambucana.com\/index.php?rest_route=\/wp\/v2\/posts\/1628","targetHints":{"allow":["GET"]}}],"collection":[{"href":"https:\/\/gazetapernambucana.com\/index.php?rest_route=\/wp\/v2\/posts"}],"about":[{"href":"https:\/\/gazetapernambucana.com\/index.php?rest_route=\/wp\/v2\/types\/post"}],"author":[{"embeddable":true,"href":"https:\/\/gazetapernambucana.com\/index.php?rest_route=\/wp\/v2\/users\/1"}],"replies":[{"embeddable":true,"href":"https:\/\/gazetapernambucana.com\/index.php?rest_route=%2Fwp%2Fv2%2Fcomments&post=1628"}],"version-history":[{"count":1,"href":"https:\/\/gazetapernambucana.com\/index.php?rest_route=\/wp\/v2\/posts\/1628\/revisions"}],"predecessor-version":[{"id":1629,"href":"https:\/\/gazetapernambucana.com\/index.php?rest_route=\/wp\/v2\/posts\/1628\/revisions\/1629"}],"wp:featuredmedia":[{"embeddable":true,"href":"https:\/\/gazetapernambucana.com\/index.php?rest_route=\/wp\/v2\/media\/1585"}],"wp:attachment":[{"href":"https:\/\/gazetapernambucana.com\/index.php?rest_route=%2Fwp%2Fv2%2Fmedia&parent=1628"}],"wp:term":[{"taxonomy":"category","embeddable":true,"href":"https:\/\/gazetapernambucana.com\/index.php?rest_route=%2Fwp%2Fv2%2Fcategories&post=1628"},{"taxonomy":"post_tag","embeddable":true,"href":"https:\/\/gazetapernambucana.com\/index.php?rest_route=%2Fwp%2Fv2%2Ftags&post=1628"}],"curies":[{"name":"wp","href":"https:\/\/api.w.org\/{rel}","templated":true}]}}