{"id":1626,"date":"2025-08-31T19:05:12","date_gmt":"2025-08-31T22:05:12","guid":{"rendered":"https:\/\/gazetapernambucana.com\/?p=1626"},"modified":"2025-08-31T19:05:12","modified_gmt":"2025-08-31T22:05:12","slug":"ansiedade-e-decisao-por-claudemir-gomes","status":"publish","type":"post","link":"https:\/\/gazetapernambucana.com\/?p=1626","title":{"rendered":"ANSIEDADE E DECIS\u00c3O. Por CLAUDEMIR GOMES"},"content":{"rendered":"<p><strong><img loading=\"lazy\" decoding=\"async\" class=\"alignnone size-full wp-image-174288\" src=\"https:\/\/flaviochaves.com.br\/wp-content\/uploads\/2025\/07\/43163348_124416095196984_1643391599985557504_n-1-1-300x300-1.jpg\" alt=\"\" width=\"300\" height=\"300\" \/>\u00a0 Por CLAUDEMIR GOMES &#8211;\u00a0\u00a0<\/strong>Os amigos costumam dizer que escrevo sobre esportes, mas misturo tudo. Confesso que n\u00e3o me vejo escrevendo. Converso com o computador. Nesse mon\u00f3logo tento repassar, de forma clara, o meu pensamento. Desde que ingressei no jornalismo, como integrante da excelente equipe de esportes do Di\u00e1rio de Pernambuco, comandada pelo mestre Adonias de Moura, aprendi que o futebol \u00e9 uma fonte inesgot\u00e1vel de saber, e de sabedoria.<\/p>\n<p>O futebol mais popular do planeta explica tudo. Nos mostra a vida como ela \u00e9. Basta ficar atento aos detalhes.<\/p>\n<p>Esta semana, ao me deliciar com um texto postado nas redes sociais pelo poeta e amigo, Xico Bizerra &#8211; UM QUASE POETA &#8211; onde ele presta homenagem a alguns gigantes da literatura como Drumont, Bandeira, Neruda, Bardo, Pessoa&#8230;, pincei a frase: &#8220;Tudo a dizer-lhe, nada a falar&#8221;.<\/p>\n<p>As aten\u00e7\u00f5es do futebol pernambucano, no momento, se concentram no confronto do Santa Cruz com o Am\u00e9rica de Natal, hoje a noite, na Arena Pernambuco, primeiro jogo do mata, mata que vai definir o acesso, de um dos dois clubes, para o Brasileiro da S\u00e9rie C, no pr\u00f3ximo ano. A expectativa, emoldurada por grande tens\u00e3o, me induziu a enviar um v\u00eddeo para o amigo, Jos\u00e9 Gustavo, um dos maiores amantes do Santa Cruz que conhe\u00e7o na atualidade. Sua resposta foi surpreendente:<\/p>\n<p>&#8220;T\u00f4 uma pilha desde domingo&#8230; kkk&#8221;.<\/p>\n<p>Jos\u00e9 Gustavo \u00e9 um jornalista com grande conhecimento da hist\u00f3ria do Santa Cruz. J\u00e1 testemunhou, e vivenciou de formas diversas, momentos memor\u00e1veis na trajet\u00f3ria do Clube do Arruda. Chorou de tristeza e se banhou de alegria. Aprendeu que, no futebol o que conta \u00e9 o momento. E todo momento \u00e9 moldado pelas circunst\u00e2ncias. Eis porque Guga est\u00e1 com os nervos \u00e0 flor da pele.<\/p>\n<p>Foi-se o tempo em que, num confronto entre Santa Cruz e Am\u00e9rica\/RN se apostava no Tricolor do Arruda sem medo. Nunes, Ramon, Luciano Velozo, Givanildo, Z\u00e9 do Carmo, Ricardo Rocha, Luiz Neto, Birigui, Marlon, Pedrinho, Jarbas, Betinho&#8230; t\u00eam muito a contar sobre a soberania do Santa nesta queda de bra\u00e7o.<\/p>\n<p>Hoje cedo perguntei a Val &#8211; o taxista &#8211; torcedor do Santa Cruz raiz, que comprou seu ingresso t\u00e3o logo as vendas foram iniciadas: &#8220;Se voc\u00ea fosse fazer a prele\u00e7\u00e3o hoje, na Arena, o que diria aos jogadores?&#8221; O sil\u00eancio foi sua resposta.<\/p>\n<p>&#8220;Tudo a dizer-lhe, nada a falar&#8221;, como poetizou Xico Bizerra.<\/p>\n<p>Em momentos decisivos como este que o Santa Cruz vivencia neste s\u00e1bado, a ansiedade \u00e9 um advers\u00e1rio dif\u00edcil de se transpor. O problema \u00e9 que, apesar de o jogo ser uma decis\u00e3o coletiva, ela atua de forma individual, e cada jogador reage diferente. Uns n\u00e3o dormem direito; outros v\u00e3o v\u00e1rias vezes ao sanit\u00e1rio; outros ficam taciturnos, mas tamb\u00e9m existe o grupo dos que n\u00e3o se abalam.<\/p>\n<p>Os narradores costumam alertar: &#8220;Chegou a hora de separar os homens dos meninos&#8221;. Sabemos que n\u00e3o \u00e9 t\u00e3o simples assim.<\/p>\n<p>Ningu\u00e9m melhor que o mestre Silvio Ferreira, amante que conhece todos os cub\u00edculos dos bastidores do Arruda, para falar sobre essa ansiedade que torna ainda mais t\u00eanue a linha que separa o sucesso do fracasso.<\/p>\n<p>Jogadores e ex-jogadores se referem a ela como: &#8220;Um friozinho na barriga&#8221;.<\/p>\n<p>Meu cunhado, Luciano Macedo, que desde domingo passado anda travestido de tricolor &#8211; bermuda com escudo do Santa Cruz; chinelo com marca do clube; camisa e bon\u00e9 tricolor &#8211; me liga para saber o que acho do jogo.<\/p>\n<p>&#8220;Tudo a dizer-lhe, nada a falar&#8221;.<\/p>\n<p>O futebol \u00e9 arte. Tal qual a poesia.<\/p>\n","protected":false},"excerpt":{"rendered":"<p>\u00a0 Por CLAUDEMIR GOMES &#8211;\u00a0\u00a0Os amigos costumam dizer que escrevo sobre esportes, mas misturo tudo. Confesso que n\u00e3o me vejo escrevendo. Converso com o computador. Nesse mon\u00f3logo tento repassar, de forma clara, o meu pensamento. Desde que ingressei no jornalismo, como integrante da excelente equipe de esportes do Di\u00e1rio de Pernambuco, comandada pelo mestre Adonias [&hellip;]<\/p>\n","protected":false},"author":1,"featured_media":1250,"comment_status":"open","ping_status":"open","sticky":false,"template":"","format":"standard","meta":{"footnotes":"","jetpack_publicize_message":"","jetpack_publicize_feature_enabled":true,"jetpack_social_post_already_shared":true,"jetpack_social_options":{"image_generator_settings":{"template":"highway","default_image_id":0,"font":"","enabled":false},"version":2}},"categories":[1,39],"tags":[],"class_list":["post-1626","post","type-post","status-publish","format-standard","has-post-thumbnail","hentry","category-https-gazetapernambucana-com-page_id225","category-https-gazetapernambucana-com-page_id221"],"yoast_head":"<!-- This site is optimized with the Yoast SEO plugin v24.5 - https:\/\/yoast.com\/wordpress\/plugins\/seo\/ -->\n<title>ANSIEDADE E DECIS\u00c3O. Por CLAUDEMIR GOMES -<\/title>\n<meta name=\"robots\" content=\"index, follow, max-snippet:-1, max-image-preview:large, max-video-preview:-1\" \/>\n<link rel=\"canonical\" href=\"https:\/\/gazetapernambucana.com\/?p=1626\" \/>\n<meta property=\"og:locale\" content=\"pt_BR\" \/>\n<meta property=\"og:type\" content=\"article\" \/>\n<meta property=\"og:title\" content=\"ANSIEDADE E DECIS\u00c3O. Por CLAUDEMIR GOMES -\" \/>\n<meta property=\"og:description\" content=\"\u00a0 Por CLAUDEMIR GOMES &#8211;\u00a0\u00a0Os amigos costumam dizer que escrevo sobre esportes, mas misturo tudo. Confesso que n\u00e3o me vejo escrevendo. Converso com o computador. Nesse mon\u00f3logo tento repassar, de forma clara, o meu pensamento. Desde que ingressei no jornalismo, como integrante da excelente equipe de esportes do Di\u00e1rio de Pernambuco, comandada pelo mestre Adonias [&hellip;]\" \/>\n<meta property=\"og:url\" content=\"https:\/\/gazetapernambucana.com\/?p=1626\" \/>\n<meta property=\"article:published_time\" content=\"2025-08-31T22:05:12+00:00\" \/>\n<meta property=\"og:image\" content=\"https:\/\/gazetapernambucana.com\/wp-content\/uploads\/2025\/07\/43163348_124416095196984_1643391599985557504_n-1-1-300x300-1.jpg\" \/>\n\t<meta property=\"og:image:width\" content=\"300\" \/>\n\t<meta property=\"og:image:height\" content=\"300\" \/>\n\t<meta property=\"og:image:type\" content=\"image\/jpeg\" \/>\n<meta name=\"author\" content=\"GP\" \/>\n<meta name=\"twitter:card\" content=\"summary_large_image\" \/>\n<meta name=\"twitter:label1\" content=\"Escrito por\" \/>\n\t<meta name=\"twitter:data1\" content=\"GP\" \/>\n\t<meta name=\"twitter:label2\" content=\"Est. tempo de leitura\" \/>\n\t<meta name=\"twitter:data2\" content=\"4 minutos\" \/>\n<script type=\"application\/ld+json\" class=\"yoast-schema-graph\">{\"@context\":\"https:\/\/schema.org\",\"@graph\":[{\"@type\":\"WebPage\",\"@id\":\"https:\/\/gazetapernambucana.com\/?p=1626\",\"url\":\"https:\/\/gazetapernambucana.com\/?p=1626\",\"name\":\"ANSIEDADE E DECIS\u00c3O. Por CLAUDEMIR GOMES -\",\"isPartOf\":{\"@id\":\"https:\/\/gazetapernambucana.com\/#website\"},\"primaryImageOfPage\":{\"@id\":\"https:\/\/gazetapernambucana.com\/?p=1626#primaryimage\"},\"image\":{\"@id\":\"https:\/\/gazetapernambucana.com\/?p=1626#primaryimage\"},\"thumbnailUrl\":\"https:\/\/gazetapernambucana.com\/wp-content\/uploads\/2025\/07\/43163348_124416095196984_1643391599985557504_n-1-1-300x300-1.jpg\",\"datePublished\":\"2025-08-31T22:05:12+00:00\",\"author\":{\"@id\":\"https:\/\/gazetapernambucana.com\/#\/schema\/person\/188dc283325181ac2de4db1e9e987427\"},\"breadcrumb\":{\"@id\":\"https:\/\/gazetapernambucana.com\/?p=1626#breadcrumb\"},\"inLanguage\":\"pt-BR\",\"potentialAction\":[{\"@type\":\"ReadAction\",\"target\":[\"https:\/\/gazetapernambucana.com\/?p=1626\"]}]},{\"@type\":\"ImageObject\",\"inLanguage\":\"pt-BR\",\"@id\":\"https:\/\/gazetapernambucana.com\/?p=1626#primaryimage\",\"url\":\"https:\/\/gazetapernambucana.com\/wp-content\/uploads\/2025\/07\/43163348_124416095196984_1643391599985557504_n-1-1-300x300-1.jpg\",\"contentUrl\":\"https:\/\/gazetapernambucana.com\/wp-content\/uploads\/2025\/07\/43163348_124416095196984_1643391599985557504_n-1-1-300x300-1.jpg\",\"width\":300,\"height\":300},{\"@type\":\"BreadcrumbList\",\"@id\":\"https:\/\/gazetapernambucana.com\/?p=1626#breadcrumb\",\"itemListElement\":[{\"@type\":\"ListItem\",\"position\":1,\"name\":\"In\u00edcio\",\"item\":\"https:\/\/gazetapernambucana.com\/\"},{\"@type\":\"ListItem\",\"position\":2,\"name\":\"ANSIEDADE E DECIS\u00c3O. Por CLAUDEMIR GOMES\"}]},{\"@type\":\"WebSite\",\"@id\":\"https:\/\/gazetapernambucana.com\/#website\",\"url\":\"https:\/\/gazetapernambucana.com\/\",\"name\":\"\",\"description\":\"\",\"potentialAction\":[{\"@type\":\"SearchAction\",\"target\":{\"@type\":\"EntryPoint\",\"urlTemplate\":\"https:\/\/gazetapernambucana.com\/?s={search_term_string}\"},\"query-input\":{\"@type\":\"PropertyValueSpecification\",\"valueRequired\":true,\"valueName\":\"search_term_string\"}}],\"inLanguage\":\"pt-BR\"},{\"@type\":\"Person\",\"@id\":\"https:\/\/gazetapernambucana.com\/#\/schema\/person\/188dc283325181ac2de4db1e9e987427\",\"name\":\"GP\",\"image\":{\"@type\":\"ImageObject\",\"inLanguage\":\"pt-BR\",\"@id\":\"https:\/\/gazetapernambucana.com\/#\/schema\/person\/image\/\",\"url\":\"https:\/\/secure.gravatar.com\/avatar\/9dad78ff9a2d8b5742d11779f8a3f53b052320c550b2e1907882353c067bb111?s=96&d=mm&r=g\",\"contentUrl\":\"https:\/\/secure.gravatar.com\/avatar\/9dad78ff9a2d8b5742d11779f8a3f53b052320c550b2e1907882353c067bb111?s=96&d=mm&r=g\",\"caption\":\"GP\"},\"sameAs\":[\"http:\/\/gazetapernambucana.com\"],\"url\":\"https:\/\/gazetapernambucana.com\/?author=1\"}]}<\/script>\n<!-- \/ Yoast SEO plugin. -->","yoast_head_json":{"title":"ANSIEDADE E DECIS\u00c3O. Por CLAUDEMIR GOMES -","robots":{"index":"index","follow":"follow","max-snippet":"max-snippet:-1","max-image-preview":"max-image-preview:large","max-video-preview":"max-video-preview:-1"},"canonical":"https:\/\/gazetapernambucana.com\/?p=1626","og_locale":"pt_BR","og_type":"article","og_title":"ANSIEDADE E DECIS\u00c3O. Por CLAUDEMIR GOMES -","og_description":"\u00a0 Por CLAUDEMIR GOMES &#8211;\u00a0\u00a0Os amigos costumam dizer que escrevo sobre esportes, mas misturo tudo. Confesso que n\u00e3o me vejo escrevendo. Converso com o computador. Nesse mon\u00f3logo tento repassar, de forma clara, o meu pensamento. Desde que ingressei no jornalismo, como integrante da excelente equipe de esportes do Di\u00e1rio de Pernambuco, comandada pelo mestre Adonias [&hellip;]","og_url":"https:\/\/gazetapernambucana.com\/?p=1626","article_published_time":"2025-08-31T22:05:12+00:00","og_image":[{"width":300,"height":300,"url":"https:\/\/gazetapernambucana.com\/wp-content\/uploads\/2025\/07\/43163348_124416095196984_1643391599985557504_n-1-1-300x300-1.jpg","type":"image\/jpeg"}],"author":"GP","twitter_card":"summary_large_image","twitter_misc":{"Escrito por":"GP","Est. tempo de leitura":"4 minutos"},"schema":{"@context":"https:\/\/schema.org","@graph":[{"@type":"WebPage","@id":"https:\/\/gazetapernambucana.com\/?p=1626","url":"https:\/\/gazetapernambucana.com\/?p=1626","name":"ANSIEDADE E DECIS\u00c3O. Por CLAUDEMIR GOMES -","isPartOf":{"@id":"https:\/\/gazetapernambucana.com\/#website"},"primaryImageOfPage":{"@id":"https:\/\/gazetapernambucana.com\/?p=1626#primaryimage"},"image":{"@id":"https:\/\/gazetapernambucana.com\/?p=1626#primaryimage"},"thumbnailUrl":"https:\/\/gazetapernambucana.com\/wp-content\/uploads\/2025\/07\/43163348_124416095196984_1643391599985557504_n-1-1-300x300-1.jpg","datePublished":"2025-08-31T22:05:12+00:00","author":{"@id":"https:\/\/gazetapernambucana.com\/#\/schema\/person\/188dc283325181ac2de4db1e9e987427"},"breadcrumb":{"@id":"https:\/\/gazetapernambucana.com\/?p=1626#breadcrumb"},"inLanguage":"pt-BR","potentialAction":[{"@type":"ReadAction","target":["https:\/\/gazetapernambucana.com\/?p=1626"]}]},{"@type":"ImageObject","inLanguage":"pt-BR","@id":"https:\/\/gazetapernambucana.com\/?p=1626#primaryimage","url":"https:\/\/gazetapernambucana.com\/wp-content\/uploads\/2025\/07\/43163348_124416095196984_1643391599985557504_n-1-1-300x300-1.jpg","contentUrl":"https:\/\/gazetapernambucana.com\/wp-content\/uploads\/2025\/07\/43163348_124416095196984_1643391599985557504_n-1-1-300x300-1.jpg","width":300,"height":300},{"@type":"BreadcrumbList","@id":"https:\/\/gazetapernambucana.com\/?p=1626#breadcrumb","itemListElement":[{"@type":"ListItem","position":1,"name":"In\u00edcio","item":"https:\/\/gazetapernambucana.com\/"},{"@type":"ListItem","position":2,"name":"ANSIEDADE E DECIS\u00c3O. Por CLAUDEMIR GOMES"}]},{"@type":"WebSite","@id":"https:\/\/gazetapernambucana.com\/#website","url":"https:\/\/gazetapernambucana.com\/","name":"","description":"","potentialAction":[{"@type":"SearchAction","target":{"@type":"EntryPoint","urlTemplate":"https:\/\/gazetapernambucana.com\/?s={search_term_string}"},"query-input":{"@type":"PropertyValueSpecification","valueRequired":true,"valueName":"search_term_string"}}],"inLanguage":"pt-BR"},{"@type":"Person","@id":"https:\/\/gazetapernambucana.com\/#\/schema\/person\/188dc283325181ac2de4db1e9e987427","name":"GP","image":{"@type":"ImageObject","inLanguage":"pt-BR","@id":"https:\/\/gazetapernambucana.com\/#\/schema\/person\/image\/","url":"https:\/\/secure.gravatar.com\/avatar\/9dad78ff9a2d8b5742d11779f8a3f53b052320c550b2e1907882353c067bb111?s=96&d=mm&r=g","contentUrl":"https:\/\/secure.gravatar.com\/avatar\/9dad78ff9a2d8b5742d11779f8a3f53b052320c550b2e1907882353c067bb111?s=96&d=mm&r=g","caption":"GP"},"sameAs":["http:\/\/gazetapernambucana.com"],"url":"https:\/\/gazetapernambucana.com\/?author=1"}]}},"jetpack_publicize_connections":[],"_links":{"self":[{"href":"https:\/\/gazetapernambucana.com\/index.php?rest_route=\/wp\/v2\/posts\/1626","targetHints":{"allow":["GET"]}}],"collection":[{"href":"https:\/\/gazetapernambucana.com\/index.php?rest_route=\/wp\/v2\/posts"}],"about":[{"href":"https:\/\/gazetapernambucana.com\/index.php?rest_route=\/wp\/v2\/types\/post"}],"author":[{"embeddable":true,"href":"https:\/\/gazetapernambucana.com\/index.php?rest_route=\/wp\/v2\/users\/1"}],"replies":[{"embeddable":true,"href":"https:\/\/gazetapernambucana.com\/index.php?rest_route=%2Fwp%2Fv2%2Fcomments&post=1626"}],"version-history":[{"count":1,"href":"https:\/\/gazetapernambucana.com\/index.php?rest_route=\/wp\/v2\/posts\/1626\/revisions"}],"predecessor-version":[{"id":1627,"href":"https:\/\/gazetapernambucana.com\/index.php?rest_route=\/wp\/v2\/posts\/1626\/revisions\/1627"}],"wp:featuredmedia":[{"embeddable":true,"href":"https:\/\/gazetapernambucana.com\/index.php?rest_route=\/wp\/v2\/media\/1250"}],"wp:attachment":[{"href":"https:\/\/gazetapernambucana.com\/index.php?rest_route=%2Fwp%2Fv2%2Fmedia&parent=1626"}],"wp:term":[{"taxonomy":"category","embeddable":true,"href":"https:\/\/gazetapernambucana.com\/index.php?rest_route=%2Fwp%2Fv2%2Fcategories&post=1626"},{"taxonomy":"post_tag","embeddable":true,"href":"https:\/\/gazetapernambucana.com\/index.php?rest_route=%2Fwp%2Fv2%2Ftags&post=1626"}],"curies":[{"name":"wp","href":"https:\/\/api.w.org\/{rel}","templated":true}]}}