{"id":1622,"date":"2025-08-28T12:50:29","date_gmt":"2025-08-28T15:50:29","guid":{"rendered":"https:\/\/gazetapernambucana.com\/?p=1622"},"modified":"2025-08-28T12:50:29","modified_gmt":"2025-08-28T15:50:29","slug":"thais-fraga-celebra-32-anos-de-carreira-com-show-especial-no-rio-de-janeiro","status":"publish","type":"post","link":"https:\/\/gazetapernambucana.com\/?p=1622","title":{"rendered":"Tha\u00eds Fraga celebra 32 anos de carreira com show especial no Rio de Janeiro"},"content":{"rendered":"<p data-start=\"277\" data-end=\"736\"><img loading=\"lazy\" decoding=\"async\" class=\"alignnone size-medium wp-image-1623\" src=\"http:\/\/gazetapernambucana.com\/wp-content\/uploads\/2025\/08\/537000936_10161946287036485_8194604853980069789_n-169x300.jpg\" alt=\"\" width=\"169\" height=\"300\" srcset=\"https:\/\/gazetapernambucana.com\/wp-content\/uploads\/2025\/08\/537000936_10161946287036485_8194604853980069789_n-169x300.jpg 169w, https:\/\/gazetapernambucana.com\/wp-content\/uploads\/2025\/08\/537000936_10161946287036485_8194604853980069789_n-576x1024.jpg 576w, https:\/\/gazetapernambucana.com\/wp-content\/uploads\/2025\/08\/537000936_10161946287036485_8194604853980069789_n-768x1366.jpg 768w, https:\/\/gazetapernambucana.com\/wp-content\/uploads\/2025\/08\/537000936_10161946287036485_8194604853980069789_n-864x1536.jpg 864w, https:\/\/gazetapernambucana.com\/wp-content\/uploads\/2025\/08\/537000936_10161946287036485_8194604853980069789_n.jpg 899w\" sizes=\"auto, (max-width: 169px) 100vw, 169px\" \/>\u00a0 \u00a0 \u00a0 \u00a0 A cena musical carioca ganhar\u00e1 um brilho especial no dia 06 de setembro de 2025, quando a cantora Tha\u00eds Fraga sobe ao palco do rec\u00e9m-inaugurado La Vin\u00edcula Tijuca, no bairro do Maracan\u00e3, para apresentar o espet\u00e1culo \u201cBossa \u2019n Jazz\u201d. O evento, marcado para \u00e0s 19h, promete uma noite de sofistica\u00e7\u00e3o, m\u00fasica de alta qualidade e celebra\u00e7\u00e3o da trajet\u00f3ria de uma artista que h\u00e1 mais de tr\u00eas d\u00e9cadas encanta plateias com sua voz inconfund\u00edvel e presen\u00e7a marcante.<\/p>\n<p data-start=\"738\" data-end=\"1232\">Com 32 anos de carreira e 27 anos de parceria com os mesmos m\u00fasicos, Tha\u00eds Fraga construiu uma identidade art\u00edstica s\u00f3lida, reverenciada tanto pelo p\u00fablico quanto pela cr\u00edtica especializada. Ao lado de Ricardo Mac Cord, no teclado, Rodrigo Villa, no baixo, e Victor Bertrami, na bateria, a cantora oferece um repert\u00f3rio refinado que passeia pelo brazilian jazz, samba-jazz, bossa nova e jazz internacional, sempre com o swing e a personalidade que s\u00e3o marcas registradas de sua interpreta\u00e7\u00e3o.<\/p>\n<p data-start=\"1234\" data-end=\"1734\">O show n\u00e3o ser\u00e1 apenas uma celebra\u00e7\u00e3o musical. Tha\u00eds Fraga tamb\u00e9m levar\u00e1 ao palco sua faceta liter\u00e1ria, apresentando trechos de seu livro de poesias \u201cMeu Cora\u00e7\u00e3o, Minhas Algemas\u201d, obra que conquistou leitores exigentes e vem recebendo ampla aprova\u00e7\u00e3o da cr\u00edtica liter\u00e1ria. Al\u00e9m disso, a artista recitar\u00e1 quatro poemas in\u00e9ditos, publicados em antologias po\u00e9ticas em Lisboa, celebrando sua liga\u00e7\u00e3o com Portugal, pa\u00eds de sua nacionalidade, sem deixar de afirmar-se como uma verdadeira carioca da gema.<\/p>\n<p data-start=\"1736\" data-end=\"2125\">O espa\u00e7o escolhido para a apresenta\u00e7\u00e3o, o La Vin\u00edcula Tijuca, rapidamente se tornou refer\u00eancia no Rio por sua sofisticada carta de vinhos, requinte no atendimento e ambiente acolhedor. A proposta do local, que combina m\u00fasica de qualidade e experi\u00eancias enogastron\u00f4micas, encontra em Tha\u00eds Fraga a int\u00e9rprete ideal para inaugurar essa fase de encontros inesquec\u00edveis entre p\u00fablico e arte.<\/p>\n<p data-start=\"2127\" data-end=\"2461\">O show \u201cBossa \u2019n Jazz\u201d acontece no dia 06 de setembro de 2025, \u00e0s 19h, no La Vin\u00edcula Tijuca, localizado na Rua Mariz e Barros, 685, no Maracan\u00e3, Rio de Janeiro. Os ingressos est\u00e3o dispon\u00edveis antecipadamente pelo Sympla, ao pre\u00e7o de R$ 35, e no local por R$ 50. A curadoria \u00e9 assinada por PC Jazz e a produ\u00e7\u00e3o por Luciana Moisakis.<\/p>\n<p data-start=\"2463\" data-end=\"2804\">Com sua voz calorosa, a energia contagiante do quarteto e a atmosfera envolvente de um espa\u00e7o dedicado \u00e0 sofistica\u00e7\u00e3o, Tha\u00eds Fraga promete oferecer ao p\u00fablico uma experi\u00eancia \u00fanica. Ser\u00e1 uma noite para lavar a alma, brindar \u00e0 m\u00fasica de qualidade e celebrar a longevidade art\u00edstica de uma das grandes int\u00e9rpretes da cena musical brasileira.<\/p>\n<div style=\"width: 640px;\" class=\"wp-video\"><video class=\"wp-video-shortcode\" id=\"video-1622-1\" width=\"640\" height=\"1138\" preload=\"metadata\" controls=\"controls\"><source type=\"video\/mp4\" src=\"http:\/\/gazetapernambucana.com\/wp-content\/uploads\/2025\/08\/SnapInsta.to_AQNUvI6pYuTao9LmJkzK92Ce7h9mIMiCzUvKutCPUAOGGSD1mmXqQJaLKo0LIpETcm8UkdI-qbiR_prmYCDhB9GpnTZgQFK-Aj0wLCw.mp4?_=1\" \/><a href=\"http:\/\/gazetapernambucana.com\/wp-content\/uploads\/2025\/08\/SnapInsta.to_AQNUvI6pYuTao9LmJkzK92Ce7h9mIMiCzUvKutCPUAOGGSD1mmXqQJaLKo0LIpETcm8UkdI-qbiR_prmYCDhB9GpnTZgQFK-Aj0wLCw.mp4\">http:\/\/gazetapernambucana.com\/wp-content\/uploads\/2025\/08\/SnapInsta.to_AQNUvI6pYuTao9LmJkzK92Ce7h9mIMiCzUvKutCPUAOGGSD1mmXqQJaLKo0LIpETcm8UkdI-qbiR_prmYCDhB9GpnTZgQFK-Aj0wLCw.mp4<\/a><\/video><\/div>\n","protected":false},"excerpt":{"rendered":"<p>\u00a0 \u00a0 \u00a0 \u00a0 A cena musical carioca ganhar\u00e1 um brilho especial no dia 06 de setembro de 2025, quando a cantora Tha\u00eds Fraga sobe ao palco do rec\u00e9m-inaugurado La Vin\u00edcula Tijuca, no bairro do Maracan\u00e3, para apresentar o espet\u00e1culo \u201cBossa \u2019n Jazz\u201d. O evento, marcado para \u00e0s 19h, promete uma noite de sofistica\u00e7\u00e3o, m\u00fasica [&hellip;]<\/p>\n","protected":false},"author":1,"featured_media":1623,"comment_status":"open","ping_status":"open","sticky":false,"template":"","format":"standard","meta":{"footnotes":"","jetpack_publicize_message":"","jetpack_publicize_feature_enabled":true,"jetpack_social_post_already_shared":true,"jetpack_social_options":{"image_generator_settings":{"template":"highway","default_image_id":0,"font":"","enabled":false},"version":2}},"categories":[1,35,46],"tags":[],"class_list":["post-1622","post","type-post","status-publish","format-standard","has-post-thumbnail","hentry","category-https-gazetapernambucana-com-page_id225","category-https-gazetapernambucana-com-page_id218","category-literatura"],"yoast_head":"<!-- This site is optimized with the Yoast SEO plugin v24.5 - https:\/\/yoast.com\/wordpress\/plugins\/seo\/ -->\n<title>Tha\u00eds Fraga celebra 32 anos de carreira com show especial no Rio de Janeiro -<\/title>\n<meta name=\"robots\" content=\"index, follow, max-snippet:-1, max-image-preview:large, max-video-preview:-1\" \/>\n<link rel=\"canonical\" href=\"https:\/\/gazetapernambucana.com\/?p=1622\" \/>\n<meta property=\"og:locale\" content=\"pt_BR\" \/>\n<meta property=\"og:type\" content=\"article\" \/>\n<meta property=\"og:title\" content=\"Tha\u00eds Fraga celebra 32 anos de carreira com show especial no Rio de Janeiro -\" \/>\n<meta property=\"og:description\" content=\"\u00a0 \u00a0 \u00a0 \u00a0 A cena musical carioca ganhar\u00e1 um brilho especial no dia 06 de setembro de 2025, quando a cantora Tha\u00eds Fraga sobe ao palco do rec\u00e9m-inaugurado La Vin\u00edcula Tijuca, no bairro do Maracan\u00e3, para apresentar o espet\u00e1culo \u201cBossa \u2019n Jazz\u201d. O evento, marcado para \u00e0s 19h, promete uma noite de sofistica\u00e7\u00e3o, m\u00fasica [&hellip;]\" \/>\n<meta property=\"og:url\" content=\"https:\/\/gazetapernambucana.com\/?p=1622\" \/>\n<meta property=\"article:published_time\" content=\"2025-08-28T15:50:29+00:00\" \/>\n<meta property=\"og:image\" content=\"https:\/\/gazetapernambucana.com\/wp-content\/uploads\/2025\/08\/537000936_10161946287036485_8194604853980069789_n.jpg\" \/>\n\t<meta property=\"og:image:width\" content=\"899\" \/>\n\t<meta property=\"og:image:height\" content=\"1599\" \/>\n\t<meta property=\"og:image:type\" content=\"image\/jpeg\" \/>\n<meta name=\"author\" content=\"GP\" \/>\n<meta name=\"twitter:card\" content=\"summary_large_image\" \/>\n<meta name=\"twitter:label1\" content=\"Escrito por\" \/>\n\t<meta name=\"twitter:data1\" content=\"GP\" \/>\n\t<meta name=\"twitter:label2\" content=\"Est. tempo de leitura\" \/>\n\t<meta name=\"twitter:data2\" content=\"3 minutos\" \/>\n<script type=\"application\/ld+json\" class=\"yoast-schema-graph\">{\"@context\":\"https:\/\/schema.org\",\"@graph\":[{\"@type\":\"WebPage\",\"@id\":\"https:\/\/gazetapernambucana.com\/?p=1622\",\"url\":\"https:\/\/gazetapernambucana.com\/?p=1622\",\"name\":\"Tha\u00eds Fraga celebra 32 anos de carreira com show especial no Rio de Janeiro -\",\"isPartOf\":{\"@id\":\"https:\/\/gazetapernambucana.com\/#website\"},\"primaryImageOfPage\":{\"@id\":\"https:\/\/gazetapernambucana.com\/?p=1622#primaryimage\"},\"image\":{\"@id\":\"https:\/\/gazetapernambucana.com\/?p=1622#primaryimage\"},\"thumbnailUrl\":\"https:\/\/gazetapernambucana.com\/wp-content\/uploads\/2025\/08\/537000936_10161946287036485_8194604853980069789_n.jpg\",\"datePublished\":\"2025-08-28T15:50:29+00:00\",\"author\":{\"@id\":\"https:\/\/gazetapernambucana.com\/#\/schema\/person\/188dc283325181ac2de4db1e9e987427\"},\"breadcrumb\":{\"@id\":\"https:\/\/gazetapernambucana.com\/?p=1622#breadcrumb\"},\"inLanguage\":\"pt-BR\",\"potentialAction\":[{\"@type\":\"ReadAction\",\"target\":[\"https:\/\/gazetapernambucana.com\/?p=1622\"]}]},{\"@type\":\"ImageObject\",\"inLanguage\":\"pt-BR\",\"@id\":\"https:\/\/gazetapernambucana.com\/?p=1622#primaryimage\",\"url\":\"https:\/\/gazetapernambucana.com\/wp-content\/uploads\/2025\/08\/537000936_10161946287036485_8194604853980069789_n.jpg\",\"contentUrl\":\"https:\/\/gazetapernambucana.com\/wp-content\/uploads\/2025\/08\/537000936_10161946287036485_8194604853980069789_n.jpg\",\"width\":899,\"height\":1599},{\"@type\":\"BreadcrumbList\",\"@id\":\"https:\/\/gazetapernambucana.com\/?p=1622#breadcrumb\",\"itemListElement\":[{\"@type\":\"ListItem\",\"position\":1,\"name\":\"In\u00edcio\",\"item\":\"https:\/\/gazetapernambucana.com\/\"},{\"@type\":\"ListItem\",\"position\":2,\"name\":\"Tha\u00eds Fraga celebra 32 anos de carreira com show especial no Rio de Janeiro\"}]},{\"@type\":\"WebSite\",\"@id\":\"https:\/\/gazetapernambucana.com\/#website\",\"url\":\"https:\/\/gazetapernambucana.com\/\",\"name\":\"\",\"description\":\"\",\"potentialAction\":[{\"@type\":\"SearchAction\",\"target\":{\"@type\":\"EntryPoint\",\"urlTemplate\":\"https:\/\/gazetapernambucana.com\/?s={search_term_string}\"},\"query-input\":{\"@type\":\"PropertyValueSpecification\",\"valueRequired\":true,\"valueName\":\"search_term_string\"}}],\"inLanguage\":\"pt-BR\"},{\"@type\":\"Person\",\"@id\":\"https:\/\/gazetapernambucana.com\/#\/schema\/person\/188dc283325181ac2de4db1e9e987427\",\"name\":\"GP\",\"image\":{\"@type\":\"ImageObject\",\"inLanguage\":\"pt-BR\",\"@id\":\"https:\/\/gazetapernambucana.com\/#\/schema\/person\/image\/\",\"url\":\"https:\/\/secure.gravatar.com\/avatar\/9dad78ff9a2d8b5742d11779f8a3f53b052320c550b2e1907882353c067bb111?s=96&d=mm&r=g\",\"contentUrl\":\"https:\/\/secure.gravatar.com\/avatar\/9dad78ff9a2d8b5742d11779f8a3f53b052320c550b2e1907882353c067bb111?s=96&d=mm&r=g\",\"caption\":\"GP\"},\"sameAs\":[\"http:\/\/gazetapernambucana.com\"],\"url\":\"https:\/\/gazetapernambucana.com\/?author=1\"}]}<\/script>\n<!-- \/ Yoast SEO plugin. -->","yoast_head_json":{"title":"Tha\u00eds Fraga celebra 32 anos de carreira com show especial no Rio de Janeiro -","robots":{"index":"index","follow":"follow","max-snippet":"max-snippet:-1","max-image-preview":"max-image-preview:large","max-video-preview":"max-video-preview:-1"},"canonical":"https:\/\/gazetapernambucana.com\/?p=1622","og_locale":"pt_BR","og_type":"article","og_title":"Tha\u00eds Fraga celebra 32 anos de carreira com show especial no Rio de Janeiro -","og_description":"\u00a0 \u00a0 \u00a0 \u00a0 A cena musical carioca ganhar\u00e1 um brilho especial no dia 06 de setembro de 2025, quando a cantora Tha\u00eds Fraga sobe ao palco do rec\u00e9m-inaugurado La Vin\u00edcula Tijuca, no bairro do Maracan\u00e3, para apresentar o espet\u00e1culo \u201cBossa \u2019n Jazz\u201d. O evento, marcado para \u00e0s 19h, promete uma noite de sofistica\u00e7\u00e3o, m\u00fasica [&hellip;]","og_url":"https:\/\/gazetapernambucana.com\/?p=1622","article_published_time":"2025-08-28T15:50:29+00:00","og_image":[{"width":899,"height":1599,"url":"https:\/\/gazetapernambucana.com\/wp-content\/uploads\/2025\/08\/537000936_10161946287036485_8194604853980069789_n.jpg","type":"image\/jpeg"}],"author":"GP","twitter_card":"summary_large_image","twitter_misc":{"Escrito por":"GP","Est. tempo de leitura":"3 minutos"},"schema":{"@context":"https:\/\/schema.org","@graph":[{"@type":"WebPage","@id":"https:\/\/gazetapernambucana.com\/?p=1622","url":"https:\/\/gazetapernambucana.com\/?p=1622","name":"Tha\u00eds Fraga celebra 32 anos de carreira com show especial no Rio de Janeiro -","isPartOf":{"@id":"https:\/\/gazetapernambucana.com\/#website"},"primaryImageOfPage":{"@id":"https:\/\/gazetapernambucana.com\/?p=1622#primaryimage"},"image":{"@id":"https:\/\/gazetapernambucana.com\/?p=1622#primaryimage"},"thumbnailUrl":"https:\/\/gazetapernambucana.com\/wp-content\/uploads\/2025\/08\/537000936_10161946287036485_8194604853980069789_n.jpg","datePublished":"2025-08-28T15:50:29+00:00","author":{"@id":"https:\/\/gazetapernambucana.com\/#\/schema\/person\/188dc283325181ac2de4db1e9e987427"},"breadcrumb":{"@id":"https:\/\/gazetapernambucana.com\/?p=1622#breadcrumb"},"inLanguage":"pt-BR","potentialAction":[{"@type":"ReadAction","target":["https:\/\/gazetapernambucana.com\/?p=1622"]}]},{"@type":"ImageObject","inLanguage":"pt-BR","@id":"https:\/\/gazetapernambucana.com\/?p=1622#primaryimage","url":"https:\/\/gazetapernambucana.com\/wp-content\/uploads\/2025\/08\/537000936_10161946287036485_8194604853980069789_n.jpg","contentUrl":"https:\/\/gazetapernambucana.com\/wp-content\/uploads\/2025\/08\/537000936_10161946287036485_8194604853980069789_n.jpg","width":899,"height":1599},{"@type":"BreadcrumbList","@id":"https:\/\/gazetapernambucana.com\/?p=1622#breadcrumb","itemListElement":[{"@type":"ListItem","position":1,"name":"In\u00edcio","item":"https:\/\/gazetapernambucana.com\/"},{"@type":"ListItem","position":2,"name":"Tha\u00eds Fraga celebra 32 anos de carreira com show especial no Rio de Janeiro"}]},{"@type":"WebSite","@id":"https:\/\/gazetapernambucana.com\/#website","url":"https:\/\/gazetapernambucana.com\/","name":"","description":"","potentialAction":[{"@type":"SearchAction","target":{"@type":"EntryPoint","urlTemplate":"https:\/\/gazetapernambucana.com\/?s={search_term_string}"},"query-input":{"@type":"PropertyValueSpecification","valueRequired":true,"valueName":"search_term_string"}}],"inLanguage":"pt-BR"},{"@type":"Person","@id":"https:\/\/gazetapernambucana.com\/#\/schema\/person\/188dc283325181ac2de4db1e9e987427","name":"GP","image":{"@type":"ImageObject","inLanguage":"pt-BR","@id":"https:\/\/gazetapernambucana.com\/#\/schema\/person\/image\/","url":"https:\/\/secure.gravatar.com\/avatar\/9dad78ff9a2d8b5742d11779f8a3f53b052320c550b2e1907882353c067bb111?s=96&d=mm&r=g","contentUrl":"https:\/\/secure.gravatar.com\/avatar\/9dad78ff9a2d8b5742d11779f8a3f53b052320c550b2e1907882353c067bb111?s=96&d=mm&r=g","caption":"GP"},"sameAs":["http:\/\/gazetapernambucana.com"],"url":"https:\/\/gazetapernambucana.com\/?author=1"}]}},"jetpack_publicize_connections":[],"_links":{"self":[{"href":"https:\/\/gazetapernambucana.com\/index.php?rest_route=\/wp\/v2\/posts\/1622","targetHints":{"allow":["GET"]}}],"collection":[{"href":"https:\/\/gazetapernambucana.com\/index.php?rest_route=\/wp\/v2\/posts"}],"about":[{"href":"https:\/\/gazetapernambucana.com\/index.php?rest_route=\/wp\/v2\/types\/post"}],"author":[{"embeddable":true,"href":"https:\/\/gazetapernambucana.com\/index.php?rest_route=\/wp\/v2\/users\/1"}],"replies":[{"embeddable":true,"href":"https:\/\/gazetapernambucana.com\/index.php?rest_route=%2Fwp%2Fv2%2Fcomments&post=1622"}],"version-history":[{"count":1,"href":"https:\/\/gazetapernambucana.com\/index.php?rest_route=\/wp\/v2\/posts\/1622\/revisions"}],"predecessor-version":[{"id":1625,"href":"https:\/\/gazetapernambucana.com\/index.php?rest_route=\/wp\/v2\/posts\/1622\/revisions\/1625"}],"wp:featuredmedia":[{"embeddable":true,"href":"https:\/\/gazetapernambucana.com\/index.php?rest_route=\/wp\/v2\/media\/1623"}],"wp:attachment":[{"href":"https:\/\/gazetapernambucana.com\/index.php?rest_route=%2Fwp%2Fv2%2Fmedia&parent=1622"}],"wp:term":[{"taxonomy":"category","embeddable":true,"href":"https:\/\/gazetapernambucana.com\/index.php?rest_route=%2Fwp%2Fv2%2Fcategories&post=1622"},{"taxonomy":"post_tag","embeddable":true,"href":"https:\/\/gazetapernambucana.com\/index.php?rest_route=%2Fwp%2Fv2%2Ftags&post=1622"}],"curies":[{"name":"wp","href":"https:\/\/api.w.org\/{rel}","templated":true}]}}