{"id":1615,"date":"2025-08-27T21:41:37","date_gmt":"2025-08-28T00:41:37","guid":{"rendered":"https:\/\/gazetapernambucana.com\/?p=1615"},"modified":"2025-08-27T21:41:37","modified_gmt":"2025-08-28T00:41:37","slug":"ccj-aprova-fim-de-fianca-para-crimes-relacionados-a-pedofilia","status":"publish","type":"post","link":"https:\/\/gazetapernambucana.com\/?p=1615","title":{"rendered":"CCJ aprova fim de fian\u00e7a para crimes relacionados \u00e0 pedofilia"},"content":{"rendered":"<p><img loading=\"lazy\" decoding=\"async\" class=\"alignnone size-full wp-image-1616\" src=\"http:\/\/gazetapernambucana.com\/wp-content\/uploads\/2025\/08\/images-5.jpeg\" alt=\"\" width=\"201\" height=\"251\" \/>\u00a0 \u00a0 A Comiss\u00e3o de Constitui\u00e7\u00e3o e Justi\u00e7a (CCJ) aprovou nesta quarta-feira (27) um projeto de lei que acaba com a fian\u00e7a para crimes relacionados \u00e0 pedofilia. A mat\u00e9ria segue para a C\u00e2mara dos Deputados (a n\u00e3o ser que haja recurso para vota\u00e7\u00e3o no Plen\u00e1rio do Senado).<\/p>\n<p>Esse projeto (PL 5.490\/2023) foi proposto pelo senador Carlos Viana (Podemos-MG) e recebeu parecer favor\u00e1vel do senador Marcio Bittar (PL-AC).\u00a0A proposta altera o C\u00f3digo de Processo Penal e o Estatuto da Crian\u00e7a e do Adolescente.<\/p>\n<p>De acordo com o texto, a fian\u00e7a n\u00e3o ser\u00e1 poss\u00edvel para os seguintes crimes (que est\u00e3o previstos no C\u00f3digo Penal):<\/p>\n<ul>\n<li>corrup\u00e7\u00e3o de menores;<\/li>\n<li>satisfa\u00e7\u00e3o de lasc\u00edvia mediante presen\u00e7a de crian\u00e7a ou adolescente;<\/li>\n<li>favorecimento da prostitui\u00e7\u00e3o ou de outra forma de explora\u00e7\u00e3o sexual de crian\u00e7a, adolescente ou vulner\u00e1vel; e<\/li>\n<li>divulga\u00e7\u00e3o de cena de estupro cometido contra vulner\u00e1vel.<\/li>\n<\/ul>\n<p>Al\u00e9m disso, a fian\u00e7a tamb\u00e9m fica proibida para seis crimes previstos no Estatuto da Crian\u00e7a e do Adolescente:<\/p>\n<ul>\n<li>produzir, reproduzir, dirigir, fotografar, filmar ou registrar cena de sexo expl\u00edcito ou pornogr\u00e1fica envolvendo crian\u00e7a ou adolescente;<\/li>\n<li>vender ou expor \u00e0 venda fotografia, v\u00eddeo ou outro registro que contenha cena de sexo expl\u00edcito ou pornogr\u00e1fica envolvendo crian\u00e7a ou adolescente;<\/li>\n<li>oferecer, trocar, disponibilizar, transmitir, distribuir, publicar ou divulgar v\u00eddeo ou outro registro que contenha cena de sexo expl\u00edcito ou pornogr\u00e1fica envolvendo crian\u00e7a ou adolescente;<\/li>\n<li>adquirir, possuir ou armazenar fotografia, v\u00eddeo ou outra forma de registro que contenha cena de sexo expl\u00edcito ou pornogr\u00e1fica envolvendo crian\u00e7a ou adolescente;<\/li>\n<li>simular a participa\u00e7\u00e3o de crian\u00e7a ou adolescente em cena de sexo expl\u00edcito ou pornogr\u00e1fica por meio de adultera\u00e7\u00e3o, montagem ou modifica\u00e7\u00e3o de fotografia, v\u00eddeo ou qualquer outra forma de representa\u00e7\u00e3o visual; e<\/li>\n<li>aliciar, assediar, instigar ou constranger, por qualquer meio de comunica\u00e7\u00e3o, crian\u00e7a com o fim de com ela praticar ato libidinoso.<\/li>\n<\/ul>\n<p>Para o senador Marcio Bittar, a aprova\u00e7\u00e3o da mat\u00e9ria \u201c\u00e9 oportuna, relevante e urgente\u201d.<\/p>\n<p>\u2014 \u00c9 dever do Estado assegurar \u00e0 crian\u00e7a, ao adolescente e ao jovem, com absoluta prioridade, o direito \u00e0 vida, \u00e0 sa\u00fade, \u00e0 dignidade e ao respeito, al\u00e9m de coloc\u00e1-los a salvo de toda forma de explora\u00e7\u00e3o ou viol\u00eancia. O abuso ou a explora\u00e7\u00e3o sexual de crian\u00e7as, adolescentes ou vulner\u00e1veis \u00e9 um crime covarde, cometido contra quem n\u00e3o possui o necess\u00e1rio discernimento para a pr\u00e1tica do ato sexual e que, portanto, n\u00e3o pode oferecer resist\u00eancia \u2014 argumentou.<\/p>\n<p>Fonte: Ag\u00eancia Senado<\/p>\n","protected":false},"excerpt":{"rendered":"<p>\u00a0 \u00a0 A Comiss\u00e3o de Constitui\u00e7\u00e3o e Justi\u00e7a (CCJ) aprovou nesta quarta-feira (27) um projeto de lei que acaba com a fian\u00e7a para crimes relacionados \u00e0 pedofilia. A mat\u00e9ria segue para a C\u00e2mara dos Deputados (a n\u00e3o ser que haja recurso para vota\u00e7\u00e3o no Plen\u00e1rio do Senado). Esse projeto (PL 5.490\/2023) foi proposto pelo senador [&hellip;]<\/p>\n","protected":false},"author":1,"featured_media":1616,"comment_status":"open","ping_status":"open","sticky":false,"template":"","format":"standard","meta":{"footnotes":"","jetpack_publicize_message":"","jetpack_publicize_feature_enabled":true,"jetpack_social_post_already_shared":true,"jetpack_social_options":{"image_generator_settings":{"template":"highway","default_image_id":0,"font":"","enabled":false},"version":2}},"categories":[37,1],"tags":[],"class_list":["post-1615","post","type-post","status-publish","format-standard","has-post-thumbnail","hentry","category-https-gazetapernambucana-com-page_id212","category-https-gazetapernambucana-com-page_id225"],"yoast_head":"<!-- This site is optimized with the Yoast SEO plugin v24.5 - https:\/\/yoast.com\/wordpress\/plugins\/seo\/ -->\n<title>CCJ aprova fim de fian\u00e7a para crimes relacionados \u00e0 pedofilia -<\/title>\n<meta name=\"robots\" content=\"index, follow, max-snippet:-1, max-image-preview:large, max-video-preview:-1\" \/>\n<link rel=\"canonical\" href=\"https:\/\/gazetapernambucana.com\/?p=1615\" \/>\n<meta property=\"og:locale\" content=\"pt_BR\" \/>\n<meta property=\"og:type\" content=\"article\" \/>\n<meta property=\"og:title\" content=\"CCJ aprova fim de fian\u00e7a para crimes relacionados \u00e0 pedofilia -\" \/>\n<meta property=\"og:description\" content=\"\u00a0 \u00a0 A Comiss\u00e3o de Constitui\u00e7\u00e3o e Justi\u00e7a (CCJ) aprovou nesta quarta-feira (27) um projeto de lei que acaba com a fian\u00e7a para crimes relacionados \u00e0 pedofilia. A mat\u00e9ria segue para a C\u00e2mara dos Deputados (a n\u00e3o ser que haja recurso para vota\u00e7\u00e3o no Plen\u00e1rio do Senado). Esse projeto (PL 5.490\/2023) foi proposto pelo senador [&hellip;]\" \/>\n<meta property=\"og:url\" content=\"https:\/\/gazetapernambucana.com\/?p=1615\" \/>\n<meta property=\"article:published_time\" content=\"2025-08-28T00:41:37+00:00\" \/>\n<meta property=\"og:image\" content=\"https:\/\/gazetapernambucana.com\/wp-content\/uploads\/2025\/08\/images-5.jpeg\" \/>\n\t<meta property=\"og:image:width\" content=\"201\" \/>\n\t<meta property=\"og:image:height\" content=\"251\" \/>\n\t<meta property=\"og:image:type\" content=\"image\/jpeg\" \/>\n<meta name=\"author\" content=\"GP\" \/>\n<meta name=\"twitter:card\" content=\"summary_large_image\" \/>\n<meta name=\"twitter:label1\" content=\"Escrito por\" \/>\n\t<meta name=\"twitter:data1\" content=\"GP\" \/>\n\t<meta name=\"twitter:label2\" content=\"Est. tempo de leitura\" \/>\n\t<meta name=\"twitter:data2\" content=\"3 minutos\" \/>\n<script type=\"application\/ld+json\" class=\"yoast-schema-graph\">{\"@context\":\"https:\/\/schema.org\",\"@graph\":[{\"@type\":\"WebPage\",\"@id\":\"https:\/\/gazetapernambucana.com\/?p=1615\",\"url\":\"https:\/\/gazetapernambucana.com\/?p=1615\",\"name\":\"CCJ aprova fim de fian\u00e7a para crimes relacionados \u00e0 pedofilia -\",\"isPartOf\":{\"@id\":\"https:\/\/gazetapernambucana.com\/#website\"},\"primaryImageOfPage\":{\"@id\":\"https:\/\/gazetapernambucana.com\/?p=1615#primaryimage\"},\"image\":{\"@id\":\"https:\/\/gazetapernambucana.com\/?p=1615#primaryimage\"},\"thumbnailUrl\":\"https:\/\/gazetapernambucana.com\/wp-content\/uploads\/2025\/08\/images-5.jpeg\",\"datePublished\":\"2025-08-28T00:41:37+00:00\",\"author\":{\"@id\":\"https:\/\/gazetapernambucana.com\/#\/schema\/person\/188dc283325181ac2de4db1e9e987427\"},\"breadcrumb\":{\"@id\":\"https:\/\/gazetapernambucana.com\/?p=1615#breadcrumb\"},\"inLanguage\":\"pt-BR\",\"potentialAction\":[{\"@type\":\"ReadAction\",\"target\":[\"https:\/\/gazetapernambucana.com\/?p=1615\"]}]},{\"@type\":\"ImageObject\",\"inLanguage\":\"pt-BR\",\"@id\":\"https:\/\/gazetapernambucana.com\/?p=1615#primaryimage\",\"url\":\"https:\/\/gazetapernambucana.com\/wp-content\/uploads\/2025\/08\/images-5.jpeg\",\"contentUrl\":\"https:\/\/gazetapernambucana.com\/wp-content\/uploads\/2025\/08\/images-5.jpeg\",\"width\":201,\"height\":251},{\"@type\":\"BreadcrumbList\",\"@id\":\"https:\/\/gazetapernambucana.com\/?p=1615#breadcrumb\",\"itemListElement\":[{\"@type\":\"ListItem\",\"position\":1,\"name\":\"In\u00edcio\",\"item\":\"https:\/\/gazetapernambucana.com\/\"},{\"@type\":\"ListItem\",\"position\":2,\"name\":\"CCJ aprova fim de fian\u00e7a para crimes relacionados \u00e0 pedofilia\"}]},{\"@type\":\"WebSite\",\"@id\":\"https:\/\/gazetapernambucana.com\/#website\",\"url\":\"https:\/\/gazetapernambucana.com\/\",\"name\":\"\",\"description\":\"\",\"potentialAction\":[{\"@type\":\"SearchAction\",\"target\":{\"@type\":\"EntryPoint\",\"urlTemplate\":\"https:\/\/gazetapernambucana.com\/?s={search_term_string}\"},\"query-input\":{\"@type\":\"PropertyValueSpecification\",\"valueRequired\":true,\"valueName\":\"search_term_string\"}}],\"inLanguage\":\"pt-BR\"},{\"@type\":\"Person\",\"@id\":\"https:\/\/gazetapernambucana.com\/#\/schema\/person\/188dc283325181ac2de4db1e9e987427\",\"name\":\"GP\",\"image\":{\"@type\":\"ImageObject\",\"inLanguage\":\"pt-BR\",\"@id\":\"https:\/\/gazetapernambucana.com\/#\/schema\/person\/image\/\",\"url\":\"https:\/\/secure.gravatar.com\/avatar\/9dad78ff9a2d8b5742d11779f8a3f53b052320c550b2e1907882353c067bb111?s=96&d=mm&r=g\",\"contentUrl\":\"https:\/\/secure.gravatar.com\/avatar\/9dad78ff9a2d8b5742d11779f8a3f53b052320c550b2e1907882353c067bb111?s=96&d=mm&r=g\",\"caption\":\"GP\"},\"sameAs\":[\"http:\/\/gazetapernambucana.com\"],\"url\":\"https:\/\/gazetapernambucana.com\/?author=1\"}]}<\/script>\n<!-- \/ Yoast SEO plugin. -->","yoast_head_json":{"title":"CCJ aprova fim de fian\u00e7a para crimes relacionados \u00e0 pedofilia -","robots":{"index":"index","follow":"follow","max-snippet":"max-snippet:-1","max-image-preview":"max-image-preview:large","max-video-preview":"max-video-preview:-1"},"canonical":"https:\/\/gazetapernambucana.com\/?p=1615","og_locale":"pt_BR","og_type":"article","og_title":"CCJ aprova fim de fian\u00e7a para crimes relacionados \u00e0 pedofilia -","og_description":"\u00a0 \u00a0 A Comiss\u00e3o de Constitui\u00e7\u00e3o e Justi\u00e7a (CCJ) aprovou nesta quarta-feira (27) um projeto de lei que acaba com a fian\u00e7a para crimes relacionados \u00e0 pedofilia. A mat\u00e9ria segue para a C\u00e2mara dos Deputados (a n\u00e3o ser que haja recurso para vota\u00e7\u00e3o no Plen\u00e1rio do Senado). Esse projeto (PL 5.490\/2023) foi proposto pelo senador [&hellip;]","og_url":"https:\/\/gazetapernambucana.com\/?p=1615","article_published_time":"2025-08-28T00:41:37+00:00","og_image":[{"width":201,"height":251,"url":"https:\/\/gazetapernambucana.com\/wp-content\/uploads\/2025\/08\/images-5.jpeg","type":"image\/jpeg"}],"author":"GP","twitter_card":"summary_large_image","twitter_misc":{"Escrito por":"GP","Est. tempo de leitura":"3 minutos"},"schema":{"@context":"https:\/\/schema.org","@graph":[{"@type":"WebPage","@id":"https:\/\/gazetapernambucana.com\/?p=1615","url":"https:\/\/gazetapernambucana.com\/?p=1615","name":"CCJ aprova fim de fian\u00e7a para crimes relacionados \u00e0 pedofilia -","isPartOf":{"@id":"https:\/\/gazetapernambucana.com\/#website"},"primaryImageOfPage":{"@id":"https:\/\/gazetapernambucana.com\/?p=1615#primaryimage"},"image":{"@id":"https:\/\/gazetapernambucana.com\/?p=1615#primaryimage"},"thumbnailUrl":"https:\/\/gazetapernambucana.com\/wp-content\/uploads\/2025\/08\/images-5.jpeg","datePublished":"2025-08-28T00:41:37+00:00","author":{"@id":"https:\/\/gazetapernambucana.com\/#\/schema\/person\/188dc283325181ac2de4db1e9e987427"},"breadcrumb":{"@id":"https:\/\/gazetapernambucana.com\/?p=1615#breadcrumb"},"inLanguage":"pt-BR","potentialAction":[{"@type":"ReadAction","target":["https:\/\/gazetapernambucana.com\/?p=1615"]}]},{"@type":"ImageObject","inLanguage":"pt-BR","@id":"https:\/\/gazetapernambucana.com\/?p=1615#primaryimage","url":"https:\/\/gazetapernambucana.com\/wp-content\/uploads\/2025\/08\/images-5.jpeg","contentUrl":"https:\/\/gazetapernambucana.com\/wp-content\/uploads\/2025\/08\/images-5.jpeg","width":201,"height":251},{"@type":"BreadcrumbList","@id":"https:\/\/gazetapernambucana.com\/?p=1615#breadcrumb","itemListElement":[{"@type":"ListItem","position":1,"name":"In\u00edcio","item":"https:\/\/gazetapernambucana.com\/"},{"@type":"ListItem","position":2,"name":"CCJ aprova fim de fian\u00e7a para crimes relacionados \u00e0 pedofilia"}]},{"@type":"WebSite","@id":"https:\/\/gazetapernambucana.com\/#website","url":"https:\/\/gazetapernambucana.com\/","name":"","description":"","potentialAction":[{"@type":"SearchAction","target":{"@type":"EntryPoint","urlTemplate":"https:\/\/gazetapernambucana.com\/?s={search_term_string}"},"query-input":{"@type":"PropertyValueSpecification","valueRequired":true,"valueName":"search_term_string"}}],"inLanguage":"pt-BR"},{"@type":"Person","@id":"https:\/\/gazetapernambucana.com\/#\/schema\/person\/188dc283325181ac2de4db1e9e987427","name":"GP","image":{"@type":"ImageObject","inLanguage":"pt-BR","@id":"https:\/\/gazetapernambucana.com\/#\/schema\/person\/image\/","url":"https:\/\/secure.gravatar.com\/avatar\/9dad78ff9a2d8b5742d11779f8a3f53b052320c550b2e1907882353c067bb111?s=96&d=mm&r=g","contentUrl":"https:\/\/secure.gravatar.com\/avatar\/9dad78ff9a2d8b5742d11779f8a3f53b052320c550b2e1907882353c067bb111?s=96&d=mm&r=g","caption":"GP"},"sameAs":["http:\/\/gazetapernambucana.com"],"url":"https:\/\/gazetapernambucana.com\/?author=1"}]}},"jetpack_publicize_connections":[],"_links":{"self":[{"href":"https:\/\/gazetapernambucana.com\/index.php?rest_route=\/wp\/v2\/posts\/1615","targetHints":{"allow":["GET"]}}],"collection":[{"href":"https:\/\/gazetapernambucana.com\/index.php?rest_route=\/wp\/v2\/posts"}],"about":[{"href":"https:\/\/gazetapernambucana.com\/index.php?rest_route=\/wp\/v2\/types\/post"}],"author":[{"embeddable":true,"href":"https:\/\/gazetapernambucana.com\/index.php?rest_route=\/wp\/v2\/users\/1"}],"replies":[{"embeddable":true,"href":"https:\/\/gazetapernambucana.com\/index.php?rest_route=%2Fwp%2Fv2%2Fcomments&post=1615"}],"version-history":[{"count":1,"href":"https:\/\/gazetapernambucana.com\/index.php?rest_route=\/wp\/v2\/posts\/1615\/revisions"}],"predecessor-version":[{"id":1617,"href":"https:\/\/gazetapernambucana.com\/index.php?rest_route=\/wp\/v2\/posts\/1615\/revisions\/1617"}],"wp:featuredmedia":[{"embeddable":true,"href":"https:\/\/gazetapernambucana.com\/index.php?rest_route=\/wp\/v2\/media\/1616"}],"wp:attachment":[{"href":"https:\/\/gazetapernambucana.com\/index.php?rest_route=%2Fwp%2Fv2%2Fmedia&parent=1615"}],"wp:term":[{"taxonomy":"category","embeddable":true,"href":"https:\/\/gazetapernambucana.com\/index.php?rest_route=%2Fwp%2Fv2%2Fcategories&post=1615"},{"taxonomy":"post_tag","embeddable":true,"href":"https:\/\/gazetapernambucana.com\/index.php?rest_route=%2Fwp%2Fv2%2Ftags&post=1615"}],"curies":[{"name":"wp","href":"https:\/\/api.w.org\/{rel}","templated":true}]}}