{"id":1612,"date":"2025-08-26T22:01:24","date_gmt":"2025-08-27T01:01:24","guid":{"rendered":"https:\/\/gazetapernambucana.com\/?p=1612"},"modified":"2025-08-26T22:01:24","modified_gmt":"2025-08-27T01:01:24","slug":"barroso-nega-suspensao-do-contrato-de-publicidade-do-estado-e-devolve-acao-ao-tjpe","status":"publish","type":"post","link":"https:\/\/gazetapernambucana.com\/?p=1612","title":{"rendered":"Barroso nega suspens\u00e3o do contrato de publicidade do Estado e devolve a\u00e7\u00e3o ao TJPE"},"content":{"rendered":"<div class=\"post_title\"><\/div>\n<div class=\"b-author mb-3\">\n<div class=\"b-info\"><\/div>\n<\/div>\n<div class=\"entry\">\n<figure class=\"wp-block-image size-large\"><img loading=\"lazy\" decoding=\"async\" class=\"wp-image-154507\" src=\"https:\/\/blogcenario.com.br\/wp-content\/uploads\/2025\/08\/bbd1193c-5e99-44c5-8118-dcbed1043c72-1024x682.jpeg\" sizes=\"auto, (max-width: 1024px) 100vw, 1024px\" srcset=\"https:\/\/www.blogcenario.com.br\/wp-content\/uploads\/2025\/08\/bbd1193c-5e99-44c5-8118-dcbed1043c72-1024x682.jpeg 1024w, https:\/\/www.blogcenario.com.br\/wp-content\/uploads\/2025\/08\/bbd1193c-5e99-44c5-8118-dcbed1043c72-300x200.jpeg 300w, https:\/\/www.blogcenario.com.br\/wp-content\/uploads\/2025\/08\/bbd1193c-5e99-44c5-8118-dcbed1043c72-768x512.jpeg 768w, https:\/\/www.blogcenario.com.br\/wp-content\/uploads\/2025\/08\/bbd1193c-5e99-44c5-8118-dcbed1043c72-1536x1023.jpeg 1536w, https:\/\/www.blogcenario.com.br\/wp-content\/uploads\/2025\/08\/bbd1193c-5e99-44c5-8118-dcbed1043c72-220x147.jpeg 220w, https:\/\/www.blogcenario.com.br\/wp-content\/uploads\/2025\/08\/bbd1193c-5e99-44c5-8118-dcbed1043c72.jpeg 1600w\" alt=\"\" width=\"1024\" height=\"682\" \/><figcaption class=\"wp-element-caption\">Foto: Gustavo Moreno<\/figcaption><\/figure>\n<p>O presidente do Supremo Tribunal Federal, ministro Luiz Roberto Barroso, analisou o pedido do Tribunal de Contas do Estado (TCE-PE) para suspender o contrato de publicidade do Governo de Pernambuco com uma empresa de publicidade que tem sido alvo de questionamentos pelo prazo estabelecido de 10 anos e o valor de R$ 1,2 bilh\u00e3o.<\/p>\n<p>O Tribunal de Justi\u00e7a de Pernambuco j\u00e1 tinha liberado a continuidade do contrato e o TCE decidiu recorrer ao STF. Inicialmente, Barroso negou a liminar e agora analisou o objeto da a\u00e7\u00e3o, rejeitando novamente. Segundo o ministro, o TJPE apontou em an\u00e1lise preliminar que n\u00e3o havia evid\u00eancias concretas de fraude ou dano ao er\u00e1rio.<\/p>\n<p><em>\u201cEntendo, no entanto, que n\u00e3o \u00e9 o caso de se adentrar na discuss\u00e3o se, na pr\u00e1tica, o que houve foi uma susta\u00e7\u00e3o do contrato, o que n\u00e3o seria poss\u00edvel. Isso porque n\u00e3o se vislumbra, na hip\u00f3tese, grave les\u00e3o \u00e0 economia p\u00fablica que exija provimento de urg\u00eancia nesta via excepcional. Valho-me das seguintes premissas, adotadas pela decis\u00e3o impugnada, que permanecem h\u00edgidas: (i) \u2019[n\u00e3o h\u00e1 evid\u00eancia [concreta] de dolo, fraude, direcionamento ou preju\u00edzo ao er\u00e1rio, apenas diverg\u00eancia interpretativa quanto \u00e0 forma de apresenta\u00e7\u00e3o das justificativas t\u00e9cnicas\u2019\u201d,<\/em>\u00a0escreveu num primeiro momento, citando as coloca\u00e7\u00f5es do TJPE.<\/p>\n<p>Luiz Roberto Barroso devolveu a a\u00e7\u00e3o ao Tribunal de Justi\u00e7a de Pernambuco e estabeleceu que a Corte \u00e9 quem deve analisar o m\u00e9rito da a\u00e7\u00e3o.<\/p>\n<p><em>\u201c\u2018Trata-se de um contrato cuja execu\u00e7\u00e3o ocorre por demanda, n\u00e3o havendo obriga\u00e7\u00e3o de desembolso fixo ou antecipado [\u2026], servindo o valor global do contrato apenas como um limite m\u00e1ximo para sua execu\u00e7\u00e3o\u2019. Como se v\u00ea, a mat\u00e9ria est\u00e1 sendo discutida na sede pr\u00f3pria perante o Tribunal de Justi\u00e7a, a quem caber\u00e1 discutir o m\u00e9rito da quest\u00e3o\u201d<\/em>, finalizou.<\/p>\n<p>A decis\u00e3o do presidente do Supremo, no entanto, n\u00e3o interfere no encaminhamento da CPI da Publicidade, em curso na Assembleia Legislativa, visto que o contrato publicit\u00e1rio citado na a\u00e7\u00e3o foi o primeiro elemento que originou a comiss\u00e3o, mas demais elementos surgiram ao longo do percurso e devem ser apurados pelo colegiado.<\/p>\n<\/div>\n","protected":false},"excerpt":{"rendered":"<p>Foto: Gustavo Moreno O presidente do Supremo Tribunal Federal, ministro Luiz Roberto Barroso, analisou o pedido do Tribunal de Contas do Estado (TCE-PE) para suspender o contrato de publicidade do Governo de Pernambuco com uma empresa de publicidade que tem sido alvo de questionamentos pelo prazo estabelecido de 10 anos e o valor de R$ [&hellip;]<\/p>\n","protected":false},"author":1,"featured_media":1613,"comment_status":"open","ping_status":"open","sticky":false,"template":"","format":"standard","meta":{"footnotes":"","jetpack_publicize_message":"","jetpack_publicize_feature_enabled":true,"jetpack_social_post_already_shared":true,"jetpack_social_options":{"image_generator_settings":{"template":"highway","default_image_id":0,"font":"","enabled":false},"version":2}},"categories":[1,65],"tags":[],"class_list":["post-1612","post","type-post","status-publish","format-standard","has-post-thumbnail","hentry","category-https-gazetapernambucana-com-page_id225","category-politica"],"yoast_head":"<!-- This site is optimized with the Yoast SEO plugin v24.5 - https:\/\/yoast.com\/wordpress\/plugins\/seo\/ -->\n<title>Barroso nega suspens\u00e3o do contrato de publicidade do Estado e devolve a\u00e7\u00e3o ao TJPE -<\/title>\n<meta name=\"robots\" content=\"index, follow, max-snippet:-1, max-image-preview:large, max-video-preview:-1\" \/>\n<link rel=\"canonical\" href=\"https:\/\/gazetapernambucana.com\/?p=1612\" \/>\n<meta property=\"og:locale\" content=\"pt_BR\" \/>\n<meta property=\"og:type\" content=\"article\" \/>\n<meta property=\"og:title\" content=\"Barroso nega suspens\u00e3o do contrato de publicidade do Estado e devolve a\u00e7\u00e3o ao TJPE -\" \/>\n<meta property=\"og:description\" content=\"Foto: Gustavo Moreno O presidente do Supremo Tribunal Federal, ministro Luiz Roberto Barroso, analisou o pedido do Tribunal de Contas do Estado (TCE-PE) para suspender o contrato de publicidade do Governo de Pernambuco com uma empresa de publicidade que tem sido alvo de questionamentos pelo prazo estabelecido de 10 anos e o valor de R$ [&hellip;]\" \/>\n<meta property=\"og:url\" content=\"https:\/\/gazetapernambucana.com\/?p=1612\" \/>\n<meta property=\"article:published_time\" content=\"2025-08-27T01:01:24+00:00\" \/>\n<meta property=\"og:image\" content=\"https:\/\/gazetapernambucana.com\/wp-content\/uploads\/2025\/08\/bbd1193c-5e99-44c5-8118-dcbed1043c72-1536x1023-1.jpeg\" \/>\n\t<meta property=\"og:image:width\" content=\"1536\" \/>\n\t<meta property=\"og:image:height\" content=\"1023\" \/>\n\t<meta property=\"og:image:type\" content=\"image\/jpeg\" \/>\n<meta name=\"author\" content=\"GP\" \/>\n<meta name=\"twitter:card\" content=\"summary_large_image\" \/>\n<meta name=\"twitter:label1\" content=\"Escrito por\" \/>\n\t<meta name=\"twitter:data1\" content=\"GP\" \/>\n\t<meta name=\"twitter:label2\" content=\"Est. tempo de leitura\" \/>\n\t<meta name=\"twitter:data2\" content=\"3 minutos\" \/>\n<script type=\"application\/ld+json\" class=\"yoast-schema-graph\">{\"@context\":\"https:\/\/schema.org\",\"@graph\":[{\"@type\":\"WebPage\",\"@id\":\"https:\/\/gazetapernambucana.com\/?p=1612\",\"url\":\"https:\/\/gazetapernambucana.com\/?p=1612\",\"name\":\"Barroso nega suspens\u00e3o do contrato de publicidade do Estado e devolve a\u00e7\u00e3o ao TJPE -\",\"isPartOf\":{\"@id\":\"https:\/\/gazetapernambucana.com\/#website\"},\"primaryImageOfPage\":{\"@id\":\"https:\/\/gazetapernambucana.com\/?p=1612#primaryimage\"},\"image\":{\"@id\":\"https:\/\/gazetapernambucana.com\/?p=1612#primaryimage\"},\"thumbnailUrl\":\"https:\/\/gazetapernambucana.com\/wp-content\/uploads\/2025\/08\/bbd1193c-5e99-44c5-8118-dcbed1043c72-1536x1023-1.jpeg\",\"datePublished\":\"2025-08-27T01:01:24+00:00\",\"author\":{\"@id\":\"https:\/\/gazetapernambucana.com\/#\/schema\/person\/188dc283325181ac2de4db1e9e987427\"},\"breadcrumb\":{\"@id\":\"https:\/\/gazetapernambucana.com\/?p=1612#breadcrumb\"},\"inLanguage\":\"pt-BR\",\"potentialAction\":[{\"@type\":\"ReadAction\",\"target\":[\"https:\/\/gazetapernambucana.com\/?p=1612\"]}]},{\"@type\":\"ImageObject\",\"inLanguage\":\"pt-BR\",\"@id\":\"https:\/\/gazetapernambucana.com\/?p=1612#primaryimage\",\"url\":\"https:\/\/gazetapernambucana.com\/wp-content\/uploads\/2025\/08\/bbd1193c-5e99-44c5-8118-dcbed1043c72-1536x1023-1.jpeg\",\"contentUrl\":\"https:\/\/gazetapernambucana.com\/wp-content\/uploads\/2025\/08\/bbd1193c-5e99-44c5-8118-dcbed1043c72-1536x1023-1.jpeg\",\"width\":1536,\"height\":1023},{\"@type\":\"BreadcrumbList\",\"@id\":\"https:\/\/gazetapernambucana.com\/?p=1612#breadcrumb\",\"itemListElement\":[{\"@type\":\"ListItem\",\"position\":1,\"name\":\"In\u00edcio\",\"item\":\"https:\/\/gazetapernambucana.com\/\"},{\"@type\":\"ListItem\",\"position\":2,\"name\":\"Barroso nega suspens\u00e3o do contrato de publicidade do Estado e devolve a\u00e7\u00e3o ao TJPE\"}]},{\"@type\":\"WebSite\",\"@id\":\"https:\/\/gazetapernambucana.com\/#website\",\"url\":\"https:\/\/gazetapernambucana.com\/\",\"name\":\"\",\"description\":\"\",\"potentialAction\":[{\"@type\":\"SearchAction\",\"target\":{\"@type\":\"EntryPoint\",\"urlTemplate\":\"https:\/\/gazetapernambucana.com\/?s={search_term_string}\"},\"query-input\":{\"@type\":\"PropertyValueSpecification\",\"valueRequired\":true,\"valueName\":\"search_term_string\"}}],\"inLanguage\":\"pt-BR\"},{\"@type\":\"Person\",\"@id\":\"https:\/\/gazetapernambucana.com\/#\/schema\/person\/188dc283325181ac2de4db1e9e987427\",\"name\":\"GP\",\"image\":{\"@type\":\"ImageObject\",\"inLanguage\":\"pt-BR\",\"@id\":\"https:\/\/gazetapernambucana.com\/#\/schema\/person\/image\/\",\"url\":\"https:\/\/secure.gravatar.com\/avatar\/9dad78ff9a2d8b5742d11779f8a3f53b052320c550b2e1907882353c067bb111?s=96&d=mm&r=g\",\"contentUrl\":\"https:\/\/secure.gravatar.com\/avatar\/9dad78ff9a2d8b5742d11779f8a3f53b052320c550b2e1907882353c067bb111?s=96&d=mm&r=g\",\"caption\":\"GP\"},\"sameAs\":[\"http:\/\/gazetapernambucana.com\"],\"url\":\"https:\/\/gazetapernambucana.com\/?author=1\"}]}<\/script>\n<!-- \/ Yoast SEO plugin. -->","yoast_head_json":{"title":"Barroso nega suspens\u00e3o do contrato de publicidade do Estado e devolve a\u00e7\u00e3o ao TJPE -","robots":{"index":"index","follow":"follow","max-snippet":"max-snippet:-1","max-image-preview":"max-image-preview:large","max-video-preview":"max-video-preview:-1"},"canonical":"https:\/\/gazetapernambucana.com\/?p=1612","og_locale":"pt_BR","og_type":"article","og_title":"Barroso nega suspens\u00e3o do contrato de publicidade do Estado e devolve a\u00e7\u00e3o ao TJPE -","og_description":"Foto: Gustavo Moreno O presidente do Supremo Tribunal Federal, ministro Luiz Roberto Barroso, analisou o pedido do Tribunal de Contas do Estado (TCE-PE) para suspender o contrato de publicidade do Governo de Pernambuco com uma empresa de publicidade que tem sido alvo de questionamentos pelo prazo estabelecido de 10 anos e o valor de R$ [&hellip;]","og_url":"https:\/\/gazetapernambucana.com\/?p=1612","article_published_time":"2025-08-27T01:01:24+00:00","og_image":[{"width":1536,"height":1023,"url":"https:\/\/gazetapernambucana.com\/wp-content\/uploads\/2025\/08\/bbd1193c-5e99-44c5-8118-dcbed1043c72-1536x1023-1.jpeg","type":"image\/jpeg"}],"author":"GP","twitter_card":"summary_large_image","twitter_misc":{"Escrito por":"GP","Est. tempo de leitura":"3 minutos"},"schema":{"@context":"https:\/\/schema.org","@graph":[{"@type":"WebPage","@id":"https:\/\/gazetapernambucana.com\/?p=1612","url":"https:\/\/gazetapernambucana.com\/?p=1612","name":"Barroso nega suspens\u00e3o do contrato de publicidade do Estado e devolve a\u00e7\u00e3o ao TJPE -","isPartOf":{"@id":"https:\/\/gazetapernambucana.com\/#website"},"primaryImageOfPage":{"@id":"https:\/\/gazetapernambucana.com\/?p=1612#primaryimage"},"image":{"@id":"https:\/\/gazetapernambucana.com\/?p=1612#primaryimage"},"thumbnailUrl":"https:\/\/gazetapernambucana.com\/wp-content\/uploads\/2025\/08\/bbd1193c-5e99-44c5-8118-dcbed1043c72-1536x1023-1.jpeg","datePublished":"2025-08-27T01:01:24+00:00","author":{"@id":"https:\/\/gazetapernambucana.com\/#\/schema\/person\/188dc283325181ac2de4db1e9e987427"},"breadcrumb":{"@id":"https:\/\/gazetapernambucana.com\/?p=1612#breadcrumb"},"inLanguage":"pt-BR","potentialAction":[{"@type":"ReadAction","target":["https:\/\/gazetapernambucana.com\/?p=1612"]}]},{"@type":"ImageObject","inLanguage":"pt-BR","@id":"https:\/\/gazetapernambucana.com\/?p=1612#primaryimage","url":"https:\/\/gazetapernambucana.com\/wp-content\/uploads\/2025\/08\/bbd1193c-5e99-44c5-8118-dcbed1043c72-1536x1023-1.jpeg","contentUrl":"https:\/\/gazetapernambucana.com\/wp-content\/uploads\/2025\/08\/bbd1193c-5e99-44c5-8118-dcbed1043c72-1536x1023-1.jpeg","width":1536,"height":1023},{"@type":"BreadcrumbList","@id":"https:\/\/gazetapernambucana.com\/?p=1612#breadcrumb","itemListElement":[{"@type":"ListItem","position":1,"name":"In\u00edcio","item":"https:\/\/gazetapernambucana.com\/"},{"@type":"ListItem","position":2,"name":"Barroso nega suspens\u00e3o do contrato de publicidade do Estado e devolve a\u00e7\u00e3o ao TJPE"}]},{"@type":"WebSite","@id":"https:\/\/gazetapernambucana.com\/#website","url":"https:\/\/gazetapernambucana.com\/","name":"","description":"","potentialAction":[{"@type":"SearchAction","target":{"@type":"EntryPoint","urlTemplate":"https:\/\/gazetapernambucana.com\/?s={search_term_string}"},"query-input":{"@type":"PropertyValueSpecification","valueRequired":true,"valueName":"search_term_string"}}],"inLanguage":"pt-BR"},{"@type":"Person","@id":"https:\/\/gazetapernambucana.com\/#\/schema\/person\/188dc283325181ac2de4db1e9e987427","name":"GP","image":{"@type":"ImageObject","inLanguage":"pt-BR","@id":"https:\/\/gazetapernambucana.com\/#\/schema\/person\/image\/","url":"https:\/\/secure.gravatar.com\/avatar\/9dad78ff9a2d8b5742d11779f8a3f53b052320c550b2e1907882353c067bb111?s=96&d=mm&r=g","contentUrl":"https:\/\/secure.gravatar.com\/avatar\/9dad78ff9a2d8b5742d11779f8a3f53b052320c550b2e1907882353c067bb111?s=96&d=mm&r=g","caption":"GP"},"sameAs":["http:\/\/gazetapernambucana.com"],"url":"https:\/\/gazetapernambucana.com\/?author=1"}]}},"jetpack_publicize_connections":[],"_links":{"self":[{"href":"https:\/\/gazetapernambucana.com\/index.php?rest_route=\/wp\/v2\/posts\/1612","targetHints":{"allow":["GET"]}}],"collection":[{"href":"https:\/\/gazetapernambucana.com\/index.php?rest_route=\/wp\/v2\/posts"}],"about":[{"href":"https:\/\/gazetapernambucana.com\/index.php?rest_route=\/wp\/v2\/types\/post"}],"author":[{"embeddable":true,"href":"https:\/\/gazetapernambucana.com\/index.php?rest_route=\/wp\/v2\/users\/1"}],"replies":[{"embeddable":true,"href":"https:\/\/gazetapernambucana.com\/index.php?rest_route=%2Fwp%2Fv2%2Fcomments&post=1612"}],"version-history":[{"count":1,"href":"https:\/\/gazetapernambucana.com\/index.php?rest_route=\/wp\/v2\/posts\/1612\/revisions"}],"predecessor-version":[{"id":1614,"href":"https:\/\/gazetapernambucana.com\/index.php?rest_route=\/wp\/v2\/posts\/1612\/revisions\/1614"}],"wp:featuredmedia":[{"embeddable":true,"href":"https:\/\/gazetapernambucana.com\/index.php?rest_route=\/wp\/v2\/media\/1613"}],"wp:attachment":[{"href":"https:\/\/gazetapernambucana.com\/index.php?rest_route=%2Fwp%2Fv2%2Fmedia&parent=1612"}],"wp:term":[{"taxonomy":"category","embeddable":true,"href":"https:\/\/gazetapernambucana.com\/index.php?rest_route=%2Fwp%2Fv2%2Fcategories&post=1612"},{"taxonomy":"post_tag","embeddable":true,"href":"https:\/\/gazetapernambucana.com\/index.php?rest_route=%2Fwp%2Fv2%2Ftags&post=1612"}],"curies":[{"name":"wp","href":"https:\/\/api.w.org\/{rel}","templated":true}]}}