{"id":1608,"date":"2025-08-26T21:04:39","date_gmt":"2025-08-27T00:04:39","guid":{"rendered":"https:\/\/gazetapernambucana.com\/?p=1608"},"modified":"2025-08-26T21:04:39","modified_gmt":"2025-08-27T00:04:39","slug":"cpmi-do-inss-governo-blinda-e-frei-chico-irmao-de-lula-nao-sera-convocado-para-depor","status":"publish","type":"post","link":"https:\/\/gazetapernambucana.com\/?p=1608","title":{"rendered":"CPMI do INSS: GOVERNO BLINDA E FREI CHICO, IRM\u00c3O DE LULA, N\u00c3O SER\u00c1 CONVOCADO PARA DEPOR"},"content":{"rendered":"<div class=\"_aasi\">\n<div class=\"html-div xdj266r x14z9mp xat24cr x1lziwak xexx8yu xyri2b x18d9i69 x1c1uobl x9f619 xjbqb8w x78zum5 x15mokao x1ga7v0g x16uus16 xbiv7yw x1n2onr6 x1plvlek xryxfnj x1c4vz4f x2lah0s x1q0g3np xqjyukv x6s0dn4 x1oa3qoh x1qughib\">\n<header class=\"_aaqw\">\n<div class=\"_aaqy _aaqz\">\n<div class=\"_aaql\">\n<div class=\"x78zum5 xdt5ytf\"><img loading=\"lazy\" decoding=\"async\" class=\"img-texto\" src=\"https:\/\/cdn.portaldeprefeitura.com.br\/img\/c\/1200\/628\/dn_arquivo\/2025\/04\/gabriel-2025-04-24t094057839.jpg\" alt=\"Sindicato do irm\u00e3o de Lula. \" width=\"1200\" height=\"628\" \/><strong>Sindicato do irm\u00e3o de Lula. Foto: Divulga\u00e7\u00e3o<\/strong><\/div>\n<\/div>\n<\/div>\n<\/header>\n<\/div>\n<\/div>\n<div class=\"x78zum5 xdt5ytf x1q2y9iw x1n2onr6 xh8yej3 x9f619 x1iyjqo2 x13lttk3 x1t7ytsu xpilrb4 xexx8yu xyri2b x18d9i69 x1c1uobl\">\n<div class=\"x78zum5 xdt5ytf x1iyjqo2 xs83m0k x2lwn1j x1odjw0f x1n2onr6 x9ek82g x6ikm8r xdj266r x14z9mp x4ii5y1 x1lziwak xexx8yu xv54qhq x18d9i69 xf7dkkf\">\n<div class=\"x1qjc9v5 x972fbf x10w94by x1qhh985 x14e42zd x9f619 x78zum5 xdt5ytf x2lah0s xk390pu xdj266r x14z9mp xat24cr x1lziwak xexx8yu xyri2b x18d9i69 x1c1uobl x1n2onr6 xggy1nq x11njtxf\" tabindex=\"0\" role=\"button\">\n<div class=\"_a9zm\">\n<div class=\"_a9zn _a9zo\">\n<div class=\"_a9zr\">\n<div class=\"xt0psk2\">\n<p>Aliados do governo na Comiss\u00e3o Parlamentar Mista de Inqu\u00e9rito (CPMI) do Instituto Nacional do Seguro Social (INSS) firmaram um acordo para que Frei Chico, irm\u00e3o do presidente Luiz In\u00e1cio Lula da Silva (PT), n\u00e3o seja convocado a depor.<\/p>\n<p>Frei Chico ocupa o cargo de vice-presidente do Sindicato Nacional dos Aposentados, Pensionistas e Idosos (Sindinapi), uma das entidades investigadas pela Pol\u00edcia Federal.<\/p>\n<p>Em entrevista a jornalistas nesta ter\u00e7a-feira, 26 de agosto, o presidente da CPMI, senador Carlos Viana (Podemos-MG), afirmou que houve consenso entre os membros do colegiado.<\/p>\n<p>Segundo Viana, ficou &#8220;acertado&#8221; com o relator, deputado Alfredo Gaspar (Uni\u00e3o-AL), com a oposi\u00e7\u00e3o e com o governo que n\u00e3o haver\u00e1 &#8220;convoca\u00e7\u00e3o de \u00e2mbito pol\u00edtico&#8221;.<\/p>\n<p>A Comiss\u00e3o Parlamentar Mista de Inqu\u00e9rito (CPMI) que investiga fraudes no INSS convocou o diretor-geral da Pol\u00edcia Federal, Andrei Rodrigues, para prestar esclarecimentos sobre a condu\u00e7\u00e3o das apura\u00e7\u00f5es. As informa\u00e7\u00f5es s\u00e3o de Igor Gadelha, do site Metr\u00f3poles.<\/p>\n<p>A convoca\u00e7\u00e3o foi protocolada pelo senador Marcos Rog\u00e9rio (PL-RO), que quer explica\u00e7\u00f5es sobre a aus\u00eancia de investiga\u00e7\u00e3o contra Jos\u00e9 Ferreira da Silva, conhecido como Frei Chico, irm\u00e3o do presidente Lula (PT).<\/p>\n<p>Frei Chico, que \u00e9 vice-presidente do Sindicato Nacional dos Aposentados, Pensionistas e Idosos (Sindnapi), foi citado em den\u00fancias relacionadas ao esquema de fraudes em benef\u00edcios do INSS. No entanto, segundo declara\u00e7\u00e3o do pr\u00f3prio Andrei Rodrigues, feita em abril, nem o sindicato nem o irm\u00e3o do presidente est\u00e3o inseridos nas investiga\u00e7\u00f5es conduzidas pela PF.<\/p>\n<p>A oposi\u00e7\u00e3o pressiona por isonomia nas apura\u00e7\u00f5es e cobra explica\u00e7\u00f5es sobre o que considera uma poss\u00edvel omiss\u00e3o da Pol\u00edcia Federal no caso.<\/p>\n<p>&#8220;As declara\u00e7\u00f5es repercutiram nacionalmente e suscitaram controv\u00e9rsia sobre o escopo das investiga\u00e7\u00f5es, os crit\u00e9rios t\u00e9cnicos adotados para sele\u00e7\u00e3o de alvos, a motiva\u00e7\u00e3o para determinadas medidas cautelares e a governan\u00e7a de dados compartilhados com INSS, Dataprev e CGU&#8221;, afirma o senador no requerimento de convoca\u00e7\u00e3o.<\/p>\n<\/div>\n<\/div>\n<\/div>\n<\/div>\n<\/div>\n<\/div>\n<\/div>\n","protected":false},"excerpt":{"rendered":"<p>Sindicato do irm\u00e3o de Lula. Foto: Divulga\u00e7\u00e3o Aliados do governo na Comiss\u00e3o Parlamentar Mista de Inqu\u00e9rito (CPMI) do Instituto Nacional do Seguro Social (INSS) firmaram um acordo para que Frei Chico, irm\u00e3o do presidente Luiz In\u00e1cio Lula da Silva (PT), n\u00e3o seja convocado a depor. Frei Chico ocupa o cargo de vice-presidente do Sindicato Nacional [&hellip;]<\/p>\n","protected":false},"author":1,"featured_media":1610,"comment_status":"open","ping_status":"open","sticky":false,"template":"","format":"standard","meta":{"footnotes":"","jetpack_publicize_message":"","jetpack_publicize_feature_enabled":true,"jetpack_social_post_already_shared":true,"jetpack_social_options":{"image_generator_settings":{"template":"highway","default_image_id":0,"font":"","enabled":false},"version":2}},"categories":[37,1,65],"tags":[],"class_list":["post-1608","post","type-post","status-publish","format-standard","has-post-thumbnail","hentry","category-https-gazetapernambucana-com-page_id212","category-https-gazetapernambucana-com-page_id225","category-politica"],"yoast_head":"<!-- This site is optimized with the Yoast SEO plugin v24.5 - https:\/\/yoast.com\/wordpress\/plugins\/seo\/ -->\n<title>CPMI do INSS: GOVERNO BLINDA E FREI CHICO, IRM\u00c3O DE LULA, N\u00c3O SER\u00c1 CONVOCADO PARA DEPOR -<\/title>\n<meta name=\"robots\" content=\"index, follow, max-snippet:-1, max-image-preview:large, max-video-preview:-1\" \/>\n<link rel=\"canonical\" href=\"https:\/\/gazetapernambucana.com\/?p=1608\" \/>\n<meta property=\"og:locale\" content=\"pt_BR\" \/>\n<meta property=\"og:type\" content=\"article\" \/>\n<meta property=\"og:title\" content=\"CPMI do INSS: GOVERNO BLINDA E FREI CHICO, IRM\u00c3O DE LULA, N\u00c3O SER\u00c1 CONVOCADO PARA DEPOR -\" \/>\n<meta property=\"og:description\" content=\"Sindicato do irm\u00e3o de Lula. Foto: Divulga\u00e7\u00e3o Aliados do governo na Comiss\u00e3o Parlamentar Mista de Inqu\u00e9rito (CPMI) do Instituto Nacional do Seguro Social (INSS) firmaram um acordo para que Frei Chico, irm\u00e3o do presidente Luiz In\u00e1cio Lula da Silva (PT), n\u00e3o seja convocado a depor. Frei Chico ocupa o cargo de vice-presidente do Sindicato Nacional [&hellip;]\" \/>\n<meta property=\"og:url\" content=\"https:\/\/gazetapernambucana.com\/?p=1608\" \/>\n<meta property=\"article:published_time\" content=\"2025-08-27T00:04:39+00:00\" \/>\n<meta property=\"og:image\" content=\"https:\/\/gazetapernambucana.com\/wp-content\/uploads\/2025\/08\/gabriel-2025-04-24t094057839.jpg\" \/>\n\t<meta property=\"og:image:width\" content=\"1200\" \/>\n\t<meta property=\"og:image:height\" content=\"628\" \/>\n\t<meta property=\"og:image:type\" content=\"image\/jpeg\" \/>\n<meta name=\"author\" content=\"GP\" \/>\n<meta name=\"twitter:card\" content=\"summary_large_image\" \/>\n<meta name=\"twitter:label1\" content=\"Escrito por\" \/>\n\t<meta name=\"twitter:data1\" content=\"GP\" \/>\n\t<meta name=\"twitter:label2\" content=\"Est. tempo de leitura\" \/>\n\t<meta name=\"twitter:data2\" content=\"3 minutos\" \/>\n<script type=\"application\/ld+json\" class=\"yoast-schema-graph\">{\"@context\":\"https:\/\/schema.org\",\"@graph\":[{\"@type\":\"WebPage\",\"@id\":\"https:\/\/gazetapernambucana.com\/?p=1608\",\"url\":\"https:\/\/gazetapernambucana.com\/?p=1608\",\"name\":\"CPMI do INSS: GOVERNO BLINDA E FREI CHICO, IRM\u00c3O DE LULA, N\u00c3O SER\u00c1 CONVOCADO PARA DEPOR -\",\"isPartOf\":{\"@id\":\"https:\/\/gazetapernambucana.com\/#website\"},\"primaryImageOfPage\":{\"@id\":\"https:\/\/gazetapernambucana.com\/?p=1608#primaryimage\"},\"image\":{\"@id\":\"https:\/\/gazetapernambucana.com\/?p=1608#primaryimage\"},\"thumbnailUrl\":\"https:\/\/gazetapernambucana.com\/wp-content\/uploads\/2025\/08\/gabriel-2025-04-24t094057839.jpg\",\"datePublished\":\"2025-08-27T00:04:39+00:00\",\"author\":{\"@id\":\"https:\/\/gazetapernambucana.com\/#\/schema\/person\/188dc283325181ac2de4db1e9e987427\"},\"breadcrumb\":{\"@id\":\"https:\/\/gazetapernambucana.com\/?p=1608#breadcrumb\"},\"inLanguage\":\"pt-BR\",\"potentialAction\":[{\"@type\":\"ReadAction\",\"target\":[\"https:\/\/gazetapernambucana.com\/?p=1608\"]}]},{\"@type\":\"ImageObject\",\"inLanguage\":\"pt-BR\",\"@id\":\"https:\/\/gazetapernambucana.com\/?p=1608#primaryimage\",\"url\":\"https:\/\/gazetapernambucana.com\/wp-content\/uploads\/2025\/08\/gabriel-2025-04-24t094057839.jpg\",\"contentUrl\":\"https:\/\/gazetapernambucana.com\/wp-content\/uploads\/2025\/08\/gabriel-2025-04-24t094057839.jpg\",\"width\":1200,\"height\":628},{\"@type\":\"BreadcrumbList\",\"@id\":\"https:\/\/gazetapernambucana.com\/?p=1608#breadcrumb\",\"itemListElement\":[{\"@type\":\"ListItem\",\"position\":1,\"name\":\"In\u00edcio\",\"item\":\"https:\/\/gazetapernambucana.com\/\"},{\"@type\":\"ListItem\",\"position\":2,\"name\":\"CPMI do INSS: GOVERNO BLINDA E FREI CHICO, IRM\u00c3O DE LULA, N\u00c3O SER\u00c1 CONVOCADO PARA DEPOR\"}]},{\"@type\":\"WebSite\",\"@id\":\"https:\/\/gazetapernambucana.com\/#website\",\"url\":\"https:\/\/gazetapernambucana.com\/\",\"name\":\"\",\"description\":\"\",\"potentialAction\":[{\"@type\":\"SearchAction\",\"target\":{\"@type\":\"EntryPoint\",\"urlTemplate\":\"https:\/\/gazetapernambucana.com\/?s={search_term_string}\"},\"query-input\":{\"@type\":\"PropertyValueSpecification\",\"valueRequired\":true,\"valueName\":\"search_term_string\"}}],\"inLanguage\":\"pt-BR\"},{\"@type\":\"Person\",\"@id\":\"https:\/\/gazetapernambucana.com\/#\/schema\/person\/188dc283325181ac2de4db1e9e987427\",\"name\":\"GP\",\"image\":{\"@type\":\"ImageObject\",\"inLanguage\":\"pt-BR\",\"@id\":\"https:\/\/gazetapernambucana.com\/#\/schema\/person\/image\/\",\"url\":\"https:\/\/secure.gravatar.com\/avatar\/9dad78ff9a2d8b5742d11779f8a3f53b052320c550b2e1907882353c067bb111?s=96&d=mm&r=g\",\"contentUrl\":\"https:\/\/secure.gravatar.com\/avatar\/9dad78ff9a2d8b5742d11779f8a3f53b052320c550b2e1907882353c067bb111?s=96&d=mm&r=g\",\"caption\":\"GP\"},\"sameAs\":[\"http:\/\/gazetapernambucana.com\"],\"url\":\"https:\/\/gazetapernambucana.com\/?author=1\"}]}<\/script>\n<!-- \/ Yoast SEO plugin. -->","yoast_head_json":{"title":"CPMI do INSS: GOVERNO BLINDA E FREI CHICO, IRM\u00c3O DE LULA, N\u00c3O SER\u00c1 CONVOCADO PARA DEPOR -","robots":{"index":"index","follow":"follow","max-snippet":"max-snippet:-1","max-image-preview":"max-image-preview:large","max-video-preview":"max-video-preview:-1"},"canonical":"https:\/\/gazetapernambucana.com\/?p=1608","og_locale":"pt_BR","og_type":"article","og_title":"CPMI do INSS: GOVERNO BLINDA E FREI CHICO, IRM\u00c3O DE LULA, N\u00c3O SER\u00c1 CONVOCADO PARA DEPOR -","og_description":"Sindicato do irm\u00e3o de Lula. Foto: Divulga\u00e7\u00e3o Aliados do governo na Comiss\u00e3o Parlamentar Mista de Inqu\u00e9rito (CPMI) do Instituto Nacional do Seguro Social (INSS) firmaram um acordo para que Frei Chico, irm\u00e3o do presidente Luiz In\u00e1cio Lula da Silva (PT), n\u00e3o seja convocado a depor. Frei Chico ocupa o cargo de vice-presidente do Sindicato Nacional [&hellip;]","og_url":"https:\/\/gazetapernambucana.com\/?p=1608","article_published_time":"2025-08-27T00:04:39+00:00","og_image":[{"width":1200,"height":628,"url":"https:\/\/gazetapernambucana.com\/wp-content\/uploads\/2025\/08\/gabriel-2025-04-24t094057839.jpg","type":"image\/jpeg"}],"author":"GP","twitter_card":"summary_large_image","twitter_misc":{"Escrito por":"GP","Est. tempo de leitura":"3 minutos"},"schema":{"@context":"https:\/\/schema.org","@graph":[{"@type":"WebPage","@id":"https:\/\/gazetapernambucana.com\/?p=1608","url":"https:\/\/gazetapernambucana.com\/?p=1608","name":"CPMI do INSS: GOVERNO BLINDA E FREI CHICO, IRM\u00c3O DE LULA, N\u00c3O SER\u00c1 CONVOCADO PARA DEPOR -","isPartOf":{"@id":"https:\/\/gazetapernambucana.com\/#website"},"primaryImageOfPage":{"@id":"https:\/\/gazetapernambucana.com\/?p=1608#primaryimage"},"image":{"@id":"https:\/\/gazetapernambucana.com\/?p=1608#primaryimage"},"thumbnailUrl":"https:\/\/gazetapernambucana.com\/wp-content\/uploads\/2025\/08\/gabriel-2025-04-24t094057839.jpg","datePublished":"2025-08-27T00:04:39+00:00","author":{"@id":"https:\/\/gazetapernambucana.com\/#\/schema\/person\/188dc283325181ac2de4db1e9e987427"},"breadcrumb":{"@id":"https:\/\/gazetapernambucana.com\/?p=1608#breadcrumb"},"inLanguage":"pt-BR","potentialAction":[{"@type":"ReadAction","target":["https:\/\/gazetapernambucana.com\/?p=1608"]}]},{"@type":"ImageObject","inLanguage":"pt-BR","@id":"https:\/\/gazetapernambucana.com\/?p=1608#primaryimage","url":"https:\/\/gazetapernambucana.com\/wp-content\/uploads\/2025\/08\/gabriel-2025-04-24t094057839.jpg","contentUrl":"https:\/\/gazetapernambucana.com\/wp-content\/uploads\/2025\/08\/gabriel-2025-04-24t094057839.jpg","width":1200,"height":628},{"@type":"BreadcrumbList","@id":"https:\/\/gazetapernambucana.com\/?p=1608#breadcrumb","itemListElement":[{"@type":"ListItem","position":1,"name":"In\u00edcio","item":"https:\/\/gazetapernambucana.com\/"},{"@type":"ListItem","position":2,"name":"CPMI do INSS: GOVERNO BLINDA E FREI CHICO, IRM\u00c3O DE LULA, N\u00c3O SER\u00c1 CONVOCADO PARA DEPOR"}]},{"@type":"WebSite","@id":"https:\/\/gazetapernambucana.com\/#website","url":"https:\/\/gazetapernambucana.com\/","name":"","description":"","potentialAction":[{"@type":"SearchAction","target":{"@type":"EntryPoint","urlTemplate":"https:\/\/gazetapernambucana.com\/?s={search_term_string}"},"query-input":{"@type":"PropertyValueSpecification","valueRequired":true,"valueName":"search_term_string"}}],"inLanguage":"pt-BR"},{"@type":"Person","@id":"https:\/\/gazetapernambucana.com\/#\/schema\/person\/188dc283325181ac2de4db1e9e987427","name":"GP","image":{"@type":"ImageObject","inLanguage":"pt-BR","@id":"https:\/\/gazetapernambucana.com\/#\/schema\/person\/image\/","url":"https:\/\/secure.gravatar.com\/avatar\/9dad78ff9a2d8b5742d11779f8a3f53b052320c550b2e1907882353c067bb111?s=96&d=mm&r=g","contentUrl":"https:\/\/secure.gravatar.com\/avatar\/9dad78ff9a2d8b5742d11779f8a3f53b052320c550b2e1907882353c067bb111?s=96&d=mm&r=g","caption":"GP"},"sameAs":["http:\/\/gazetapernambucana.com"],"url":"https:\/\/gazetapernambucana.com\/?author=1"}]}},"jetpack_publicize_connections":[],"_links":{"self":[{"href":"https:\/\/gazetapernambucana.com\/index.php?rest_route=\/wp\/v2\/posts\/1608","targetHints":{"allow":["GET"]}}],"collection":[{"href":"https:\/\/gazetapernambucana.com\/index.php?rest_route=\/wp\/v2\/posts"}],"about":[{"href":"https:\/\/gazetapernambucana.com\/index.php?rest_route=\/wp\/v2\/types\/post"}],"author":[{"embeddable":true,"href":"https:\/\/gazetapernambucana.com\/index.php?rest_route=\/wp\/v2\/users\/1"}],"replies":[{"embeddable":true,"href":"https:\/\/gazetapernambucana.com\/index.php?rest_route=%2Fwp%2Fv2%2Fcomments&post=1608"}],"version-history":[{"count":1,"href":"https:\/\/gazetapernambucana.com\/index.php?rest_route=\/wp\/v2\/posts\/1608\/revisions"}],"predecessor-version":[{"id":1611,"href":"https:\/\/gazetapernambucana.com\/index.php?rest_route=\/wp\/v2\/posts\/1608\/revisions\/1611"}],"wp:featuredmedia":[{"embeddable":true,"href":"https:\/\/gazetapernambucana.com\/index.php?rest_route=\/wp\/v2\/media\/1610"}],"wp:attachment":[{"href":"https:\/\/gazetapernambucana.com\/index.php?rest_route=%2Fwp%2Fv2%2Fmedia&parent=1608"}],"wp:term":[{"taxonomy":"category","embeddable":true,"href":"https:\/\/gazetapernambucana.com\/index.php?rest_route=%2Fwp%2Fv2%2Fcategories&post=1608"},{"taxonomy":"post_tag","embeddable":true,"href":"https:\/\/gazetapernambucana.com\/index.php?rest_route=%2Fwp%2Fv2%2Ftags&post=1608"}],"curies":[{"name":"wp","href":"https:\/\/api.w.org\/{rel}","templated":true}]}}