{"id":1604,"date":"2025-08-26T19:04:20","date_gmt":"2025-08-26T22:04:20","guid":{"rendered":"https:\/\/gazetapernambucana.com\/?p=1604"},"modified":"2025-08-26T19:04:20","modified_gmt":"2025-08-26T22:04:20","slug":"ministro-da-educacao-prestigia-prefeitura-do-recife-e-agenda-ignora-governo-do-estado","status":"publish","type":"post","link":"https:\/\/gazetapernambucana.com\/?p=1604","title":{"rendered":"Ministro da Educa\u00e7\u00e3o prestigia Prefeitura do Recife e agenda ignora Governo do Estado"},"content":{"rendered":"<h4 data-start=\"115\" data-end=\"204\">Camilo Santana visita o Recife com foco em parcerias federais e municipais, sem confirma\u00e7\u00e3o de participa\u00e7\u00e3o da governadora Raquel Lyra, o que acende alertas sobre o alinhamento entre Uni\u00e3o e Estado<\/h4>\n<p><img loading=\"lazy\" decoding=\"async\" class=\"alignnone size-medium wp-image-174533\" src=\"https:\/\/flaviochaves.com.br\/wp-content\/uploads\/2025\/08\/coletiva-enem_mcamgo_abr_16012024-4-300x179.webp\" alt=\"\" width=\"300\" height=\"179\" \/><\/p>\n<p data-start=\"436\" data-end=\"813\">O ministro da Educa\u00e7\u00e3o, Camilo Santana, desembarca nesta quarta-feira (27) no Recife com uma agenda oficial centrada em compromissos com institui\u00e7\u00f5es federais e a Prefeitura do Recife, liderada por Jo\u00e3o Campos. Em nenhum momento, a programa\u00e7\u00e3o divulgada contempla atividades no Pal\u00e1cio do Campo das Princesas ou uma agenda conjunta com a governadora de Pernambuco, Raquel Lyra.<\/p>\n<p data-start=\"815\" data-end=\"1207\">O ponto mais simb\u00f3lico da visita ser\u00e1 a assinatura de conv\u00eanios e an\u00fancio de investimentos para o Instituto Federal de Pernambuco (IFPE), com cerim\u00f4nia marcada para acontecer no pr\u00e9dio da Prefeitura do Recife. O ato contar\u00e1 com a participa\u00e7\u00e3o direta do prefeito Jo\u00e3o Campos, que j\u00e1 protagonizou acordos expressivos com o governo federal em \u00e1reas como educa\u00e7\u00e3o b\u00e1sica e infraestrutura escolar.<\/p>\n<p data-start=\"1209\" data-end=\"1704\">At\u00e9 o momento do fechamento desta mat\u00e9ria, a presen\u00e7a da governadora Raquel Lyra n\u00e3o constava na agenda oficial do Governo do Estado, o que refor\u00e7a a percep\u00e7\u00e3o de aus\u00eancia institucional do Executivo estadual nos compromissos do ministro da Educa\u00e7\u00e3o em solo pernambucano. A governadora, apesar de chefiar a rede estadual de ensino, tamb\u00e9m n\u00e3o foi confirmada nas demais atividades do dia, incluindo o aul\u00e3o do ENEM que ocorrer\u00e1 no Gin\u00e1sio Pernambucano, escola da rede estadual, no turno da manh\u00e3.<\/p>\n<p data-start=\"1706\" data-end=\"2160\">O gesto do Minist\u00e9rio da Educa\u00e7\u00e3o pode ser interpretado como um sinal estrat\u00e9gico de aproxima\u00e7\u00e3o com a Prefeitura do Recife e uma valoriza\u00e7\u00e3o do capital pol\u00edtico de Jo\u00e3o Campos, nome em crescente proje\u00e7\u00e3o nacional. Ao mesmo tempo, a exclus\u00e3o da esfera estadual da agenda refor\u00e7a uma poss\u00edvel linha de distanciamento ou prud\u00eancia institucional em rela\u00e7\u00e3o ao governo de Raquel Lyra, cuja base pol\u00edtica n\u00e3o integra o n\u00facleo duro de apoio ao presidente Lula.<\/p>\n<p data-start=\"2162\" data-end=\"2560\">Nos bastidores, a leitura \u00e9 de que h\u00e1 um movimento de reconfigura\u00e7\u00e3o de alian\u00e7as em Pernambuco, onde o governo federal parece escolher com cautela os palanques que deseja valorizar. A presen\u00e7a destacada do ministro ao lado do prefeito do Recife, e a aus\u00eancia da governadora nos an\u00fancios oficiais, ainda que de forma velada, envia um recado que certamente ser\u00e1 percebido por atores pol\u00edticos locais.<\/p>\n<p data-start=\"2562\" data-end=\"2879\">A mat\u00e9ria n\u00e3o aponta rompimentos, mas evidencia um cen\u00e1rio onde o simbolismo dos gestos institucionais tem peso pol\u00edtico. A escolha de onde e com quem anunciar investimentos, especialmente em ano pr\u00e9-eleitoral, \u00e9 parte fundamental do xadrez federativo e sinaliza muito mais do que o simples cumprimento de uma agenda.<\/p>\n","protected":false},"excerpt":{"rendered":"<p>Camilo Santana visita o Recife com foco em parcerias federais e municipais, sem confirma\u00e7\u00e3o de participa\u00e7\u00e3o da governadora Raquel Lyra, o que acende alertas sobre o alinhamento entre Uni\u00e3o e Estado O ministro da Educa\u00e7\u00e3o, Camilo Santana, desembarca nesta quarta-feira (27) no Recife com uma agenda oficial centrada em compromissos com institui\u00e7\u00f5es federais e a [&hellip;]<\/p>\n","protected":false},"author":1,"featured_media":1605,"comment_status":"open","ping_status":"open","sticky":false,"template":"","format":"standard","meta":{"footnotes":"","jetpack_publicize_message":"","jetpack_publicize_feature_enabled":true,"jetpack_social_post_already_shared":true,"jetpack_social_options":{"image_generator_settings":{"template":"highway","default_image_id":0,"font":"","enabled":false},"version":2}},"categories":[37,1,65],"tags":[],"class_list":["post-1604","post","type-post","status-publish","format-standard","has-post-thumbnail","hentry","category-https-gazetapernambucana-com-page_id212","category-https-gazetapernambucana-com-page_id225","category-politica"],"yoast_head":"<!-- This site is optimized with the Yoast SEO plugin v24.5 - https:\/\/yoast.com\/wordpress\/plugins\/seo\/ -->\n<title>Ministro da Educa\u00e7\u00e3o prestigia Prefeitura do Recife e agenda ignora Governo do Estado -<\/title>\n<meta name=\"robots\" content=\"index, follow, max-snippet:-1, max-image-preview:large, max-video-preview:-1\" \/>\n<link rel=\"canonical\" href=\"https:\/\/gazetapernambucana.com\/?p=1604\" \/>\n<meta property=\"og:locale\" content=\"pt_BR\" \/>\n<meta property=\"og:type\" content=\"article\" \/>\n<meta property=\"og:title\" content=\"Ministro da Educa\u00e7\u00e3o prestigia Prefeitura do Recife e agenda ignora Governo do Estado -\" \/>\n<meta property=\"og:description\" content=\"Camilo Santana visita o Recife com foco em parcerias federais e municipais, sem confirma\u00e7\u00e3o de participa\u00e7\u00e3o da governadora Raquel Lyra, o que acende alertas sobre o alinhamento entre Uni\u00e3o e Estado O ministro da Educa\u00e7\u00e3o, Camilo Santana, desembarca nesta quarta-feira (27) no Recife com uma agenda oficial centrada em compromissos com institui\u00e7\u00f5es federais e a [&hellip;]\" \/>\n<meta property=\"og:url\" content=\"https:\/\/gazetapernambucana.com\/?p=1604\" \/>\n<meta property=\"article:published_time\" content=\"2025-08-26T22:04:20+00:00\" \/>\n<meta property=\"og:image\" content=\"https:\/\/gazetapernambucana.com\/wp-content\/uploads\/2025\/08\/coletiva-enem_mcamgo_abr_16012024-4.webp\" \/>\n\t<meta property=\"og:image:width\" content=\"1170\" \/>\n\t<meta property=\"og:image:height\" content=\"700\" \/>\n\t<meta property=\"og:image:type\" content=\"image\/webp\" \/>\n<meta name=\"author\" content=\"GP\" \/>\n<meta name=\"twitter:card\" content=\"summary_large_image\" \/>\n<meta name=\"twitter:label1\" content=\"Escrito por\" \/>\n\t<meta name=\"twitter:data1\" content=\"GP\" \/>\n\t<meta name=\"twitter:label2\" content=\"Est. tempo de leitura\" \/>\n\t<meta name=\"twitter:data2\" content=\"3 minutos\" \/>\n<script type=\"application\/ld+json\" class=\"yoast-schema-graph\">{\"@context\":\"https:\/\/schema.org\",\"@graph\":[{\"@type\":\"WebPage\",\"@id\":\"https:\/\/gazetapernambucana.com\/?p=1604\",\"url\":\"https:\/\/gazetapernambucana.com\/?p=1604\",\"name\":\"Ministro da Educa\u00e7\u00e3o prestigia Prefeitura do Recife e agenda ignora Governo do Estado -\",\"isPartOf\":{\"@id\":\"https:\/\/gazetapernambucana.com\/#website\"},\"primaryImageOfPage\":{\"@id\":\"https:\/\/gazetapernambucana.com\/?p=1604#primaryimage\"},\"image\":{\"@id\":\"https:\/\/gazetapernambucana.com\/?p=1604#primaryimage\"},\"thumbnailUrl\":\"https:\/\/gazetapernambucana.com\/wp-content\/uploads\/2025\/08\/coletiva-enem_mcamgo_abr_16012024-4.webp\",\"datePublished\":\"2025-08-26T22:04:20+00:00\",\"author\":{\"@id\":\"https:\/\/gazetapernambucana.com\/#\/schema\/person\/188dc283325181ac2de4db1e9e987427\"},\"breadcrumb\":{\"@id\":\"https:\/\/gazetapernambucana.com\/?p=1604#breadcrumb\"},\"inLanguage\":\"pt-BR\",\"potentialAction\":[{\"@type\":\"ReadAction\",\"target\":[\"https:\/\/gazetapernambucana.com\/?p=1604\"]}]},{\"@type\":\"ImageObject\",\"inLanguage\":\"pt-BR\",\"@id\":\"https:\/\/gazetapernambucana.com\/?p=1604#primaryimage\",\"url\":\"https:\/\/gazetapernambucana.com\/wp-content\/uploads\/2025\/08\/coletiva-enem_mcamgo_abr_16012024-4.webp\",\"contentUrl\":\"https:\/\/gazetapernambucana.com\/wp-content\/uploads\/2025\/08\/coletiva-enem_mcamgo_abr_16012024-4.webp\",\"width\":1170,\"height\":700},{\"@type\":\"BreadcrumbList\",\"@id\":\"https:\/\/gazetapernambucana.com\/?p=1604#breadcrumb\",\"itemListElement\":[{\"@type\":\"ListItem\",\"position\":1,\"name\":\"In\u00edcio\",\"item\":\"https:\/\/gazetapernambucana.com\/\"},{\"@type\":\"ListItem\",\"position\":2,\"name\":\"Ministro da Educa\u00e7\u00e3o prestigia Prefeitura do Recife e agenda ignora Governo do Estado\"}]},{\"@type\":\"WebSite\",\"@id\":\"https:\/\/gazetapernambucana.com\/#website\",\"url\":\"https:\/\/gazetapernambucana.com\/\",\"name\":\"\",\"description\":\"\",\"potentialAction\":[{\"@type\":\"SearchAction\",\"target\":{\"@type\":\"EntryPoint\",\"urlTemplate\":\"https:\/\/gazetapernambucana.com\/?s={search_term_string}\"},\"query-input\":{\"@type\":\"PropertyValueSpecification\",\"valueRequired\":true,\"valueName\":\"search_term_string\"}}],\"inLanguage\":\"pt-BR\"},{\"@type\":\"Person\",\"@id\":\"https:\/\/gazetapernambucana.com\/#\/schema\/person\/188dc283325181ac2de4db1e9e987427\",\"name\":\"GP\",\"image\":{\"@type\":\"ImageObject\",\"inLanguage\":\"pt-BR\",\"@id\":\"https:\/\/gazetapernambucana.com\/#\/schema\/person\/image\/\",\"url\":\"https:\/\/secure.gravatar.com\/avatar\/9dad78ff9a2d8b5742d11779f8a3f53b052320c550b2e1907882353c067bb111?s=96&d=mm&r=g\",\"contentUrl\":\"https:\/\/secure.gravatar.com\/avatar\/9dad78ff9a2d8b5742d11779f8a3f53b052320c550b2e1907882353c067bb111?s=96&d=mm&r=g\",\"caption\":\"GP\"},\"sameAs\":[\"http:\/\/gazetapernambucana.com\"],\"url\":\"https:\/\/gazetapernambucana.com\/?author=1\"}]}<\/script>\n<!-- \/ Yoast SEO plugin. -->","yoast_head_json":{"title":"Ministro da Educa\u00e7\u00e3o prestigia Prefeitura do Recife e agenda ignora Governo do Estado -","robots":{"index":"index","follow":"follow","max-snippet":"max-snippet:-1","max-image-preview":"max-image-preview:large","max-video-preview":"max-video-preview:-1"},"canonical":"https:\/\/gazetapernambucana.com\/?p=1604","og_locale":"pt_BR","og_type":"article","og_title":"Ministro da Educa\u00e7\u00e3o prestigia Prefeitura do Recife e agenda ignora Governo do Estado -","og_description":"Camilo Santana visita o Recife com foco em parcerias federais e municipais, sem confirma\u00e7\u00e3o de participa\u00e7\u00e3o da governadora Raquel Lyra, o que acende alertas sobre o alinhamento entre Uni\u00e3o e Estado O ministro da Educa\u00e7\u00e3o, Camilo Santana, desembarca nesta quarta-feira (27) no Recife com uma agenda oficial centrada em compromissos com institui\u00e7\u00f5es federais e a [&hellip;]","og_url":"https:\/\/gazetapernambucana.com\/?p=1604","article_published_time":"2025-08-26T22:04:20+00:00","og_image":[{"width":1170,"height":700,"url":"https:\/\/gazetapernambucana.com\/wp-content\/uploads\/2025\/08\/coletiva-enem_mcamgo_abr_16012024-4.webp","type":"image\/webp"}],"author":"GP","twitter_card":"summary_large_image","twitter_misc":{"Escrito por":"GP","Est. tempo de leitura":"3 minutos"},"schema":{"@context":"https:\/\/schema.org","@graph":[{"@type":"WebPage","@id":"https:\/\/gazetapernambucana.com\/?p=1604","url":"https:\/\/gazetapernambucana.com\/?p=1604","name":"Ministro da Educa\u00e7\u00e3o prestigia Prefeitura do Recife e agenda ignora Governo do Estado -","isPartOf":{"@id":"https:\/\/gazetapernambucana.com\/#website"},"primaryImageOfPage":{"@id":"https:\/\/gazetapernambucana.com\/?p=1604#primaryimage"},"image":{"@id":"https:\/\/gazetapernambucana.com\/?p=1604#primaryimage"},"thumbnailUrl":"https:\/\/gazetapernambucana.com\/wp-content\/uploads\/2025\/08\/coletiva-enem_mcamgo_abr_16012024-4.webp","datePublished":"2025-08-26T22:04:20+00:00","author":{"@id":"https:\/\/gazetapernambucana.com\/#\/schema\/person\/188dc283325181ac2de4db1e9e987427"},"breadcrumb":{"@id":"https:\/\/gazetapernambucana.com\/?p=1604#breadcrumb"},"inLanguage":"pt-BR","potentialAction":[{"@type":"ReadAction","target":["https:\/\/gazetapernambucana.com\/?p=1604"]}]},{"@type":"ImageObject","inLanguage":"pt-BR","@id":"https:\/\/gazetapernambucana.com\/?p=1604#primaryimage","url":"https:\/\/gazetapernambucana.com\/wp-content\/uploads\/2025\/08\/coletiva-enem_mcamgo_abr_16012024-4.webp","contentUrl":"https:\/\/gazetapernambucana.com\/wp-content\/uploads\/2025\/08\/coletiva-enem_mcamgo_abr_16012024-4.webp","width":1170,"height":700},{"@type":"BreadcrumbList","@id":"https:\/\/gazetapernambucana.com\/?p=1604#breadcrumb","itemListElement":[{"@type":"ListItem","position":1,"name":"In\u00edcio","item":"https:\/\/gazetapernambucana.com\/"},{"@type":"ListItem","position":2,"name":"Ministro da Educa\u00e7\u00e3o prestigia Prefeitura do Recife e agenda ignora Governo do Estado"}]},{"@type":"WebSite","@id":"https:\/\/gazetapernambucana.com\/#website","url":"https:\/\/gazetapernambucana.com\/","name":"","description":"","potentialAction":[{"@type":"SearchAction","target":{"@type":"EntryPoint","urlTemplate":"https:\/\/gazetapernambucana.com\/?s={search_term_string}"},"query-input":{"@type":"PropertyValueSpecification","valueRequired":true,"valueName":"search_term_string"}}],"inLanguage":"pt-BR"},{"@type":"Person","@id":"https:\/\/gazetapernambucana.com\/#\/schema\/person\/188dc283325181ac2de4db1e9e987427","name":"GP","image":{"@type":"ImageObject","inLanguage":"pt-BR","@id":"https:\/\/gazetapernambucana.com\/#\/schema\/person\/image\/","url":"https:\/\/secure.gravatar.com\/avatar\/9dad78ff9a2d8b5742d11779f8a3f53b052320c550b2e1907882353c067bb111?s=96&d=mm&r=g","contentUrl":"https:\/\/secure.gravatar.com\/avatar\/9dad78ff9a2d8b5742d11779f8a3f53b052320c550b2e1907882353c067bb111?s=96&d=mm&r=g","caption":"GP"},"sameAs":["http:\/\/gazetapernambucana.com"],"url":"https:\/\/gazetapernambucana.com\/?author=1"}]}},"jetpack_publicize_connections":[],"_links":{"self":[{"href":"https:\/\/gazetapernambucana.com\/index.php?rest_route=\/wp\/v2\/posts\/1604","targetHints":{"allow":["GET"]}}],"collection":[{"href":"https:\/\/gazetapernambucana.com\/index.php?rest_route=\/wp\/v2\/posts"}],"about":[{"href":"https:\/\/gazetapernambucana.com\/index.php?rest_route=\/wp\/v2\/types\/post"}],"author":[{"embeddable":true,"href":"https:\/\/gazetapernambucana.com\/index.php?rest_route=\/wp\/v2\/users\/1"}],"replies":[{"embeddable":true,"href":"https:\/\/gazetapernambucana.com\/index.php?rest_route=%2Fwp%2Fv2%2Fcomments&post=1604"}],"version-history":[{"count":1,"href":"https:\/\/gazetapernambucana.com\/index.php?rest_route=\/wp\/v2\/posts\/1604\/revisions"}],"predecessor-version":[{"id":1606,"href":"https:\/\/gazetapernambucana.com\/index.php?rest_route=\/wp\/v2\/posts\/1604\/revisions\/1606"}],"wp:featuredmedia":[{"embeddable":true,"href":"https:\/\/gazetapernambucana.com\/index.php?rest_route=\/wp\/v2\/media\/1605"}],"wp:attachment":[{"href":"https:\/\/gazetapernambucana.com\/index.php?rest_route=%2Fwp%2Fv2%2Fmedia&parent=1604"}],"wp:term":[{"taxonomy":"category","embeddable":true,"href":"https:\/\/gazetapernambucana.com\/index.php?rest_route=%2Fwp%2Fv2%2Fcategories&post=1604"},{"taxonomy":"post_tag","embeddable":true,"href":"https:\/\/gazetapernambucana.com\/index.php?rest_route=%2Fwp%2Fv2%2Ftags&post=1604"}],"curies":[{"name":"wp","href":"https:\/\/api.w.org\/{rel}","templated":true}]}}