{"id":1601,"date":"2025-08-26T14:46:29","date_gmt":"2025-08-26T17:46:29","guid":{"rendered":"https:\/\/gazetapernambucana.com\/?p=1601"},"modified":"2025-08-26T14:46:29","modified_gmt":"2025-08-26T17:46:29","slug":"jo-mazzarolo-quando-a-palavra-prolonga-a-vida-do-gesto-por-flavio-chaves","status":"publish","type":"post","link":"https:\/\/gazetapernambucana.com\/?p=1601","title":{"rendered":"J\u00f4 Mazzarolo, quando a palavra prolonga a vida do gesto. Por Fl\u00e1vio Chaves"},"content":{"rendered":"<p data-start=\"371\" data-end=\"883\"><img loading=\"lazy\" decoding=\"async\" class=\"alignnone size-medium wp-image-174529\" src=\"https:\/\/flaviochaves.com.br\/wp-content\/uploads\/2025\/08\/download-59-300x245.jpeg\" alt=\"\" width=\"300\" height=\"245\" \/> \u00a0 <strong data-start=\"149\" data-end=\"168\">Por Fl\u00e1vio Chaves \u2013 Jornalista, poeta, escritor e membro da Academia Pernambucana de Letras. Foi Delegado Federal\/Minc\u00a0 \u2013<\/strong> \u00a0Algumas figuras n\u00e3o precisam proclamar quem s\u00e3o. Imp\u00f5em-se pela firmeza do car\u00e1ter, pela coer\u00eancia dos atos e pela forma como atravessam \u00e9pocas sem se render a modismos ou alardes v\u00e3os. J\u00f4 Mazzarolo pertence a essa linhagem rara. Durante mais de duas d\u00e9cadas no comando do jornalismo da Globo em Recife, n\u00e3o apenas dirigiu uma reda\u00e7\u00e3o: moldou um modo de pensar comunica\u00e7\u00e3o como servi\u00e7o p\u00fablico, como espa\u00e7o de encontro e como pr\u00e1tica de dignidade. Em meio a tempos acelerados e superficiais, J\u00f4 semeava legado.<\/p>\n<p data-start=\"885\" data-end=\"1491\">Agora, volta a oferecer-se ao p\u00fablico sob outra forma. J\u00e1 n\u00e3o \u00e9 apenas a gestora respeitada nem a jornalista de prest\u00edgio consolidado: \u00e9 autora. E com a mesma delicadeza firme que sempre guiou sua trajet\u00f3ria, apresenta seu primeiro livro &#8220;Mude o Conceito \u2013 Quando inovar n\u00e3o era op\u00e7\u00e3o&#8221;. O t\u00edtulo sintetiza o esp\u00edrito da obra. J\u00f4 n\u00e3o narra apenas experi\u00eancias, ela compartilha o itiner\u00e1rio \u00edntimo de quem soube, em momentos decisivos, escolher caminhos diferentes quando a repeti\u00e7\u00e3o seria mais confort\u00e1vel, recuar quando a imposi\u00e7\u00e3o era tentadora, escutar quando muitos preferiam sobrepor a pr\u00f3pria voz.<\/p>\n<p data-start=\"1493\" data-end=\"1989\">Os cap\u00edtulos n\u00e3o obedecem \u00e0 ordem cronol\u00f3gica das vit\u00f3rias f\u00e1ceis. S\u00e3o quadros de um percurso cheio de decis\u00f5es arriscadas, de experi\u00eancias transformadas em aprendizado, de intui\u00e7\u00f5es que se confirmaram com o tempo. Em lugar de receitas, ela oferece horizontes. No lugar de conclus\u00f5es fechadas, convida \u00e0 reflex\u00e3o. Essa sempre foi a ess\u00eancia de sua lideran\u00e7a: olhar para al\u00e9m da superf\u00edcie, respeitar a for\u00e7a coletiva, abrir espa\u00e7o para que a mudan\u00e7a acontecesse sem estardalha\u00e7o, mas com consist\u00eancia.<\/p>\n<p data-start=\"1991\" data-end=\"2450\">O lan\u00e7amento em Recife, entre leitores, amigos e colegas, n\u00e3o foi espet\u00e1culo. Foi encontro com o calor e a ternura da escritora. J\u00f4 manteve-se fiel ao seu estilo: generosa, discreta, serena. N\u00e3o havia a pose de quem busca aplauso, mas a naturalidade de quem compartilha uma parte \u00edntima de si. A mesma mulher que conduziu o jornalismo nordestino com vis\u00e3o estrat\u00e9gica agora se deixa ler em outra dimens\u00e3o, a da mem\u00f3ria transformada em palavra, a da experi\u00eancia decantada em literatura de vida.<\/p>\n<p data-start=\"2452\" data-end=\"2996\">A escritora que agora surge n\u00e3o rompe com a jornalista. \u00c9 a mesma voz, em registro diferente. O livro n\u00e3o se prop\u00f5e a eternizar feitos, mas a renovar sentidos. Em cada p\u00e1gina, o leitor encontra a marca de uma mulher que sempre soube que inovar n\u00e3o \u00e9 inven\u00e7\u00e3o moment\u00e2nea: \u00e9 atitude diante do mundo. O legado de J\u00f4 j\u00e1 estava firmado na hist\u00f3ria da televis\u00e3o e na mem\u00f3ria de tantos profissionais que com ela conviveram. Agora se prolonga em papel, com a vantagem de poder ser relido, anotado, guardado como se guarda algo que n\u00e3o se quer perder.<\/p>\n<p data-start=\"2998\" data-end=\"3476\">&#8220;Mude o Conceito&#8221; \u00e9 mais do que uma lembran\u00e7a de tempos de transforma\u00e7\u00e3o. \u00c9 um convite ao pensamento cr\u00edtico e \u00e0 coragem de rever certezas. \u00c9 tamb\u00e9m a reafirma\u00e7\u00e3o de que o verdadeiro poder n\u00e3o se traduz em autoridade ruidosa, mas na capacidade de inspirar mudan\u00e7as duradouras. J\u00f4 Mazzarolo continua, e continuar\u00e1, porque tudo o que faz ecoa al\u00e9m do instante. E quando a palavra se alia a uma vida de escolhas firmes, o que se escreve deixa de ser registro: torna-se destino.<\/p>\n","protected":false},"excerpt":{"rendered":"<p>\u00a0 Por Fl\u00e1vio Chaves \u2013 Jornalista, poeta, escritor e membro da Academia Pernambucana de Letras. Foi Delegado Federal\/Minc\u00a0 \u2013 \u00a0Algumas figuras n\u00e3o precisam proclamar quem s\u00e3o. Imp\u00f5em-se pela firmeza do car\u00e1ter, pela coer\u00eancia dos atos e pela forma como atravessam \u00e9pocas sem se render a modismos ou alardes v\u00e3os. J\u00f4 Mazzarolo pertence a essa linhagem [&hellip;]<\/p>\n","protected":false},"author":1,"featured_media":1602,"comment_status":"open","ping_status":"open","sticky":false,"template":"","format":"standard","meta":{"footnotes":"","jetpack_publicize_message":"","jetpack_publicize_feature_enabled":true,"jetpack_social_post_already_shared":true,"jetpack_social_options":{"image_generator_settings":{"template":"highway","default_image_id":0,"font":"","enabled":false},"version":2}},"categories":[1,35,46],"tags":[],"class_list":["post-1601","post","type-post","status-publish","format-standard","has-post-thumbnail","hentry","category-https-gazetapernambucana-com-page_id225","category-https-gazetapernambucana-com-page_id218","category-literatura"],"yoast_head":"<!-- This site is optimized with the Yoast SEO plugin v24.5 - https:\/\/yoast.com\/wordpress\/plugins\/seo\/ -->\n<title>J\u00f4 Mazzarolo, quando a palavra prolonga a vida do gesto. Por Fl\u00e1vio Chaves -<\/title>\n<meta name=\"robots\" content=\"index, follow, max-snippet:-1, max-image-preview:large, max-video-preview:-1\" \/>\n<link rel=\"canonical\" href=\"https:\/\/gazetapernambucana.com\/?p=1601\" \/>\n<meta property=\"og:locale\" content=\"pt_BR\" \/>\n<meta property=\"og:type\" content=\"article\" \/>\n<meta property=\"og:title\" content=\"J\u00f4 Mazzarolo, quando a palavra prolonga a vida do gesto. Por Fl\u00e1vio Chaves -\" \/>\n<meta property=\"og:description\" content=\"\u00a0 Por Fl\u00e1vio Chaves \u2013 Jornalista, poeta, escritor e membro da Academia Pernambucana de Letras. Foi Delegado Federal\/Minc\u00a0 \u2013 \u00a0Algumas figuras n\u00e3o precisam proclamar quem s\u00e3o. Imp\u00f5em-se pela firmeza do car\u00e1ter, pela coer\u00eancia dos atos e pela forma como atravessam \u00e9pocas sem se render a modismos ou alardes v\u00e3os. J\u00f4 Mazzarolo pertence a essa linhagem [&hellip;]\" \/>\n<meta property=\"og:url\" content=\"https:\/\/gazetapernambucana.com\/?p=1601\" \/>\n<meta property=\"article:published_time\" content=\"2025-08-26T17:46:29+00:00\" \/>\n<meta property=\"og:image\" content=\"https:\/\/gazetapernambucana.com\/wp-content\/uploads\/2025\/08\/download-59.jpeg\" \/>\n\t<meta property=\"og:image:width\" content=\"603\" \/>\n\t<meta property=\"og:image:height\" content=\"492\" \/>\n\t<meta property=\"og:image:type\" content=\"image\/jpeg\" \/>\n<meta name=\"author\" content=\"GP\" \/>\n<meta name=\"twitter:card\" content=\"summary_large_image\" \/>\n<meta name=\"twitter:label1\" content=\"Escrito por\" \/>\n\t<meta name=\"twitter:data1\" content=\"GP\" \/>\n\t<meta name=\"twitter:label2\" content=\"Est. tempo de leitura\" \/>\n\t<meta name=\"twitter:data2\" content=\"4 minutos\" \/>\n<script type=\"application\/ld+json\" class=\"yoast-schema-graph\">{\"@context\":\"https:\/\/schema.org\",\"@graph\":[{\"@type\":\"WebPage\",\"@id\":\"https:\/\/gazetapernambucana.com\/?p=1601\",\"url\":\"https:\/\/gazetapernambucana.com\/?p=1601\",\"name\":\"J\u00f4 Mazzarolo, quando a palavra prolonga a vida do gesto. Por Fl\u00e1vio Chaves -\",\"isPartOf\":{\"@id\":\"https:\/\/gazetapernambucana.com\/#website\"},\"primaryImageOfPage\":{\"@id\":\"https:\/\/gazetapernambucana.com\/?p=1601#primaryimage\"},\"image\":{\"@id\":\"https:\/\/gazetapernambucana.com\/?p=1601#primaryimage\"},\"thumbnailUrl\":\"https:\/\/gazetapernambucana.com\/wp-content\/uploads\/2025\/08\/download-59.jpeg\",\"datePublished\":\"2025-08-26T17:46:29+00:00\",\"author\":{\"@id\":\"https:\/\/gazetapernambucana.com\/#\/schema\/person\/188dc283325181ac2de4db1e9e987427\"},\"breadcrumb\":{\"@id\":\"https:\/\/gazetapernambucana.com\/?p=1601#breadcrumb\"},\"inLanguage\":\"pt-BR\",\"potentialAction\":[{\"@type\":\"ReadAction\",\"target\":[\"https:\/\/gazetapernambucana.com\/?p=1601\"]}]},{\"@type\":\"ImageObject\",\"inLanguage\":\"pt-BR\",\"@id\":\"https:\/\/gazetapernambucana.com\/?p=1601#primaryimage\",\"url\":\"https:\/\/gazetapernambucana.com\/wp-content\/uploads\/2025\/08\/download-59.jpeg\",\"contentUrl\":\"https:\/\/gazetapernambucana.com\/wp-content\/uploads\/2025\/08\/download-59.jpeg\",\"width\":603,\"height\":492},{\"@type\":\"BreadcrumbList\",\"@id\":\"https:\/\/gazetapernambucana.com\/?p=1601#breadcrumb\",\"itemListElement\":[{\"@type\":\"ListItem\",\"position\":1,\"name\":\"In\u00edcio\",\"item\":\"https:\/\/gazetapernambucana.com\/\"},{\"@type\":\"ListItem\",\"position\":2,\"name\":\"J\u00f4 Mazzarolo, quando a palavra prolonga a vida do gesto. Por Fl\u00e1vio Chaves\"}]},{\"@type\":\"WebSite\",\"@id\":\"https:\/\/gazetapernambucana.com\/#website\",\"url\":\"https:\/\/gazetapernambucana.com\/\",\"name\":\"\",\"description\":\"\",\"potentialAction\":[{\"@type\":\"SearchAction\",\"target\":{\"@type\":\"EntryPoint\",\"urlTemplate\":\"https:\/\/gazetapernambucana.com\/?s={search_term_string}\"},\"query-input\":{\"@type\":\"PropertyValueSpecification\",\"valueRequired\":true,\"valueName\":\"search_term_string\"}}],\"inLanguage\":\"pt-BR\"},{\"@type\":\"Person\",\"@id\":\"https:\/\/gazetapernambucana.com\/#\/schema\/person\/188dc283325181ac2de4db1e9e987427\",\"name\":\"GP\",\"image\":{\"@type\":\"ImageObject\",\"inLanguage\":\"pt-BR\",\"@id\":\"https:\/\/gazetapernambucana.com\/#\/schema\/person\/image\/\",\"url\":\"https:\/\/secure.gravatar.com\/avatar\/9dad78ff9a2d8b5742d11779f8a3f53b052320c550b2e1907882353c067bb111?s=96&d=mm&r=g\",\"contentUrl\":\"https:\/\/secure.gravatar.com\/avatar\/9dad78ff9a2d8b5742d11779f8a3f53b052320c550b2e1907882353c067bb111?s=96&d=mm&r=g\",\"caption\":\"GP\"},\"sameAs\":[\"http:\/\/gazetapernambucana.com\"],\"url\":\"https:\/\/gazetapernambucana.com\/?author=1\"}]}<\/script>\n<!-- \/ Yoast SEO plugin. -->","yoast_head_json":{"title":"J\u00f4 Mazzarolo, quando a palavra prolonga a vida do gesto. Por Fl\u00e1vio Chaves -","robots":{"index":"index","follow":"follow","max-snippet":"max-snippet:-1","max-image-preview":"max-image-preview:large","max-video-preview":"max-video-preview:-1"},"canonical":"https:\/\/gazetapernambucana.com\/?p=1601","og_locale":"pt_BR","og_type":"article","og_title":"J\u00f4 Mazzarolo, quando a palavra prolonga a vida do gesto. Por Fl\u00e1vio Chaves -","og_description":"\u00a0 Por Fl\u00e1vio Chaves \u2013 Jornalista, poeta, escritor e membro da Academia Pernambucana de Letras. Foi Delegado Federal\/Minc\u00a0 \u2013 \u00a0Algumas figuras n\u00e3o precisam proclamar quem s\u00e3o. Imp\u00f5em-se pela firmeza do car\u00e1ter, pela coer\u00eancia dos atos e pela forma como atravessam \u00e9pocas sem se render a modismos ou alardes v\u00e3os. J\u00f4 Mazzarolo pertence a essa linhagem [&hellip;]","og_url":"https:\/\/gazetapernambucana.com\/?p=1601","article_published_time":"2025-08-26T17:46:29+00:00","og_image":[{"width":603,"height":492,"url":"https:\/\/gazetapernambucana.com\/wp-content\/uploads\/2025\/08\/download-59.jpeg","type":"image\/jpeg"}],"author":"GP","twitter_card":"summary_large_image","twitter_misc":{"Escrito por":"GP","Est. tempo de leitura":"4 minutos"},"schema":{"@context":"https:\/\/schema.org","@graph":[{"@type":"WebPage","@id":"https:\/\/gazetapernambucana.com\/?p=1601","url":"https:\/\/gazetapernambucana.com\/?p=1601","name":"J\u00f4 Mazzarolo, quando a palavra prolonga a vida do gesto. Por Fl\u00e1vio Chaves -","isPartOf":{"@id":"https:\/\/gazetapernambucana.com\/#website"},"primaryImageOfPage":{"@id":"https:\/\/gazetapernambucana.com\/?p=1601#primaryimage"},"image":{"@id":"https:\/\/gazetapernambucana.com\/?p=1601#primaryimage"},"thumbnailUrl":"https:\/\/gazetapernambucana.com\/wp-content\/uploads\/2025\/08\/download-59.jpeg","datePublished":"2025-08-26T17:46:29+00:00","author":{"@id":"https:\/\/gazetapernambucana.com\/#\/schema\/person\/188dc283325181ac2de4db1e9e987427"},"breadcrumb":{"@id":"https:\/\/gazetapernambucana.com\/?p=1601#breadcrumb"},"inLanguage":"pt-BR","potentialAction":[{"@type":"ReadAction","target":["https:\/\/gazetapernambucana.com\/?p=1601"]}]},{"@type":"ImageObject","inLanguage":"pt-BR","@id":"https:\/\/gazetapernambucana.com\/?p=1601#primaryimage","url":"https:\/\/gazetapernambucana.com\/wp-content\/uploads\/2025\/08\/download-59.jpeg","contentUrl":"https:\/\/gazetapernambucana.com\/wp-content\/uploads\/2025\/08\/download-59.jpeg","width":603,"height":492},{"@type":"BreadcrumbList","@id":"https:\/\/gazetapernambucana.com\/?p=1601#breadcrumb","itemListElement":[{"@type":"ListItem","position":1,"name":"In\u00edcio","item":"https:\/\/gazetapernambucana.com\/"},{"@type":"ListItem","position":2,"name":"J\u00f4 Mazzarolo, quando a palavra prolonga a vida do gesto. Por Fl\u00e1vio Chaves"}]},{"@type":"WebSite","@id":"https:\/\/gazetapernambucana.com\/#website","url":"https:\/\/gazetapernambucana.com\/","name":"","description":"","potentialAction":[{"@type":"SearchAction","target":{"@type":"EntryPoint","urlTemplate":"https:\/\/gazetapernambucana.com\/?s={search_term_string}"},"query-input":{"@type":"PropertyValueSpecification","valueRequired":true,"valueName":"search_term_string"}}],"inLanguage":"pt-BR"},{"@type":"Person","@id":"https:\/\/gazetapernambucana.com\/#\/schema\/person\/188dc283325181ac2de4db1e9e987427","name":"GP","image":{"@type":"ImageObject","inLanguage":"pt-BR","@id":"https:\/\/gazetapernambucana.com\/#\/schema\/person\/image\/","url":"https:\/\/secure.gravatar.com\/avatar\/9dad78ff9a2d8b5742d11779f8a3f53b052320c550b2e1907882353c067bb111?s=96&d=mm&r=g","contentUrl":"https:\/\/secure.gravatar.com\/avatar\/9dad78ff9a2d8b5742d11779f8a3f53b052320c550b2e1907882353c067bb111?s=96&d=mm&r=g","caption":"GP"},"sameAs":["http:\/\/gazetapernambucana.com"],"url":"https:\/\/gazetapernambucana.com\/?author=1"}]}},"jetpack_publicize_connections":[],"_links":{"self":[{"href":"https:\/\/gazetapernambucana.com\/index.php?rest_route=\/wp\/v2\/posts\/1601","targetHints":{"allow":["GET"]}}],"collection":[{"href":"https:\/\/gazetapernambucana.com\/index.php?rest_route=\/wp\/v2\/posts"}],"about":[{"href":"https:\/\/gazetapernambucana.com\/index.php?rest_route=\/wp\/v2\/types\/post"}],"author":[{"embeddable":true,"href":"https:\/\/gazetapernambucana.com\/index.php?rest_route=\/wp\/v2\/users\/1"}],"replies":[{"embeddable":true,"href":"https:\/\/gazetapernambucana.com\/index.php?rest_route=%2Fwp%2Fv2%2Fcomments&post=1601"}],"version-history":[{"count":1,"href":"https:\/\/gazetapernambucana.com\/index.php?rest_route=\/wp\/v2\/posts\/1601\/revisions"}],"predecessor-version":[{"id":1603,"href":"https:\/\/gazetapernambucana.com\/index.php?rest_route=\/wp\/v2\/posts\/1601\/revisions\/1603"}],"wp:featuredmedia":[{"embeddable":true,"href":"https:\/\/gazetapernambucana.com\/index.php?rest_route=\/wp\/v2\/media\/1602"}],"wp:attachment":[{"href":"https:\/\/gazetapernambucana.com\/index.php?rest_route=%2Fwp%2Fv2%2Fmedia&parent=1601"}],"wp:term":[{"taxonomy":"category","embeddable":true,"href":"https:\/\/gazetapernambucana.com\/index.php?rest_route=%2Fwp%2Fv2%2Fcategories&post=1601"},{"taxonomy":"post_tag","embeddable":true,"href":"https:\/\/gazetapernambucana.com\/index.php?rest_route=%2Fwp%2Fv2%2Ftags&post=1601"}],"curies":[{"name":"wp","href":"https:\/\/api.w.org\/{rel}","templated":true}]}}