{"id":1584,"date":"2025-08-24T15:18:03","date_gmt":"2025-08-24T18:18:03","guid":{"rendered":"https:\/\/gazetapernambucana.com\/?p=1584"},"modified":"2025-08-24T15:19:10","modified_gmt":"2025-08-24T18:19:10","slug":"conversas-de-1-2-minuto-44-advogados-i-de-ii-por-jose-paulo-cavalcanti-filho","status":"publish","type":"post","link":"https:\/\/gazetapernambucana.com\/?p=1584","title":{"rendered":"Conversas de 1\/2 minuto (44)- Advogados (I de II). Por Jos\u00e9 Paulo Cavalcanti Filho"},"content":{"rendered":"<div class=\"byline\"><\/div>\n<div class=\"entry-content\">\n<p><img loading=\"lazy\" decoding=\"async\" class=\"alignnone size-full wp-image-173868\" src=\"https:\/\/flaviochaves.com.br\/wp-content\/uploads\/2025\/05\/11f77e6d8a8e346bc312bf2719fc2e63-2-300x147-1.webp\" alt=\"\" width=\"300\" height=\"147\" \/>\u00a0 \u00a0 \u00a0\u00a0<strong>Por Jos\u00e9 Paulo Cavalcanti Filho \u00a0\u2013 \u00a0Escritor, poeta, membro das Academias Pernambucana de Letras, Brasileira de Letras e Portuguesa de Letras. \u00c9\u00a0 um dos maiores conhecedores da obra de Fernando Pessoa. Integrou a Comiss\u00e3o da Verdade\u00a0 \u00a0\u2013\u00a0<\/strong>\u00a0\u00a0 Agosto \u00e9 o m\u00eas dos advogados. Por conta disso, seguem duas colunas em sequ\u00eancia, s\u00f3 com n\u00f3s. Em livro que estou escrevendo (t\u00edtulo da coluna).<\/p>\n<p><strong>ADMALDO MATOS,<\/strong>\u00a0<em>advogado e secret\u00e1rio da Fazenda de Pernambuco<\/em>. Com caso para decidir, no tempo da\u00a0<em>Redentora,\u00a0<\/em>pediu parecer ao procurador Jo\u00e3o Pinheiro Lins e este<\/p>\n<p>? O que deseja?<\/p>\n<p>? Apenas diga o que deve ser feito.<\/p>\n<p>E Jo\u00e3o, balan\u00e7ando os dedos no seu rosto,<\/p>\n<p>? Est\u00e1 pensando o qu\u00ea? Eu n\u00e3o estou aqui para cumprir nenhuma lei, seu doutor, meu papel \u00e9 s\u00f3 dar fundamento jur\u00eddico \u00e0s arbitrariedades da administra\u00e7\u00e3o.<\/p>\n<p><strong>ARAMIS TRINDADE<\/strong>,\u00a0<em>advogado.\u00a0<\/em>Mostrou jornal com aqueles an\u00fancios, depois que um parente falece, \u201cA fam\u00edlia agradece, ao dr\u2026\u00a0 (nome), o esfor\u00e7o e a dedica\u00e7\u00e3o na morte de nosso parente\u201d. E nos contou sonho que tinha sempre, depois que um cliente seu era condenado (a por exemplo 30 anos de pris\u00e3o), o de ver<\/p>\n<p>? A fam\u00edlia agradece, ao dr. Aramis, o esfor\u00e7o e a dedica\u00e7\u00e3o que teve na condena\u00e7\u00e3o de nosso parente.<\/p>\n<p><strong>EVANDRO LINS E SILVA,\u00a0<\/strong><em>penalista.<\/em>\u00a0Fomos nomeados em procura\u00e7\u00e3o, por ABI e OAB, para requerer o impeachment do presidente Collor. E de sexta a domingo, durante meses, nos reunimos na OAB Federal para redigir. O Ministro Evandro, respons\u00e1vel na peti\u00e7\u00e3o pelos temas de Direito Penal, come\u00e7ou a ler discurso que preparou para a sess\u00e3o do Senado<\/p>\n<p>\u2013 As rela\u00e7\u00f5es entre Collor e P C Farias s\u00e3o esp\u00farias, um con\u00fabio, um contub\u00e9rnio.<\/p>\n<p>Sil\u00eancio na sala, ficou olhando e n\u00f3s dois parados. F\u00e1bio Konder Comparato, respons\u00e1vel pelo Direito Constitucional, se vira para mim<\/p>\n<p>\u2013 Fale, por favor.<\/p>\n<p>E eu, que redigi o resto, argumentei<\/p>\n<p>\u2013 Melhor voc\u00ea, que \u00e9 sobrinho dele.<\/p>\n<p>Evandro parou de ler, indignado,<\/p>\n<p>\u2013 Est\u00e3o achando ruim?<\/p>\n<p>\u2013 N\u00e3o \u00e9 isso, Ministro. Mas vai ter que escolher entre con\u00fabio (<em>casamento<\/em>) e contub\u00e9rnio (<em>concubinato<\/em>). Os dois, juntos, n\u00e3o pode.<\/p>\n<p>\u2013 Mas a frase est\u00e1 pedindo esse refor\u00e7o (repetiu, gesticulando, como se estivesse num j\u00fari). Acho que voc\u00eas nunca ser\u00e3o verdadeiros advogados que, para isso, precisam sentir gosto de sangue na boca.<\/p>\n<p>Depois, mais calmo, riscou o con\u00fabio. Collor acabou cassado. E vem, \u00e0 mem\u00f3ria, o \u00faltimo par\u00e1grafo de nossas Alega\u00e7\u00f5es Finais<\/p>\n<p>\u2013 No meio deste processo que abalou a Na\u00e7\u00e3o foi descoberto, no s\u00f3t\u00e3o obscuro da vida privada do denunciado, seu verdadeiro retrato. Era Dorian Gray. A personalidade do jovem esbelto e formoso, de olhar altivo e gestos imponentes, apareceu na tela, pintada no seu lado moral, a horrenda figura da corrup\u00e7\u00e3o, do v\u00edcio e da fraude. Todos puderam ver que a personagem p\u00fablica era uma burla e o retrato escondido, a realidade.<\/p>\n<p><strong>\u00a0<\/strong><strong>FERNANDO LYRA,\u00a0<\/strong><em>ministro da Justi\u00e7a.\u00a0<\/em>Na Faculdade de Direito de Caruaru (ASCES) n\u00e3o tinha fama de ser aluno aplicado, talvez o contr\u00e1rio fosse uma defini\u00e7\u00e3o mais realista. Deixou de comparecer \u00e0 prova escrita de Direito Penal, dado n\u00e3o querer passar vergonha, e tirou 0 (zero). Precisava de 10 (dez), na disserta\u00e7\u00e3o final, para ter m\u00e9dia 5 (cinco) e passar de ano. Ele pr\u00f3prio me contou essa hist\u00f3ria. Como o professor iria viajar deixou, com um bedel, instru\u00e7\u00f5es para a tal prova. Fernando se aproveitou da fragilidade econ\u00f4mica do pobre homem e conseguiu saber, antes, o tema da disserta\u00e7\u00e3o. Seria\u00a0<em>O Estupro<\/em>. Comprou todos os livros sobre a mat\u00e9ria na pra\u00e7a e, durante um m\u00eas, estudou como nunca fez na vida. Escreveu 25 p\u00e1ginas, em vez das uma ou duas dos outros alunos. Confiando no 10 (dez) que precisava. E tirou 1 (um). Procurou o professor para pedir revis\u00e3o da prova<\/p>\n<p>\u2013 O senhor tem alguma explica\u00e7\u00e3o para me dar essa nota?<\/p>\n<p>\u2013 Tenho, Fernando.<\/p>\n<p>\u2013 Qual?<\/p>\n<p>\u2013 \u00c9 que n\u00e3o dou 0 (zero) a nenhum aluno que vem \u00e0 sala de aula. O rapaz acorda, toma um \u00f4nibus, senta, escreve, como \u00e9 que vou dar 0 (zero)? Essa \u00e9 a nota dos que n\u00e3o aparecem. Para quem estava na sala, nota m\u00ednima \u00e9 1 (um).<\/p>\n<p>\u2013 O doutor leu minhas 25 p\u00e1ginas?<\/p>\n<p>\u2013 N\u00e3o li nenhuma, Fernando.<\/p>\n<p>\u2013 E me deu 1 (um)?<\/p>\n<p>\u2013 Dei.<\/p>\n<p>\u2013 Como?<\/p>\n<p>\u2013 N\u00e3o li a reda\u00e7\u00e3o, s\u00f3 seu t\u00edtulo. Pode ver, aqui est\u00e1,\u00a0<em>O ESTRUPO<\/em>. Se voc\u00ea fosse professor, leria o resto?<\/p>\n<p>\u2013 N\u00e3o senhor.<\/p>\n<p>\u2013 E que nota daria?<\/p>\n<p>\u2013 A que deu \u00e9 mais do que merecida.<\/p>\n<p>\u2013 Estamos conversados?<\/p>\n<p>\u2013 Sim, professor. Muito obrigado.<\/p>\n<p>Ano seguinte, estudou e acabou passando. A li\u00e7\u00e3o foi bem aprendida.<\/p>\n<p><strong>* * *<\/strong><\/p>\n<p>Na C\u00e2mara dos Deputados, come\u00e7ou discurso dizendo<\/p>\n<p>\u2013 Falo como advogado.<\/p>\n<p>Seu colega Jos\u00e9 Mendon\u00e7a, de Belo Jardim, aparteou<\/p>\n<p>\u2013 Diga isso com menos pompa, Fernando. Que, nas provas, voc\u00ea filava de mim que sou analfabeto.<\/p>\n<p><strong>\u00a0<\/strong>Saudades do amigo querido.<\/p>\n<p><strong>RAYMUNDO FAORO,\u00a0<\/strong><em>presidente da OAB Federal.<\/em>\u00a0Com ele, no seu escrit\u00f3rio de advocacia (Rio), quem o sucedeu na OAB (com seu apoio) ? Eduardo Seabra Fagundes, filho do grande Miguel. Pouco antes uma carta, endere\u00e7ada a Eduardo, foi por engano aberta por sua secret\u00e1ria, dona Lydia Monteiro da Silva, morta na explos\u00e3o de bomba que havia dentro dela. Preocupado com a seguran\u00e7a da fam\u00edlia, informou ter vendido todo seu patrim\u00f4nio. Inclusive uma ilha que adorava, em B\u00fazios. At\u00e9 a casa em que morava, na Barra, pertencente antes ao ator global Francisco Cuoco. E depositou o apurado na Su\u00ed\u00e7a. Se a viol\u00eancia aumentasse, confessou, iria morar fora. Faoro fechou a cara<\/p>\n<p>? Achou ruim?, Faoro.<\/p>\n<p>? Achei p\u00e9ssimo, Eduardo; que, por conta do cargo que ocupa, voc\u00ea \u00e9 s\u00edmbolo dos advogados brasileiros. Vai parecer que todos n\u00f3s estamos acovardados.<\/p>\n<p>? Voc\u00ea s\u00f3 diz isso, Faoro, porque n\u00e3o tem o que eu tenho, que \u00e9 dinheiro.<\/p>\n<p>? N\u00e3o, Eduardo, eu \u00e9 que tenho o que voc\u00ea n\u00e3o tem, que \u00e9 culh\u00e3o.<\/p>\n<p>N\u00e3o no sentido neutro da express\u00e3o,\u00a0<em>che povero coglione che sei\u00a0<\/em>(que pobre culh\u00e3o me sa\u00edsse); mas como sin\u00f4nimo de bravura,\u00a0<em>avoir des couilles au cul\u00a0<\/em>(ter colh\u00f5es no cu). Fim da rela\u00e7\u00e3o. Faoro nunca mais lhe dirigiu a palavra. In\u00fateis os esfor\u00e7os dos amigos comuns que, v\u00e1rias vezes, fomos a seu escrit\u00f3rio para tentar fazer as pazes entre os dois.<\/p>\n<p><strong>GIBRALDO MOURA COELHO,\u00a0<\/strong><em>penalista.\u00a0<\/em>Na Ditadura, Nilo Coelho foi nomeado governador de Pernambuco. E, para fazer gra\u00e7a, fic\u00e1vamos dizendo ao velho comunista<\/p>\n<p>\u2013 Agora voc\u00ea vai se apresentar, dando \u00eanfase no sobrenome, como Gibraldo Coelho (assim era conhecido). S\u00f3 para ter vantagens, nas delegacias, por pensarem que \u00e9 parente do governador.<\/p>\n<p>\u2013 Parem com isso, por favor, todos sabem que sempre fui oposi\u00e7\u00e3o.<\/p>\n<p>\u2013 Nada, Gibraldo, voc\u00ea quer mesmo \u00e9 faturar.<\/p>\n<p>E foi tanta brincadeira que tomou uma decis\u00e3o dr\u00e1stica. Trocou de nome. Passando a ser, para todos os fins, Gibraldo Moura. Na placa do escrit\u00f3rio, nos pap\u00e9is, no cat\u00e1logo telef\u00f4nico, nos cart\u00f5es de visita. S\u00f3 n\u00e3o contava \u00e9 que o governador nomeado pelos militares, para substituir Nilo Coelho, fosse Jos\u00e9\u2026 Moura. Como ele, agora, Gibraldo Moura. E n\u00e3o perdi a oportunidade<\/p>\n<p>\u2013 Bicho inteligente, virou Moura s\u00f3 para se aproveitar do sobrenome.<\/p>\n<p>\u2013 Aqui pra n\u00f3s, amigo, ele n\u00e3o foi justo.<\/p>\n<p>\u2013 Ele quem?, Gibraldo.<\/p>\n<p>\u2013 Deus, Z\u00e9 Paulo. Deus.<\/p>\n<p><strong>\u00a0<\/strong><strong>JOS\u00c9 ROBERTO CASTRO NEVES,\u00a0<\/strong><em>advogado, da ABL.\u00a0<\/em>T\u00edmido e encantado com Bel, uma colega na Faculdade de Direito, n\u00e3o sabia como se aproximar para dizer de seu afeto (at\u00e9 ent\u00e3o) secreto. E decidiu mandar para ela carta, endere\u00e7ada \u00e0 \u201cNeta de Isabel\u201d, que come\u00e7ava assim<\/p>\n<p>? Quando conheci sua av\u00f3, eu me apaixonei perdidamente por ela.<\/p>\n<p>Sem assinar. Aumentando o mist\u00e9rio. Resultado? Deu t\u00e3o certo que casaram e foram felizes para sempre.<\/p>\n<\/div>\n","protected":false},"excerpt":{"rendered":"<p>\u00a0 \u00a0 \u00a0\u00a0Por Jos\u00e9 Paulo Cavalcanti Filho \u00a0\u2013 \u00a0Escritor, poeta, membro das Academias Pernambucana de Letras, Brasileira de Letras e Portuguesa de Letras. \u00c9\u00a0 um dos maiores conhecedores da obra de Fernando Pessoa. Integrou a Comiss\u00e3o da Verdade\u00a0 \u00a0\u2013\u00a0\u00a0\u00a0 Agosto \u00e9 o m\u00eas dos advogados. Por conta disso, seguem duas colunas em sequ\u00eancia, s\u00f3 com [&hellip;]<\/p>\n","protected":false},"author":1,"featured_media":1585,"comment_status":"open","ping_status":"open","sticky":false,"template":"","format":"standard","meta":{"footnotes":"","jetpack_publicize_message":"","jetpack_publicize_feature_enabled":true,"jetpack_social_post_already_shared":true,"jetpack_social_options":{"image_generator_settings":{"template":"highway","default_image_id":0,"font":"","enabled":false},"version":2}},"categories":[1,35,46,76],"tags":[],"class_list":["post-1584","post","type-post","status-publish","format-standard","has-post-thumbnail","hentry","category-https-gazetapernambucana-com-page_id225","category-https-gazetapernambucana-com-page_id218","category-literatura","category-opiniao"],"yoast_head":"<!-- This site is optimized with the Yoast SEO plugin v24.5 - https:\/\/yoast.com\/wordpress\/plugins\/seo\/ -->\n<title>Conversas de 1\/2 minuto (44)- Advogados (I de II). Por Jos\u00e9 Paulo Cavalcanti Filho -<\/title>\n<meta name=\"robots\" content=\"index, follow, max-snippet:-1, max-image-preview:large, max-video-preview:-1\" \/>\n<link rel=\"canonical\" href=\"https:\/\/gazetapernambucana.com\/?p=1584\" \/>\n<meta property=\"og:locale\" content=\"pt_BR\" \/>\n<meta property=\"og:type\" content=\"article\" \/>\n<meta property=\"og:title\" content=\"Conversas de 1\/2 minuto (44)- Advogados (I de II). Por Jos\u00e9 Paulo Cavalcanti Filho -\" \/>\n<meta property=\"og:description\" content=\"\u00a0 \u00a0 \u00a0\u00a0Por Jos\u00e9 Paulo Cavalcanti Filho \u00a0\u2013 \u00a0Escritor, poeta, membro das Academias Pernambucana de Letras, Brasileira de Letras e Portuguesa de Letras. \u00c9\u00a0 um dos maiores conhecedores da obra de Fernando Pessoa. Integrou a Comiss\u00e3o da Verdade\u00a0 \u00a0\u2013\u00a0\u00a0\u00a0 Agosto \u00e9 o m\u00eas dos advogados. Por conta disso, seguem duas colunas em sequ\u00eancia, s\u00f3 com [&hellip;]\" \/>\n<meta property=\"og:url\" content=\"https:\/\/gazetapernambucana.com\/?p=1584\" \/>\n<meta property=\"article:published_time\" content=\"2025-08-24T18:18:03+00:00\" \/>\n<meta property=\"article:modified_time\" content=\"2025-08-24T18:19:10+00:00\" \/>\n<meta property=\"og:image\" content=\"https:\/\/gazetapernambucana.com\/wp-content\/uploads\/2025\/08\/11f77e6d8a8e346bc312bf2719fc2e63-2-300x147-1-2.webp\" \/>\n\t<meta property=\"og:image:width\" content=\"300\" \/>\n\t<meta property=\"og:image:height\" content=\"147\" \/>\n\t<meta property=\"og:image:type\" content=\"image\/webp\" \/>\n<meta name=\"author\" content=\"GP\" \/>\n<meta name=\"twitter:card\" content=\"summary_large_image\" \/>\n<meta name=\"twitter:label1\" content=\"Escrito por\" \/>\n\t<meta name=\"twitter:data1\" content=\"GP\" \/>\n\t<meta name=\"twitter:label2\" content=\"Est. tempo de leitura\" \/>\n\t<meta name=\"twitter:data2\" content=\"8 minutos\" \/>\n<script type=\"application\/ld+json\" class=\"yoast-schema-graph\">{\"@context\":\"https:\/\/schema.org\",\"@graph\":[{\"@type\":\"WebPage\",\"@id\":\"https:\/\/gazetapernambucana.com\/?p=1584\",\"url\":\"https:\/\/gazetapernambucana.com\/?p=1584\",\"name\":\"Conversas de 1\/2 minuto (44)- Advogados (I de II). Por Jos\u00e9 Paulo Cavalcanti Filho -\",\"isPartOf\":{\"@id\":\"https:\/\/gazetapernambucana.com\/#website\"},\"primaryImageOfPage\":{\"@id\":\"https:\/\/gazetapernambucana.com\/?p=1584#primaryimage\"},\"image\":{\"@id\":\"https:\/\/gazetapernambucana.com\/?p=1584#primaryimage\"},\"thumbnailUrl\":\"https:\/\/gazetapernambucana.com\/wp-content\/uploads\/2025\/08\/11f77e6d8a8e346bc312bf2719fc2e63-2-300x147-1-2.webp\",\"datePublished\":\"2025-08-24T18:18:03+00:00\",\"dateModified\":\"2025-08-24T18:19:10+00:00\",\"author\":{\"@id\":\"https:\/\/gazetapernambucana.com\/#\/schema\/person\/188dc283325181ac2de4db1e9e987427\"},\"breadcrumb\":{\"@id\":\"https:\/\/gazetapernambucana.com\/?p=1584#breadcrumb\"},\"inLanguage\":\"pt-BR\",\"potentialAction\":[{\"@type\":\"ReadAction\",\"target\":[\"https:\/\/gazetapernambucana.com\/?p=1584\"]}]},{\"@type\":\"ImageObject\",\"inLanguage\":\"pt-BR\",\"@id\":\"https:\/\/gazetapernambucana.com\/?p=1584#primaryimage\",\"url\":\"https:\/\/gazetapernambucana.com\/wp-content\/uploads\/2025\/08\/11f77e6d8a8e346bc312bf2719fc2e63-2-300x147-1-2.webp\",\"contentUrl\":\"https:\/\/gazetapernambucana.com\/wp-content\/uploads\/2025\/08\/11f77e6d8a8e346bc312bf2719fc2e63-2-300x147-1-2.webp\",\"width\":300,\"height\":147},{\"@type\":\"BreadcrumbList\",\"@id\":\"https:\/\/gazetapernambucana.com\/?p=1584#breadcrumb\",\"itemListElement\":[{\"@type\":\"ListItem\",\"position\":1,\"name\":\"In\u00edcio\",\"item\":\"https:\/\/gazetapernambucana.com\/\"},{\"@type\":\"ListItem\",\"position\":2,\"name\":\"Conversas de 1\/2 minuto (44)- Advogados (I de II). Por Jos\u00e9 Paulo Cavalcanti Filho\"}]},{\"@type\":\"WebSite\",\"@id\":\"https:\/\/gazetapernambucana.com\/#website\",\"url\":\"https:\/\/gazetapernambucana.com\/\",\"name\":\"\",\"description\":\"\",\"potentialAction\":[{\"@type\":\"SearchAction\",\"target\":{\"@type\":\"EntryPoint\",\"urlTemplate\":\"https:\/\/gazetapernambucana.com\/?s={search_term_string}\"},\"query-input\":{\"@type\":\"PropertyValueSpecification\",\"valueRequired\":true,\"valueName\":\"search_term_string\"}}],\"inLanguage\":\"pt-BR\"},{\"@type\":\"Person\",\"@id\":\"https:\/\/gazetapernambucana.com\/#\/schema\/person\/188dc283325181ac2de4db1e9e987427\",\"name\":\"GP\",\"image\":{\"@type\":\"ImageObject\",\"inLanguage\":\"pt-BR\",\"@id\":\"https:\/\/gazetapernambucana.com\/#\/schema\/person\/image\/\",\"url\":\"https:\/\/secure.gravatar.com\/avatar\/9dad78ff9a2d8b5742d11779f8a3f53b052320c550b2e1907882353c067bb111?s=96&d=mm&r=g\",\"contentUrl\":\"https:\/\/secure.gravatar.com\/avatar\/9dad78ff9a2d8b5742d11779f8a3f53b052320c550b2e1907882353c067bb111?s=96&d=mm&r=g\",\"caption\":\"GP\"},\"sameAs\":[\"http:\/\/gazetapernambucana.com\"],\"url\":\"https:\/\/gazetapernambucana.com\/?author=1\"}]}<\/script>\n<!-- \/ Yoast SEO plugin. -->","yoast_head_json":{"title":"Conversas de 1\/2 minuto (44)- Advogados (I de II). Por Jos\u00e9 Paulo Cavalcanti Filho -","robots":{"index":"index","follow":"follow","max-snippet":"max-snippet:-1","max-image-preview":"max-image-preview:large","max-video-preview":"max-video-preview:-1"},"canonical":"https:\/\/gazetapernambucana.com\/?p=1584","og_locale":"pt_BR","og_type":"article","og_title":"Conversas de 1\/2 minuto (44)- Advogados (I de II). Por Jos\u00e9 Paulo Cavalcanti Filho -","og_description":"\u00a0 \u00a0 \u00a0\u00a0Por Jos\u00e9 Paulo Cavalcanti Filho \u00a0\u2013 \u00a0Escritor, poeta, membro das Academias Pernambucana de Letras, Brasileira de Letras e Portuguesa de Letras. \u00c9\u00a0 um dos maiores conhecedores da obra de Fernando Pessoa. Integrou a Comiss\u00e3o da Verdade\u00a0 \u00a0\u2013\u00a0\u00a0\u00a0 Agosto \u00e9 o m\u00eas dos advogados. Por conta disso, seguem duas colunas em sequ\u00eancia, s\u00f3 com [&hellip;]","og_url":"https:\/\/gazetapernambucana.com\/?p=1584","article_published_time":"2025-08-24T18:18:03+00:00","article_modified_time":"2025-08-24T18:19:10+00:00","og_image":[{"width":300,"height":147,"url":"https:\/\/gazetapernambucana.com\/wp-content\/uploads\/2025\/08\/11f77e6d8a8e346bc312bf2719fc2e63-2-300x147-1-2.webp","type":"image\/webp"}],"author":"GP","twitter_card":"summary_large_image","twitter_misc":{"Escrito por":"GP","Est. tempo de leitura":"8 minutos"},"schema":{"@context":"https:\/\/schema.org","@graph":[{"@type":"WebPage","@id":"https:\/\/gazetapernambucana.com\/?p=1584","url":"https:\/\/gazetapernambucana.com\/?p=1584","name":"Conversas de 1\/2 minuto (44)- Advogados (I de II). Por Jos\u00e9 Paulo Cavalcanti Filho -","isPartOf":{"@id":"https:\/\/gazetapernambucana.com\/#website"},"primaryImageOfPage":{"@id":"https:\/\/gazetapernambucana.com\/?p=1584#primaryimage"},"image":{"@id":"https:\/\/gazetapernambucana.com\/?p=1584#primaryimage"},"thumbnailUrl":"https:\/\/gazetapernambucana.com\/wp-content\/uploads\/2025\/08\/11f77e6d8a8e346bc312bf2719fc2e63-2-300x147-1-2.webp","datePublished":"2025-08-24T18:18:03+00:00","dateModified":"2025-08-24T18:19:10+00:00","author":{"@id":"https:\/\/gazetapernambucana.com\/#\/schema\/person\/188dc283325181ac2de4db1e9e987427"},"breadcrumb":{"@id":"https:\/\/gazetapernambucana.com\/?p=1584#breadcrumb"},"inLanguage":"pt-BR","potentialAction":[{"@type":"ReadAction","target":["https:\/\/gazetapernambucana.com\/?p=1584"]}]},{"@type":"ImageObject","inLanguage":"pt-BR","@id":"https:\/\/gazetapernambucana.com\/?p=1584#primaryimage","url":"https:\/\/gazetapernambucana.com\/wp-content\/uploads\/2025\/08\/11f77e6d8a8e346bc312bf2719fc2e63-2-300x147-1-2.webp","contentUrl":"https:\/\/gazetapernambucana.com\/wp-content\/uploads\/2025\/08\/11f77e6d8a8e346bc312bf2719fc2e63-2-300x147-1-2.webp","width":300,"height":147},{"@type":"BreadcrumbList","@id":"https:\/\/gazetapernambucana.com\/?p=1584#breadcrumb","itemListElement":[{"@type":"ListItem","position":1,"name":"In\u00edcio","item":"https:\/\/gazetapernambucana.com\/"},{"@type":"ListItem","position":2,"name":"Conversas de 1\/2 minuto (44)- Advogados (I de II). Por Jos\u00e9 Paulo Cavalcanti Filho"}]},{"@type":"WebSite","@id":"https:\/\/gazetapernambucana.com\/#website","url":"https:\/\/gazetapernambucana.com\/","name":"","description":"","potentialAction":[{"@type":"SearchAction","target":{"@type":"EntryPoint","urlTemplate":"https:\/\/gazetapernambucana.com\/?s={search_term_string}"},"query-input":{"@type":"PropertyValueSpecification","valueRequired":true,"valueName":"search_term_string"}}],"inLanguage":"pt-BR"},{"@type":"Person","@id":"https:\/\/gazetapernambucana.com\/#\/schema\/person\/188dc283325181ac2de4db1e9e987427","name":"GP","image":{"@type":"ImageObject","inLanguage":"pt-BR","@id":"https:\/\/gazetapernambucana.com\/#\/schema\/person\/image\/","url":"https:\/\/secure.gravatar.com\/avatar\/9dad78ff9a2d8b5742d11779f8a3f53b052320c550b2e1907882353c067bb111?s=96&d=mm&r=g","contentUrl":"https:\/\/secure.gravatar.com\/avatar\/9dad78ff9a2d8b5742d11779f8a3f53b052320c550b2e1907882353c067bb111?s=96&d=mm&r=g","caption":"GP"},"sameAs":["http:\/\/gazetapernambucana.com"],"url":"https:\/\/gazetapernambucana.com\/?author=1"}]}},"jetpack_publicize_connections":[],"_links":{"self":[{"href":"https:\/\/gazetapernambucana.com\/index.php?rest_route=\/wp\/v2\/posts\/1584","targetHints":{"allow":["GET"]}}],"collection":[{"href":"https:\/\/gazetapernambucana.com\/index.php?rest_route=\/wp\/v2\/posts"}],"about":[{"href":"https:\/\/gazetapernambucana.com\/index.php?rest_route=\/wp\/v2\/types\/post"}],"author":[{"embeddable":true,"href":"https:\/\/gazetapernambucana.com\/index.php?rest_route=\/wp\/v2\/users\/1"}],"replies":[{"embeddable":true,"href":"https:\/\/gazetapernambucana.com\/index.php?rest_route=%2Fwp%2Fv2%2Fcomments&post=1584"}],"version-history":[{"count":1,"href":"https:\/\/gazetapernambucana.com\/index.php?rest_route=\/wp\/v2\/posts\/1584\/revisions"}],"predecessor-version":[{"id":1586,"href":"https:\/\/gazetapernambucana.com\/index.php?rest_route=\/wp\/v2\/posts\/1584\/revisions\/1586"}],"wp:featuredmedia":[{"embeddable":true,"href":"https:\/\/gazetapernambucana.com\/index.php?rest_route=\/wp\/v2\/media\/1585"}],"wp:attachment":[{"href":"https:\/\/gazetapernambucana.com\/index.php?rest_route=%2Fwp%2Fv2%2Fmedia&parent=1584"}],"wp:term":[{"taxonomy":"category","embeddable":true,"href":"https:\/\/gazetapernambucana.com\/index.php?rest_route=%2Fwp%2Fv2%2Fcategories&post=1584"},{"taxonomy":"post_tag","embeddable":true,"href":"https:\/\/gazetapernambucana.com\/index.php?rest_route=%2Fwp%2Fv2%2Ftags&post=1584"}],"curies":[{"name":"wp","href":"https:\/\/api.w.org\/{rel}","templated":true}]}}