{"id":1581,"date":"2025-08-24T12:34:21","date_gmt":"2025-08-24T15:34:21","guid":{"rendered":"https:\/\/gazetapernambucana.com\/?p=1581"},"modified":"2025-08-24T12:34:21","modified_gmt":"2025-08-24T15:34:21","slug":"a-cronica-domingueira-por-magno-martins-7","status":"publish","type":"post","link":"https:\/\/gazetapernambucana.com\/?p=1581","title":{"rendered":"A cr\u00f4nica domingueira. \u00a0 Por Magno Martins"},"content":{"rendered":"<div class=\"entry-content\">\n<section class=\"elementor-section elementor-inner-section elementor-element elementor-element-7e25a070 elementor-section-boxed elementor-section-height-default elementor-section-height-default\" data-id=\"7e25a070\" data-element_type=\"section\">\n<div class=\"elementor-container elementor-column-gap-default\">\n<div class=\"elementor-column elementor-col-50 elementor-inner-column elementor-element elementor-element-24f401b5\" data-id=\"24f401b5\" data-element_type=\"column\">\n<div class=\"elementor-widget-wrap elementor-element-populated\">\n<div class=\"elementor-element elementor-element-6b34b66e elementor-share-buttons--view-icon elementor-share-buttons--skin-flat elementor-share-buttons--align-right elementor-share-buttons--shape-square elementor-grid-0 elementor-share-buttons--color-official elementor-widget elementor-widget-share-buttons\" data-id=\"6b34b66e\" data-element_type=\"widget\" data-settings=\"{&quot;share_url&quot;:{&quot;url&quot;:&quot;https:\\\/\\\/blogdomagno.com.br\\\/a-cronica-domingueira-45\\\/&quot;,&quot;is_external&quot;:&quot;&quot;,&quot;nofollow&quot;:&quot;&quot;,&quot;custom_attributes&quot;:&quot;&quot;}}\" data-widget_type=\"share-buttons.default\">\n<div class=\"elementor-widget-container\">\n<div class=\"elementor-grid\">\n<div class=\"elementor-grid-item\">\n<div class=\"elementor-share-btn elementor-share-btn_twitter\" tabindex=\"0\" aria-label=\"Compartilhar no twitter\"><\/div>\n<\/div>\n<\/div>\n<\/div>\n<\/div>\n<\/div>\n<\/div>\n<\/div>\n<\/section>\n<div class=\"elementor-element elementor-element-7f30e03 elementor-widget elementor-widget-image\" data-id=\"7f30e03\" data-element_type=\"widget\" data-widget_type=\"image.default\">\n<div class=\"elementor-widget-container\"><img loading=\"lazy\" decoding=\"async\" class=\"alignnone size-medium wp-image-174516\" src=\"https:\/\/flaviochaves.com.br\/wp-content\/uploads\/2025\/08\/download-56-300x194.jpeg\" sizes=\"auto, (max-width: 300px) 100vw, 300px\" srcset=\"https:\/\/flaviochaves.com.br\/wp-content\/uploads\/2025\/08\/download-56-300x194.jpeg 300w, https:\/\/flaviochaves.com.br\/wp-content\/uploads\/2025\/08\/download-56-650x420.jpeg 650w, https:\/\/flaviochaves.com.br\/wp-content\/uploads\/2025\/08\/download-56-768x497.jpeg 768w, https:\/\/flaviochaves.com.br\/wp-content\/uploads\/2025\/08\/download-56.jpeg 1522w\" alt=\"\" width=\"300\" height=\"194\" \/>\u00a0\u00a0<strong>Por Magno Martins \u2013 Jornalista, poeta e escritor\u00a0 \u2013\u00a0<\/strong>\u00a0Triunfo, onde curti ontem meu anivers\u00e1rio com minha Nayla Valen\u00e7a, n\u00e3o tenho a menor d\u00favida, teria vida plena economicamente se estivesse em solo europeu. Impressiona e encanta a sua voca\u00e7\u00e3o tur\u00edstica. Est\u00e1 encravada em cima de uma serra, uma das mais altas do Nordeste. Do Pico do Papagaio, seu ponto tur\u00edstico mais alto, a 1,1 mil metros de altitude, \u00e9 poss\u00edvel avistar quatro cidades em Pernambuco e na Para\u00edba.<\/div>\n<\/div>\n<div class=\"elementor-element elementor-element-746f5ae4 elementor-widget elementor-widget-theme-post-content\" data-id=\"746f5ae4\" data-element_type=\"widget\" data-widget_type=\"theme-post-content.default\">\n<div class=\"elementor-widget-container\">\n<div id=\"ub-expand-205640fd-b0bb-4f1d-a6ce-a5118310415e\" class=\"wp-block-ub-expand ub-expand\" data-scroll-type=\"false\" data-scroll-amount=\"\" data-scroll-target=\"\">\n<div id=\"ub-expand-full-55ddfcc2-0040-493f-901f-d9b2eda8ff14\" class=\"ub-expand-portion ub-expand-partial wp-block-ub-expand-portion\" tabindex=\"0\" role=\"button\" aria-expanded=\"false\" aria-controls=\"ub-expand-full-55ddfcc2-0040-493f-901f-d9b2eda8ff14\">\n<p>Triunfo \u00e9 um charme. N\u00e3o d\u00e1 para acreditar que, encravada no semi\u00e1rido nordestino, onde a \u00e1gua \u00e9 escassa, a seca mata o gado e at\u00e9 seres humanos, mesmo com forte estiagem, as noites s\u00e3o frias e extremamente agrad\u00e1veis.<\/p>\n<\/div>\n<div id=\"ub-expand-full-55ddfcc2-0040-493f-901f-d9b2eda8ff14\" class=\"ub-expand-portion ub-expand-full wp-block-ub-expand-portion\" tabindex=\"0\" role=\"button\" aria-expanded=\"false\" aria-controls=\"ub-expand-full-55ddfcc2-0040-493f-901f-d9b2eda8ff14\">\n<p>Na chegada do inverno, entre junho e agosto, a temperatura m\u00e9dia \u00e9 de 16 graus, podendo chegar a impressionantes 6 graus, um frio europeu, mas com a vantagem de n\u00e3o ser \u00famido. Bom para tomar vinhos, acender a lareira e degustar fondue de queijo e carne.<\/p>\n<p>Nesta volta a Triunfo, ao pisar no ch\u00e3o de pedras do Pico do Papagaio, descobri em funcionamento, h\u00e1 sete meses, o Caf\u00e9 do Brejo, extens\u00e3o do hotel e restaurante no centro da cidade. Foi aberto pelo meu amigo Gabriel Althoff, que trocou Recife por uma aconchegante moradia no alto do Pico.<\/p>\n<p>\u201cBusquei qualidade de vida, estou no para\u00edso\u201d, diz Gabriel. No seu novo local de trabalho, ao som do canto de p\u00e1ssaros, \u00e9 poss\u00edvel matar o frio com saborosos caf\u00e9s aromatizados, iguarias salgadas e doces, feitas por ele pr\u00f3prio, um tempero especial, fruto do aprendizado com a sua m\u00e3e Teca, a primeira a introduzir o caf\u00e9 colonial na regi\u00e3o.<\/p>\n<p>Na vida que pediu a Deus, em meio a um verde deslumbrante, uma vista de arrepiar, Gabriel diz que n\u00e3o sente a menor saudade do Recife nem de qualquer ambiente urbano. Feliz, fez a cabe\u00e7a do seu amigo Henrique, tamb\u00e9m do Recife, para se abra\u00e7ar com Triunfo.<\/p>\n<p>Henrique se dobrou aos apelos, se convenceu em abandonar a cidade grande e abriu, recentemente, a fazenda Santana do Vale, para produ\u00e7\u00e3o de queijos finos de b\u00fafalo, que degustei no caf\u00e9 de Gabriel. Em breve, Henrique vai construir sua choupana dentro da \u00e1rea da sua fazenda, seguindo o estilo de vida do amigo.<\/p>\n<p>Encontrei uma Triunfo invadida por turistas, gente com perfil e cultura diversos. A cidade tem atrativos para todos os gostos, como o telef\u00e9rico do Sesc, que proporciona vistas panor\u00e2micas da cidade e regi\u00e3o, incluindo o Lago Jo\u00e3o Barbosa Cit\u00f4nio, ideal para passeios e atividades ao ar livre.<\/p>\n<p>Tem v\u00e1rios museus, como o do Canga\u00e7o e da Cidade, que preserva a hist\u00f3ria local, al\u00e9m do museu dos Caretas. A cidade conta ainda com o Teatro Guarany, a Igreja de Nossa Senhora das Dores, e o Pico do Papagaio, que oferece um mirante sensacional, onde fui, ontem, com minha Nayla, acompanhar o bel\u00edssimo e rom\u00e2ntico por do sol.<\/p>\n<div class=\"wp-block-image\">\n<figure class=\"aligncenter size-large\"><img loading=\"lazy\" decoding=\"async\" class=\"wp-image-127113\" src=\"https:\/\/blogdomagno.com.br\/wp-content\/uploads\/2025\/08\/WhatsApp-Image-2025-08-23-at-19.36.33-768x1024.jpeg\" sizes=\"auto, (max-width: 768px) 100vw, 768px\" srcset=\"https:\/\/blogdomagno.com.br\/wp-content\/uploads\/2025\/08\/WhatsApp-Image-2025-08-23-at-19.36.33-768x1024.jpeg 768w, https:\/\/blogdomagno.com.br\/wp-content\/uploads\/2025\/08\/WhatsApp-Image-2025-08-23-at-19.36.33-225x300.jpeg 225w, https:\/\/blogdomagno.com.br\/wp-content\/uploads\/2025\/08\/WhatsApp-Image-2025-08-23-at-19.36.33.jpeg 960w\" alt=\"\" width=\"768\" height=\"1024\" \/><\/figure>\n<\/div>\n<p>Estar em Triunfo \u00e9 querer parar no tempo. Triunfo \u00e9 um respiro em meio ao caos, um reencontro com a natureza e consigo mesmo. \u00c9 uma enorme obra de arte feita pela natureza com seu cora\u00e7\u00e3o pulsando ao receber seus visitantes. Triunfo, como diz meu amigo poeta Fl\u00e1vio Chaves, n\u00e3o \u00e9 apenas um lugar lindo, \u00e9 uma esta\u00e7\u00e3o em que a alma fala alto.<\/p>\n<p>Triunfo, no cora\u00e7\u00e3o da serra, \u00e9 um desses espa\u00e7os em que a geografia se curva \u00e0 poesia e o tempo parece andar de mansinho, com passos de neblina. \u201cQuando a n\u00e9voa escorre dos c\u00e9us e repousa sobre seus telhados antigos, \u00e9 como se o pr\u00f3prio c\u00e9u suspirasse. E nesse suspiro, o mundo todo se cala para ouvir Pernambuco respirando\u201d, escreveu Chaves.<\/p>\n<p>O prefeito Luciano Bonfim (PSD), que n\u00e3o se cansa em trazer mais novidades para aquecer o turismo da cidade, inovou, com emo\u00e7\u00e3o: agora tem \u201cmelodia\u201d no lago Jo\u00e3o Barbosa Sit\u00f4nio, o espet\u00e1culo das \u00c1guas Dan\u00e7antes, uma fonte com jatos de \u00e1gua sincronizados com luzes e m\u00fasica.<\/p>\n<p>O show, que combina \u201cluzes, movimento das \u00e1guas e trilhas sonoras\u201d, acontece \u00e0s sextas e s\u00e1bados, \u00e0s 18h30 e 20h, com m\u00fasica nacional e internacional, e est\u00e1 encantando moradores e turistas. S\u00e3o jatos de \u00e1gua em movimento que acompanham a m\u00fasica, com um jogo de luzes coloridas.<\/p>\n<\/div>\n<\/div>\n<\/div>\n<\/div>\n<\/div>\n","protected":false},"excerpt":{"rendered":"<p>\u00a0\u00a0Por Magno Martins \u2013 Jornalista, poeta e escritor\u00a0 \u2013\u00a0\u00a0Triunfo, onde curti ontem meu anivers\u00e1rio com minha Nayla Valen\u00e7a, n\u00e3o tenho a menor d\u00favida, teria vida plena economicamente se estivesse em solo europeu. Impressiona e encanta a sua voca\u00e7\u00e3o tur\u00edstica. Est\u00e1 encravada em cima de uma serra, uma das mais altas do Nordeste. Do Pico do [&hellip;]<\/p>\n","protected":false},"author":1,"featured_media":1582,"comment_status":"open","ping_status":"open","sticky":false,"template":"","format":"standard","meta":{"footnotes":"","jetpack_publicize_message":"","jetpack_publicize_feature_enabled":true,"jetpack_social_post_already_shared":true,"jetpack_social_options":{"image_generator_settings":{"template":"highway","default_image_id":0,"font":"","enabled":false},"version":2}},"categories":[1,35,46,76],"tags":[],"class_list":["post-1581","post","type-post","status-publish","format-standard","has-post-thumbnail","hentry","category-https-gazetapernambucana-com-page_id225","category-https-gazetapernambucana-com-page_id218","category-literatura","category-opiniao"],"yoast_head":"<!-- This site is optimized with the Yoast SEO plugin v24.5 - https:\/\/yoast.com\/wordpress\/plugins\/seo\/ -->\n<title>A cr\u00f4nica domingueira. \u00a0 Por Magno Martins -<\/title>\n<meta name=\"robots\" content=\"index, follow, max-snippet:-1, max-image-preview:large, max-video-preview:-1\" \/>\n<link rel=\"canonical\" href=\"https:\/\/gazetapernambucana.com\/?p=1581\" \/>\n<meta property=\"og:locale\" content=\"pt_BR\" \/>\n<meta property=\"og:type\" content=\"article\" \/>\n<meta property=\"og:title\" content=\"A cr\u00f4nica domingueira. \u00a0 Por Magno Martins -\" \/>\n<meta property=\"og:description\" content=\"\u00a0\u00a0Por Magno Martins \u2013 Jornalista, poeta e escritor\u00a0 \u2013\u00a0\u00a0Triunfo, onde curti ontem meu anivers\u00e1rio com minha Nayla Valen\u00e7a, n\u00e3o tenho a menor d\u00favida, teria vida plena economicamente se estivesse em solo europeu. Impressiona e encanta a sua voca\u00e7\u00e3o tur\u00edstica. Est\u00e1 encravada em cima de uma serra, uma das mais altas do Nordeste. Do Pico do [&hellip;]\" \/>\n<meta property=\"og:url\" content=\"https:\/\/gazetapernambucana.com\/?p=1581\" \/>\n<meta property=\"article:published_time\" content=\"2025-08-24T15:34:21+00:00\" \/>\n<meta property=\"og:image\" content=\"https:\/\/gazetapernambucana.com\/wp-content\/uploads\/2025\/08\/download-56.jpeg\" \/>\n\t<meta property=\"og:image:width\" content=\"1522\" \/>\n\t<meta property=\"og:image:height\" content=\"984\" \/>\n\t<meta property=\"og:image:type\" content=\"image\/jpeg\" \/>\n<meta name=\"author\" content=\"GP\" \/>\n<meta name=\"twitter:card\" content=\"summary_large_image\" \/>\n<meta name=\"twitter:label1\" content=\"Escrito por\" \/>\n\t<meta name=\"twitter:data1\" content=\"GP\" \/>\n\t<meta name=\"twitter:label2\" content=\"Est. tempo de leitura\" \/>\n\t<meta name=\"twitter:data2\" content=\"5 minutos\" \/>\n<script type=\"application\/ld+json\" class=\"yoast-schema-graph\">{\"@context\":\"https:\/\/schema.org\",\"@graph\":[{\"@type\":\"WebPage\",\"@id\":\"https:\/\/gazetapernambucana.com\/?p=1581\",\"url\":\"https:\/\/gazetapernambucana.com\/?p=1581\",\"name\":\"A cr\u00f4nica domingueira. \u00a0 Por Magno Martins -\",\"isPartOf\":{\"@id\":\"https:\/\/gazetapernambucana.com\/#website\"},\"primaryImageOfPage\":{\"@id\":\"https:\/\/gazetapernambucana.com\/?p=1581#primaryimage\"},\"image\":{\"@id\":\"https:\/\/gazetapernambucana.com\/?p=1581#primaryimage\"},\"thumbnailUrl\":\"https:\/\/gazetapernambucana.com\/wp-content\/uploads\/2025\/08\/download-56.jpeg\",\"datePublished\":\"2025-08-24T15:34:21+00:00\",\"author\":{\"@id\":\"https:\/\/gazetapernambucana.com\/#\/schema\/person\/188dc283325181ac2de4db1e9e987427\"},\"breadcrumb\":{\"@id\":\"https:\/\/gazetapernambucana.com\/?p=1581#breadcrumb\"},\"inLanguage\":\"pt-BR\",\"potentialAction\":[{\"@type\":\"ReadAction\",\"target\":[\"https:\/\/gazetapernambucana.com\/?p=1581\"]}]},{\"@type\":\"ImageObject\",\"inLanguage\":\"pt-BR\",\"@id\":\"https:\/\/gazetapernambucana.com\/?p=1581#primaryimage\",\"url\":\"https:\/\/gazetapernambucana.com\/wp-content\/uploads\/2025\/08\/download-56.jpeg\",\"contentUrl\":\"https:\/\/gazetapernambucana.com\/wp-content\/uploads\/2025\/08\/download-56.jpeg\",\"width\":1522,\"height\":984},{\"@type\":\"BreadcrumbList\",\"@id\":\"https:\/\/gazetapernambucana.com\/?p=1581#breadcrumb\",\"itemListElement\":[{\"@type\":\"ListItem\",\"position\":1,\"name\":\"In\u00edcio\",\"item\":\"https:\/\/gazetapernambucana.com\/\"},{\"@type\":\"ListItem\",\"position\":2,\"name\":\"A cr\u00f4nica domingueira. \u00a0 Por Magno Martins\"}]},{\"@type\":\"WebSite\",\"@id\":\"https:\/\/gazetapernambucana.com\/#website\",\"url\":\"https:\/\/gazetapernambucana.com\/\",\"name\":\"\",\"description\":\"\",\"potentialAction\":[{\"@type\":\"SearchAction\",\"target\":{\"@type\":\"EntryPoint\",\"urlTemplate\":\"https:\/\/gazetapernambucana.com\/?s={search_term_string}\"},\"query-input\":{\"@type\":\"PropertyValueSpecification\",\"valueRequired\":true,\"valueName\":\"search_term_string\"}}],\"inLanguage\":\"pt-BR\"},{\"@type\":\"Person\",\"@id\":\"https:\/\/gazetapernambucana.com\/#\/schema\/person\/188dc283325181ac2de4db1e9e987427\",\"name\":\"GP\",\"image\":{\"@type\":\"ImageObject\",\"inLanguage\":\"pt-BR\",\"@id\":\"https:\/\/gazetapernambucana.com\/#\/schema\/person\/image\/\",\"url\":\"https:\/\/secure.gravatar.com\/avatar\/9dad78ff9a2d8b5742d11779f8a3f53b052320c550b2e1907882353c067bb111?s=96&d=mm&r=g\",\"contentUrl\":\"https:\/\/secure.gravatar.com\/avatar\/9dad78ff9a2d8b5742d11779f8a3f53b052320c550b2e1907882353c067bb111?s=96&d=mm&r=g\",\"caption\":\"GP\"},\"sameAs\":[\"http:\/\/gazetapernambucana.com\"],\"url\":\"https:\/\/gazetapernambucana.com\/?author=1\"}]}<\/script>\n<!-- \/ Yoast SEO plugin. -->","yoast_head_json":{"title":"A cr\u00f4nica domingueira. \u00a0 Por Magno Martins -","robots":{"index":"index","follow":"follow","max-snippet":"max-snippet:-1","max-image-preview":"max-image-preview:large","max-video-preview":"max-video-preview:-1"},"canonical":"https:\/\/gazetapernambucana.com\/?p=1581","og_locale":"pt_BR","og_type":"article","og_title":"A cr\u00f4nica domingueira. \u00a0 Por Magno Martins -","og_description":"\u00a0\u00a0Por Magno Martins \u2013 Jornalista, poeta e escritor\u00a0 \u2013\u00a0\u00a0Triunfo, onde curti ontem meu anivers\u00e1rio com minha Nayla Valen\u00e7a, n\u00e3o tenho a menor d\u00favida, teria vida plena economicamente se estivesse em solo europeu. Impressiona e encanta a sua voca\u00e7\u00e3o tur\u00edstica. Est\u00e1 encravada em cima de uma serra, uma das mais altas do Nordeste. Do Pico do [&hellip;]","og_url":"https:\/\/gazetapernambucana.com\/?p=1581","article_published_time":"2025-08-24T15:34:21+00:00","og_image":[{"width":1522,"height":984,"url":"https:\/\/gazetapernambucana.com\/wp-content\/uploads\/2025\/08\/download-56.jpeg","type":"image\/jpeg"}],"author":"GP","twitter_card":"summary_large_image","twitter_misc":{"Escrito por":"GP","Est. tempo de leitura":"5 minutos"},"schema":{"@context":"https:\/\/schema.org","@graph":[{"@type":"WebPage","@id":"https:\/\/gazetapernambucana.com\/?p=1581","url":"https:\/\/gazetapernambucana.com\/?p=1581","name":"A cr\u00f4nica domingueira. \u00a0 Por Magno Martins -","isPartOf":{"@id":"https:\/\/gazetapernambucana.com\/#website"},"primaryImageOfPage":{"@id":"https:\/\/gazetapernambucana.com\/?p=1581#primaryimage"},"image":{"@id":"https:\/\/gazetapernambucana.com\/?p=1581#primaryimage"},"thumbnailUrl":"https:\/\/gazetapernambucana.com\/wp-content\/uploads\/2025\/08\/download-56.jpeg","datePublished":"2025-08-24T15:34:21+00:00","author":{"@id":"https:\/\/gazetapernambucana.com\/#\/schema\/person\/188dc283325181ac2de4db1e9e987427"},"breadcrumb":{"@id":"https:\/\/gazetapernambucana.com\/?p=1581#breadcrumb"},"inLanguage":"pt-BR","potentialAction":[{"@type":"ReadAction","target":["https:\/\/gazetapernambucana.com\/?p=1581"]}]},{"@type":"ImageObject","inLanguage":"pt-BR","@id":"https:\/\/gazetapernambucana.com\/?p=1581#primaryimage","url":"https:\/\/gazetapernambucana.com\/wp-content\/uploads\/2025\/08\/download-56.jpeg","contentUrl":"https:\/\/gazetapernambucana.com\/wp-content\/uploads\/2025\/08\/download-56.jpeg","width":1522,"height":984},{"@type":"BreadcrumbList","@id":"https:\/\/gazetapernambucana.com\/?p=1581#breadcrumb","itemListElement":[{"@type":"ListItem","position":1,"name":"In\u00edcio","item":"https:\/\/gazetapernambucana.com\/"},{"@type":"ListItem","position":2,"name":"A cr\u00f4nica domingueira. \u00a0 Por Magno Martins"}]},{"@type":"WebSite","@id":"https:\/\/gazetapernambucana.com\/#website","url":"https:\/\/gazetapernambucana.com\/","name":"","description":"","potentialAction":[{"@type":"SearchAction","target":{"@type":"EntryPoint","urlTemplate":"https:\/\/gazetapernambucana.com\/?s={search_term_string}"},"query-input":{"@type":"PropertyValueSpecification","valueRequired":true,"valueName":"search_term_string"}}],"inLanguage":"pt-BR"},{"@type":"Person","@id":"https:\/\/gazetapernambucana.com\/#\/schema\/person\/188dc283325181ac2de4db1e9e987427","name":"GP","image":{"@type":"ImageObject","inLanguage":"pt-BR","@id":"https:\/\/gazetapernambucana.com\/#\/schema\/person\/image\/","url":"https:\/\/secure.gravatar.com\/avatar\/9dad78ff9a2d8b5742d11779f8a3f53b052320c550b2e1907882353c067bb111?s=96&d=mm&r=g","contentUrl":"https:\/\/secure.gravatar.com\/avatar\/9dad78ff9a2d8b5742d11779f8a3f53b052320c550b2e1907882353c067bb111?s=96&d=mm&r=g","caption":"GP"},"sameAs":["http:\/\/gazetapernambucana.com"],"url":"https:\/\/gazetapernambucana.com\/?author=1"}]}},"jetpack_publicize_connections":[],"_links":{"self":[{"href":"https:\/\/gazetapernambucana.com\/index.php?rest_route=\/wp\/v2\/posts\/1581","targetHints":{"allow":["GET"]}}],"collection":[{"href":"https:\/\/gazetapernambucana.com\/index.php?rest_route=\/wp\/v2\/posts"}],"about":[{"href":"https:\/\/gazetapernambucana.com\/index.php?rest_route=\/wp\/v2\/types\/post"}],"author":[{"embeddable":true,"href":"https:\/\/gazetapernambucana.com\/index.php?rest_route=\/wp\/v2\/users\/1"}],"replies":[{"embeddable":true,"href":"https:\/\/gazetapernambucana.com\/index.php?rest_route=%2Fwp%2Fv2%2Fcomments&post=1581"}],"version-history":[{"count":1,"href":"https:\/\/gazetapernambucana.com\/index.php?rest_route=\/wp\/v2\/posts\/1581\/revisions"}],"predecessor-version":[{"id":1583,"href":"https:\/\/gazetapernambucana.com\/index.php?rest_route=\/wp\/v2\/posts\/1581\/revisions\/1583"}],"wp:featuredmedia":[{"embeddable":true,"href":"https:\/\/gazetapernambucana.com\/index.php?rest_route=\/wp\/v2\/media\/1582"}],"wp:attachment":[{"href":"https:\/\/gazetapernambucana.com\/index.php?rest_route=%2Fwp%2Fv2%2Fmedia&parent=1581"}],"wp:term":[{"taxonomy":"category","embeddable":true,"href":"https:\/\/gazetapernambucana.com\/index.php?rest_route=%2Fwp%2Fv2%2Fcategories&post=1581"},{"taxonomy":"post_tag","embeddable":true,"href":"https:\/\/gazetapernambucana.com\/index.php?rest_route=%2Fwp%2Fv2%2Ftags&post=1581"}],"curies":[{"name":"wp","href":"https:\/\/api.w.org\/{rel}","templated":true}]}}