{"id":1577,"date":"2025-08-23T22:47:50","date_gmt":"2025-08-24T01:47:50","guid":{"rendered":"https:\/\/gazetapernambucana.com\/?p=1577"},"modified":"2025-08-23T22:47:50","modified_gmt":"2025-08-24T01:47:50","slug":"a-saudade-que-navega-por-flavio-chaves","status":"publish","type":"post","link":"https:\/\/gazetapernambucana.com\/?p=1577","title":{"rendered":"A saudade que navega. Por Fl\u00e1vio Chaves"},"content":{"rendered":"<p><img loading=\"lazy\" decoding=\"async\" class=\"alignnone size-full wp-image-174513\" src=\"https:\/\/flaviochaves.com.br\/wp-content\/uploads\/2025\/08\/32367291_2297679380244334_5270767269897568256_n.jpg\" sizes=\"auto, (max-width: 240px) 100vw, 240px\" srcset=\"https:\/\/flaviochaves.com.br\/wp-content\/uploads\/2025\/08\/32367291_2297679380244334_5270767269897568256_n.jpg 240w, https:\/\/flaviochaves.com.br\/wp-content\/uploads\/2025\/08\/32367291_2297679380244334_5270767269897568256_n-150x150.jpg 150w, https:\/\/flaviochaves.com.br\/wp-content\/uploads\/2025\/08\/32367291_2297679380244334_5270767269897568256_n-144x144.jpg 144w\" alt=\"\" width=\"240\" height=\"240\" \/>\u00a0\u00a0<strong data-start=\"149\" data-end=\"168\">Por Fl\u00e1vio Chaves \u2013 Jornalista, poeta, escritor e membro da Academia Pernambucana de Letras. Foi Delegado Federal\/Minc\u00a0 \u2013<\/strong>\u00a0 \u00c9 como se o tempo tivesse um rio s\u00f3 seu, lento, profundo, envolvente. A lembran\u00e7a dela surge como espuma no espelho da \u00e1gua, fr\u00e1gil, ef\u00eamera, mas portadora do fulgor. Cada mem\u00f3ria \u00e9 uma gota que estala dentro do peito, uma nota intocada de saudade que se recusa a ir embora.<\/p>\n<p>Lembro dos risos desconhecidos que ecoaram num instante, t\u00e3o claros, t\u00e3o \u00edntimos, e invadiram o corpo inteiro como can\u00e7\u00e3o que se instala sem pedir licen\u00e7a. Era presen\u00e7a que escapava dos limites do tempo. E agora mora na mem\u00f3ria, constru\u00edda pela imagina\u00e7\u00e3o e pelo afeto, esse ref\u00fagio sereno onde ela vive, inteira, mesmo ausente.<\/p>\n<p>Saudade \u00e9 um trem lento que se recusa a partir. Ela desce vagarosamente pelos trilhos da lembran\u00e7a e habitua o peito com a dor que \u00e9 bonita, o sil\u00eancio que ecoa onde o riso dela deveria estar. A mem\u00f3ria n\u00e3o se despede, ela se agarra, se faz baile lento no escuro do cora\u00e7\u00e3o.<\/p>\n<p>H\u00e1 lugares onde tudo invariavelmente cala, o quarto onde cheirava jasmim, o corredor onde os passos dela pareciam gravar m\u00fasica no assoalho, mas bastava fechar os olhos e l\u00e1 estava ela inteira, viva nas frestas da tarde, rindo com os cabelos a brilhar no sol. Esses fragmentos s\u00e3o flechas que nos atravessam de leve, s\u00f3 para mostrar que o amor continua pulsando, mesmo quando as m\u00e3os n\u00e3o alcan\u00e7am.<\/p>\n<p>\u00c9 um rio e um mar ao mesmo tempo, os afluentes da lembran\u00e7a correm pelo corpo, e quando se juntam, se tornam oceano, profundo, impiedosamente belo. E nesse mar navego, \u00e0s vezes a reboque da saudade, outras comandando os remos com for\u00e7a, lembrando que amar \u00e9 tamb\u00e9m aprender a soltar.<\/p>\n<p>Amor n\u00e3o aprisiona. Ele vive onde respira. Quando a gente ama de verdade, deixa livre, mas guarda, no fundo da alma, o espa\u00e7o onde aquele amor repousa e resiste. Porque tudo o que foi amado com verdade n\u00e3o se perde, transforma-se em eternidade \u00edntima. N\u00e3o morre. Permanece. Respira devagar dentro de n\u00f3s, mesmo que em sil\u00eancio.<\/p>\n<p>E se um dia ela voltar, ou se for ao contr\u00e1rio e for eu que volte, que venha com o riso guardado, com a hist\u00f3ria inteira pulsando na pele. Porque h\u00e1 afetos que n\u00e3o envelhecem nunca. Eles se tornam invis\u00edveis, mas continuam vivos. Como um perfume no escuro. Como um rio no deserto. Como quem volta devagar, e ainda encontra o cora\u00e7\u00e3o aceso, esperando, intacto, com a porta aberta.<\/p>\n","protected":false},"excerpt":{"rendered":"<p>\u00a0\u00a0Por Fl\u00e1vio Chaves \u2013 Jornalista, poeta, escritor e membro da Academia Pernambucana de Letras. Foi Delegado Federal\/Minc\u00a0 \u2013\u00a0 \u00c9 como se o tempo tivesse um rio s\u00f3 seu, lento, profundo, envolvente. A lembran\u00e7a dela surge como espuma no espelho da \u00e1gua, fr\u00e1gil, ef\u00eamera, mas portadora do fulgor. Cada mem\u00f3ria \u00e9 uma gota que estala dentro [&hellip;]<\/p>\n","protected":false},"author":1,"featured_media":1579,"comment_status":"open","ping_status":"open","sticky":false,"template":"","format":"standard","meta":{"footnotes":"","jetpack_publicize_message":"","jetpack_publicize_feature_enabled":true,"jetpack_social_post_already_shared":true,"jetpack_social_options":{"image_generator_settings":{"template":"highway","default_image_id":0,"font":"","enabled":false},"version":2}},"categories":[1,46],"tags":[],"class_list":["post-1577","post","type-post","status-publish","format-standard","has-post-thumbnail","hentry","category-https-gazetapernambucana-com-page_id225","category-literatura"],"yoast_head":"<!-- This site is optimized with the Yoast SEO plugin v24.5 - https:\/\/yoast.com\/wordpress\/plugins\/seo\/ -->\n<title>A saudade que navega. Por Fl\u00e1vio Chaves -<\/title>\n<meta name=\"robots\" content=\"index, follow, max-snippet:-1, max-image-preview:large, max-video-preview:-1\" \/>\n<link rel=\"canonical\" href=\"https:\/\/gazetapernambucana.com\/?p=1577\" \/>\n<meta property=\"og:locale\" content=\"pt_BR\" \/>\n<meta property=\"og:type\" content=\"article\" \/>\n<meta property=\"og:title\" content=\"A saudade que navega. Por Fl\u00e1vio Chaves -\" \/>\n<meta property=\"og:description\" content=\"\u00a0\u00a0Por Fl\u00e1vio Chaves \u2013 Jornalista, poeta, escritor e membro da Academia Pernambucana de Letras. Foi Delegado Federal\/Minc\u00a0 \u2013\u00a0 \u00c9 como se o tempo tivesse um rio s\u00f3 seu, lento, profundo, envolvente. A lembran\u00e7a dela surge como espuma no espelho da \u00e1gua, fr\u00e1gil, ef\u00eamera, mas portadora do fulgor. Cada mem\u00f3ria \u00e9 uma gota que estala dentro [&hellip;]\" \/>\n<meta property=\"og:url\" content=\"https:\/\/gazetapernambucana.com\/?p=1577\" \/>\n<meta property=\"article:published_time\" content=\"2025-08-24T01:47:50+00:00\" \/>\n<meta property=\"og:image\" content=\"https:\/\/gazetapernambucana.com\/wp-content\/uploads\/2025\/08\/32367291_2297679380244334_5270767269897568256_n-1.jpg\" \/>\n\t<meta property=\"og:image:width\" content=\"240\" \/>\n\t<meta property=\"og:image:height\" content=\"240\" \/>\n\t<meta property=\"og:image:type\" content=\"image\/jpeg\" \/>\n<meta name=\"author\" content=\"GP\" \/>\n<meta name=\"twitter:card\" content=\"summary_large_image\" \/>\n<meta name=\"twitter:label1\" content=\"Escrito por\" \/>\n\t<meta name=\"twitter:data1\" content=\"GP\" \/>\n\t<meta name=\"twitter:label2\" content=\"Est. tempo de leitura\" \/>\n\t<meta name=\"twitter:data2\" content=\"3 minutos\" \/>\n<script type=\"application\/ld+json\" class=\"yoast-schema-graph\">{\"@context\":\"https:\/\/schema.org\",\"@graph\":[{\"@type\":\"WebPage\",\"@id\":\"https:\/\/gazetapernambucana.com\/?p=1577\",\"url\":\"https:\/\/gazetapernambucana.com\/?p=1577\",\"name\":\"A saudade que navega. Por Fl\u00e1vio Chaves -\",\"isPartOf\":{\"@id\":\"https:\/\/gazetapernambucana.com\/#website\"},\"primaryImageOfPage\":{\"@id\":\"https:\/\/gazetapernambucana.com\/?p=1577#primaryimage\"},\"image\":{\"@id\":\"https:\/\/gazetapernambucana.com\/?p=1577#primaryimage\"},\"thumbnailUrl\":\"https:\/\/gazetapernambucana.com\/wp-content\/uploads\/2025\/08\/32367291_2297679380244334_5270767269897568256_n-1.jpg\",\"datePublished\":\"2025-08-24T01:47:50+00:00\",\"author\":{\"@id\":\"https:\/\/gazetapernambucana.com\/#\/schema\/person\/188dc283325181ac2de4db1e9e987427\"},\"breadcrumb\":{\"@id\":\"https:\/\/gazetapernambucana.com\/?p=1577#breadcrumb\"},\"inLanguage\":\"pt-BR\",\"potentialAction\":[{\"@type\":\"ReadAction\",\"target\":[\"https:\/\/gazetapernambucana.com\/?p=1577\"]}]},{\"@type\":\"ImageObject\",\"inLanguage\":\"pt-BR\",\"@id\":\"https:\/\/gazetapernambucana.com\/?p=1577#primaryimage\",\"url\":\"https:\/\/gazetapernambucana.com\/wp-content\/uploads\/2025\/08\/32367291_2297679380244334_5270767269897568256_n-1.jpg\",\"contentUrl\":\"https:\/\/gazetapernambucana.com\/wp-content\/uploads\/2025\/08\/32367291_2297679380244334_5270767269897568256_n-1.jpg\",\"width\":240,\"height\":240},{\"@type\":\"BreadcrumbList\",\"@id\":\"https:\/\/gazetapernambucana.com\/?p=1577#breadcrumb\",\"itemListElement\":[{\"@type\":\"ListItem\",\"position\":1,\"name\":\"In\u00edcio\",\"item\":\"https:\/\/gazetapernambucana.com\/\"},{\"@type\":\"ListItem\",\"position\":2,\"name\":\"A saudade que navega. Por Fl\u00e1vio Chaves\"}]},{\"@type\":\"WebSite\",\"@id\":\"https:\/\/gazetapernambucana.com\/#website\",\"url\":\"https:\/\/gazetapernambucana.com\/\",\"name\":\"\",\"description\":\"\",\"potentialAction\":[{\"@type\":\"SearchAction\",\"target\":{\"@type\":\"EntryPoint\",\"urlTemplate\":\"https:\/\/gazetapernambucana.com\/?s={search_term_string}\"},\"query-input\":{\"@type\":\"PropertyValueSpecification\",\"valueRequired\":true,\"valueName\":\"search_term_string\"}}],\"inLanguage\":\"pt-BR\"},{\"@type\":\"Person\",\"@id\":\"https:\/\/gazetapernambucana.com\/#\/schema\/person\/188dc283325181ac2de4db1e9e987427\",\"name\":\"GP\",\"image\":{\"@type\":\"ImageObject\",\"inLanguage\":\"pt-BR\",\"@id\":\"https:\/\/gazetapernambucana.com\/#\/schema\/person\/image\/\",\"url\":\"https:\/\/secure.gravatar.com\/avatar\/9dad78ff9a2d8b5742d11779f8a3f53b052320c550b2e1907882353c067bb111?s=96&d=mm&r=g\",\"contentUrl\":\"https:\/\/secure.gravatar.com\/avatar\/9dad78ff9a2d8b5742d11779f8a3f53b052320c550b2e1907882353c067bb111?s=96&d=mm&r=g\",\"caption\":\"GP\"},\"sameAs\":[\"http:\/\/gazetapernambucana.com\"],\"url\":\"https:\/\/gazetapernambucana.com\/?author=1\"}]}<\/script>\n<!-- \/ Yoast SEO plugin. -->","yoast_head_json":{"title":"A saudade que navega. Por Fl\u00e1vio Chaves -","robots":{"index":"index","follow":"follow","max-snippet":"max-snippet:-1","max-image-preview":"max-image-preview:large","max-video-preview":"max-video-preview:-1"},"canonical":"https:\/\/gazetapernambucana.com\/?p=1577","og_locale":"pt_BR","og_type":"article","og_title":"A saudade que navega. Por Fl\u00e1vio Chaves -","og_description":"\u00a0\u00a0Por Fl\u00e1vio Chaves \u2013 Jornalista, poeta, escritor e membro da Academia Pernambucana de Letras. Foi Delegado Federal\/Minc\u00a0 \u2013\u00a0 \u00c9 como se o tempo tivesse um rio s\u00f3 seu, lento, profundo, envolvente. A lembran\u00e7a dela surge como espuma no espelho da \u00e1gua, fr\u00e1gil, ef\u00eamera, mas portadora do fulgor. Cada mem\u00f3ria \u00e9 uma gota que estala dentro [&hellip;]","og_url":"https:\/\/gazetapernambucana.com\/?p=1577","article_published_time":"2025-08-24T01:47:50+00:00","og_image":[{"width":240,"height":240,"url":"https:\/\/gazetapernambucana.com\/wp-content\/uploads\/2025\/08\/32367291_2297679380244334_5270767269897568256_n-1.jpg","type":"image\/jpeg"}],"author":"GP","twitter_card":"summary_large_image","twitter_misc":{"Escrito por":"GP","Est. tempo de leitura":"3 minutos"},"schema":{"@context":"https:\/\/schema.org","@graph":[{"@type":"WebPage","@id":"https:\/\/gazetapernambucana.com\/?p=1577","url":"https:\/\/gazetapernambucana.com\/?p=1577","name":"A saudade que navega. Por Fl\u00e1vio Chaves -","isPartOf":{"@id":"https:\/\/gazetapernambucana.com\/#website"},"primaryImageOfPage":{"@id":"https:\/\/gazetapernambucana.com\/?p=1577#primaryimage"},"image":{"@id":"https:\/\/gazetapernambucana.com\/?p=1577#primaryimage"},"thumbnailUrl":"https:\/\/gazetapernambucana.com\/wp-content\/uploads\/2025\/08\/32367291_2297679380244334_5270767269897568256_n-1.jpg","datePublished":"2025-08-24T01:47:50+00:00","author":{"@id":"https:\/\/gazetapernambucana.com\/#\/schema\/person\/188dc283325181ac2de4db1e9e987427"},"breadcrumb":{"@id":"https:\/\/gazetapernambucana.com\/?p=1577#breadcrumb"},"inLanguage":"pt-BR","potentialAction":[{"@type":"ReadAction","target":["https:\/\/gazetapernambucana.com\/?p=1577"]}]},{"@type":"ImageObject","inLanguage":"pt-BR","@id":"https:\/\/gazetapernambucana.com\/?p=1577#primaryimage","url":"https:\/\/gazetapernambucana.com\/wp-content\/uploads\/2025\/08\/32367291_2297679380244334_5270767269897568256_n-1.jpg","contentUrl":"https:\/\/gazetapernambucana.com\/wp-content\/uploads\/2025\/08\/32367291_2297679380244334_5270767269897568256_n-1.jpg","width":240,"height":240},{"@type":"BreadcrumbList","@id":"https:\/\/gazetapernambucana.com\/?p=1577#breadcrumb","itemListElement":[{"@type":"ListItem","position":1,"name":"In\u00edcio","item":"https:\/\/gazetapernambucana.com\/"},{"@type":"ListItem","position":2,"name":"A saudade que navega. Por Fl\u00e1vio Chaves"}]},{"@type":"WebSite","@id":"https:\/\/gazetapernambucana.com\/#website","url":"https:\/\/gazetapernambucana.com\/","name":"","description":"","potentialAction":[{"@type":"SearchAction","target":{"@type":"EntryPoint","urlTemplate":"https:\/\/gazetapernambucana.com\/?s={search_term_string}"},"query-input":{"@type":"PropertyValueSpecification","valueRequired":true,"valueName":"search_term_string"}}],"inLanguage":"pt-BR"},{"@type":"Person","@id":"https:\/\/gazetapernambucana.com\/#\/schema\/person\/188dc283325181ac2de4db1e9e987427","name":"GP","image":{"@type":"ImageObject","inLanguage":"pt-BR","@id":"https:\/\/gazetapernambucana.com\/#\/schema\/person\/image\/","url":"https:\/\/secure.gravatar.com\/avatar\/9dad78ff9a2d8b5742d11779f8a3f53b052320c550b2e1907882353c067bb111?s=96&d=mm&r=g","contentUrl":"https:\/\/secure.gravatar.com\/avatar\/9dad78ff9a2d8b5742d11779f8a3f53b052320c550b2e1907882353c067bb111?s=96&d=mm&r=g","caption":"GP"},"sameAs":["http:\/\/gazetapernambucana.com"],"url":"https:\/\/gazetapernambucana.com\/?author=1"}]}},"jetpack_publicize_connections":[],"_links":{"self":[{"href":"https:\/\/gazetapernambucana.com\/index.php?rest_route=\/wp\/v2\/posts\/1577","targetHints":{"allow":["GET"]}}],"collection":[{"href":"https:\/\/gazetapernambucana.com\/index.php?rest_route=\/wp\/v2\/posts"}],"about":[{"href":"https:\/\/gazetapernambucana.com\/index.php?rest_route=\/wp\/v2\/types\/post"}],"author":[{"embeddable":true,"href":"https:\/\/gazetapernambucana.com\/index.php?rest_route=\/wp\/v2\/users\/1"}],"replies":[{"embeddable":true,"href":"https:\/\/gazetapernambucana.com\/index.php?rest_route=%2Fwp%2Fv2%2Fcomments&post=1577"}],"version-history":[{"count":1,"href":"https:\/\/gazetapernambucana.com\/index.php?rest_route=\/wp\/v2\/posts\/1577\/revisions"}],"predecessor-version":[{"id":1580,"href":"https:\/\/gazetapernambucana.com\/index.php?rest_route=\/wp\/v2\/posts\/1577\/revisions\/1580"}],"wp:featuredmedia":[{"embeddable":true,"href":"https:\/\/gazetapernambucana.com\/index.php?rest_route=\/wp\/v2\/media\/1579"}],"wp:attachment":[{"href":"https:\/\/gazetapernambucana.com\/index.php?rest_route=%2Fwp%2Fv2%2Fmedia&parent=1577"}],"wp:term":[{"taxonomy":"category","embeddable":true,"href":"https:\/\/gazetapernambucana.com\/index.php?rest_route=%2Fwp%2Fv2%2Fcategories&post=1577"},{"taxonomy":"post_tag","embeddable":true,"href":"https:\/\/gazetapernambucana.com\/index.php?rest_route=%2Fwp%2Fv2%2Ftags&post=1577"}],"curies":[{"name":"wp","href":"https:\/\/api.w.org\/{rel}","templated":true}]}}