{"id":1574,"date":"2025-08-23T17:31:18","date_gmt":"2025-08-23T20:31:18","guid":{"rendered":"https:\/\/gazetapernambucana.com\/?p=1574"},"modified":"2025-08-23T17:31:18","modified_gmt":"2025-08-23T20:31:18","slug":"a-matematica-da-narrativa-a-verdade-por-tras-dos-numeros-da-aprovacao-em-pernambuco-por-flavio-chaves","status":"publish","type":"post","link":"https:\/\/gazetapernambucana.com\/?p=1574","title":{"rendered":"A matem\u00e1tica da narrativa: A verdade por tr\u00e1s dos n\u00fameros da aprova\u00e7\u00e3o em Pernambuco. Por Fl\u00e1vio Chaves"},"content":{"rendered":"<h3>Quando os n\u00fameros escondem mais do que revelam, \u00e9 preciso ir al\u00e9m das apar\u00eancias estat\u00edsticas.<\/h3>\n<p><img loading=\"lazy\" decoding=\"async\" class=\"alignnone size-medium wp-image-174508\" src=\"https:\/\/flaviochaves.com.br\/wp-content\/uploads\/2025\/08\/brain-head-com-pergunta-70986433-300x200.webp\" alt=\"\" width=\"300\" height=\"200\" \/> <strong data-start=\"149\" data-end=\"168\">Por Fl\u00e1vio Chaves \u2013 Jornalista, poeta, escritor e membro da Academia Pernambucana de Letras. Foi Delegado Federal\/Minc\u00a0 \u2013<\/strong>\u00a0A recente pesquisa Genial\/Quaest divulgada em agosto de 2025 provocou inquieta\u00e7\u00e3o no meio pol\u00edtico de Pernambuco. Com 51% de aprova\u00e7\u00e3o e 45% de desaprova\u00e7\u00e3o atribu\u00eddas \u00e0 governadora Raquel Lyra, os dados, aparentemente est\u00e1veis, trazem embutidos questionamentos que transcendem a estat\u00edstica bruta e exigem uma leitura mais profunda \u2013 aritm\u00e9tica, sociol\u00f3gica, antropol\u00f3gica e, sobretudo, pol\u00edtica.<\/p>\n<p>Com margem de erro oscilando entre 2 e 3 pontos percentuais, a diferen\u00e7a entre aprova\u00e7\u00e3o e desaprova\u00e7\u00e3o se torna, tecnicamente, um empate. A pesquisa entrevistou 1.104 pessoas, o que representa cerca de 0,015% do total de 7.152.871 eleitores registrados no estado. Isso exige cautela quanto \u00e0 representatividade da amostra, principalmente diante da aus\u00eancia de dados p\u00fablicos sobre quais regi\u00f5es e perfis socioecon\u00f4micos foram ouvidos.<\/p>\n<p>Segundo o que foi divulgado, a pesquisa foi conduzida em 52 munic\u00edpios. No entanto, n\u00e3o h\u00e1 detalhamento sobre a distribui\u00e7\u00e3o geogr\u00e1fica desses locais, nem sobre o crit\u00e9rio de sele\u00e7\u00e3o dos entrevistados. Pernambuco \u00e9 marcado por fortes disparidades entre Regi\u00e3o Metropolitana, Agreste, Zona da Mata e Sert\u00e3o. Sem clareza na estratifica\u00e7\u00e3o regional, toda a credibilidade anal\u00edtica da pesquisa fica comprometida.<\/p>\n<p>No campo simb\u00f3lico da pol\u00edtica, Raquel Lyra representa uma ruptura com a velha ordem estadual. Mulher, gestora t\u00e9cnica, firme, sem apadrinhamentos ideol\u00f3gicos e com uma agenda de combate \u00e0 corrup\u00e7\u00e3o hist\u00f3rica em Pernambuco, ela naturalmente desperta resist\u00eancias. Essa resist\u00eancia \u00e9 cultural, institucional e atravessa as estruturas que historicamente dominaram o estado. A tentativa de enquadr\u00e1-la como uma governadora &#8220;dividida&#8221; nas opini\u00f5es pode ser uma narrativa forjada para neutralizar sua influ\u00eancia.<\/p>\n<p>Pesquisas s\u00e3o ferramentas de leitura da realidade, mas tamb\u00e9m instrumentos de forma\u00e7\u00e3o de opini\u00e3o. A insist\u00eancia em destacar o percentual de desaprova\u00e7\u00e3o quase no mesmo patamar da aprova\u00e7\u00e3o, mesmo em um cen\u00e1rio de estabilidade, revela um desejo impl\u00edcito de construir uma imagem de desgaste. Essa n\u00e3o \u00e9 apenas uma quest\u00e3o num\u00e9rica, \u00e9 estrat\u00e9gica: o objetivo \u00e9 desmobilizar apoios, enfraquecer alian\u00e7as e deslegitimar o avan\u00e7o de um projeto de gest\u00e3o mais moderno e respons\u00e1vel.<\/p>\n<p>N\u00e3o se trata de desqualificar a pesquisa, mas de exigir transpar\u00eancia metodol\u00f3gica. N\u00e3o \u00e9 aceit\u00e1vel que se tomem conclus\u00f5es definitivas a partir de dados que n\u00e3o revelam sua pr\u00f3pria engenharia. Uma sociedade democr\u00e1tica exige que pesquisas que embasam narrativas pol\u00edticas estejam amparadas em crit\u00e9rios t\u00e9cnicos audit\u00e1veis e publicamente verific\u00e1veis.<\/p>\n<p>Em tempos de guerra simb\u00f3lica, n\u00e3o s\u00e3o apenas os fatos que importam, mas o que se constr\u00f3i a partir deles. A matem\u00e1tica pode ser exata, mas a forma como os n\u00fameros s\u00e3o usados \u00e9 profundamente pol\u00edtica. A governadora Raquel Lyra n\u00e3o enfrenta apenas os desafios da gest\u00e3o, mas tamb\u00e9m uma disputa narrativa onde cada percentual importa. E \u00e9 papel do jornalismo de responsabilidade oferecer \u00e0 sociedade uma leitura que transcenda a superf\u00edcie das cifras e alcance o cerne da verdade pol\u00edtica.<\/p>\n<p>Se a verdade pol\u00edtica depende de n\u00fameros, ent\u00e3o quem conta os n\u00fameros controla o discurso. E quem controla o discurso, prepara o terreno para o poder.<\/p>\n","protected":false},"excerpt":{"rendered":"<p>Quando os n\u00fameros escondem mais do que revelam, \u00e9 preciso ir al\u00e9m das apar\u00eancias estat\u00edsticas. Por Fl\u00e1vio Chaves \u2013 Jornalista, poeta, escritor e membro da Academia Pernambucana de Letras. Foi Delegado Federal\/Minc\u00a0 \u2013\u00a0A recente pesquisa Genial\/Quaest divulgada em agosto de 2025 provocou inquieta\u00e7\u00e3o no meio pol\u00edtico de Pernambuco. Com 51% de aprova\u00e7\u00e3o e 45% de [&hellip;]<\/p>\n","protected":false},"author":1,"featured_media":1575,"comment_status":"open","ping_status":"open","sticky":false,"template":"","format":"standard","meta":{"footnotes":"","jetpack_publicize_message":"","jetpack_publicize_feature_enabled":true,"jetpack_social_post_already_shared":true,"jetpack_social_options":{"image_generator_settings":{"template":"highway","default_image_id":0,"font":"","enabled":false},"version":2}},"categories":[1,76,65],"tags":[],"class_list":["post-1574","post","type-post","status-publish","format-standard","has-post-thumbnail","hentry","category-https-gazetapernambucana-com-page_id225","category-opiniao","category-politica"],"yoast_head":"<!-- This site is optimized with the Yoast SEO plugin v24.5 - https:\/\/yoast.com\/wordpress\/plugins\/seo\/ -->\n<title>A matem\u00e1tica da narrativa: A verdade por tr\u00e1s dos n\u00fameros da aprova\u00e7\u00e3o em Pernambuco. Por Fl\u00e1vio Chaves -<\/title>\n<meta name=\"robots\" content=\"index, follow, max-snippet:-1, max-image-preview:large, max-video-preview:-1\" \/>\n<link rel=\"canonical\" href=\"https:\/\/gazetapernambucana.com\/?p=1574\" \/>\n<meta property=\"og:locale\" content=\"pt_BR\" \/>\n<meta property=\"og:type\" content=\"article\" \/>\n<meta property=\"og:title\" content=\"A matem\u00e1tica da narrativa: A verdade por tr\u00e1s dos n\u00fameros da aprova\u00e7\u00e3o em Pernambuco. Por Fl\u00e1vio Chaves -\" \/>\n<meta property=\"og:description\" content=\"Quando os n\u00fameros escondem mais do que revelam, \u00e9 preciso ir al\u00e9m das apar\u00eancias estat\u00edsticas. Por Fl\u00e1vio Chaves \u2013 Jornalista, poeta, escritor e membro da Academia Pernambucana de Letras. Foi Delegado Federal\/Minc\u00a0 \u2013\u00a0A recente pesquisa Genial\/Quaest divulgada em agosto de 2025 provocou inquieta\u00e7\u00e3o no meio pol\u00edtico de Pernambuco. Com 51% de aprova\u00e7\u00e3o e 45% de [&hellip;]\" \/>\n<meta property=\"og:url\" content=\"https:\/\/gazetapernambucana.com\/?p=1574\" \/>\n<meta property=\"article:published_time\" content=\"2025-08-23T20:31:18+00:00\" \/>\n<meta property=\"og:image\" content=\"https:\/\/gazetapernambucana.com\/wp-content\/uploads\/2025\/08\/brain-head-com-pergunta-70986433.webp\" \/>\n\t<meta property=\"og:image:width\" content=\"800\" \/>\n\t<meta property=\"og:image:height\" content=\"534\" \/>\n\t<meta property=\"og:image:type\" content=\"image\/webp\" \/>\n<meta name=\"author\" content=\"GP\" \/>\n<meta name=\"twitter:card\" content=\"summary_large_image\" \/>\n<meta name=\"twitter:label1\" content=\"Escrito por\" \/>\n\t<meta name=\"twitter:data1\" content=\"GP\" \/>\n\t<meta name=\"twitter:label2\" content=\"Est. tempo de leitura\" \/>\n\t<meta name=\"twitter:data2\" content=\"4 minutos\" \/>\n<script type=\"application\/ld+json\" class=\"yoast-schema-graph\">{\"@context\":\"https:\/\/schema.org\",\"@graph\":[{\"@type\":\"WebPage\",\"@id\":\"https:\/\/gazetapernambucana.com\/?p=1574\",\"url\":\"https:\/\/gazetapernambucana.com\/?p=1574\",\"name\":\"A matem\u00e1tica da narrativa: A verdade por tr\u00e1s dos n\u00fameros da aprova\u00e7\u00e3o em Pernambuco. Por Fl\u00e1vio Chaves -\",\"isPartOf\":{\"@id\":\"https:\/\/gazetapernambucana.com\/#website\"},\"primaryImageOfPage\":{\"@id\":\"https:\/\/gazetapernambucana.com\/?p=1574#primaryimage\"},\"image\":{\"@id\":\"https:\/\/gazetapernambucana.com\/?p=1574#primaryimage\"},\"thumbnailUrl\":\"https:\/\/gazetapernambucana.com\/wp-content\/uploads\/2025\/08\/brain-head-com-pergunta-70986433.webp\",\"datePublished\":\"2025-08-23T20:31:18+00:00\",\"author\":{\"@id\":\"https:\/\/gazetapernambucana.com\/#\/schema\/person\/188dc283325181ac2de4db1e9e987427\"},\"breadcrumb\":{\"@id\":\"https:\/\/gazetapernambucana.com\/?p=1574#breadcrumb\"},\"inLanguage\":\"pt-BR\",\"potentialAction\":[{\"@type\":\"ReadAction\",\"target\":[\"https:\/\/gazetapernambucana.com\/?p=1574\"]}]},{\"@type\":\"ImageObject\",\"inLanguage\":\"pt-BR\",\"@id\":\"https:\/\/gazetapernambucana.com\/?p=1574#primaryimage\",\"url\":\"https:\/\/gazetapernambucana.com\/wp-content\/uploads\/2025\/08\/brain-head-com-pergunta-70986433.webp\",\"contentUrl\":\"https:\/\/gazetapernambucana.com\/wp-content\/uploads\/2025\/08\/brain-head-com-pergunta-70986433.webp\",\"width\":800,\"height\":534},{\"@type\":\"BreadcrumbList\",\"@id\":\"https:\/\/gazetapernambucana.com\/?p=1574#breadcrumb\",\"itemListElement\":[{\"@type\":\"ListItem\",\"position\":1,\"name\":\"In\u00edcio\",\"item\":\"https:\/\/gazetapernambucana.com\/\"},{\"@type\":\"ListItem\",\"position\":2,\"name\":\"A matem\u00e1tica da narrativa: A verdade por tr\u00e1s dos n\u00fameros da aprova\u00e7\u00e3o em Pernambuco. Por Fl\u00e1vio Chaves\"}]},{\"@type\":\"WebSite\",\"@id\":\"https:\/\/gazetapernambucana.com\/#website\",\"url\":\"https:\/\/gazetapernambucana.com\/\",\"name\":\"\",\"description\":\"\",\"potentialAction\":[{\"@type\":\"SearchAction\",\"target\":{\"@type\":\"EntryPoint\",\"urlTemplate\":\"https:\/\/gazetapernambucana.com\/?s={search_term_string}\"},\"query-input\":{\"@type\":\"PropertyValueSpecification\",\"valueRequired\":true,\"valueName\":\"search_term_string\"}}],\"inLanguage\":\"pt-BR\"},{\"@type\":\"Person\",\"@id\":\"https:\/\/gazetapernambucana.com\/#\/schema\/person\/188dc283325181ac2de4db1e9e987427\",\"name\":\"GP\",\"image\":{\"@type\":\"ImageObject\",\"inLanguage\":\"pt-BR\",\"@id\":\"https:\/\/gazetapernambucana.com\/#\/schema\/person\/image\/\",\"url\":\"https:\/\/secure.gravatar.com\/avatar\/9dad78ff9a2d8b5742d11779f8a3f53b052320c550b2e1907882353c067bb111?s=96&d=mm&r=g\",\"contentUrl\":\"https:\/\/secure.gravatar.com\/avatar\/9dad78ff9a2d8b5742d11779f8a3f53b052320c550b2e1907882353c067bb111?s=96&d=mm&r=g\",\"caption\":\"GP\"},\"sameAs\":[\"http:\/\/gazetapernambucana.com\"],\"url\":\"https:\/\/gazetapernambucana.com\/?author=1\"}]}<\/script>\n<!-- \/ Yoast SEO plugin. -->","yoast_head_json":{"title":"A matem\u00e1tica da narrativa: A verdade por tr\u00e1s dos n\u00fameros da aprova\u00e7\u00e3o em Pernambuco. Por Fl\u00e1vio Chaves -","robots":{"index":"index","follow":"follow","max-snippet":"max-snippet:-1","max-image-preview":"max-image-preview:large","max-video-preview":"max-video-preview:-1"},"canonical":"https:\/\/gazetapernambucana.com\/?p=1574","og_locale":"pt_BR","og_type":"article","og_title":"A matem\u00e1tica da narrativa: A verdade por tr\u00e1s dos n\u00fameros da aprova\u00e7\u00e3o em Pernambuco. Por Fl\u00e1vio Chaves -","og_description":"Quando os n\u00fameros escondem mais do que revelam, \u00e9 preciso ir al\u00e9m das apar\u00eancias estat\u00edsticas. Por Fl\u00e1vio Chaves \u2013 Jornalista, poeta, escritor e membro da Academia Pernambucana de Letras. Foi Delegado Federal\/Minc\u00a0 \u2013\u00a0A recente pesquisa Genial\/Quaest divulgada em agosto de 2025 provocou inquieta\u00e7\u00e3o no meio pol\u00edtico de Pernambuco. Com 51% de aprova\u00e7\u00e3o e 45% de [&hellip;]","og_url":"https:\/\/gazetapernambucana.com\/?p=1574","article_published_time":"2025-08-23T20:31:18+00:00","og_image":[{"width":800,"height":534,"url":"https:\/\/gazetapernambucana.com\/wp-content\/uploads\/2025\/08\/brain-head-com-pergunta-70986433.webp","type":"image\/webp"}],"author":"GP","twitter_card":"summary_large_image","twitter_misc":{"Escrito por":"GP","Est. tempo de leitura":"4 minutos"},"schema":{"@context":"https:\/\/schema.org","@graph":[{"@type":"WebPage","@id":"https:\/\/gazetapernambucana.com\/?p=1574","url":"https:\/\/gazetapernambucana.com\/?p=1574","name":"A matem\u00e1tica da narrativa: A verdade por tr\u00e1s dos n\u00fameros da aprova\u00e7\u00e3o em Pernambuco. Por Fl\u00e1vio Chaves -","isPartOf":{"@id":"https:\/\/gazetapernambucana.com\/#website"},"primaryImageOfPage":{"@id":"https:\/\/gazetapernambucana.com\/?p=1574#primaryimage"},"image":{"@id":"https:\/\/gazetapernambucana.com\/?p=1574#primaryimage"},"thumbnailUrl":"https:\/\/gazetapernambucana.com\/wp-content\/uploads\/2025\/08\/brain-head-com-pergunta-70986433.webp","datePublished":"2025-08-23T20:31:18+00:00","author":{"@id":"https:\/\/gazetapernambucana.com\/#\/schema\/person\/188dc283325181ac2de4db1e9e987427"},"breadcrumb":{"@id":"https:\/\/gazetapernambucana.com\/?p=1574#breadcrumb"},"inLanguage":"pt-BR","potentialAction":[{"@type":"ReadAction","target":["https:\/\/gazetapernambucana.com\/?p=1574"]}]},{"@type":"ImageObject","inLanguage":"pt-BR","@id":"https:\/\/gazetapernambucana.com\/?p=1574#primaryimage","url":"https:\/\/gazetapernambucana.com\/wp-content\/uploads\/2025\/08\/brain-head-com-pergunta-70986433.webp","contentUrl":"https:\/\/gazetapernambucana.com\/wp-content\/uploads\/2025\/08\/brain-head-com-pergunta-70986433.webp","width":800,"height":534},{"@type":"BreadcrumbList","@id":"https:\/\/gazetapernambucana.com\/?p=1574#breadcrumb","itemListElement":[{"@type":"ListItem","position":1,"name":"In\u00edcio","item":"https:\/\/gazetapernambucana.com\/"},{"@type":"ListItem","position":2,"name":"A matem\u00e1tica da narrativa: A verdade por tr\u00e1s dos n\u00fameros da aprova\u00e7\u00e3o em Pernambuco. Por Fl\u00e1vio Chaves"}]},{"@type":"WebSite","@id":"https:\/\/gazetapernambucana.com\/#website","url":"https:\/\/gazetapernambucana.com\/","name":"","description":"","potentialAction":[{"@type":"SearchAction","target":{"@type":"EntryPoint","urlTemplate":"https:\/\/gazetapernambucana.com\/?s={search_term_string}"},"query-input":{"@type":"PropertyValueSpecification","valueRequired":true,"valueName":"search_term_string"}}],"inLanguage":"pt-BR"},{"@type":"Person","@id":"https:\/\/gazetapernambucana.com\/#\/schema\/person\/188dc283325181ac2de4db1e9e987427","name":"GP","image":{"@type":"ImageObject","inLanguage":"pt-BR","@id":"https:\/\/gazetapernambucana.com\/#\/schema\/person\/image\/","url":"https:\/\/secure.gravatar.com\/avatar\/9dad78ff9a2d8b5742d11779f8a3f53b052320c550b2e1907882353c067bb111?s=96&d=mm&r=g","contentUrl":"https:\/\/secure.gravatar.com\/avatar\/9dad78ff9a2d8b5742d11779f8a3f53b052320c550b2e1907882353c067bb111?s=96&d=mm&r=g","caption":"GP"},"sameAs":["http:\/\/gazetapernambucana.com"],"url":"https:\/\/gazetapernambucana.com\/?author=1"}]}},"jetpack_publicize_connections":[],"_links":{"self":[{"href":"https:\/\/gazetapernambucana.com\/index.php?rest_route=\/wp\/v2\/posts\/1574","targetHints":{"allow":["GET"]}}],"collection":[{"href":"https:\/\/gazetapernambucana.com\/index.php?rest_route=\/wp\/v2\/posts"}],"about":[{"href":"https:\/\/gazetapernambucana.com\/index.php?rest_route=\/wp\/v2\/types\/post"}],"author":[{"embeddable":true,"href":"https:\/\/gazetapernambucana.com\/index.php?rest_route=\/wp\/v2\/users\/1"}],"replies":[{"embeddable":true,"href":"https:\/\/gazetapernambucana.com\/index.php?rest_route=%2Fwp%2Fv2%2Fcomments&post=1574"}],"version-history":[{"count":1,"href":"https:\/\/gazetapernambucana.com\/index.php?rest_route=\/wp\/v2\/posts\/1574\/revisions"}],"predecessor-version":[{"id":1576,"href":"https:\/\/gazetapernambucana.com\/index.php?rest_route=\/wp\/v2\/posts\/1574\/revisions\/1576"}],"wp:featuredmedia":[{"embeddable":true,"href":"https:\/\/gazetapernambucana.com\/index.php?rest_route=\/wp\/v2\/media\/1575"}],"wp:attachment":[{"href":"https:\/\/gazetapernambucana.com\/index.php?rest_route=%2Fwp%2Fv2%2Fmedia&parent=1574"}],"wp:term":[{"taxonomy":"category","embeddable":true,"href":"https:\/\/gazetapernambucana.com\/index.php?rest_route=%2Fwp%2Fv2%2Fcategories&post=1574"},{"taxonomy":"post_tag","embeddable":true,"href":"https:\/\/gazetapernambucana.com\/index.php?rest_route=%2Fwp%2Fv2%2Ftags&post=1574"}],"curies":[{"name":"wp","href":"https:\/\/api.w.org\/{rel}","templated":true}]}}