{"id":1571,"date":"2025-08-23T15:59:52","date_gmt":"2025-08-23T18:59:52","guid":{"rendered":"https:\/\/gazetapernambucana.com\/?p=1571"},"modified":"2025-08-23T15:59:52","modified_gmt":"2025-08-23T18:59:52","slug":"raquel-lyra-fecha-semana-com-vitorias-politicas-na-alepe-com-decisoes-judiciais","status":"publish","type":"post","link":"https:\/\/gazetapernambucana.com\/?p=1571","title":{"rendered":"Raquel Lyra fecha semana com vit\u00f3rias pol\u00edticas na Alepe com decis\u00f5es judiciais"},"content":{"rendered":"<h3><strong>Decis\u00f5es judiciais revertem manobras em PSDB e PRD e d\u00e3o f\u00f4lego a Raquel Lyra na Alepe, que fica perto de ter maioria na CPI da Publicidade<\/strong><\/h3>\n<picture><img loading=\"lazy\" decoding=\"async\" src=\"https:\/\/imagens.ne10.uol.com.br\/veiculos\/_midias\/jpg\/2025\/08\/22\/02_03_1a_plenaria_posse_mesa_diretora_al_055-35400983.jpg?ims=800x533\" alt=\"Decis\u00f5es judiciais favor\u00e1veis a governistas deram f\u00f4lego a Raquel Lyra na Alepe\" width=\"800\" height=\"533\" \/><\/picture>\n<p><strong>Decis\u00f5es judiciais favor\u00e1veis a governistas deram f\u00f4lego a Raquel Lyra na Alepe<\/strong> &#8211;\u00a0Amaro Lima\/Alepe<\/p>\n<p class=\"texto\">O ano de 2025 na\u00a0Assembleia Legislativa de Pernambuco (Alepe)\u00a0passa longe da calmaria ou da tranquilidade, com \u00e2nimos\u00a0constantemente acirrados e embates incessantes. No entanto, a semana parece se encerrar com saldo positivo para a governadora\u00a0Raquel Lyra (PSD), mesmo que momentaneamente, com as decis\u00f5es judiciais que favoreceram\u00a0a base governista na Casa e, ao mesmo tempo, podem dar ao grupo\u00a0maioria na\u00a0CPI da Publicidade.<\/p>\n<p class=\"texto\">A semana come\u00e7ou turbulenta, j\u00e1 com a sombra da CPI da Publicidade, instalada na ter\u00e7a-feira (19), ent\u00e3o com maioria da oposi\u00e7\u00e3o, em virtude da manobra feita na semana anterior, quando os deputados\u00a0Diogo Moraes,\u00a0J\u00fanior Matuto\u00a0e\u00a0Waldemar Borges\u00a0deixaram o\u00a0PSB\u00a0e rumaram para\u00a0PSDB,\u00a0PRD\u00a0e\u00a0MDB, respectivamente.<\/p>\n<p>Em movimento sincronizado logo ap\u00f3s o desembarque dos ex-pessebistas nos partidos, os tr\u00eas parlamentares foram al\u00e7ados \u00e0s lideran\u00e7as das bancadas das siglas na Casa e indicados para a CPI, dando \u00e0 oposi\u00e7\u00e3o maioria na Comiss\u00e3o. Diogo Moraes, por exemplo, n\u00e3o apenas chegou \u00e0\u00a0lideran\u00e7a da bancada do PSDB, como tamb\u00e9m havia se tornado presidente da CPI da Publicidade, acompanhado do ent\u00e3o l\u00edder emedebista Waldemar Borges na relatoria.<\/p>\n<p class=\"texto\">No meio da semana, as den\u00fancias de \u00c1lvaro Porto contra um assessor da governadora ap\u00f3s uma investiga\u00e7\u00e3o realizada pela Superintend\u00eancia de Intelig\u00eancia da Alepe aumentaram a sombra da CPI em torno dos governistas.<\/p>\n<h2>Decis\u00f5es judiciais em favor de governistas d\u00e3o f\u00f4lego a Raquel Lyra na Alepe<\/h2>\n<p class=\"texto\">No entanto, a partir da quinta-feira (21), a mar\u00e9 come\u00e7ou a virar para Raquel Lyra na Casa Legislativa, com a decis\u00e3o judicial que atendeu a\u00e7\u00e3o movida pela deputada D\u00e9bora Almeida (PSDB) e lhe restaurou a lideran\u00e7a da bancada do PSDB na Alepe.<\/p>\n<p class=\"texto\">J\u00e1 nesta sexta-feira (22), uma decis\u00e3o similar atendeu a\u00e7\u00e3o movida pelo deputado Jo\u00e3ozinho Ten\u00f3rio (PRD), que tamb\u00e9m retornou a lideran\u00e7a da bancada do seu partido.<\/p>\n<p class=\"texto\">As duas decis\u00f5es consideraram irregulares as reuni\u00f5es das Executivas dos dois partidos, que tiveram os efeitos anulados. Cabe recurso.<\/p>\n<p class=\"texto\">O MDB tamb\u00e9m pode acabar sendo alvo de uma nova decis\u00e3o judicial, ap\u00f3s a\u00e7\u00e3o movida pelo deputado Jarbas Filho contra a dire\u00e7\u00e3o do partido, pela manobra que o retirou da lideran\u00e7a da bancada.<\/p>\n<p class=\"texto\">Com as decis\u00f5es, a governadora Raquel Lyra fica perto de ter\u00a0maioria na CPI. No momento, quatro oposicionistas e quatro governistas formam os titulares da Comiss\u00e3o. S\u00e3o eles:<\/p>\n<ul>\n<li>Antonio Coelho (Uni\u00e3o Brasil) &#8211; vice-presidente<\/li>\n<li>Waldemar Borges (MDB) &#8211; relator<\/li>\n<li>Dani Portela (PSOL)<\/li>\n<li>Rodrigo Farias (PSB)<\/li>\n<li>Ant\u00f4nio Moraes (PP)<\/li>\n<li>Jo\u00e3o Paulo (PT)<\/li>\n<li>Nino de Enoque (PL)<\/li>\n<li>Wanderson Flor\u00eancio (Solidariedade)<\/li>\n<\/ul>\n<p class=\"texto\">Em caso de manuten\u00e7\u00e3o das decis\u00f5es que reverteram a situa\u00e7\u00e3o de PSDB e PRD, e de uma eventual chegada de D\u00e9bora Almeida e Jo\u00e3ozinho Ten\u00f3rio na CPI, a oposi\u00e7\u00e3o garantiria, enfim, a maioria.<\/p>\n<p class=\"texto\">\u00c9 esperado\u00a0que o f\u00f4lego moment\u00e2neo funcione para uma rearruma\u00e7\u00e3o das articula\u00e7\u00f5es por parte dos governistas, que j\u00e1 aguardam retalia\u00e7\u00f5es por parte da oposi\u00e7\u00e3o.<\/p>\n<p>FONTE: JORNAL DO COMM\u00c9RCIO<\/p>\n","protected":false},"excerpt":{"rendered":"<p>Decis\u00f5es judiciais revertem manobras em PSDB e PRD e d\u00e3o f\u00f4lego a Raquel Lyra na Alepe, que fica perto de ter maioria na CPI da Publicidade Decis\u00f5es judiciais favor\u00e1veis a governistas deram f\u00f4lego a Raquel Lyra na Alepe &#8211;\u00a0Amaro Lima\/Alepe O ano de 2025 na\u00a0Assembleia Legislativa de Pernambuco (Alepe)\u00a0passa longe da calmaria ou da tranquilidade, [&hellip;]<\/p>\n","protected":false},"author":1,"featured_media":1572,"comment_status":"open","ping_status":"open","sticky":false,"template":"","format":"standard","meta":{"footnotes":"","jetpack_publicize_message":"","jetpack_publicize_feature_enabled":true,"jetpack_social_post_already_shared":true,"jetpack_social_options":{"image_generator_settings":{"template":"highway","default_image_id":0,"font":"","enabled":false},"version":2}},"categories":[1,65],"tags":[],"class_list":["post-1571","post","type-post","status-publish","format-standard","has-post-thumbnail","hentry","category-https-gazetapernambucana-com-page_id225","category-politica"],"yoast_head":"<!-- This site is optimized with the Yoast SEO plugin v24.5 - https:\/\/yoast.com\/wordpress\/plugins\/seo\/ -->\n<title>Raquel Lyra fecha semana com vit\u00f3rias pol\u00edticas na Alepe com decis\u00f5es judiciais -<\/title>\n<meta name=\"robots\" content=\"index, follow, max-snippet:-1, max-image-preview:large, max-video-preview:-1\" \/>\n<link rel=\"canonical\" href=\"https:\/\/gazetapernambucana.com\/?p=1571\" \/>\n<meta property=\"og:locale\" content=\"pt_BR\" \/>\n<meta property=\"og:type\" content=\"article\" \/>\n<meta property=\"og:title\" content=\"Raquel Lyra fecha semana com vit\u00f3rias pol\u00edticas na Alepe com decis\u00f5es judiciais -\" \/>\n<meta property=\"og:description\" content=\"Decis\u00f5es judiciais revertem manobras em PSDB e PRD e d\u00e3o f\u00f4lego a Raquel Lyra na Alepe, que fica perto de ter maioria na CPI da Publicidade Decis\u00f5es judiciais favor\u00e1veis a governistas deram f\u00f4lego a Raquel Lyra na Alepe &#8211;\u00a0Amaro Lima\/Alepe O ano de 2025 na\u00a0Assembleia Legislativa de Pernambuco (Alepe)\u00a0passa longe da calmaria ou da tranquilidade, [&hellip;]\" \/>\n<meta property=\"og:url\" content=\"https:\/\/gazetapernambucana.com\/?p=1571\" \/>\n<meta property=\"article:published_time\" content=\"2025-08-23T18:59:52+00:00\" \/>\n<meta property=\"og:image\" content=\"https:\/\/gazetapernambucana.com\/wp-content\/uploads\/2025\/08\/02_03_1a_plenaria_posse_mesa_diretora_al_055-35400983.webp\" \/>\n\t<meta property=\"og:image:width\" content=\"1600\" \/>\n\t<meta property=\"og:image:height\" content=\"1066\" \/>\n\t<meta property=\"og:image:type\" content=\"image\/webp\" \/>\n<meta name=\"author\" content=\"GP\" \/>\n<meta name=\"twitter:card\" content=\"summary_large_image\" \/>\n<meta name=\"twitter:label1\" content=\"Escrito por\" \/>\n\t<meta name=\"twitter:data1\" content=\"GP\" \/>\n\t<meta name=\"twitter:label2\" content=\"Est. tempo de leitura\" \/>\n\t<meta name=\"twitter:data2\" content=\"4 minutos\" \/>\n<script type=\"application\/ld+json\" class=\"yoast-schema-graph\">{\"@context\":\"https:\/\/schema.org\",\"@graph\":[{\"@type\":\"WebPage\",\"@id\":\"https:\/\/gazetapernambucana.com\/?p=1571\",\"url\":\"https:\/\/gazetapernambucana.com\/?p=1571\",\"name\":\"Raquel Lyra fecha semana com vit\u00f3rias pol\u00edticas na Alepe com decis\u00f5es judiciais -\",\"isPartOf\":{\"@id\":\"https:\/\/gazetapernambucana.com\/#website\"},\"primaryImageOfPage\":{\"@id\":\"https:\/\/gazetapernambucana.com\/?p=1571#primaryimage\"},\"image\":{\"@id\":\"https:\/\/gazetapernambucana.com\/?p=1571#primaryimage\"},\"thumbnailUrl\":\"https:\/\/gazetapernambucana.com\/wp-content\/uploads\/2025\/08\/02_03_1a_plenaria_posse_mesa_diretora_al_055-35400983.webp\",\"datePublished\":\"2025-08-23T18:59:52+00:00\",\"author\":{\"@id\":\"https:\/\/gazetapernambucana.com\/#\/schema\/person\/188dc283325181ac2de4db1e9e987427\"},\"breadcrumb\":{\"@id\":\"https:\/\/gazetapernambucana.com\/?p=1571#breadcrumb\"},\"inLanguage\":\"pt-BR\",\"potentialAction\":[{\"@type\":\"ReadAction\",\"target\":[\"https:\/\/gazetapernambucana.com\/?p=1571\"]}]},{\"@type\":\"ImageObject\",\"inLanguage\":\"pt-BR\",\"@id\":\"https:\/\/gazetapernambucana.com\/?p=1571#primaryimage\",\"url\":\"https:\/\/gazetapernambucana.com\/wp-content\/uploads\/2025\/08\/02_03_1a_plenaria_posse_mesa_diretora_al_055-35400983.webp\",\"contentUrl\":\"https:\/\/gazetapernambucana.com\/wp-content\/uploads\/2025\/08\/02_03_1a_plenaria_posse_mesa_diretora_al_055-35400983.webp\",\"width\":1600,\"height\":1066},{\"@type\":\"BreadcrumbList\",\"@id\":\"https:\/\/gazetapernambucana.com\/?p=1571#breadcrumb\",\"itemListElement\":[{\"@type\":\"ListItem\",\"position\":1,\"name\":\"In\u00edcio\",\"item\":\"https:\/\/gazetapernambucana.com\/\"},{\"@type\":\"ListItem\",\"position\":2,\"name\":\"Raquel Lyra fecha semana com vit\u00f3rias pol\u00edticas na Alepe com decis\u00f5es judiciais\"}]},{\"@type\":\"WebSite\",\"@id\":\"https:\/\/gazetapernambucana.com\/#website\",\"url\":\"https:\/\/gazetapernambucana.com\/\",\"name\":\"\",\"description\":\"\",\"potentialAction\":[{\"@type\":\"SearchAction\",\"target\":{\"@type\":\"EntryPoint\",\"urlTemplate\":\"https:\/\/gazetapernambucana.com\/?s={search_term_string}\"},\"query-input\":{\"@type\":\"PropertyValueSpecification\",\"valueRequired\":true,\"valueName\":\"search_term_string\"}}],\"inLanguage\":\"pt-BR\"},{\"@type\":\"Person\",\"@id\":\"https:\/\/gazetapernambucana.com\/#\/schema\/person\/188dc283325181ac2de4db1e9e987427\",\"name\":\"GP\",\"image\":{\"@type\":\"ImageObject\",\"inLanguage\":\"pt-BR\",\"@id\":\"https:\/\/gazetapernambucana.com\/#\/schema\/person\/image\/\",\"url\":\"https:\/\/secure.gravatar.com\/avatar\/9dad78ff9a2d8b5742d11779f8a3f53b052320c550b2e1907882353c067bb111?s=96&d=mm&r=g\",\"contentUrl\":\"https:\/\/secure.gravatar.com\/avatar\/9dad78ff9a2d8b5742d11779f8a3f53b052320c550b2e1907882353c067bb111?s=96&d=mm&r=g\",\"caption\":\"GP\"},\"sameAs\":[\"http:\/\/gazetapernambucana.com\"],\"url\":\"https:\/\/gazetapernambucana.com\/?author=1\"}]}<\/script>\n<!-- \/ Yoast SEO plugin. -->","yoast_head_json":{"title":"Raquel Lyra fecha semana com vit\u00f3rias pol\u00edticas na Alepe com decis\u00f5es judiciais -","robots":{"index":"index","follow":"follow","max-snippet":"max-snippet:-1","max-image-preview":"max-image-preview:large","max-video-preview":"max-video-preview:-1"},"canonical":"https:\/\/gazetapernambucana.com\/?p=1571","og_locale":"pt_BR","og_type":"article","og_title":"Raquel Lyra fecha semana com vit\u00f3rias pol\u00edticas na Alepe com decis\u00f5es judiciais -","og_description":"Decis\u00f5es judiciais revertem manobras em PSDB e PRD e d\u00e3o f\u00f4lego a Raquel Lyra na Alepe, que fica perto de ter maioria na CPI da Publicidade Decis\u00f5es judiciais favor\u00e1veis a governistas deram f\u00f4lego a Raquel Lyra na Alepe &#8211;\u00a0Amaro Lima\/Alepe O ano de 2025 na\u00a0Assembleia Legislativa de Pernambuco (Alepe)\u00a0passa longe da calmaria ou da tranquilidade, [&hellip;]","og_url":"https:\/\/gazetapernambucana.com\/?p=1571","article_published_time":"2025-08-23T18:59:52+00:00","og_image":[{"width":1600,"height":1066,"url":"https:\/\/gazetapernambucana.com\/wp-content\/uploads\/2025\/08\/02_03_1a_plenaria_posse_mesa_diretora_al_055-35400983.webp","type":"image\/webp"}],"author":"GP","twitter_card":"summary_large_image","twitter_misc":{"Escrito por":"GP","Est. tempo de leitura":"4 minutos"},"schema":{"@context":"https:\/\/schema.org","@graph":[{"@type":"WebPage","@id":"https:\/\/gazetapernambucana.com\/?p=1571","url":"https:\/\/gazetapernambucana.com\/?p=1571","name":"Raquel Lyra fecha semana com vit\u00f3rias pol\u00edticas na Alepe com decis\u00f5es judiciais -","isPartOf":{"@id":"https:\/\/gazetapernambucana.com\/#website"},"primaryImageOfPage":{"@id":"https:\/\/gazetapernambucana.com\/?p=1571#primaryimage"},"image":{"@id":"https:\/\/gazetapernambucana.com\/?p=1571#primaryimage"},"thumbnailUrl":"https:\/\/gazetapernambucana.com\/wp-content\/uploads\/2025\/08\/02_03_1a_plenaria_posse_mesa_diretora_al_055-35400983.webp","datePublished":"2025-08-23T18:59:52+00:00","author":{"@id":"https:\/\/gazetapernambucana.com\/#\/schema\/person\/188dc283325181ac2de4db1e9e987427"},"breadcrumb":{"@id":"https:\/\/gazetapernambucana.com\/?p=1571#breadcrumb"},"inLanguage":"pt-BR","potentialAction":[{"@type":"ReadAction","target":["https:\/\/gazetapernambucana.com\/?p=1571"]}]},{"@type":"ImageObject","inLanguage":"pt-BR","@id":"https:\/\/gazetapernambucana.com\/?p=1571#primaryimage","url":"https:\/\/gazetapernambucana.com\/wp-content\/uploads\/2025\/08\/02_03_1a_plenaria_posse_mesa_diretora_al_055-35400983.webp","contentUrl":"https:\/\/gazetapernambucana.com\/wp-content\/uploads\/2025\/08\/02_03_1a_plenaria_posse_mesa_diretora_al_055-35400983.webp","width":1600,"height":1066},{"@type":"BreadcrumbList","@id":"https:\/\/gazetapernambucana.com\/?p=1571#breadcrumb","itemListElement":[{"@type":"ListItem","position":1,"name":"In\u00edcio","item":"https:\/\/gazetapernambucana.com\/"},{"@type":"ListItem","position":2,"name":"Raquel Lyra fecha semana com vit\u00f3rias pol\u00edticas na Alepe com decis\u00f5es judiciais"}]},{"@type":"WebSite","@id":"https:\/\/gazetapernambucana.com\/#website","url":"https:\/\/gazetapernambucana.com\/","name":"","description":"","potentialAction":[{"@type":"SearchAction","target":{"@type":"EntryPoint","urlTemplate":"https:\/\/gazetapernambucana.com\/?s={search_term_string}"},"query-input":{"@type":"PropertyValueSpecification","valueRequired":true,"valueName":"search_term_string"}}],"inLanguage":"pt-BR"},{"@type":"Person","@id":"https:\/\/gazetapernambucana.com\/#\/schema\/person\/188dc283325181ac2de4db1e9e987427","name":"GP","image":{"@type":"ImageObject","inLanguage":"pt-BR","@id":"https:\/\/gazetapernambucana.com\/#\/schema\/person\/image\/","url":"https:\/\/secure.gravatar.com\/avatar\/9dad78ff9a2d8b5742d11779f8a3f53b052320c550b2e1907882353c067bb111?s=96&d=mm&r=g","contentUrl":"https:\/\/secure.gravatar.com\/avatar\/9dad78ff9a2d8b5742d11779f8a3f53b052320c550b2e1907882353c067bb111?s=96&d=mm&r=g","caption":"GP"},"sameAs":["http:\/\/gazetapernambucana.com"],"url":"https:\/\/gazetapernambucana.com\/?author=1"}]}},"jetpack_publicize_connections":[],"_links":{"self":[{"href":"https:\/\/gazetapernambucana.com\/index.php?rest_route=\/wp\/v2\/posts\/1571","targetHints":{"allow":["GET"]}}],"collection":[{"href":"https:\/\/gazetapernambucana.com\/index.php?rest_route=\/wp\/v2\/posts"}],"about":[{"href":"https:\/\/gazetapernambucana.com\/index.php?rest_route=\/wp\/v2\/types\/post"}],"author":[{"embeddable":true,"href":"https:\/\/gazetapernambucana.com\/index.php?rest_route=\/wp\/v2\/users\/1"}],"replies":[{"embeddable":true,"href":"https:\/\/gazetapernambucana.com\/index.php?rest_route=%2Fwp%2Fv2%2Fcomments&post=1571"}],"version-history":[{"count":1,"href":"https:\/\/gazetapernambucana.com\/index.php?rest_route=\/wp\/v2\/posts\/1571\/revisions"}],"predecessor-version":[{"id":1573,"href":"https:\/\/gazetapernambucana.com\/index.php?rest_route=\/wp\/v2\/posts\/1571\/revisions\/1573"}],"wp:featuredmedia":[{"embeddable":true,"href":"https:\/\/gazetapernambucana.com\/index.php?rest_route=\/wp\/v2\/media\/1572"}],"wp:attachment":[{"href":"https:\/\/gazetapernambucana.com\/index.php?rest_route=%2Fwp%2Fv2%2Fmedia&parent=1571"}],"wp:term":[{"taxonomy":"category","embeddable":true,"href":"https:\/\/gazetapernambucana.com\/index.php?rest_route=%2Fwp%2Fv2%2Fcategories&post=1571"},{"taxonomy":"post_tag","embeddable":true,"href":"https:\/\/gazetapernambucana.com\/index.php?rest_route=%2Fwp%2Fv2%2Ftags&post=1571"}],"curies":[{"name":"wp","href":"https:\/\/api.w.org\/{rel}","templated":true}]}}