{"id":1562,"date":"2025-08-23T15:17:12","date_gmt":"2025-08-23T18:17:12","guid":{"rendered":"https:\/\/gazetapernambucana.com\/?p=1562"},"modified":"2025-08-23T15:25:56","modified_gmt":"2025-08-23T18:25:56","slug":"1562","status":"publish","type":"post","link":"https:\/\/gazetapernambucana.com\/?p=1562","title":{"rendered":"O brasileiro que ganhou o apelido de &#8220;Elon Musk&#8221;"},"content":{"rendered":"<p><img loading=\"lazy\" decoding=\"async\" class=\"alignnone size-medium wp-image-1565\" src=\"http:\/\/gazetapernambucana.com\/wp-content\/uploads\/2025\/08\/SnapInsta.to_532240444_18527864659003812_1718063289563206594_n-1-240x300.webp\" alt=\"\" width=\"240\" height=\"300\" srcset=\"https:\/\/gazetapernambucana.com\/wp-content\/uploads\/2025\/08\/SnapInsta.to_532240444_18527864659003812_1718063289563206594_n-1-240x300.webp 240w, https:\/\/gazetapernambucana.com\/wp-content\/uploads\/2025\/08\/SnapInsta.to_532240444_18527864659003812_1718063289563206594_n-1-819x1024.webp 819w, https:\/\/gazetapernambucana.com\/wp-content\/uploads\/2025\/08\/SnapInsta.to_532240444_18527864659003812_1718063289563206594_n-1-768x960.webp 768w, https:\/\/gazetapernambucana.com\/wp-content\/uploads\/2025\/08\/SnapInsta.to_532240444_18527864659003812_1718063289563206594_n-1.webp 1080w\" sizes=\"auto, (max-width: 240px) 100vw, 240px\" \/>\u00a0 \u00a0 De empreendedor pouco conhecido a figura central nas promessas de carros el\u00e9tricos no Brasil, Fl\u00e1vio Figueiredo ganhou o apelido de \u201cElon Musk Brasileiro\u201d pelo discurso ousado e vis\u00e3o ambiciosa.<\/p>\n<p>\u00c0 frente da Lecar Motors, ele anunciou sed\u00e3s, picapes e modelos flex el\u00e9tricos, prometendo produ\u00e7\u00e3o nacional e pre\u00e7os mais competitivos que os importados. No entanto, os primeiros ve\u00edculos previstos para 2026 vir\u00e3o da China, enquanto a prometida f\u00e1brica no Esp\u00edrito Santo ainda est\u00e1 nos planos, junto a poss\u00edveis parcerias com a Caoa.<\/p>\n<p>A estrat\u00e9gia de vender unidades \u201cna planta\u201d antes da produ\u00e7\u00e3o gerou aten\u00e7\u00e3o e cr\u00edticas, colocando \u00e0 prova sua capacidade de entregar.<\/p>\n<p>Se cumprir o que promete, Fl\u00e1vio pode colocar o Brasil no mapa dos el\u00e9tricos acess\u00edveis. At\u00e9 l\u00e1, o mercado acompanha com cautela \u2014 e muita curiosidade.<\/p>\n<p><a class=\"x1i10hfl xjbqb8w x1ejq31n x18oe1m7 x1sy0etr xstzfhl x972fbf x10w94by x1qhh985 x14e42zd x9f619 x1ypdohk xt0psk2 x3ct3a4 xdj266r x14z9mp xat24cr x1lziwak xexx8yu xyri2b x18d9i69 x1c1uobl x16tdsg8 x1hl2dhg xggy1nq x1a2a7pz _aa9_ _a6hd\" tabindex=\"0\" role=\"link\" href=\"https:\/\/www.instagram.com\/explore\/tags\/mercado\/\">#mercado<\/a>\u00a0<a class=\"x1i10hfl xjbqb8w x1ejq31n x18oe1m7 x1sy0etr xstzfhl x972fbf x10w94by x1qhh985 x14e42zd x9f619 x1ypdohk xt0psk2 x3ct3a4 xdj266r x14z9mp xat24cr x1lziwak xexx8yu xyri2b x18d9i69 x1c1uobl x16tdsg8 x1hl2dhg xggy1nq x1a2a7pz _aa9_ _a6hd\" tabindex=\"0\" role=\"link\" href=\"https:\/\/www.instagram.com\/explore\/tags\/empresas\/\">#empresas<\/a>\u00a0<a class=\"x1i10hfl xjbqb8w x1ejq31n x18oe1m7 x1sy0etr xstzfhl x972fbf x10w94by x1qhh985 x14e42zd x9f619 x1ypdohk xt0psk2 x3ct3a4 xdj266r x14z9mp xat24cr x1lziwak xexx8yu xyri2b x18d9i69 x1c1uobl x16tdsg8 x1hl2dhg xggy1nq x1a2a7pz _aa9_ _a6hd\" tabindex=\"0\" role=\"link\" href=\"https:\/\/www.instagram.com\/explore\/tags\/neg%C3%B3cios\/\">#neg\u00f3cios<\/a>\u00a0<a class=\"x1i10hfl xjbqb8w x1ejq31n x18oe1m7 x1sy0etr xstzfhl x972fbf x10w94by x1qhh985 x14e42zd x9f619 x1ypdohk xt0psk2 x3ct3a4 xdj266r x14z9mp xat24cr x1lziwak xexx8yu xyri2b x18d9i69 x1c1uobl x16tdsg8 x1hl2dhg xggy1nq x1a2a7pz _aa9_ _a6hd\" tabindex=\"0\" role=\"link\" href=\"https:\/\/www.instagram.com\/explore\/tags\/empreendedorismo\/\">#empreendedorismo<\/a>\u00a0<a class=\"x1i10hfl xjbqb8w x1ejq31n x18oe1m7 x1sy0etr xstzfhl x972fbf x10w94by x1qhh985 x14e42zd x9f619 x1ypdohk xt0psk2 x3ct3a4 xdj266r x14z9mp xat24cr x1lziwak xexx8yu xyri2b x18d9i69 x1c1uobl x16tdsg8 x1hl2dhg xggy1nq x1a2a7pz _aa9_ _a6hd\" tabindex=\"0\" role=\"link\" href=\"https:\/\/www.instagram.com\/explore\/tags\/empreendedoresbrasileiros\/\">#empreendedoresbrasileiros<\/a>\u00a0<a class=\"x1i10hfl xjbqb8w x1ejq31n x18oe1m7 x1sy0etr xstzfhl x972fbf x10w94by x1qhh985 x14e42zd x9f619 x1ypdohk xt0psk2 x3ct3a4 xdj266r x14z9mp xat24cr x1lziwak xexx8yu xyri2b x18d9i69 x1c1uobl x16tdsg8 x1hl2dhg xggy1nq x1a2a7pz _aa9_ _a6hd\" tabindex=\"0\" role=\"link\" href=\"https:\/\/www.instagram.com\/explore\/tags\/automoveis\/\">#automoveis<\/a><\/p>\n","protected":false},"excerpt":{"rendered":"<p>\u00a0 \u00a0 De empreendedor pouco conhecido a figura central nas promessas de carros el\u00e9tricos no Brasil, Fl\u00e1vio Figueiredo ganhou o apelido de \u201cElon Musk Brasileiro\u201d pelo discurso ousado e vis\u00e3o ambiciosa. \u00c0 frente da Lecar Motors, ele anunciou sed\u00e3s, picapes e modelos flex el\u00e9tricos, prometendo produ\u00e7\u00e3o nacional e pre\u00e7os mais competitivos que os importados. No [&hellip;]<\/p>\n","protected":false},"author":1,"featured_media":1563,"comment_status":"open","ping_status":"open","sticky":false,"template":"","format":"standard","meta":{"footnotes":"","jetpack_publicize_message":"","jetpack_publicize_feature_enabled":true,"jetpack_social_post_already_shared":true,"jetpack_social_options":{"image_generator_settings":{"template":"highway","default_image_id":0,"font":"","enabled":false},"version":2}},"categories":[1,38,36],"tags":[],"class_list":["post-1562","post","type-post","status-publish","format-standard","has-post-thumbnail","hentry","category-https-gazetapernambucana-com-page_id225","category-https-gazetapernambucana-com-page_id215","category-https-gazetapernambucana-com-page_id209"],"yoast_head":"<!-- This site is optimized with the Yoast SEO plugin v24.5 - https:\/\/yoast.com\/wordpress\/plugins\/seo\/ -->\n<title>O brasileiro que ganhou o apelido de &quot;Elon Musk&quot; -<\/title>\n<meta name=\"robots\" content=\"index, follow, max-snippet:-1, max-image-preview:large, max-video-preview:-1\" \/>\n<link rel=\"canonical\" href=\"https:\/\/gazetapernambucana.com\/?p=1562\" \/>\n<meta property=\"og:locale\" content=\"pt_BR\" \/>\n<meta property=\"og:type\" content=\"article\" \/>\n<meta property=\"og:title\" content=\"O brasileiro que ganhou o apelido de &quot;Elon Musk&quot; -\" \/>\n<meta property=\"og:description\" content=\"\u00a0 \u00a0 De empreendedor pouco conhecido a figura central nas promessas de carros el\u00e9tricos no Brasil, Fl\u00e1vio Figueiredo ganhou o apelido de \u201cElon Musk Brasileiro\u201d pelo discurso ousado e vis\u00e3o ambiciosa. \u00c0 frente da Lecar Motors, ele anunciou sed\u00e3s, picapes e modelos flex el\u00e9tricos, prometendo produ\u00e7\u00e3o nacional e pre\u00e7os mais competitivos que os importados. No [&hellip;]\" \/>\n<meta property=\"og:url\" content=\"https:\/\/gazetapernambucana.com\/?p=1562\" \/>\n<meta property=\"article:published_time\" content=\"2025-08-23T18:17:12+00:00\" \/>\n<meta property=\"article:modified_time\" content=\"2025-08-23T18:25:56+00:00\" \/>\n<meta property=\"og:image\" content=\"https:\/\/gazetapernambucana.com\/wp-content\/uploads\/2025\/08\/SnapInsta.to_532240444_18527864659003812_1718063289563206594_n.webp\" \/>\n\t<meta property=\"og:image:width\" content=\"1080\" \/>\n\t<meta property=\"og:image:height\" content=\"1350\" \/>\n\t<meta property=\"og:image:type\" content=\"image\/webp\" \/>\n<meta name=\"author\" content=\"GP\" \/>\n<meta name=\"twitter:card\" content=\"summary_large_image\" \/>\n<meta name=\"twitter:label1\" content=\"Escrito por\" \/>\n\t<meta name=\"twitter:data1\" content=\"GP\" \/>\n\t<meta name=\"twitter:label2\" content=\"Est. tempo de leitura\" \/>\n\t<meta name=\"twitter:data2\" content=\"2 minutos\" \/>\n<script type=\"application\/ld+json\" class=\"yoast-schema-graph\">{\"@context\":\"https:\/\/schema.org\",\"@graph\":[{\"@type\":\"WebPage\",\"@id\":\"https:\/\/gazetapernambucana.com\/?p=1562\",\"url\":\"https:\/\/gazetapernambucana.com\/?p=1562\",\"name\":\"O brasileiro que ganhou o apelido de \\\"Elon Musk\\\" -\",\"isPartOf\":{\"@id\":\"https:\/\/gazetapernambucana.com\/#website\"},\"primaryImageOfPage\":{\"@id\":\"https:\/\/gazetapernambucana.com\/?p=1562#primaryimage\"},\"image\":{\"@id\":\"https:\/\/gazetapernambucana.com\/?p=1562#primaryimage\"},\"thumbnailUrl\":\"https:\/\/gazetapernambucana.com\/wp-content\/uploads\/2025\/08\/SnapInsta.to_532240444_18527864659003812_1718063289563206594_n.webp\",\"datePublished\":\"2025-08-23T18:17:12+00:00\",\"dateModified\":\"2025-08-23T18:25:56+00:00\",\"author\":{\"@id\":\"https:\/\/gazetapernambucana.com\/#\/schema\/person\/188dc283325181ac2de4db1e9e987427\"},\"breadcrumb\":{\"@id\":\"https:\/\/gazetapernambucana.com\/?p=1562#breadcrumb\"},\"inLanguage\":\"pt-BR\",\"potentialAction\":[{\"@type\":\"ReadAction\",\"target\":[\"https:\/\/gazetapernambucana.com\/?p=1562\"]}]},{\"@type\":\"ImageObject\",\"inLanguage\":\"pt-BR\",\"@id\":\"https:\/\/gazetapernambucana.com\/?p=1562#primaryimage\",\"url\":\"https:\/\/gazetapernambucana.com\/wp-content\/uploads\/2025\/08\/SnapInsta.to_532240444_18527864659003812_1718063289563206594_n.webp\",\"contentUrl\":\"https:\/\/gazetapernambucana.com\/wp-content\/uploads\/2025\/08\/SnapInsta.to_532240444_18527864659003812_1718063289563206594_n.webp\",\"width\":1080,\"height\":1350},{\"@type\":\"BreadcrumbList\",\"@id\":\"https:\/\/gazetapernambucana.com\/?p=1562#breadcrumb\",\"itemListElement\":[{\"@type\":\"ListItem\",\"position\":1,\"name\":\"In\u00edcio\",\"item\":\"https:\/\/gazetapernambucana.com\/\"},{\"@type\":\"ListItem\",\"position\":2,\"name\":\"O brasileiro que ganhou o apelido de &#8220;Elon Musk&#8221;\"}]},{\"@type\":\"WebSite\",\"@id\":\"https:\/\/gazetapernambucana.com\/#website\",\"url\":\"https:\/\/gazetapernambucana.com\/\",\"name\":\"\",\"description\":\"\",\"potentialAction\":[{\"@type\":\"SearchAction\",\"target\":{\"@type\":\"EntryPoint\",\"urlTemplate\":\"https:\/\/gazetapernambucana.com\/?s={search_term_string}\"},\"query-input\":{\"@type\":\"PropertyValueSpecification\",\"valueRequired\":true,\"valueName\":\"search_term_string\"}}],\"inLanguage\":\"pt-BR\"},{\"@type\":\"Person\",\"@id\":\"https:\/\/gazetapernambucana.com\/#\/schema\/person\/188dc283325181ac2de4db1e9e987427\",\"name\":\"GP\",\"image\":{\"@type\":\"ImageObject\",\"inLanguage\":\"pt-BR\",\"@id\":\"https:\/\/gazetapernambucana.com\/#\/schema\/person\/image\/\",\"url\":\"https:\/\/secure.gravatar.com\/avatar\/9dad78ff9a2d8b5742d11779f8a3f53b052320c550b2e1907882353c067bb111?s=96&d=mm&r=g\",\"contentUrl\":\"https:\/\/secure.gravatar.com\/avatar\/9dad78ff9a2d8b5742d11779f8a3f53b052320c550b2e1907882353c067bb111?s=96&d=mm&r=g\",\"caption\":\"GP\"},\"sameAs\":[\"http:\/\/gazetapernambucana.com\"],\"url\":\"https:\/\/gazetapernambucana.com\/?author=1\"}]}<\/script>\n<!-- \/ Yoast SEO plugin. -->","yoast_head_json":{"title":"O brasileiro que ganhou o apelido de \"Elon Musk\" -","robots":{"index":"index","follow":"follow","max-snippet":"max-snippet:-1","max-image-preview":"max-image-preview:large","max-video-preview":"max-video-preview:-1"},"canonical":"https:\/\/gazetapernambucana.com\/?p=1562","og_locale":"pt_BR","og_type":"article","og_title":"O brasileiro que ganhou o apelido de \"Elon Musk\" -","og_description":"\u00a0 \u00a0 De empreendedor pouco conhecido a figura central nas promessas de carros el\u00e9tricos no Brasil, Fl\u00e1vio Figueiredo ganhou o apelido de \u201cElon Musk Brasileiro\u201d pelo discurso ousado e vis\u00e3o ambiciosa. \u00c0 frente da Lecar Motors, ele anunciou sed\u00e3s, picapes e modelos flex el\u00e9tricos, prometendo produ\u00e7\u00e3o nacional e pre\u00e7os mais competitivos que os importados. No [&hellip;]","og_url":"https:\/\/gazetapernambucana.com\/?p=1562","article_published_time":"2025-08-23T18:17:12+00:00","article_modified_time":"2025-08-23T18:25:56+00:00","og_image":[{"width":1080,"height":1350,"url":"https:\/\/gazetapernambucana.com\/wp-content\/uploads\/2025\/08\/SnapInsta.to_532240444_18527864659003812_1718063289563206594_n.webp","type":"image\/webp"}],"author":"GP","twitter_card":"summary_large_image","twitter_misc":{"Escrito por":"GP","Est. tempo de leitura":"2 minutos"},"schema":{"@context":"https:\/\/schema.org","@graph":[{"@type":"WebPage","@id":"https:\/\/gazetapernambucana.com\/?p=1562","url":"https:\/\/gazetapernambucana.com\/?p=1562","name":"O brasileiro que ganhou o apelido de \"Elon Musk\" -","isPartOf":{"@id":"https:\/\/gazetapernambucana.com\/#website"},"primaryImageOfPage":{"@id":"https:\/\/gazetapernambucana.com\/?p=1562#primaryimage"},"image":{"@id":"https:\/\/gazetapernambucana.com\/?p=1562#primaryimage"},"thumbnailUrl":"https:\/\/gazetapernambucana.com\/wp-content\/uploads\/2025\/08\/SnapInsta.to_532240444_18527864659003812_1718063289563206594_n.webp","datePublished":"2025-08-23T18:17:12+00:00","dateModified":"2025-08-23T18:25:56+00:00","author":{"@id":"https:\/\/gazetapernambucana.com\/#\/schema\/person\/188dc283325181ac2de4db1e9e987427"},"breadcrumb":{"@id":"https:\/\/gazetapernambucana.com\/?p=1562#breadcrumb"},"inLanguage":"pt-BR","potentialAction":[{"@type":"ReadAction","target":["https:\/\/gazetapernambucana.com\/?p=1562"]}]},{"@type":"ImageObject","inLanguage":"pt-BR","@id":"https:\/\/gazetapernambucana.com\/?p=1562#primaryimage","url":"https:\/\/gazetapernambucana.com\/wp-content\/uploads\/2025\/08\/SnapInsta.to_532240444_18527864659003812_1718063289563206594_n.webp","contentUrl":"https:\/\/gazetapernambucana.com\/wp-content\/uploads\/2025\/08\/SnapInsta.to_532240444_18527864659003812_1718063289563206594_n.webp","width":1080,"height":1350},{"@type":"BreadcrumbList","@id":"https:\/\/gazetapernambucana.com\/?p=1562#breadcrumb","itemListElement":[{"@type":"ListItem","position":1,"name":"In\u00edcio","item":"https:\/\/gazetapernambucana.com\/"},{"@type":"ListItem","position":2,"name":"O brasileiro que ganhou o apelido de &#8220;Elon Musk&#8221;"}]},{"@type":"WebSite","@id":"https:\/\/gazetapernambucana.com\/#website","url":"https:\/\/gazetapernambucana.com\/","name":"","description":"","potentialAction":[{"@type":"SearchAction","target":{"@type":"EntryPoint","urlTemplate":"https:\/\/gazetapernambucana.com\/?s={search_term_string}"},"query-input":{"@type":"PropertyValueSpecification","valueRequired":true,"valueName":"search_term_string"}}],"inLanguage":"pt-BR"},{"@type":"Person","@id":"https:\/\/gazetapernambucana.com\/#\/schema\/person\/188dc283325181ac2de4db1e9e987427","name":"GP","image":{"@type":"ImageObject","inLanguage":"pt-BR","@id":"https:\/\/gazetapernambucana.com\/#\/schema\/person\/image\/","url":"https:\/\/secure.gravatar.com\/avatar\/9dad78ff9a2d8b5742d11779f8a3f53b052320c550b2e1907882353c067bb111?s=96&d=mm&r=g","contentUrl":"https:\/\/secure.gravatar.com\/avatar\/9dad78ff9a2d8b5742d11779f8a3f53b052320c550b2e1907882353c067bb111?s=96&d=mm&r=g","caption":"GP"},"sameAs":["http:\/\/gazetapernambucana.com"],"url":"https:\/\/gazetapernambucana.com\/?author=1"}]}},"jetpack_publicize_connections":[],"_links":{"self":[{"href":"https:\/\/gazetapernambucana.com\/index.php?rest_route=\/wp\/v2\/posts\/1562","targetHints":{"allow":["GET"]}}],"collection":[{"href":"https:\/\/gazetapernambucana.com\/index.php?rest_route=\/wp\/v2\/posts"}],"about":[{"href":"https:\/\/gazetapernambucana.com\/index.php?rest_route=\/wp\/v2\/types\/post"}],"author":[{"embeddable":true,"href":"https:\/\/gazetapernambucana.com\/index.php?rest_route=\/wp\/v2\/users\/1"}],"replies":[{"embeddable":true,"href":"https:\/\/gazetapernambucana.com\/index.php?rest_route=%2Fwp%2Fv2%2Fcomments&post=1562"}],"version-history":[{"count":3,"href":"https:\/\/gazetapernambucana.com\/index.php?rest_route=\/wp\/v2\/posts\/1562\/revisions"}],"predecessor-version":[{"id":1567,"href":"https:\/\/gazetapernambucana.com\/index.php?rest_route=\/wp\/v2\/posts\/1562\/revisions\/1567"}],"wp:featuredmedia":[{"embeddable":true,"href":"https:\/\/gazetapernambucana.com\/index.php?rest_route=\/wp\/v2\/media\/1563"}],"wp:attachment":[{"href":"https:\/\/gazetapernambucana.com\/index.php?rest_route=%2Fwp%2Fv2%2Fmedia&parent=1562"}],"wp:term":[{"taxonomy":"category","embeddable":true,"href":"https:\/\/gazetapernambucana.com\/index.php?rest_route=%2Fwp%2Fv2%2Fcategories&post=1562"},{"taxonomy":"post_tag","embeddable":true,"href":"https:\/\/gazetapernambucana.com\/index.php?rest_route=%2Fwp%2Fv2%2Ftags&post=1562"}],"curies":[{"name":"wp","href":"https:\/\/api.w.org\/{rel}","templated":true}]}}