{"id":1559,"date":"2025-08-23T14:55:10","date_gmt":"2025-08-23T17:55:10","guid":{"rendered":"https:\/\/gazetapernambucana.com\/?p=1559"},"modified":"2025-08-23T15:13:27","modified_gmt":"2025-08-23T18:13:27","slug":"marcia-conrado-conquista-unidade-odontologica-movel-para-serra-talhada","status":"publish","type":"post","link":"https:\/\/gazetapernambucana.com\/?p=1559","title":{"rendered":"M\u00e1rcia Conrado conquista Unidade Odontol\u00f3gica M\u00f3vel para Serra Talhada"},"content":{"rendered":"<div class=\"post_title\"><\/div>\n<div class=\"b-author mb-3\">\n<div class=\"b-info\"><\/div>\n<\/div>\n<div class=\"entry\">\n<figure class=\"wp-block-image size-large\"><img loading=\"lazy\" decoding=\"async\" class=\"wp-image-154283\" src=\"https:\/\/blogcenario.com.br\/wp-content\/uploads\/2025\/08\/8eb226b7-6e01-4f0f-9bdd-caaedc7c4d44-1024x682.jpeg\" sizes=\"auto, (max-width: 1024px) 100vw, 1024px\" srcset=\"https:\/\/blogcenario.com.br\/wp-content\/uploads\/2025\/08\/8eb226b7-6e01-4f0f-9bdd-caaedc7c4d44-1024x682.jpeg 1024w, https:\/\/blogcenario.com.br\/wp-content\/uploads\/2025\/08\/8eb226b7-6e01-4f0f-9bdd-caaedc7c4d44-300x200.jpeg 300w, https:\/\/blogcenario.com.br\/wp-content\/uploads\/2025\/08\/8eb226b7-6e01-4f0f-9bdd-caaedc7c4d44-768x512.jpeg 768w, https:\/\/blogcenario.com.br\/wp-content\/uploads\/2025\/08\/8eb226b7-6e01-4f0f-9bdd-caaedc7c4d44-1536x1023.jpeg 1536w, https:\/\/blogcenario.com.br\/wp-content\/uploads\/2025\/08\/8eb226b7-6e01-4f0f-9bdd-caaedc7c4d44-220x147.jpeg 220w, https:\/\/blogcenario.com.br\/wp-content\/uploads\/2025\/08\/8eb226b7-6e01-4f0f-9bdd-caaedc7c4d44.jpeg 1600w\" alt=\"\" width=\"1024\" height=\"682\" \/><figcaption class=\"wp-element-caption\">Foto: Divulga\u00e7\u00e3o<\/figcaption><\/figure>\n<p>O munic\u00edpio de Serra Talhada se prepara para receber nos pr\u00f3ximos dias uma Unidade Odontol\u00f3gica M\u00f3vel (UOM), viabilizada por recursos do Novo PAC, do governo federal. A a\u00e7\u00e3o \u00e9 fruto da parceria entre a prefeita M\u00e1rcia Conrado (PT) e o presidente Lula, que tem garantido avan\u00e7os para o munic\u00edpio.<\/p>\n<p><em>\u201cEssa Unidade Odontol\u00f3gica M\u00f3vel vai levar sa\u00fade bucal a quem mais precisa, garantindo cuidado, dignidade e cidadania para nossa popula\u00e7\u00e3o. \u00c9 uma conquista que reflete o compromisso do governo federal e da nossa gest\u00e3o com quem mais precisa\u201d,<\/em> destacou a prefeita M\u00e1rcia Conrado.<\/p>\n<p>Entre os avan\u00e7os na parceria, o munic\u00edpio tamb\u00e9m registra destaques na \u00e1rea de moradia, com a retomada das obras do Vanete Almeida, que beneficiar\u00e3o mais de 900 fam\u00edlias, em parceria com o deputado federal Fernando Monteiro. Al\u00e9m disso, o Residencial Lorena I vai garantir 150 novas casas, ampliando o acesso \u00e0 moradia digna.<\/p>\n<p><em>\u201cCada conquista \u00e9 fruto de planejamento e parcerias firmes. A chegada dessa Unidade Odontol\u00f3gica M\u00f3vel mostra que sa\u00fade, cidadania e bem-estar caminham juntas em Serra Talhada, e vamos seguir trabalhando para garantir melhorias concretas para todos\u201d<\/em>, concluiu M\u00e1rcia Conrado.<\/p>\n<\/div>\n","protected":false},"excerpt":{"rendered":"<p>Foto: Divulga\u00e7\u00e3o O munic\u00edpio de Serra Talhada se prepara para receber nos pr\u00f3ximos dias uma Unidade Odontol\u00f3gica M\u00f3vel (UOM), viabilizada por recursos do Novo PAC, do governo federal. A a\u00e7\u00e3o \u00e9 fruto da parceria entre a prefeita M\u00e1rcia Conrado (PT) e o presidente Lula, que tem garantido avan\u00e7os para o munic\u00edpio. \u201cEssa Unidade Odontol\u00f3gica M\u00f3vel [&hellip;]<\/p>\n","protected":false},"author":1,"featured_media":1560,"comment_status":"open","ping_status":"open","sticky":false,"template":"","format":"standard","meta":{"footnotes":"","jetpack_publicize_message":"","jetpack_publicize_feature_enabled":true,"jetpack_social_post_already_shared":true,"jetpack_social_options":{"image_generator_settings":{"template":"highway","default_image_id":0,"font":"","enabled":false},"version":2}},"categories":[66,1,65],"tags":[],"class_list":["post-1559","post","type-post","status-publish","format-standard","has-post-thumbnail","hentry","category-cidades","category-https-gazetapernambucana-com-page_id225","category-politica"],"yoast_head":"<!-- This site is optimized with the Yoast SEO plugin v24.5 - https:\/\/yoast.com\/wordpress\/plugins\/seo\/ -->\n<title>M\u00e1rcia Conrado conquista Unidade Odontol\u00f3gica M\u00f3vel para Serra Talhada -<\/title>\n<meta name=\"robots\" content=\"index, follow, max-snippet:-1, max-image-preview:large, max-video-preview:-1\" \/>\n<link rel=\"canonical\" href=\"https:\/\/gazetapernambucana.com\/?p=1559\" \/>\n<meta property=\"og:locale\" content=\"pt_BR\" \/>\n<meta property=\"og:type\" content=\"article\" \/>\n<meta property=\"og:title\" content=\"M\u00e1rcia Conrado conquista Unidade Odontol\u00f3gica M\u00f3vel para Serra Talhada -\" \/>\n<meta property=\"og:description\" content=\"Foto: Divulga\u00e7\u00e3o O munic\u00edpio de Serra Talhada se prepara para receber nos pr\u00f3ximos dias uma Unidade Odontol\u00f3gica M\u00f3vel (UOM), viabilizada por recursos do Novo PAC, do governo federal. A a\u00e7\u00e3o \u00e9 fruto da parceria entre a prefeita M\u00e1rcia Conrado (PT) e o presidente Lula, que tem garantido avan\u00e7os para o munic\u00edpio. \u201cEssa Unidade Odontol\u00f3gica M\u00f3vel [&hellip;]\" \/>\n<meta property=\"og:url\" content=\"https:\/\/gazetapernambucana.com\/?p=1559\" \/>\n<meta property=\"article:published_time\" content=\"2025-08-23T17:55:10+00:00\" \/>\n<meta property=\"article:modified_time\" content=\"2025-08-23T18:13:27+00:00\" \/>\n<meta property=\"og:image\" content=\"https:\/\/gazetapernambucana.com\/wp-content\/uploads\/2025\/08\/8eb226b7-6e01-4f0f-9bdd-caaedc7c4d44-1536x1023-1.jpeg\" \/>\n\t<meta property=\"og:image:width\" content=\"1536\" \/>\n\t<meta property=\"og:image:height\" content=\"1023\" \/>\n\t<meta property=\"og:image:type\" content=\"image\/jpeg\" \/>\n<meta name=\"author\" content=\"GP\" \/>\n<meta name=\"twitter:card\" content=\"summary_large_image\" \/>\n<meta name=\"twitter:label1\" content=\"Escrito por\" \/>\n\t<meta name=\"twitter:data1\" content=\"GP\" \/>\n\t<meta name=\"twitter:label2\" content=\"Est. tempo de leitura\" \/>\n\t<meta name=\"twitter:data2\" content=\"2 minutos\" \/>\n<script type=\"application\/ld+json\" class=\"yoast-schema-graph\">{\"@context\":\"https:\/\/schema.org\",\"@graph\":[{\"@type\":\"WebPage\",\"@id\":\"https:\/\/gazetapernambucana.com\/?p=1559\",\"url\":\"https:\/\/gazetapernambucana.com\/?p=1559\",\"name\":\"M\u00e1rcia Conrado conquista Unidade Odontol\u00f3gica M\u00f3vel para Serra Talhada -\",\"isPartOf\":{\"@id\":\"https:\/\/gazetapernambucana.com\/#website\"},\"primaryImageOfPage\":{\"@id\":\"https:\/\/gazetapernambucana.com\/?p=1559#primaryimage\"},\"image\":{\"@id\":\"https:\/\/gazetapernambucana.com\/?p=1559#primaryimage\"},\"thumbnailUrl\":\"https:\/\/gazetapernambucana.com\/wp-content\/uploads\/2025\/08\/8eb226b7-6e01-4f0f-9bdd-caaedc7c4d44-1536x1023-1.jpeg\",\"datePublished\":\"2025-08-23T17:55:10+00:00\",\"dateModified\":\"2025-08-23T18:13:27+00:00\",\"author\":{\"@id\":\"https:\/\/gazetapernambucana.com\/#\/schema\/person\/188dc283325181ac2de4db1e9e987427\"},\"breadcrumb\":{\"@id\":\"https:\/\/gazetapernambucana.com\/?p=1559#breadcrumb\"},\"inLanguage\":\"pt-BR\",\"potentialAction\":[{\"@type\":\"ReadAction\",\"target\":[\"https:\/\/gazetapernambucana.com\/?p=1559\"]}]},{\"@type\":\"ImageObject\",\"inLanguage\":\"pt-BR\",\"@id\":\"https:\/\/gazetapernambucana.com\/?p=1559#primaryimage\",\"url\":\"https:\/\/gazetapernambucana.com\/wp-content\/uploads\/2025\/08\/8eb226b7-6e01-4f0f-9bdd-caaedc7c4d44-1536x1023-1.jpeg\",\"contentUrl\":\"https:\/\/gazetapernambucana.com\/wp-content\/uploads\/2025\/08\/8eb226b7-6e01-4f0f-9bdd-caaedc7c4d44-1536x1023-1.jpeg\",\"width\":1536,\"height\":1023},{\"@type\":\"BreadcrumbList\",\"@id\":\"https:\/\/gazetapernambucana.com\/?p=1559#breadcrumb\",\"itemListElement\":[{\"@type\":\"ListItem\",\"position\":1,\"name\":\"In\u00edcio\",\"item\":\"https:\/\/gazetapernambucana.com\/\"},{\"@type\":\"ListItem\",\"position\":2,\"name\":\"M\u00e1rcia Conrado conquista Unidade Odontol\u00f3gica M\u00f3vel para Serra Talhada\"}]},{\"@type\":\"WebSite\",\"@id\":\"https:\/\/gazetapernambucana.com\/#website\",\"url\":\"https:\/\/gazetapernambucana.com\/\",\"name\":\"\",\"description\":\"\",\"potentialAction\":[{\"@type\":\"SearchAction\",\"target\":{\"@type\":\"EntryPoint\",\"urlTemplate\":\"https:\/\/gazetapernambucana.com\/?s={search_term_string}\"},\"query-input\":{\"@type\":\"PropertyValueSpecification\",\"valueRequired\":true,\"valueName\":\"search_term_string\"}}],\"inLanguage\":\"pt-BR\"},{\"@type\":\"Person\",\"@id\":\"https:\/\/gazetapernambucana.com\/#\/schema\/person\/188dc283325181ac2de4db1e9e987427\",\"name\":\"GP\",\"image\":{\"@type\":\"ImageObject\",\"inLanguage\":\"pt-BR\",\"@id\":\"https:\/\/gazetapernambucana.com\/#\/schema\/person\/image\/\",\"url\":\"https:\/\/secure.gravatar.com\/avatar\/9dad78ff9a2d8b5742d11779f8a3f53b052320c550b2e1907882353c067bb111?s=96&d=mm&r=g\",\"contentUrl\":\"https:\/\/secure.gravatar.com\/avatar\/9dad78ff9a2d8b5742d11779f8a3f53b052320c550b2e1907882353c067bb111?s=96&d=mm&r=g\",\"caption\":\"GP\"},\"sameAs\":[\"http:\/\/gazetapernambucana.com\"],\"url\":\"https:\/\/gazetapernambucana.com\/?author=1\"}]}<\/script>\n<!-- \/ Yoast SEO plugin. -->","yoast_head_json":{"title":"M\u00e1rcia Conrado conquista Unidade Odontol\u00f3gica M\u00f3vel para Serra Talhada -","robots":{"index":"index","follow":"follow","max-snippet":"max-snippet:-1","max-image-preview":"max-image-preview:large","max-video-preview":"max-video-preview:-1"},"canonical":"https:\/\/gazetapernambucana.com\/?p=1559","og_locale":"pt_BR","og_type":"article","og_title":"M\u00e1rcia Conrado conquista Unidade Odontol\u00f3gica M\u00f3vel para Serra Talhada -","og_description":"Foto: Divulga\u00e7\u00e3o O munic\u00edpio de Serra Talhada se prepara para receber nos pr\u00f3ximos dias uma Unidade Odontol\u00f3gica M\u00f3vel (UOM), viabilizada por recursos do Novo PAC, do governo federal. A a\u00e7\u00e3o \u00e9 fruto da parceria entre a prefeita M\u00e1rcia Conrado (PT) e o presidente Lula, que tem garantido avan\u00e7os para o munic\u00edpio. \u201cEssa Unidade Odontol\u00f3gica M\u00f3vel [&hellip;]","og_url":"https:\/\/gazetapernambucana.com\/?p=1559","article_published_time":"2025-08-23T17:55:10+00:00","article_modified_time":"2025-08-23T18:13:27+00:00","og_image":[{"width":1536,"height":1023,"url":"https:\/\/gazetapernambucana.com\/wp-content\/uploads\/2025\/08\/8eb226b7-6e01-4f0f-9bdd-caaedc7c4d44-1536x1023-1.jpeg","type":"image\/jpeg"}],"author":"GP","twitter_card":"summary_large_image","twitter_misc":{"Escrito por":"GP","Est. tempo de leitura":"2 minutos"},"schema":{"@context":"https:\/\/schema.org","@graph":[{"@type":"WebPage","@id":"https:\/\/gazetapernambucana.com\/?p=1559","url":"https:\/\/gazetapernambucana.com\/?p=1559","name":"M\u00e1rcia Conrado conquista Unidade Odontol\u00f3gica M\u00f3vel para Serra Talhada -","isPartOf":{"@id":"https:\/\/gazetapernambucana.com\/#website"},"primaryImageOfPage":{"@id":"https:\/\/gazetapernambucana.com\/?p=1559#primaryimage"},"image":{"@id":"https:\/\/gazetapernambucana.com\/?p=1559#primaryimage"},"thumbnailUrl":"https:\/\/gazetapernambucana.com\/wp-content\/uploads\/2025\/08\/8eb226b7-6e01-4f0f-9bdd-caaedc7c4d44-1536x1023-1.jpeg","datePublished":"2025-08-23T17:55:10+00:00","dateModified":"2025-08-23T18:13:27+00:00","author":{"@id":"https:\/\/gazetapernambucana.com\/#\/schema\/person\/188dc283325181ac2de4db1e9e987427"},"breadcrumb":{"@id":"https:\/\/gazetapernambucana.com\/?p=1559#breadcrumb"},"inLanguage":"pt-BR","potentialAction":[{"@type":"ReadAction","target":["https:\/\/gazetapernambucana.com\/?p=1559"]}]},{"@type":"ImageObject","inLanguage":"pt-BR","@id":"https:\/\/gazetapernambucana.com\/?p=1559#primaryimage","url":"https:\/\/gazetapernambucana.com\/wp-content\/uploads\/2025\/08\/8eb226b7-6e01-4f0f-9bdd-caaedc7c4d44-1536x1023-1.jpeg","contentUrl":"https:\/\/gazetapernambucana.com\/wp-content\/uploads\/2025\/08\/8eb226b7-6e01-4f0f-9bdd-caaedc7c4d44-1536x1023-1.jpeg","width":1536,"height":1023},{"@type":"BreadcrumbList","@id":"https:\/\/gazetapernambucana.com\/?p=1559#breadcrumb","itemListElement":[{"@type":"ListItem","position":1,"name":"In\u00edcio","item":"https:\/\/gazetapernambucana.com\/"},{"@type":"ListItem","position":2,"name":"M\u00e1rcia Conrado conquista Unidade Odontol\u00f3gica M\u00f3vel para Serra Talhada"}]},{"@type":"WebSite","@id":"https:\/\/gazetapernambucana.com\/#website","url":"https:\/\/gazetapernambucana.com\/","name":"","description":"","potentialAction":[{"@type":"SearchAction","target":{"@type":"EntryPoint","urlTemplate":"https:\/\/gazetapernambucana.com\/?s={search_term_string}"},"query-input":{"@type":"PropertyValueSpecification","valueRequired":true,"valueName":"search_term_string"}}],"inLanguage":"pt-BR"},{"@type":"Person","@id":"https:\/\/gazetapernambucana.com\/#\/schema\/person\/188dc283325181ac2de4db1e9e987427","name":"GP","image":{"@type":"ImageObject","inLanguage":"pt-BR","@id":"https:\/\/gazetapernambucana.com\/#\/schema\/person\/image\/","url":"https:\/\/secure.gravatar.com\/avatar\/9dad78ff9a2d8b5742d11779f8a3f53b052320c550b2e1907882353c067bb111?s=96&d=mm&r=g","contentUrl":"https:\/\/secure.gravatar.com\/avatar\/9dad78ff9a2d8b5742d11779f8a3f53b052320c550b2e1907882353c067bb111?s=96&d=mm&r=g","caption":"GP"},"sameAs":["http:\/\/gazetapernambucana.com"],"url":"https:\/\/gazetapernambucana.com\/?author=1"}]}},"jetpack_publicize_connections":[],"_links":{"self":[{"href":"https:\/\/gazetapernambucana.com\/index.php?rest_route=\/wp\/v2\/posts\/1559","targetHints":{"allow":["GET"]}}],"collection":[{"href":"https:\/\/gazetapernambucana.com\/index.php?rest_route=\/wp\/v2\/posts"}],"about":[{"href":"https:\/\/gazetapernambucana.com\/index.php?rest_route=\/wp\/v2\/types\/post"}],"author":[{"embeddable":true,"href":"https:\/\/gazetapernambucana.com\/index.php?rest_route=\/wp\/v2\/users\/1"}],"replies":[{"embeddable":true,"href":"https:\/\/gazetapernambucana.com\/index.php?rest_route=%2Fwp%2Fv2%2Fcomments&post=1559"}],"version-history":[{"count":1,"href":"https:\/\/gazetapernambucana.com\/index.php?rest_route=\/wp\/v2\/posts\/1559\/revisions"}],"predecessor-version":[{"id":1561,"href":"https:\/\/gazetapernambucana.com\/index.php?rest_route=\/wp\/v2\/posts\/1559\/revisions\/1561"}],"wp:featuredmedia":[{"embeddable":true,"href":"https:\/\/gazetapernambucana.com\/index.php?rest_route=\/wp\/v2\/media\/1560"}],"wp:attachment":[{"href":"https:\/\/gazetapernambucana.com\/index.php?rest_route=%2Fwp%2Fv2%2Fmedia&parent=1559"}],"wp:term":[{"taxonomy":"category","embeddable":true,"href":"https:\/\/gazetapernambucana.com\/index.php?rest_route=%2Fwp%2Fv2%2Fcategories&post=1559"},{"taxonomy":"post_tag","embeddable":true,"href":"https:\/\/gazetapernambucana.com\/index.php?rest_route=%2Fwp%2Fv2%2Ftags&post=1559"}],"curies":[{"name":"wp","href":"https:\/\/api.w.org\/{rel}","templated":true}]}}