{"id":1556,"date":"2025-08-23T14:51:54","date_gmt":"2025-08-23T17:51:54","guid":{"rendered":"https:\/\/gazetapernambucana.com\/?p=1556"},"modified":"2025-08-23T14:51:54","modified_gmt":"2025-08-23T17:51:54","slug":"festival-pernambuco-meu-pais-abre-programacao-em-gravata","status":"publish","type":"post","link":"https:\/\/gazetapernambucana.com\/?p=1556","title":{"rendered":"Festival Pernambuco Meu Pa\u00eds abre programa\u00e7\u00e3o em Gravat\u00e1"},"content":{"rendered":"<div class=\"post_title\"><\/div>\n<div class=\"b-author mb-3\">\n<div class=\"b-info\"><\/div>\n<\/div>\n<div class=\"entry\">\n<figure class=\"wp-block-image size-large\"><img loading=\"lazy\" decoding=\"async\" class=\"wp-image-154317\" src=\"https:\/\/blogcenario.com.br\/wp-content\/uploads\/2025\/08\/a95682ae-012e-476d-9dbc-c0cd91c91de1-1024x683.jpeg\" sizes=\"auto, (max-width: 1024px) 100vw, 1024px\" srcset=\"https:\/\/blogcenario.com.br\/wp-content\/uploads\/2025\/08\/a95682ae-012e-476d-9dbc-c0cd91c91de1-1024x683.jpeg 1024w, https:\/\/blogcenario.com.br\/wp-content\/uploads\/2025\/08\/a95682ae-012e-476d-9dbc-c0cd91c91de1-300x200.jpeg 300w, https:\/\/blogcenario.com.br\/wp-content\/uploads\/2025\/08\/a95682ae-012e-476d-9dbc-c0cd91c91de1-768x512.jpeg 768w, https:\/\/blogcenario.com.br\/wp-content\/uploads\/2025\/08\/a95682ae-012e-476d-9dbc-c0cd91c91de1-1536x1024.jpeg 1536w, https:\/\/blogcenario.com.br\/wp-content\/uploads\/2025\/08\/a95682ae-012e-476d-9dbc-c0cd91c91de1-220x147.jpeg 220w, https:\/\/blogcenario.com.br\/wp-content\/uploads\/2025\/08\/a95682ae-012e-476d-9dbc-c0cd91c91de1.jpeg 1599w\" alt=\"\" width=\"1024\" height=\"683\" \/><figcaption class=\"wp-element-caption\">Foto: Divulga\u00e7\u00e3o<\/figcaption><\/figure>\n<p>Na noite desta sexta (22), o P\u00e1tio de Eventos Chucre Mussa Zarzar, em Gravat\u00e1, recebeu a abertura oficial do Festival Pernambuco Meu Pa\u00eds 2025. O evento trouxe ao p\u00fablico uma programa\u00e7\u00e3o diversificada, reunindo m\u00fasica, dan\u00e7a, teatro e m\u00faltiplas express\u00f5es da identidade pernambucana.<\/p>\n<p>No palco principal, a festa come\u00e7ou com a apresenta\u00e7\u00e3o do artista local Fagner Chagas, seguido por PV Calado. A noite seguiu com muito forr\u00f3 ao som de Mara Pavanelly, Dorgival Dantas e Tarc\u00edsio do Acordeon, animando o p\u00fablico at\u00e9 o fim. Nos intervalos, a energia ficou por conta do tradicional Som na Rural, com o DJ Armandinho Reggae.<\/p>\n<p>A Avenida Joaquim Didier tamb\u00e9m se transformou em um espa\u00e7o cultural, colorido e interativo, com exposi\u00e7\u00f5es e manifesta\u00e7\u00f5es art\u00edsticas que refor\u00e7aram o clima festivo da cidade.<\/p>\n<p>A governadora Raquel Lyra (PSD), acompanhada de sua comitiva e da vice-governadora Priscila Krause (PSD), esteve presente ao lado do prefeito de Gravat\u00e1, Joselito Gomes (Avante), do vice-prefeito Jo\u00e3o Paulo de Lemos, da primeira-dama e secret\u00e1ria de Obras e Servi\u00e7os P\u00fablicos, Viviane Facundes, al\u00e9m dos vereadores do munic\u00edpio Ant\u00f4nio da Limeira, Bel Filho de Nelson Barbudo e Cabritinha.<\/p>\n<p>O evento tamb\u00e9m contou com a participa\u00e7\u00e3o de secret\u00e1rios estaduais e municipais, executivos, prefeitos de cidades vizinhas, do ex-prefeito de Jaboat\u00e3o dos Guararapes, Anderson Ferreira, entre outras autoridades, que destacaram o papel do festival na valoriza\u00e7\u00e3o da cultura pernambucana.<\/p>\n<p>O prefeito Joselito Gomes, enfatizou sobre a import\u00e2ncia de ter um evento de grande porte como esse no munic\u00edpio. \u201c<em>Essa \u00e9 a segunda edi\u00e7\u00e3o do Pernambuco Meu Pa\u00eds, mais uma vez sucesso e para Gravat\u00e1 \u00e9 muito importante, movimenta nossa economia, d\u00e1 uma visibilidade ainda maior ao munic\u00edpio e gra\u00e7as ao olhar, a determina\u00e7\u00e3o da governadora Raquel Lyra, juntamente com a vice-governadora Priscila, um governo que n\u00e3o promete, um governo que faz, faz acontecer e da melhor forma poss\u00edvel. Da\u00ed a presen\u00e7a de tantos prefeitos e secret\u00e1rios e \u00e9 dessa forma que o Pernambuco Meu Pa\u00eds, acontece fazendo jus ao tamanho do evento e o reconhecimento e valoriza\u00e7\u00e3o da nossa cultura atrav\u00e9s das v\u00e1rias express\u00f5es<\/em>\u201d.<\/p>\n<p>A governadora de Pernambuco, Raquel Lyra, destacou a import\u00e2ncia do Festival Pernambuco Meu Pa\u00eds chegar a Gravat\u00e1. \u201c<em>Voc\u00ea v\u00ea a festa linda no meio da rua, as pessoas, as fam\u00edlias, todas podendo brincar com tranquilidade. A gente v\u00ea aqui uma extens\u00e3o da grande festa de S\u00e3o Jo\u00e3o, que aconteceu aqui na cidade de Gravat\u00e1 e o Festival Pernambuco Meu Pa\u00eds mostrando para que veio, mostrando a nossa arte, a nossa cultura, as nossas tradi\u00e7\u00f5es na gastronomia, nos movimentos culturais e uma festa segura. A Pol\u00edcia Militar e a Pol\u00edcia Civil aqui presentes e um show massa. Hoje a noite \u00e9 dedicada a parte dela ao forr\u00f3, todo mundo aqui prestigiando o evento e demonstrando o quanto \u00e9 que \u00e9 importante a gente t\u00e1 unida em favor do crescimento do nosso Estado, \u00e9 claro que quando a gente faz um evento desse aqui, ele reverbera para regi\u00e3o inteira, rede hoteleiro lotado, os bares e restaurantes<\/em>\u201d.<\/p>\n<p>O evento \u00e9 uma realiza\u00e7\u00e3o do Governo de Pernambuco, por meio da Fundarpe, com apoio da Prefeitura de Gravat\u00e1.<\/p>\n<\/div>\n","protected":false},"excerpt":{"rendered":"<p>Foto: Divulga\u00e7\u00e3o Na noite desta sexta (22), o P\u00e1tio de Eventos Chucre Mussa Zarzar, em Gravat\u00e1, recebeu a abertura oficial do Festival Pernambuco Meu Pa\u00eds 2025. O evento trouxe ao p\u00fablico uma programa\u00e7\u00e3o diversificada, reunindo m\u00fasica, dan\u00e7a, teatro e m\u00faltiplas express\u00f5es da identidade pernambucana. No palco principal, a festa come\u00e7ou com a apresenta\u00e7\u00e3o do artista [&hellip;]<\/p>\n","protected":false},"author":1,"featured_media":1557,"comment_status":"open","ping_status":"open","sticky":false,"template":"","format":"standard","meta":{"footnotes":"","jetpack_publicize_message":"","jetpack_publicize_feature_enabled":true,"jetpack_social_post_already_shared":true,"jetpack_social_options":{"image_generator_settings":{"template":"highway","default_image_id":0,"font":"","enabled":false},"version":2}},"categories":[66,1,65],"tags":[],"class_list":["post-1556","post","type-post","status-publish","format-standard","has-post-thumbnail","hentry","category-cidades","category-https-gazetapernambucana-com-page_id225","category-politica"],"yoast_head":"<!-- This site is optimized with the Yoast SEO plugin v24.5 - https:\/\/yoast.com\/wordpress\/plugins\/seo\/ -->\n<title>Festival Pernambuco Meu Pa\u00eds abre programa\u00e7\u00e3o em Gravat\u00e1 -<\/title>\n<meta name=\"robots\" content=\"index, follow, max-snippet:-1, max-image-preview:large, max-video-preview:-1\" \/>\n<link rel=\"canonical\" href=\"https:\/\/gazetapernambucana.com\/?p=1556\" \/>\n<meta property=\"og:locale\" content=\"pt_BR\" \/>\n<meta property=\"og:type\" content=\"article\" \/>\n<meta property=\"og:title\" content=\"Festival Pernambuco Meu Pa\u00eds abre programa\u00e7\u00e3o em Gravat\u00e1 -\" \/>\n<meta property=\"og:description\" content=\"Foto: Divulga\u00e7\u00e3o Na noite desta sexta (22), o P\u00e1tio de Eventos Chucre Mussa Zarzar, em Gravat\u00e1, recebeu a abertura oficial do Festival Pernambuco Meu Pa\u00eds 2025. O evento trouxe ao p\u00fablico uma programa\u00e7\u00e3o diversificada, reunindo m\u00fasica, dan\u00e7a, teatro e m\u00faltiplas express\u00f5es da identidade pernambucana. No palco principal, a festa come\u00e7ou com a apresenta\u00e7\u00e3o do artista [&hellip;]\" \/>\n<meta property=\"og:url\" content=\"https:\/\/gazetapernambucana.com\/?p=1556\" \/>\n<meta property=\"article:published_time\" content=\"2025-08-23T17:51:54+00:00\" \/>\n<meta property=\"og:image\" content=\"https:\/\/gazetapernambucana.com\/wp-content\/uploads\/2025\/08\/a95682ae-012e-476d-9dbc-c0cd91c91de1-1536x1024-1.jpeg\" \/>\n\t<meta property=\"og:image:width\" content=\"1536\" \/>\n\t<meta property=\"og:image:height\" content=\"1024\" \/>\n\t<meta property=\"og:image:type\" content=\"image\/jpeg\" \/>\n<meta name=\"author\" content=\"GP\" \/>\n<meta name=\"twitter:card\" content=\"summary_large_image\" \/>\n<meta name=\"twitter:label1\" content=\"Escrito por\" \/>\n\t<meta name=\"twitter:data1\" content=\"GP\" \/>\n\t<meta name=\"twitter:label2\" content=\"Est. tempo de leitura\" \/>\n\t<meta name=\"twitter:data2\" content=\"4 minutos\" \/>\n<script type=\"application\/ld+json\" class=\"yoast-schema-graph\">{\"@context\":\"https:\/\/schema.org\",\"@graph\":[{\"@type\":\"WebPage\",\"@id\":\"https:\/\/gazetapernambucana.com\/?p=1556\",\"url\":\"https:\/\/gazetapernambucana.com\/?p=1556\",\"name\":\"Festival Pernambuco Meu Pa\u00eds abre programa\u00e7\u00e3o em Gravat\u00e1 -\",\"isPartOf\":{\"@id\":\"https:\/\/gazetapernambucana.com\/#website\"},\"primaryImageOfPage\":{\"@id\":\"https:\/\/gazetapernambucana.com\/?p=1556#primaryimage\"},\"image\":{\"@id\":\"https:\/\/gazetapernambucana.com\/?p=1556#primaryimage\"},\"thumbnailUrl\":\"https:\/\/gazetapernambucana.com\/wp-content\/uploads\/2025\/08\/a95682ae-012e-476d-9dbc-c0cd91c91de1-1536x1024-1.jpeg\",\"datePublished\":\"2025-08-23T17:51:54+00:00\",\"author\":{\"@id\":\"https:\/\/gazetapernambucana.com\/#\/schema\/person\/188dc283325181ac2de4db1e9e987427\"},\"breadcrumb\":{\"@id\":\"https:\/\/gazetapernambucana.com\/?p=1556#breadcrumb\"},\"inLanguage\":\"pt-BR\",\"potentialAction\":[{\"@type\":\"ReadAction\",\"target\":[\"https:\/\/gazetapernambucana.com\/?p=1556\"]}]},{\"@type\":\"ImageObject\",\"inLanguage\":\"pt-BR\",\"@id\":\"https:\/\/gazetapernambucana.com\/?p=1556#primaryimage\",\"url\":\"https:\/\/gazetapernambucana.com\/wp-content\/uploads\/2025\/08\/a95682ae-012e-476d-9dbc-c0cd91c91de1-1536x1024-1.jpeg\",\"contentUrl\":\"https:\/\/gazetapernambucana.com\/wp-content\/uploads\/2025\/08\/a95682ae-012e-476d-9dbc-c0cd91c91de1-1536x1024-1.jpeg\",\"width\":1536,\"height\":1024},{\"@type\":\"BreadcrumbList\",\"@id\":\"https:\/\/gazetapernambucana.com\/?p=1556#breadcrumb\",\"itemListElement\":[{\"@type\":\"ListItem\",\"position\":1,\"name\":\"In\u00edcio\",\"item\":\"https:\/\/gazetapernambucana.com\/\"},{\"@type\":\"ListItem\",\"position\":2,\"name\":\"Festival Pernambuco Meu Pa\u00eds abre programa\u00e7\u00e3o em Gravat\u00e1\"}]},{\"@type\":\"WebSite\",\"@id\":\"https:\/\/gazetapernambucana.com\/#website\",\"url\":\"https:\/\/gazetapernambucana.com\/\",\"name\":\"\",\"description\":\"\",\"potentialAction\":[{\"@type\":\"SearchAction\",\"target\":{\"@type\":\"EntryPoint\",\"urlTemplate\":\"https:\/\/gazetapernambucana.com\/?s={search_term_string}\"},\"query-input\":{\"@type\":\"PropertyValueSpecification\",\"valueRequired\":true,\"valueName\":\"search_term_string\"}}],\"inLanguage\":\"pt-BR\"},{\"@type\":\"Person\",\"@id\":\"https:\/\/gazetapernambucana.com\/#\/schema\/person\/188dc283325181ac2de4db1e9e987427\",\"name\":\"GP\",\"image\":{\"@type\":\"ImageObject\",\"inLanguage\":\"pt-BR\",\"@id\":\"https:\/\/gazetapernambucana.com\/#\/schema\/person\/image\/\",\"url\":\"https:\/\/secure.gravatar.com\/avatar\/9dad78ff9a2d8b5742d11779f8a3f53b052320c550b2e1907882353c067bb111?s=96&d=mm&r=g\",\"contentUrl\":\"https:\/\/secure.gravatar.com\/avatar\/9dad78ff9a2d8b5742d11779f8a3f53b052320c550b2e1907882353c067bb111?s=96&d=mm&r=g\",\"caption\":\"GP\"},\"sameAs\":[\"http:\/\/gazetapernambucana.com\"],\"url\":\"https:\/\/gazetapernambucana.com\/?author=1\"}]}<\/script>\n<!-- \/ Yoast SEO plugin. -->","yoast_head_json":{"title":"Festival Pernambuco Meu Pa\u00eds abre programa\u00e7\u00e3o em Gravat\u00e1 -","robots":{"index":"index","follow":"follow","max-snippet":"max-snippet:-1","max-image-preview":"max-image-preview:large","max-video-preview":"max-video-preview:-1"},"canonical":"https:\/\/gazetapernambucana.com\/?p=1556","og_locale":"pt_BR","og_type":"article","og_title":"Festival Pernambuco Meu Pa\u00eds abre programa\u00e7\u00e3o em Gravat\u00e1 -","og_description":"Foto: Divulga\u00e7\u00e3o Na noite desta sexta (22), o P\u00e1tio de Eventos Chucre Mussa Zarzar, em Gravat\u00e1, recebeu a abertura oficial do Festival Pernambuco Meu Pa\u00eds 2025. O evento trouxe ao p\u00fablico uma programa\u00e7\u00e3o diversificada, reunindo m\u00fasica, dan\u00e7a, teatro e m\u00faltiplas express\u00f5es da identidade pernambucana. No palco principal, a festa come\u00e7ou com a apresenta\u00e7\u00e3o do artista [&hellip;]","og_url":"https:\/\/gazetapernambucana.com\/?p=1556","article_published_time":"2025-08-23T17:51:54+00:00","og_image":[{"width":1536,"height":1024,"url":"https:\/\/gazetapernambucana.com\/wp-content\/uploads\/2025\/08\/a95682ae-012e-476d-9dbc-c0cd91c91de1-1536x1024-1.jpeg","type":"image\/jpeg"}],"author":"GP","twitter_card":"summary_large_image","twitter_misc":{"Escrito por":"GP","Est. tempo de leitura":"4 minutos"},"schema":{"@context":"https:\/\/schema.org","@graph":[{"@type":"WebPage","@id":"https:\/\/gazetapernambucana.com\/?p=1556","url":"https:\/\/gazetapernambucana.com\/?p=1556","name":"Festival Pernambuco Meu Pa\u00eds abre programa\u00e7\u00e3o em Gravat\u00e1 -","isPartOf":{"@id":"https:\/\/gazetapernambucana.com\/#website"},"primaryImageOfPage":{"@id":"https:\/\/gazetapernambucana.com\/?p=1556#primaryimage"},"image":{"@id":"https:\/\/gazetapernambucana.com\/?p=1556#primaryimage"},"thumbnailUrl":"https:\/\/gazetapernambucana.com\/wp-content\/uploads\/2025\/08\/a95682ae-012e-476d-9dbc-c0cd91c91de1-1536x1024-1.jpeg","datePublished":"2025-08-23T17:51:54+00:00","author":{"@id":"https:\/\/gazetapernambucana.com\/#\/schema\/person\/188dc283325181ac2de4db1e9e987427"},"breadcrumb":{"@id":"https:\/\/gazetapernambucana.com\/?p=1556#breadcrumb"},"inLanguage":"pt-BR","potentialAction":[{"@type":"ReadAction","target":["https:\/\/gazetapernambucana.com\/?p=1556"]}]},{"@type":"ImageObject","inLanguage":"pt-BR","@id":"https:\/\/gazetapernambucana.com\/?p=1556#primaryimage","url":"https:\/\/gazetapernambucana.com\/wp-content\/uploads\/2025\/08\/a95682ae-012e-476d-9dbc-c0cd91c91de1-1536x1024-1.jpeg","contentUrl":"https:\/\/gazetapernambucana.com\/wp-content\/uploads\/2025\/08\/a95682ae-012e-476d-9dbc-c0cd91c91de1-1536x1024-1.jpeg","width":1536,"height":1024},{"@type":"BreadcrumbList","@id":"https:\/\/gazetapernambucana.com\/?p=1556#breadcrumb","itemListElement":[{"@type":"ListItem","position":1,"name":"In\u00edcio","item":"https:\/\/gazetapernambucana.com\/"},{"@type":"ListItem","position":2,"name":"Festival Pernambuco Meu Pa\u00eds abre programa\u00e7\u00e3o em Gravat\u00e1"}]},{"@type":"WebSite","@id":"https:\/\/gazetapernambucana.com\/#website","url":"https:\/\/gazetapernambucana.com\/","name":"","description":"","potentialAction":[{"@type":"SearchAction","target":{"@type":"EntryPoint","urlTemplate":"https:\/\/gazetapernambucana.com\/?s={search_term_string}"},"query-input":{"@type":"PropertyValueSpecification","valueRequired":true,"valueName":"search_term_string"}}],"inLanguage":"pt-BR"},{"@type":"Person","@id":"https:\/\/gazetapernambucana.com\/#\/schema\/person\/188dc283325181ac2de4db1e9e987427","name":"GP","image":{"@type":"ImageObject","inLanguage":"pt-BR","@id":"https:\/\/gazetapernambucana.com\/#\/schema\/person\/image\/","url":"https:\/\/secure.gravatar.com\/avatar\/9dad78ff9a2d8b5742d11779f8a3f53b052320c550b2e1907882353c067bb111?s=96&d=mm&r=g","contentUrl":"https:\/\/secure.gravatar.com\/avatar\/9dad78ff9a2d8b5742d11779f8a3f53b052320c550b2e1907882353c067bb111?s=96&d=mm&r=g","caption":"GP"},"sameAs":["http:\/\/gazetapernambucana.com"],"url":"https:\/\/gazetapernambucana.com\/?author=1"}]}},"jetpack_publicize_connections":[],"_links":{"self":[{"href":"https:\/\/gazetapernambucana.com\/index.php?rest_route=\/wp\/v2\/posts\/1556","targetHints":{"allow":["GET"]}}],"collection":[{"href":"https:\/\/gazetapernambucana.com\/index.php?rest_route=\/wp\/v2\/posts"}],"about":[{"href":"https:\/\/gazetapernambucana.com\/index.php?rest_route=\/wp\/v2\/types\/post"}],"author":[{"embeddable":true,"href":"https:\/\/gazetapernambucana.com\/index.php?rest_route=\/wp\/v2\/users\/1"}],"replies":[{"embeddable":true,"href":"https:\/\/gazetapernambucana.com\/index.php?rest_route=%2Fwp%2Fv2%2Fcomments&post=1556"}],"version-history":[{"count":1,"href":"https:\/\/gazetapernambucana.com\/index.php?rest_route=\/wp\/v2\/posts\/1556\/revisions"}],"predecessor-version":[{"id":1558,"href":"https:\/\/gazetapernambucana.com\/index.php?rest_route=\/wp\/v2\/posts\/1556\/revisions\/1558"}],"wp:featuredmedia":[{"embeddable":true,"href":"https:\/\/gazetapernambucana.com\/index.php?rest_route=\/wp\/v2\/media\/1557"}],"wp:attachment":[{"href":"https:\/\/gazetapernambucana.com\/index.php?rest_route=%2Fwp%2Fv2%2Fmedia&parent=1556"}],"wp:term":[{"taxonomy":"category","embeddable":true,"href":"https:\/\/gazetapernambucana.com\/index.php?rest_route=%2Fwp%2Fv2%2Fcategories&post=1556"},{"taxonomy":"post_tag","embeddable":true,"href":"https:\/\/gazetapernambucana.com\/index.php?rest_route=%2Fwp%2Fv2%2Ftags&post=1556"}],"curies":[{"name":"wp","href":"https:\/\/api.w.org\/{rel}","templated":true}]}}