{"id":1553,"date":"2025-08-23T14:49:09","date_gmt":"2025-08-23T17:49:09","guid":{"rendered":"https:\/\/gazetapernambucana.com\/?p=1553"},"modified":"2025-08-23T14:49:09","modified_gmt":"2025-08-23T17:49:09","slug":"gravata-marca-presenca-no-programa-ouvir-para-mudar","status":"publish","type":"post","link":"https:\/\/gazetapernambucana.com\/?p=1553","title":{"rendered":"Gravat\u00e1 marca presen\u00e7a no programa Ouvir para Mudar"},"content":{"rendered":"<div class=\"post_title\"><\/div>\n<div class=\"b-author mb-3\">\n<div class=\"b-info\"><\/div>\n<\/div>\n<div class=\"entry\">\n<figure class=\"wp-block-image size-large\"><img loading=\"lazy\" decoding=\"async\" class=\"wp-image-154325\" src=\"https:\/\/blogcenario.com.br\/wp-content\/uploads\/2025\/08\/dffa2470-7ded-45ca-9803-fd2acfad6f99-1024x682.jpeg\" sizes=\"auto, (max-width: 1024px) 100vw, 1024px\" srcset=\"https:\/\/blogcenario.com.br\/wp-content\/uploads\/2025\/08\/dffa2470-7ded-45ca-9803-fd2acfad6f99-1024x682.jpeg 1024w, https:\/\/blogcenario.com.br\/wp-content\/uploads\/2025\/08\/dffa2470-7ded-45ca-9803-fd2acfad6f99-300x200.jpeg 300w, https:\/\/blogcenario.com.br\/wp-content\/uploads\/2025\/08\/dffa2470-7ded-45ca-9803-fd2acfad6f99-768x512.jpeg 768w, https:\/\/blogcenario.com.br\/wp-content\/uploads\/2025\/08\/dffa2470-7ded-45ca-9803-fd2acfad6f99-1536x1023.jpeg 1536w, https:\/\/blogcenario.com.br\/wp-content\/uploads\/2025\/08\/dffa2470-7ded-45ca-9803-fd2acfad6f99-220x147.jpeg 220w, https:\/\/blogcenario.com.br\/wp-content\/uploads\/2025\/08\/dffa2470-7ded-45ca-9803-fd2acfad6f99.jpeg 1600w\" alt=\"\" width=\"1024\" height=\"682\" \/><figcaption class=\"wp-element-caption\">Foto: Nilson Silva<\/figcaption><\/figure>\n<p>Na tarde da sexta (22), a Prefeitura de Gravat\u00e1 marcou presen\u00e7a no programa Ouvir para Mudar, promovido pelo Governo de Pernambuco. A a\u00e7\u00e3o faz parte da revis\u00e3o do Plano Plurianual (PPA) do Estado e tem como objetivo escutar as demandas da popula\u00e7\u00e3o e alinhar investimentos para os pr\u00f3ximos anos.<\/p>\n<p>Realizado na Escola de Refer\u00eancia em Ensino M\u00e9dio Professor Vicente Monteiro, em Caruaru, o evento reuniu autoridades, gestores municipais, lideran\u00e7as comunit\u00e1rias e representantes da sociedade civil da regi\u00e3o do Agreste Central.<\/p>\n<p>Entre as autoridades de Gravat\u00e1 estavam o prefeito Joselito Gomes (Avante), o vice-prefeito Jo\u00e3o Paulo de Lemos, a primeira-dama e secret\u00e1ria de Obras e Servi\u00e7os P\u00fablicos, Viviane Facundes, o assessor especial Lula do Padre, e os secret\u00e1rios Allan Coelho (Controle Urbano), Eduardo Andrade (Ci\u00eancia, Tecnologia e Informa\u00e7\u00e3o), Eliakim Herbert (Or\u00e7amento e Planejamento), Gilmar Oliveira (Seguran\u00e7a e Defesa Civil), Livonaldo Silva (executivo da Secretaria de Finan\u00e7as) e S\u00e9rgio Pimentel (Meio Ambiente).<\/p>\n<p>\u201c<em>A participa\u00e7\u00e3o da Prefeitura de Gravat\u00e1 refor\u00e7ou seu compromisso em acompanhar de perto as decis\u00f5es e propostas do governo estadual, buscando garantir que os recursos e programas em diversas \u00e1reas contempladas, como sa\u00fade, educa\u00e7\u00e3o, infraestrutura e desenvolvimento social cheguem efetivamente \u00e0 popula\u00e7\u00e3o. De modo que a presen\u00e7a da gest\u00e3o municipal no Ouvir para Mudar representa mais um passo na atua\u00e7\u00e3o ativa do nosso poder executivo em prol do desenvolvimento de Gravat\u00e1 e da melhoria da qualidade de vida dos gravataenses<\/em>\u201d, destacou o prefeito Joselito Gomes.<\/p>\n<\/div>\n","protected":false},"excerpt":{"rendered":"<p>Foto: Nilson Silva Na tarde da sexta (22), a Prefeitura de Gravat\u00e1 marcou presen\u00e7a no programa Ouvir para Mudar, promovido pelo Governo de Pernambuco. A a\u00e7\u00e3o faz parte da revis\u00e3o do Plano Plurianual (PPA) do Estado e tem como objetivo escutar as demandas da popula\u00e7\u00e3o e alinhar investimentos para os pr\u00f3ximos anos. Realizado na Escola [&hellip;]<\/p>\n","protected":false},"author":1,"featured_media":1554,"comment_status":"open","ping_status":"open","sticky":false,"template":"","format":"standard","meta":{"footnotes":"","jetpack_publicize_message":"","jetpack_publicize_feature_enabled":true,"jetpack_social_post_already_shared":true,"jetpack_social_options":{"image_generator_settings":{"template":"highway","default_image_id":0,"font":"","enabled":false},"version":2}},"categories":[66,1,65],"tags":[],"class_list":["post-1553","post","type-post","status-publish","format-standard","has-post-thumbnail","hentry","category-cidades","category-https-gazetapernambucana-com-page_id225","category-politica"],"yoast_head":"<!-- This site is optimized with the Yoast SEO plugin v24.5 - https:\/\/yoast.com\/wordpress\/plugins\/seo\/ -->\n<title>Gravat\u00e1 marca presen\u00e7a no programa Ouvir para Mudar -<\/title>\n<meta name=\"robots\" content=\"index, follow, max-snippet:-1, max-image-preview:large, max-video-preview:-1\" \/>\n<link rel=\"canonical\" href=\"https:\/\/gazetapernambucana.com\/?p=1553\" \/>\n<meta property=\"og:locale\" content=\"pt_BR\" \/>\n<meta property=\"og:type\" content=\"article\" \/>\n<meta property=\"og:title\" content=\"Gravat\u00e1 marca presen\u00e7a no programa Ouvir para Mudar -\" \/>\n<meta property=\"og:description\" content=\"Foto: Nilson Silva Na tarde da sexta (22), a Prefeitura de Gravat\u00e1 marcou presen\u00e7a no programa Ouvir para Mudar, promovido pelo Governo de Pernambuco. A a\u00e7\u00e3o faz parte da revis\u00e3o do Plano Plurianual (PPA) do Estado e tem como objetivo escutar as demandas da popula\u00e7\u00e3o e alinhar investimentos para os pr\u00f3ximos anos. Realizado na Escola [&hellip;]\" \/>\n<meta property=\"og:url\" content=\"https:\/\/gazetapernambucana.com\/?p=1553\" \/>\n<meta property=\"article:published_time\" content=\"2025-08-23T17:49:09+00:00\" \/>\n<meta property=\"og:image\" content=\"https:\/\/gazetapernambucana.com\/wp-content\/uploads\/2025\/08\/dffa2470-7ded-45ca-9803-fd2acfad6f99-1536x1023-1.jpeg\" \/>\n\t<meta property=\"og:image:width\" content=\"1536\" \/>\n\t<meta property=\"og:image:height\" content=\"1023\" \/>\n\t<meta property=\"og:image:type\" content=\"image\/jpeg\" \/>\n<meta name=\"author\" content=\"GP\" \/>\n<meta name=\"twitter:card\" content=\"summary_large_image\" \/>\n<meta name=\"twitter:label1\" content=\"Escrito por\" \/>\n\t<meta name=\"twitter:data1\" content=\"GP\" \/>\n\t<meta name=\"twitter:label2\" content=\"Est. tempo de leitura\" \/>\n\t<meta name=\"twitter:data2\" content=\"2 minutos\" \/>\n<script type=\"application\/ld+json\" class=\"yoast-schema-graph\">{\"@context\":\"https:\/\/schema.org\",\"@graph\":[{\"@type\":\"WebPage\",\"@id\":\"https:\/\/gazetapernambucana.com\/?p=1553\",\"url\":\"https:\/\/gazetapernambucana.com\/?p=1553\",\"name\":\"Gravat\u00e1 marca presen\u00e7a no programa Ouvir para Mudar -\",\"isPartOf\":{\"@id\":\"https:\/\/gazetapernambucana.com\/#website\"},\"primaryImageOfPage\":{\"@id\":\"https:\/\/gazetapernambucana.com\/?p=1553#primaryimage\"},\"image\":{\"@id\":\"https:\/\/gazetapernambucana.com\/?p=1553#primaryimage\"},\"thumbnailUrl\":\"https:\/\/gazetapernambucana.com\/wp-content\/uploads\/2025\/08\/dffa2470-7ded-45ca-9803-fd2acfad6f99-1536x1023-1.jpeg\",\"datePublished\":\"2025-08-23T17:49:09+00:00\",\"author\":{\"@id\":\"https:\/\/gazetapernambucana.com\/#\/schema\/person\/188dc283325181ac2de4db1e9e987427\"},\"breadcrumb\":{\"@id\":\"https:\/\/gazetapernambucana.com\/?p=1553#breadcrumb\"},\"inLanguage\":\"pt-BR\",\"potentialAction\":[{\"@type\":\"ReadAction\",\"target\":[\"https:\/\/gazetapernambucana.com\/?p=1553\"]}]},{\"@type\":\"ImageObject\",\"inLanguage\":\"pt-BR\",\"@id\":\"https:\/\/gazetapernambucana.com\/?p=1553#primaryimage\",\"url\":\"https:\/\/gazetapernambucana.com\/wp-content\/uploads\/2025\/08\/dffa2470-7ded-45ca-9803-fd2acfad6f99-1536x1023-1.jpeg\",\"contentUrl\":\"https:\/\/gazetapernambucana.com\/wp-content\/uploads\/2025\/08\/dffa2470-7ded-45ca-9803-fd2acfad6f99-1536x1023-1.jpeg\",\"width\":1536,\"height\":1023},{\"@type\":\"BreadcrumbList\",\"@id\":\"https:\/\/gazetapernambucana.com\/?p=1553#breadcrumb\",\"itemListElement\":[{\"@type\":\"ListItem\",\"position\":1,\"name\":\"In\u00edcio\",\"item\":\"https:\/\/gazetapernambucana.com\/\"},{\"@type\":\"ListItem\",\"position\":2,\"name\":\"Gravat\u00e1 marca presen\u00e7a no programa Ouvir para Mudar\"}]},{\"@type\":\"WebSite\",\"@id\":\"https:\/\/gazetapernambucana.com\/#website\",\"url\":\"https:\/\/gazetapernambucana.com\/\",\"name\":\"\",\"description\":\"\",\"potentialAction\":[{\"@type\":\"SearchAction\",\"target\":{\"@type\":\"EntryPoint\",\"urlTemplate\":\"https:\/\/gazetapernambucana.com\/?s={search_term_string}\"},\"query-input\":{\"@type\":\"PropertyValueSpecification\",\"valueRequired\":true,\"valueName\":\"search_term_string\"}}],\"inLanguage\":\"pt-BR\"},{\"@type\":\"Person\",\"@id\":\"https:\/\/gazetapernambucana.com\/#\/schema\/person\/188dc283325181ac2de4db1e9e987427\",\"name\":\"GP\",\"image\":{\"@type\":\"ImageObject\",\"inLanguage\":\"pt-BR\",\"@id\":\"https:\/\/gazetapernambucana.com\/#\/schema\/person\/image\/\",\"url\":\"https:\/\/secure.gravatar.com\/avatar\/9dad78ff9a2d8b5742d11779f8a3f53b052320c550b2e1907882353c067bb111?s=96&d=mm&r=g\",\"contentUrl\":\"https:\/\/secure.gravatar.com\/avatar\/9dad78ff9a2d8b5742d11779f8a3f53b052320c550b2e1907882353c067bb111?s=96&d=mm&r=g\",\"caption\":\"GP\"},\"sameAs\":[\"http:\/\/gazetapernambucana.com\"],\"url\":\"https:\/\/gazetapernambucana.com\/?author=1\"}]}<\/script>\n<!-- \/ Yoast SEO plugin. -->","yoast_head_json":{"title":"Gravat\u00e1 marca presen\u00e7a no programa Ouvir para Mudar -","robots":{"index":"index","follow":"follow","max-snippet":"max-snippet:-1","max-image-preview":"max-image-preview:large","max-video-preview":"max-video-preview:-1"},"canonical":"https:\/\/gazetapernambucana.com\/?p=1553","og_locale":"pt_BR","og_type":"article","og_title":"Gravat\u00e1 marca presen\u00e7a no programa Ouvir para Mudar -","og_description":"Foto: Nilson Silva Na tarde da sexta (22), a Prefeitura de Gravat\u00e1 marcou presen\u00e7a no programa Ouvir para Mudar, promovido pelo Governo de Pernambuco. A a\u00e7\u00e3o faz parte da revis\u00e3o do Plano Plurianual (PPA) do Estado e tem como objetivo escutar as demandas da popula\u00e7\u00e3o e alinhar investimentos para os pr\u00f3ximos anos. Realizado na Escola [&hellip;]","og_url":"https:\/\/gazetapernambucana.com\/?p=1553","article_published_time":"2025-08-23T17:49:09+00:00","og_image":[{"width":1536,"height":1023,"url":"https:\/\/gazetapernambucana.com\/wp-content\/uploads\/2025\/08\/dffa2470-7ded-45ca-9803-fd2acfad6f99-1536x1023-1.jpeg","type":"image\/jpeg"}],"author":"GP","twitter_card":"summary_large_image","twitter_misc":{"Escrito por":"GP","Est. tempo de leitura":"2 minutos"},"schema":{"@context":"https:\/\/schema.org","@graph":[{"@type":"WebPage","@id":"https:\/\/gazetapernambucana.com\/?p=1553","url":"https:\/\/gazetapernambucana.com\/?p=1553","name":"Gravat\u00e1 marca presen\u00e7a no programa Ouvir para Mudar -","isPartOf":{"@id":"https:\/\/gazetapernambucana.com\/#website"},"primaryImageOfPage":{"@id":"https:\/\/gazetapernambucana.com\/?p=1553#primaryimage"},"image":{"@id":"https:\/\/gazetapernambucana.com\/?p=1553#primaryimage"},"thumbnailUrl":"https:\/\/gazetapernambucana.com\/wp-content\/uploads\/2025\/08\/dffa2470-7ded-45ca-9803-fd2acfad6f99-1536x1023-1.jpeg","datePublished":"2025-08-23T17:49:09+00:00","author":{"@id":"https:\/\/gazetapernambucana.com\/#\/schema\/person\/188dc283325181ac2de4db1e9e987427"},"breadcrumb":{"@id":"https:\/\/gazetapernambucana.com\/?p=1553#breadcrumb"},"inLanguage":"pt-BR","potentialAction":[{"@type":"ReadAction","target":["https:\/\/gazetapernambucana.com\/?p=1553"]}]},{"@type":"ImageObject","inLanguage":"pt-BR","@id":"https:\/\/gazetapernambucana.com\/?p=1553#primaryimage","url":"https:\/\/gazetapernambucana.com\/wp-content\/uploads\/2025\/08\/dffa2470-7ded-45ca-9803-fd2acfad6f99-1536x1023-1.jpeg","contentUrl":"https:\/\/gazetapernambucana.com\/wp-content\/uploads\/2025\/08\/dffa2470-7ded-45ca-9803-fd2acfad6f99-1536x1023-1.jpeg","width":1536,"height":1023},{"@type":"BreadcrumbList","@id":"https:\/\/gazetapernambucana.com\/?p=1553#breadcrumb","itemListElement":[{"@type":"ListItem","position":1,"name":"In\u00edcio","item":"https:\/\/gazetapernambucana.com\/"},{"@type":"ListItem","position":2,"name":"Gravat\u00e1 marca presen\u00e7a no programa Ouvir para Mudar"}]},{"@type":"WebSite","@id":"https:\/\/gazetapernambucana.com\/#website","url":"https:\/\/gazetapernambucana.com\/","name":"","description":"","potentialAction":[{"@type":"SearchAction","target":{"@type":"EntryPoint","urlTemplate":"https:\/\/gazetapernambucana.com\/?s={search_term_string}"},"query-input":{"@type":"PropertyValueSpecification","valueRequired":true,"valueName":"search_term_string"}}],"inLanguage":"pt-BR"},{"@type":"Person","@id":"https:\/\/gazetapernambucana.com\/#\/schema\/person\/188dc283325181ac2de4db1e9e987427","name":"GP","image":{"@type":"ImageObject","inLanguage":"pt-BR","@id":"https:\/\/gazetapernambucana.com\/#\/schema\/person\/image\/","url":"https:\/\/secure.gravatar.com\/avatar\/9dad78ff9a2d8b5742d11779f8a3f53b052320c550b2e1907882353c067bb111?s=96&d=mm&r=g","contentUrl":"https:\/\/secure.gravatar.com\/avatar\/9dad78ff9a2d8b5742d11779f8a3f53b052320c550b2e1907882353c067bb111?s=96&d=mm&r=g","caption":"GP"},"sameAs":["http:\/\/gazetapernambucana.com"],"url":"https:\/\/gazetapernambucana.com\/?author=1"}]}},"jetpack_publicize_connections":[],"_links":{"self":[{"href":"https:\/\/gazetapernambucana.com\/index.php?rest_route=\/wp\/v2\/posts\/1553","targetHints":{"allow":["GET"]}}],"collection":[{"href":"https:\/\/gazetapernambucana.com\/index.php?rest_route=\/wp\/v2\/posts"}],"about":[{"href":"https:\/\/gazetapernambucana.com\/index.php?rest_route=\/wp\/v2\/types\/post"}],"author":[{"embeddable":true,"href":"https:\/\/gazetapernambucana.com\/index.php?rest_route=\/wp\/v2\/users\/1"}],"replies":[{"embeddable":true,"href":"https:\/\/gazetapernambucana.com\/index.php?rest_route=%2Fwp%2Fv2%2Fcomments&post=1553"}],"version-history":[{"count":1,"href":"https:\/\/gazetapernambucana.com\/index.php?rest_route=\/wp\/v2\/posts\/1553\/revisions"}],"predecessor-version":[{"id":1555,"href":"https:\/\/gazetapernambucana.com\/index.php?rest_route=\/wp\/v2\/posts\/1553\/revisions\/1555"}],"wp:featuredmedia":[{"embeddable":true,"href":"https:\/\/gazetapernambucana.com\/index.php?rest_route=\/wp\/v2\/media\/1554"}],"wp:attachment":[{"href":"https:\/\/gazetapernambucana.com\/index.php?rest_route=%2Fwp%2Fv2%2Fmedia&parent=1553"}],"wp:term":[{"taxonomy":"category","embeddable":true,"href":"https:\/\/gazetapernambucana.com\/index.php?rest_route=%2Fwp%2Fv2%2Fcategories&post=1553"},{"taxonomy":"post_tag","embeddable":true,"href":"https:\/\/gazetapernambucana.com\/index.php?rest_route=%2Fwp%2Fv2%2Ftags&post=1553"}],"curies":[{"name":"wp","href":"https:\/\/api.w.org\/{rel}","templated":true}]}}