{"id":1550,"date":"2025-08-23T14:43:50","date_gmt":"2025-08-23T17:43:50","guid":{"rendered":"https:\/\/gazetapernambucana.com\/?p=1550"},"modified":"2025-08-23T14:43:50","modified_gmt":"2025-08-23T17:43:50","slug":"por-decisao-judicial-joaozinho-volta-a-ser-lider-do-prd-na-alepe","status":"publish","type":"post","link":"https:\/\/gazetapernambucana.com\/?p=1550","title":{"rendered":"Por decis\u00e3o judicial, Jo\u00e3ozinho volta a ser l\u00edder do PRD na Alepe"},"content":{"rendered":"<div class=\"post_title\"><\/div>\n<div class=\"b-author mb-3\">\n<div class=\"b-info\"><\/div>\n<\/div>\n<div class=\"entry\">\n<figure class=\"wp-block-image size-large\"><img loading=\"lazy\" decoding=\"async\" class=\"wp-image-154270\" src=\"https:\/\/blogcenario.com.br\/wp-content\/uploads\/2025\/08\/e185d4dc-f186-4e9a-9cc7-0b25d7ebbd79-1024x682.jpeg\" sizes=\"auto, (max-width: 1024px) 100vw, 1024px\" srcset=\"https:\/\/blogcenario.com.br\/wp-content\/uploads\/2025\/08\/e185d4dc-f186-4e9a-9cc7-0b25d7ebbd79-1024x682.jpeg 1024w, https:\/\/blogcenario.com.br\/wp-content\/uploads\/2025\/08\/e185d4dc-f186-4e9a-9cc7-0b25d7ebbd79-300x200.jpeg 300w, https:\/\/blogcenario.com.br\/wp-content\/uploads\/2025\/08\/e185d4dc-f186-4e9a-9cc7-0b25d7ebbd79-768x512.jpeg 768w, https:\/\/blogcenario.com.br\/wp-content\/uploads\/2025\/08\/e185d4dc-f186-4e9a-9cc7-0b25d7ebbd79-1536x1023.jpeg 1536w, https:\/\/blogcenario.com.br\/wp-content\/uploads\/2025\/08\/e185d4dc-f186-4e9a-9cc7-0b25d7ebbd79-220x147.jpeg 220w, https:\/\/blogcenario.com.br\/wp-content\/uploads\/2025\/08\/e185d4dc-f186-4e9a-9cc7-0b25d7ebbd79.jpeg 1600w\" alt=\"\" width=\"1024\" height=\"682\" \/><figcaption class=\"wp-element-caption\">Foto: Divulga\u00e7\u00e3o<\/figcaption><\/figure>\n<p>Foi divulgada h\u00e1 pouco mais uma decis\u00e3o judicial envolvendo as mudan\u00e7as partid\u00e1rias em meio \u00e0 disputa por vagas na CPI da Publicidade na Alepe. O juiz S\u00e9rgio Paulo Ribeiro da Silva entendeu como irregular as mudan\u00e7as feitas pelo diret\u00f3rio estadual do PRD, que nomeou o rec\u00e9m-filiado J\u00fanior Matuto como l\u00edder do partido na Casa, suspendendo tamb\u00e9m a sa\u00edda do bloco governista.<\/p>\n<p>Com isso, o deputado Jo\u00e3ozinho Ten\u00f3rio volta a ser o l\u00edder da sigla. O magistrado afirmou que a interfer\u00eancia do diret\u00f3rio s\u00f3 poderia acontecer em caso de n\u00e3o haver entendimento entre os dois filiados, mas como n\u00e3o houve notifica\u00e7\u00e3o pr\u00e9via ou reuni\u00e3o, as mudan\u00e7as realizadas foram contra o estatuto do partido.<\/p>\n<p>S\u00e9rgio Paulo marcou para o dia 22 de outubro uma audi\u00eancia de tentativa de concilia\u00e7\u00e3o entre as partes. Caso n\u00e3o concordem sobre quem deve ficar na lideran\u00e7a do partido, a\u00ed sim o diret\u00f3rio estadual pode nomear um escolhido.<\/p>\n<p>A decis\u00e3o tem efeitos imediatos e em caso de descumprimento, o PRD deve pagar uma multa di\u00e1ria de R$ 50 mil. Ao<strong>\u00a0Blog Cen\u00e1rio<\/strong>, o presidente estadual do partido, Josaf\u00e1 Almeida, disse que ainda n\u00e3o foi notificado, mas garantiu que vai recorrer.<\/p>\n<p><strong>Confira o documento:<\/strong><\/p>\n<p><iframe loading=\"lazy\" src=\"https:\/\/drive.google.com\/file\/d\/1TLR0OZr4vvBX__qdNT-re-aQ3QzqiZEy\/preview\" width=\"640\" height=\"480\" data-mce-fragment=\"1\"><\/iframe><\/div>\n","protected":false},"excerpt":{"rendered":"<p>Foto: Divulga\u00e7\u00e3o Foi divulgada h\u00e1 pouco mais uma decis\u00e3o judicial envolvendo as mudan\u00e7as partid\u00e1rias em meio \u00e0 disputa por vagas na CPI da Publicidade na Alepe. O juiz S\u00e9rgio Paulo Ribeiro da Silva entendeu como irregular as mudan\u00e7as feitas pelo diret\u00f3rio estadual do PRD, que nomeou o rec\u00e9m-filiado J\u00fanior Matuto como l\u00edder do partido na [&hellip;]<\/p>\n","protected":false},"author":1,"featured_media":1551,"comment_status":"open","ping_status":"open","sticky":false,"template":"","format":"standard","meta":{"footnotes":"","jetpack_publicize_message":"","jetpack_publicize_feature_enabled":true,"jetpack_social_post_already_shared":true,"jetpack_social_options":{"image_generator_settings":{"template":"highway","default_image_id":0,"font":"","enabled":false},"version":2}},"categories":[1,65],"tags":[],"class_list":["post-1550","post","type-post","status-publish","format-standard","has-post-thumbnail","hentry","category-https-gazetapernambucana-com-page_id225","category-politica"],"yoast_head":"<!-- This site is optimized with the Yoast SEO plugin v24.5 - https:\/\/yoast.com\/wordpress\/plugins\/seo\/ -->\n<title>Por decis\u00e3o judicial, Jo\u00e3ozinho volta a ser l\u00edder do PRD na Alepe -<\/title>\n<meta name=\"robots\" content=\"index, follow, max-snippet:-1, max-image-preview:large, max-video-preview:-1\" \/>\n<link rel=\"canonical\" href=\"https:\/\/gazetapernambucana.com\/?p=1550\" \/>\n<meta property=\"og:locale\" content=\"pt_BR\" \/>\n<meta property=\"og:type\" content=\"article\" \/>\n<meta property=\"og:title\" content=\"Por decis\u00e3o judicial, Jo\u00e3ozinho volta a ser l\u00edder do PRD na Alepe -\" \/>\n<meta property=\"og:description\" content=\"Foto: Divulga\u00e7\u00e3o Foi divulgada h\u00e1 pouco mais uma decis\u00e3o judicial envolvendo as mudan\u00e7as partid\u00e1rias em meio \u00e0 disputa por vagas na CPI da Publicidade na Alepe. O juiz S\u00e9rgio Paulo Ribeiro da Silva entendeu como irregular as mudan\u00e7as feitas pelo diret\u00f3rio estadual do PRD, que nomeou o rec\u00e9m-filiado J\u00fanior Matuto como l\u00edder do partido na [&hellip;]\" \/>\n<meta property=\"og:url\" content=\"https:\/\/gazetapernambucana.com\/?p=1550\" \/>\n<meta property=\"article:published_time\" content=\"2025-08-23T17:43:50+00:00\" \/>\n<meta property=\"og:image\" content=\"https:\/\/gazetapernambucana.com\/wp-content\/uploads\/2025\/08\/e185d4dc-f186-4e9a-9cc7-0b25d7ebbd79-1536x1023-1.jpeg\" \/>\n\t<meta property=\"og:image:width\" content=\"1536\" \/>\n\t<meta property=\"og:image:height\" content=\"1023\" \/>\n\t<meta property=\"og:image:type\" content=\"image\/jpeg\" \/>\n<meta name=\"author\" content=\"GP\" \/>\n<meta name=\"twitter:card\" content=\"summary_large_image\" \/>\n<meta name=\"twitter:label1\" content=\"Escrito por\" \/>\n\t<meta name=\"twitter:data1\" content=\"GP\" \/>\n\t<meta name=\"twitter:label2\" content=\"Est. tempo de leitura\" \/>\n\t<meta name=\"twitter:data2\" content=\"2 minutos\" \/>\n<script type=\"application\/ld+json\" class=\"yoast-schema-graph\">{\"@context\":\"https:\/\/schema.org\",\"@graph\":[{\"@type\":\"WebPage\",\"@id\":\"https:\/\/gazetapernambucana.com\/?p=1550\",\"url\":\"https:\/\/gazetapernambucana.com\/?p=1550\",\"name\":\"Por decis\u00e3o judicial, Jo\u00e3ozinho volta a ser l\u00edder do PRD na Alepe -\",\"isPartOf\":{\"@id\":\"https:\/\/gazetapernambucana.com\/#website\"},\"primaryImageOfPage\":{\"@id\":\"https:\/\/gazetapernambucana.com\/?p=1550#primaryimage\"},\"image\":{\"@id\":\"https:\/\/gazetapernambucana.com\/?p=1550#primaryimage\"},\"thumbnailUrl\":\"https:\/\/gazetapernambucana.com\/wp-content\/uploads\/2025\/08\/e185d4dc-f186-4e9a-9cc7-0b25d7ebbd79-1536x1023-1.jpeg\",\"datePublished\":\"2025-08-23T17:43:50+00:00\",\"author\":{\"@id\":\"https:\/\/gazetapernambucana.com\/#\/schema\/person\/188dc283325181ac2de4db1e9e987427\"},\"breadcrumb\":{\"@id\":\"https:\/\/gazetapernambucana.com\/?p=1550#breadcrumb\"},\"inLanguage\":\"pt-BR\",\"potentialAction\":[{\"@type\":\"ReadAction\",\"target\":[\"https:\/\/gazetapernambucana.com\/?p=1550\"]}]},{\"@type\":\"ImageObject\",\"inLanguage\":\"pt-BR\",\"@id\":\"https:\/\/gazetapernambucana.com\/?p=1550#primaryimage\",\"url\":\"https:\/\/gazetapernambucana.com\/wp-content\/uploads\/2025\/08\/e185d4dc-f186-4e9a-9cc7-0b25d7ebbd79-1536x1023-1.jpeg\",\"contentUrl\":\"https:\/\/gazetapernambucana.com\/wp-content\/uploads\/2025\/08\/e185d4dc-f186-4e9a-9cc7-0b25d7ebbd79-1536x1023-1.jpeg\",\"width\":1536,\"height\":1023},{\"@type\":\"BreadcrumbList\",\"@id\":\"https:\/\/gazetapernambucana.com\/?p=1550#breadcrumb\",\"itemListElement\":[{\"@type\":\"ListItem\",\"position\":1,\"name\":\"In\u00edcio\",\"item\":\"https:\/\/gazetapernambucana.com\/\"},{\"@type\":\"ListItem\",\"position\":2,\"name\":\"Por decis\u00e3o judicial, Jo\u00e3ozinho volta a ser l\u00edder do PRD na Alepe\"}]},{\"@type\":\"WebSite\",\"@id\":\"https:\/\/gazetapernambucana.com\/#website\",\"url\":\"https:\/\/gazetapernambucana.com\/\",\"name\":\"\",\"description\":\"\",\"potentialAction\":[{\"@type\":\"SearchAction\",\"target\":{\"@type\":\"EntryPoint\",\"urlTemplate\":\"https:\/\/gazetapernambucana.com\/?s={search_term_string}\"},\"query-input\":{\"@type\":\"PropertyValueSpecification\",\"valueRequired\":true,\"valueName\":\"search_term_string\"}}],\"inLanguage\":\"pt-BR\"},{\"@type\":\"Person\",\"@id\":\"https:\/\/gazetapernambucana.com\/#\/schema\/person\/188dc283325181ac2de4db1e9e987427\",\"name\":\"GP\",\"image\":{\"@type\":\"ImageObject\",\"inLanguage\":\"pt-BR\",\"@id\":\"https:\/\/gazetapernambucana.com\/#\/schema\/person\/image\/\",\"url\":\"https:\/\/secure.gravatar.com\/avatar\/9dad78ff9a2d8b5742d11779f8a3f53b052320c550b2e1907882353c067bb111?s=96&d=mm&r=g\",\"contentUrl\":\"https:\/\/secure.gravatar.com\/avatar\/9dad78ff9a2d8b5742d11779f8a3f53b052320c550b2e1907882353c067bb111?s=96&d=mm&r=g\",\"caption\":\"GP\"},\"sameAs\":[\"http:\/\/gazetapernambucana.com\"],\"url\":\"https:\/\/gazetapernambucana.com\/?author=1\"}]}<\/script>\n<!-- \/ Yoast SEO plugin. -->","yoast_head_json":{"title":"Por decis\u00e3o judicial, Jo\u00e3ozinho volta a ser l\u00edder do PRD na Alepe -","robots":{"index":"index","follow":"follow","max-snippet":"max-snippet:-1","max-image-preview":"max-image-preview:large","max-video-preview":"max-video-preview:-1"},"canonical":"https:\/\/gazetapernambucana.com\/?p=1550","og_locale":"pt_BR","og_type":"article","og_title":"Por decis\u00e3o judicial, Jo\u00e3ozinho volta a ser l\u00edder do PRD na Alepe -","og_description":"Foto: Divulga\u00e7\u00e3o Foi divulgada h\u00e1 pouco mais uma decis\u00e3o judicial envolvendo as mudan\u00e7as partid\u00e1rias em meio \u00e0 disputa por vagas na CPI da Publicidade na Alepe. O juiz S\u00e9rgio Paulo Ribeiro da Silva entendeu como irregular as mudan\u00e7as feitas pelo diret\u00f3rio estadual do PRD, que nomeou o rec\u00e9m-filiado J\u00fanior Matuto como l\u00edder do partido na [&hellip;]","og_url":"https:\/\/gazetapernambucana.com\/?p=1550","article_published_time":"2025-08-23T17:43:50+00:00","og_image":[{"width":1536,"height":1023,"url":"https:\/\/gazetapernambucana.com\/wp-content\/uploads\/2025\/08\/e185d4dc-f186-4e9a-9cc7-0b25d7ebbd79-1536x1023-1.jpeg","type":"image\/jpeg"}],"author":"GP","twitter_card":"summary_large_image","twitter_misc":{"Escrito por":"GP","Est. tempo de leitura":"2 minutos"},"schema":{"@context":"https:\/\/schema.org","@graph":[{"@type":"WebPage","@id":"https:\/\/gazetapernambucana.com\/?p=1550","url":"https:\/\/gazetapernambucana.com\/?p=1550","name":"Por decis\u00e3o judicial, Jo\u00e3ozinho volta a ser l\u00edder do PRD na Alepe -","isPartOf":{"@id":"https:\/\/gazetapernambucana.com\/#website"},"primaryImageOfPage":{"@id":"https:\/\/gazetapernambucana.com\/?p=1550#primaryimage"},"image":{"@id":"https:\/\/gazetapernambucana.com\/?p=1550#primaryimage"},"thumbnailUrl":"https:\/\/gazetapernambucana.com\/wp-content\/uploads\/2025\/08\/e185d4dc-f186-4e9a-9cc7-0b25d7ebbd79-1536x1023-1.jpeg","datePublished":"2025-08-23T17:43:50+00:00","author":{"@id":"https:\/\/gazetapernambucana.com\/#\/schema\/person\/188dc283325181ac2de4db1e9e987427"},"breadcrumb":{"@id":"https:\/\/gazetapernambucana.com\/?p=1550#breadcrumb"},"inLanguage":"pt-BR","potentialAction":[{"@type":"ReadAction","target":["https:\/\/gazetapernambucana.com\/?p=1550"]}]},{"@type":"ImageObject","inLanguage":"pt-BR","@id":"https:\/\/gazetapernambucana.com\/?p=1550#primaryimage","url":"https:\/\/gazetapernambucana.com\/wp-content\/uploads\/2025\/08\/e185d4dc-f186-4e9a-9cc7-0b25d7ebbd79-1536x1023-1.jpeg","contentUrl":"https:\/\/gazetapernambucana.com\/wp-content\/uploads\/2025\/08\/e185d4dc-f186-4e9a-9cc7-0b25d7ebbd79-1536x1023-1.jpeg","width":1536,"height":1023},{"@type":"BreadcrumbList","@id":"https:\/\/gazetapernambucana.com\/?p=1550#breadcrumb","itemListElement":[{"@type":"ListItem","position":1,"name":"In\u00edcio","item":"https:\/\/gazetapernambucana.com\/"},{"@type":"ListItem","position":2,"name":"Por decis\u00e3o judicial, Jo\u00e3ozinho volta a ser l\u00edder do PRD na Alepe"}]},{"@type":"WebSite","@id":"https:\/\/gazetapernambucana.com\/#website","url":"https:\/\/gazetapernambucana.com\/","name":"","description":"","potentialAction":[{"@type":"SearchAction","target":{"@type":"EntryPoint","urlTemplate":"https:\/\/gazetapernambucana.com\/?s={search_term_string}"},"query-input":{"@type":"PropertyValueSpecification","valueRequired":true,"valueName":"search_term_string"}}],"inLanguage":"pt-BR"},{"@type":"Person","@id":"https:\/\/gazetapernambucana.com\/#\/schema\/person\/188dc283325181ac2de4db1e9e987427","name":"GP","image":{"@type":"ImageObject","inLanguage":"pt-BR","@id":"https:\/\/gazetapernambucana.com\/#\/schema\/person\/image\/","url":"https:\/\/secure.gravatar.com\/avatar\/9dad78ff9a2d8b5742d11779f8a3f53b052320c550b2e1907882353c067bb111?s=96&d=mm&r=g","contentUrl":"https:\/\/secure.gravatar.com\/avatar\/9dad78ff9a2d8b5742d11779f8a3f53b052320c550b2e1907882353c067bb111?s=96&d=mm&r=g","caption":"GP"},"sameAs":["http:\/\/gazetapernambucana.com"],"url":"https:\/\/gazetapernambucana.com\/?author=1"}]}},"jetpack_publicize_connections":[],"_links":{"self":[{"href":"https:\/\/gazetapernambucana.com\/index.php?rest_route=\/wp\/v2\/posts\/1550","targetHints":{"allow":["GET"]}}],"collection":[{"href":"https:\/\/gazetapernambucana.com\/index.php?rest_route=\/wp\/v2\/posts"}],"about":[{"href":"https:\/\/gazetapernambucana.com\/index.php?rest_route=\/wp\/v2\/types\/post"}],"author":[{"embeddable":true,"href":"https:\/\/gazetapernambucana.com\/index.php?rest_route=\/wp\/v2\/users\/1"}],"replies":[{"embeddable":true,"href":"https:\/\/gazetapernambucana.com\/index.php?rest_route=%2Fwp%2Fv2%2Fcomments&post=1550"}],"version-history":[{"count":1,"href":"https:\/\/gazetapernambucana.com\/index.php?rest_route=\/wp\/v2\/posts\/1550\/revisions"}],"predecessor-version":[{"id":1552,"href":"https:\/\/gazetapernambucana.com\/index.php?rest_route=\/wp\/v2\/posts\/1550\/revisions\/1552"}],"wp:featuredmedia":[{"embeddable":true,"href":"https:\/\/gazetapernambucana.com\/index.php?rest_route=\/wp\/v2\/media\/1551"}],"wp:attachment":[{"href":"https:\/\/gazetapernambucana.com\/index.php?rest_route=%2Fwp%2Fv2%2Fmedia&parent=1550"}],"wp:term":[{"taxonomy":"category","embeddable":true,"href":"https:\/\/gazetapernambucana.com\/index.php?rest_route=%2Fwp%2Fv2%2Fcategories&post=1550"},{"taxonomy":"post_tag","embeddable":true,"href":"https:\/\/gazetapernambucana.com\/index.php?rest_route=%2Fwp%2Fv2%2Ftags&post=1550"}],"curies":[{"name":"wp","href":"https:\/\/api.w.org\/{rel}","templated":true}]}}