{"id":1546,"date":"2025-08-22T20:34:27","date_gmt":"2025-08-22T23:34:27","guid":{"rendered":"https:\/\/gazetapernambucana.com\/?p=1546"},"modified":"2025-08-22T20:34:27","modified_gmt":"2025-08-22T23:34:27","slug":"pagou-para-publicar-o-unico-livro-viveu-na-pobreza-morreu-aos-30-e-virou-lenda-incomoda-da-poesia","status":"publish","type":"post","link":"https:\/\/gazetapernambucana.com\/?p=1546","title":{"rendered":"Pagou para publicar o \u00fanico livro. Viveu na pobreza. Morreu aos 30. E virou lenda inc\u00f4moda da poesia"},"content":{"rendered":"<div class=\"entry-thumbnail\"><img loading=\"lazy\" decoding=\"async\" class=\"attachment-post-thumbnail size-post-thumbnail wp-post-image\" title=\"Pagou para publicar o \u00fanico livro. Viveu na pobreza. Morreu aos 30. E virou lenda inc\u00f4moda da poesia\" src=\"https:\/\/www.revistabula.com\/wp\/wp-content\/uploads\/2025\/08\/Augusto-dos-Anjos-1-610x350.jpeg\" alt=\"Pagou para publicar o \u00fanico livro. Viveu na pobreza. Morreu aos 30. E virou lenda inc\u00f4moda da poesia\" width=\"610\" height=\"350\" data-no-lazy=\"1\" \/><\/div>\n<div class=\"entry-content\">\n<p>Choveu ou pareceu chover. O ar, na lembran\u00e7a, pesa como pano molhado; os livros sobre a mesa exalam um p\u00f3 que assenta. Em volta, bichos noturnos riscam o escuro; uma l\u00e2mpada vacila; h\u00e1 rumor de trabalho minucioso. Em 1884, em Sap\u00e9, Para\u00edba, entre canaviais e corredores de engenho, nasce Augusto dos Anjos, que aprende cedo a escutar a madeira ceder e a enxergar na mat\u00e9ria um l\u00e9xico. O pa\u00eds caminhava para a Aboli\u00e7\u00e3o em 1888 e para a Rep\u00fablica em 1889; o mundo rural do a\u00e7\u00facar j\u00e1 exibia rachaduras. Ele escreve como quem recolhe do ch\u00e3o o que o ch\u00e3o rejeita, com lucidez teimosa e um tra\u00e7o hipocondr\u00edaco, atento aos sintomas, desconfiado do corpo, disciplinado por um rigor autodidata. Cada verso \u00e9 frasco rotulado; cada imagem, um exame em l\u00e2mina.<\/p>\n<p>No cen\u00e1rio liter\u00e1rio que atravessava o fim do s\u00e9culo 19 e a entrada do 20, prevaleciam a etiqueta parnasiana e a penumbra simbolista, enquanto o cientificismo, o positivismo de manual e o darwinismo popularizado adensavam o ar cultural. Recife fervilhava nas c\u00e1tedras da Faculdade de Direito, nos caf\u00e9s do centro onde se discutiam sonetos e tratados, nas folhas liter\u00e1rias que exibiam decoro m\u00e9trico. Ele preferiu outro rumo: introduziu terminologia de anatomia e biologia na cad\u00eancia do verso, trocou mostru\u00e1rios impec\u00e1veis por uma linguagem de tecidos, res\u00edduos, processos. Antes da mar\u00e9 modernista, j\u00e1 tinha lascado o verniz ao preparar a sintaxe que desembocaria em \u201cEu\u201d.<\/p>\n<p>Menino de Sap\u00e9, Para\u00edba, aprendeu cedo a ler no quintal, mas tamb\u00e9m nos ser\u00f5es \u00e0 luz de querosene, nos almanaques de farm\u00e1cia e nos jornais de prov\u00edncia que chegavam com atraso e novidade. Com usinas em ciclos irregulares, pre\u00e7os do a\u00e7\u00facar oscilando e credores \u00e0s portas, a regi\u00e3o sentia a economia vacilar; epidemias rondavam bairros \u00famidos, e a conversa das casas misturava bot\u00e2nica dom\u00e9stica e conselhos de botic\u00e1rio. Em junho de 1914, j\u00e1 com a sa\u00fade intermitente e com a fam\u00edlia junto, ele aceitou dirigir o Grupo Escolar Ribeiro Junqueira e mudou-se para Leopoldina, na Zona da Mata Mineira, enquanto a Europa entrava em guerra e as not\u00edcias chegavam por telegramas de ag\u00eancias internacionais e por colunas dos grandes di\u00e1rios. Poucos meses depois, a tosse fechou o peito; m\u00e9dicos passaram a visit\u00e1-lo com frequ\u00eancia, anotando temperaturas, hor\u00e1rios de rem\u00e9dios e pequenas melhoras que n\u00e3o duravam. Na madrugada de 12 de novembro de 1914, \u00e0s quatro da manh\u00e3, ele morreu de pneumonia, aos 30 anos, j\u00e1 diretor do grupo escolar, na casa que hoje abriga o Museu Espa\u00e7o dos Anjos. O fim n\u00e3o teve espet\u00e1culo: teve hora marcada, nomes pr\u00f3prios, testemunhas; e a certeza, que ficou para os que ficaram, de que a p\u00e1gina guardaria o que o corpo n\u00e3o p\u00f4de mais sustentar.<\/p>\n<p>Dois anos antes, em 1912, essa voz ganhou contorno inteiro em \u201cEu\u201d, publicado numa edi\u00e7\u00e3o discreta de papel \u00e1spero e circula\u00e7\u00e3o modesta. A imprensa recebeu o volume com estranheza: houve quem se desorientasse com a precis\u00e3o vocabular e com a presen\u00e7a insistente do corpo no centro da cena; houve tamb\u00e9m leituras silenciosas que reconheceram ali uma coragem rara. O livro pedia uma leitura demorada, de ouvido atento e olhos pacientes. Poemas como \u201cPsicologia de um vencido\u201d, \u201cVersos \u00edntimos\u201d, \u201cA ideia\u201d e \u201cOs doentes\u201d formam um conjunto coeso, de andamento controlado e timbre singular, em que a mat\u00e9ria \u00e9 nomeada sem v\u00e9us e a m\u00fasica nasce da pr\u00f3pria nitidez.<\/p>\n<p>Os poemas mais lembrados desenham um mapa de tens\u00e3o \u00edntima e social. Nos anos 1910, quando os jornais divulgavam voc\u00e1bulos da bacteriologia e quando inspetores sanit\u00e1rios batiam \u00e0s portas, com brigadas de desinfec\u00e7\u00e3o realizando procedimentos qu\u00edmicos em corti\u00e7os e p\u00e1tios, a presen\u00e7a do corpo nos versos n\u00e3o soava capricho, mas modo de pensar o medo. A ci\u00eancia entra como linguagem de aten\u00e7\u00e3o, n\u00e3o como promessa. O tom evita qualquer j\u00fabilo e prefere a clareza que permite compaix\u00e3o. Os termos cl\u00ednicos aparecem sem alarde, como pin\u00e7as sobre a mesa, a servi\u00e7o do andamento. O choque nasce do encontro entre o elevado e o viscoso, entre a ideia que busca altura e a lembran\u00e7a do pus; o leitor percebe, antes de entender, que a dic\u00e7\u00e3o mudou e que a sintaxe segue firme, sem adornos sup\u00e9rfluos.<\/p>\n<p>Chamaram-no poeta da morte, r\u00f3tulo que encolhe o que seus versos fazem. O interesse n\u00e3o \u00e9 o ponto final, mas o percurso, o ajuste silencioso entre a pulsa\u00e7\u00e3o e a queda, observado com o desassossego de uma \u00e9poca obcecada por higiene e temor de decad\u00eancia. Entre campanhas, receitu\u00e1rios e prele\u00e7\u00f5es de sa\u00fade p\u00fablica, a imagina\u00e7\u00e3o vigia febres e pensamentos. Em lugar de imagens piedosas, prefere temperaturas e press\u00f5es, sem crueldade, com ouvido para uma m\u00fasica que se sustenta em asson\u00e2ncias discretas e rimas de servi\u00e7o. A atmosfera por vezes ro\u00e7a o grotesco, mas o pulso permanece afinado. Aproxima-se dos simbolistas pelo gosto das sombras e se afasta dos parnasianos pelo nervo; no fim, instala uma voz pr\u00f3pria, de mesa posta, em que cada pe\u00e7a tem fun\u00e7\u00e3o e nenhuma sobra.<\/p>\n<p>Entre 1900 e 1915, a cena liter\u00e1ria brasileira se organizava em academias, suplementos e saraus que premiavam a corre\u00e7\u00e3o formal, com sonetos de vitrine e decoro parnasiano ao lado de sombras simbolistas. Augusto dos Anjos n\u00e3o afrontou esse rito com proclama\u00e7\u00f5es; deslocou a finalidade. Onde muitos celebravam a eleva\u00e7\u00e3o do voc\u00e1bulo, ele aproximou o poema do que se podia tocar e temer. Em 1912, \u201cEu\u201d circulou com recep\u00e7\u00e3o desigual em jornais da capital federal, o Rio de Janeiro, e de capitais nordestinas; a repercuss\u00e3o mais ampla chegou ap\u00f3s a morte, quando a edi\u00e7\u00e3o p\u00f3stuma ampliada \u201cEu (Poesias Completas)\u201d, organizada por \u00d3rris Soares, saiu em 1920 e encontrou leitores em n\u00famero crescente. A partir de 1922, na Semana de Arte Moderna, no Theatro Municipal de S\u00e3o Paulo, modernistas atentos \u00e0 quebra de dic\u00e7\u00e3o reconheceram a import\u00e2ncia daquele tom. Manuel Bandeira deixou registro de admira\u00e7\u00e3o, e as reimpress\u00f5es ao longo das d\u00e9cadas tornaram o livro presen\u00e7a firme em programas escolares e universit\u00e1rios, sem retirar o desconforto que sempre o acompanhou.<\/p>\n<div class=\"wp-block-image\">\n<figure class=\"alignleft size-medium\"><img loading=\"lazy\" decoding=\"async\" class=\"wp-image-111113\" src=\"https:\/\/www.revistabula.com\/wp\/wp-content\/uploads\/2025\/08\/Augusto-dos-Anjos-300x466.jpeg\" sizes=\"auto, (max-width: 300px) 100vw, 300px\" srcset=\"https:\/\/www.revistabula.com\/wp\/wp-content\/uploads\/2025\/08\/Augusto-dos-Anjos-300x466.jpeg 300w, https:\/\/www.revistabula.com\/wp\/wp-content\/uploads\/2025\/08\/Augusto-dos-Anjos-610x947.jpeg 610w, https:\/\/www.revistabula.com\/wp\/wp-content\/uploads\/2025\/08\/Augusto-dos-Anjos-100x155.jpeg 100w, https:\/\/www.revistabula.com\/wp\/wp-content\/uploads\/2025\/08\/Augusto-dos-Anjos-150x233.jpeg 150w, https:\/\/www.revistabula.com\/wp\/wp-content\/uploads\/2025\/08\/Augusto-dos-Anjos.jpeg 700w\" alt=\"Augusto dos Anjos\" width=\"300\" height=\"466\" \/><figcaption class=\"wp-element-caption\">Ele pagou para publicar e pagou caro com a vida: aos 30, o corpo cedeu; a obra, n\u00e3o; e o mito come\u00e7ou ali<\/figcaption><\/figure>\n<\/div>\n<p>A biografia breve favoreceu lendas, mas os versos apontam uma psicologia vigilante, centrada no sintoma e no corpo como protagonista. No Brasil urbano que discutia higiene, degenera\u00e7\u00e3o e melhoramentos, entre obras de saneamento, demoli\u00e7\u00f5es de corti\u00e7os, abertura de avenidas e ilumina\u00e7\u00e3o el\u00e9trica, a imagina\u00e7\u00e3o do poeta respondia com nomea\u00e7\u00f5es exatas, como se a linguagem pudesse manter a cabe\u00e7a erguida perante a deteriora\u00e7\u00e3o. A inf\u00e2ncia em engenhos, a juventude no Recife e a passagem por reparti\u00e7\u00f5es p\u00fablicas ofereceram observa\u00e7\u00e3o do cotidiano e proximidade com discursos de ci\u00eancia popular que circulavam em almanaques e manuais. N\u00e3o h\u00e1 gesto melodram\u00e1tico; h\u00e1 um ouvido treinado para registrar a inquieta\u00e7\u00e3o de uma \u00e9poca e, no fim, a sensa\u00e7\u00e3o de que a palavra \u00e9 um lugar respir\u00e1vel quando tudo ao redor adoece.<\/p>\n<p>De tempos em tempos, ele reaparece onde ningu\u00e9m planeja. Em audit\u00f3rios de escolas p\u00fablicas e em salas pequenas de teatros universit\u00e1rios, em r\u00e1dios educativas desde os anos 1930, em clubes de poesia que proliferaram nos anos 1950, em grupos estudantis nos anos 1970, em saraus de bairro e slams que, a partir dos anos 2000, misturam microfone aberto e caderno gasto. Em leituras p\u00fablicas, quando adolescentes pronunciam com voz tr\u00eamula \u201cPsicologia de um vencido\u201d ou a sombra de \u201cVersos \u00edntimos\u201d, professores registram uma pausa real na sala. Cr\u00edticos observam um vocabul\u00e1rio que escolhe a coisa pelo nome; pesquisadores lembram que a nomea\u00e7\u00e3o do indiz\u00edvel devolve ao poema o peso de conhecimento. Artistas contam que, com essa coragem de nomear, o que parecia impronunci\u00e1vel passou a existir em cena.<\/p>\n<p>Nada disso o transformou em mascote de \u00e9poca. O livro manteve a escala contida, enquanto o s\u00e9culo 20 atravessou guerras, industrializa\u00e7\u00e3o e \u00eaxodos internos que alteraram o p\u00fablico leitor. Reedi\u00e7\u00f5es sucessivas ao longo do s\u00e9culo, antologias escolares de circula\u00e7\u00e3o nacional e pref\u00e1cios de gera\u00e7\u00f5es distintas sustentaram a presen\u00e7a sem neutralizar o desconforto original. Em cadernos dominicais da grande imprensa e em cat\u00e1logos de bibliotecas p\u00fablicas, a leitura foi se consolidando por insist\u00eancia, n\u00e3o por unanimidade. Toda tentativa de classific\u00e1-lo em gavetas prontas perde for\u00e7a no contato direto com a p\u00e1gina.<\/p>\n<p>H\u00e1 ainda a li\u00e7\u00e3o da recusa do sentimentalismo. Em anos de tribunas c\u00edvicas, de oradores que exaltavam p\u00e1tria e higiene moral sob a ret\u00f3rica da Primeira Rep\u00fablica e sob a pedagogia do Estado Novo, ele preferiu dizer a experi\u00eancia concreta, mesmo quando a mat\u00e9ria do dizer era o que todos evitavam. Em vez de ado\u00e7ar a palavra, procurou limp\u00e1-la; em vez de empilhar adjetivos, buscou a medida justa. Esse rigor, tantas vezes confundido com frieza, abre espa\u00e7o para uma forma de piedade que olha o sofrimento em suas condi\u00e7\u00f5es materiais e o reconhece sem atenuantes. O poema se torna um lugar de observa\u00e7\u00e3o e de luto, de pensamento e de temperatura humana.<\/p>\n<p>\u00c9 por isso que Augusto dos Anjos permanece. N\u00e3o oferece a distra\u00e7\u00e3o do belo obediente; devolve ao leitor a responsabilidade de sustentar o olhar. O s\u00e9culo celebrou marcos que renovaram a escuta: o centen\u00e1rio de nascimento em 1984, os 100 anos de \u201cEu\u201d em 2012, o centen\u00e1rio de morte em 2014, com leituras, mesas e edi\u00e7\u00f5es que convocaram novas gera\u00e7\u00f5es. O apelido que o cerca simplifica uma inquieta\u00e7\u00e3o maior do que um tema; n\u00e3o se trata de cantar a morte, e sim de mostrar o trabalho do morrer como parte do mundo, sem verniz. A palavra, no extremo, \u00e9 o que resta; e, no caso dele, esse resto \u00e9 tudo. Enquanto o engenho abana janelas antigas, a luz treme e o papel parece respirar; a m\u00fasica continua, paciente, como se algu\u00e9m no c\u00f4modo ao lado afinasse instrumentos para a leitura que chega tarde e, ainda assim, encontra lugar.<\/p>\n<p>Chega a hora em que a leitura se fecha e a sala fica suspensa, como se respirasse baixo para n\u00e3o assustar nada. O que estava no papel n\u00e3o se recolhe: fica de vigia, com a paci\u00eancia de quem conhece o peso do corpo e, ainda assim, chama pelo que resiste. \u201cEu\u201d n\u00e3o pede rever\u00eancias; pede a coragem de nomear o que apodrece sem perfume, de sustentar a ideia diante da carne, sem atalho. N\u00e3o \u00e9 consolo; \u00e9 claridade. E essa claridade corta. O leitor sai com as m\u00e3os um pouco frias e, ao mesmo tempo, menos sozinho, porque percebe que algu\u00e9m andou antes por esses corredores, com a l\u00e2mpada tr\u00eamula e os pulm\u00f5es cansados, e mesmo assim deixou um rastro compassado para que os passos n\u00e3o se perdessem. Na p\u00e1gina, a aten\u00e7\u00e3o do poeta trata o sofrimento como mat\u00e9ria a ser reconhecida e n\u00e3o escondida; e, quando a senten\u00e7a termina, o sil\u00eancio que fica tem rosto. Se perguntarem o que ele \u00e9 para n\u00f3s, a resposta n\u00e3o cabe inteira numa defini\u00e7\u00e3o: \u00e9 a prova de que a l\u00edngua suporta a verdade do corpo e que, diante do fim que nos ronda, ainda \u00e9 poss\u00edvel dizer com precis\u00e3o e com ternura. O livro se fecha, mas n\u00e3o acaba. A linguagem fica ali, de p\u00e9, guardando o que nos resta. E \u00e9 por isso que d\u00f3i. E \u00e9 por isso que consola.<\/p>\n<\/div>\n<p><span class=\"html-span xexx8yu xyri2b x18d9i69 x1c1uobl x1hl2dhg x16tdsg8 x1vvkbs x3nfvp2 x1j61x8r x1fcty0u xdj266r xat24cr xm2jcoa x1mpyi22 xxymvpz xlup9mm x1kky2od\"><img loading=\"lazy\" decoding=\"async\" class=\"xz74otr x15mokao x1ga7v0g x16uus16 xbiv7yw\" src=\"https:\/\/static.xx.fbcdn.net\/images\/emoji.php\/v9\/tb3\/1\/16\/1f517.png\" alt=\"\ud83d\udd17\" width=\"16\" height=\"16\" \/><\/span> Leia o texto completo no site da REVISTA BULA CNTE\u00daDO<\/p>\n","protected":false},"excerpt":{"rendered":"<p>Choveu ou pareceu chover. O ar, na lembran\u00e7a, pesa como pano molhado; os livros sobre a mesa exalam um p\u00f3 que assenta. Em volta, bichos noturnos riscam o escuro; uma l\u00e2mpada vacila; h\u00e1 rumor de trabalho minucioso. Em 1884, em Sap\u00e9, Para\u00edba, entre canaviais e corredores de engenho, nasce Augusto dos Anjos, que aprende cedo [&hellip;]<\/p>\n","protected":false},"author":1,"featured_media":1547,"comment_status":"open","ping_status":"open","sticky":false,"template":"","format":"standard","meta":{"footnotes":"","jetpack_publicize_message":"","jetpack_publicize_feature_enabled":true,"jetpack_social_post_already_shared":true,"jetpack_social_options":{"image_generator_settings":{"template":"highway","default_image_id":0,"font":"","enabled":false},"version":2}},"categories":[1,35,46],"tags":[],"class_list":["post-1546","post","type-post","status-publish","format-standard","has-post-thumbnail","hentry","category-https-gazetapernambucana-com-page_id225","category-https-gazetapernambucana-com-page_id218","category-literatura"],"yoast_head":"<!-- This site is optimized with the Yoast SEO plugin v24.5 - https:\/\/yoast.com\/wordpress\/plugins\/seo\/ -->\n<title>Pagou para publicar o \u00fanico livro. Viveu na pobreza. Morreu aos 30. E virou lenda inc\u00f4moda da poesia -<\/title>\n<meta name=\"robots\" content=\"index, follow, max-snippet:-1, max-image-preview:large, max-video-preview:-1\" \/>\n<link rel=\"canonical\" href=\"https:\/\/gazetapernambucana.com\/?p=1546\" \/>\n<meta property=\"og:locale\" content=\"pt_BR\" \/>\n<meta property=\"og:type\" content=\"article\" \/>\n<meta property=\"og:title\" content=\"Pagou para publicar o \u00fanico livro. Viveu na pobreza. Morreu aos 30. E virou lenda inc\u00f4moda da poesia -\" \/>\n<meta property=\"og:description\" content=\"Choveu ou pareceu chover. O ar, na lembran\u00e7a, pesa como pano molhado; os livros sobre a mesa exalam um p\u00f3 que assenta. Em volta, bichos noturnos riscam o escuro; uma l\u00e2mpada vacila; h\u00e1 rumor de trabalho minucioso. Em 1884, em Sap\u00e9, Para\u00edba, entre canaviais e corredores de engenho, nasce Augusto dos Anjos, que aprende cedo [&hellip;]\" \/>\n<meta property=\"og:url\" content=\"https:\/\/gazetapernambucana.com\/?p=1546\" \/>\n<meta property=\"article:published_time\" content=\"2025-08-22T23:34:27+00:00\" \/>\n<meta property=\"og:image\" content=\"https:\/\/gazetapernambucana.com\/wp-content\/uploads\/2025\/08\/download-51.jpeg\" \/>\n\t<meta property=\"og:image:width\" content=\"512\" \/>\n\t<meta property=\"og:image:height\" content=\"519\" \/>\n\t<meta property=\"og:image:type\" content=\"image\/jpeg\" \/>\n<meta name=\"author\" content=\"GP\" \/>\n<meta name=\"twitter:card\" content=\"summary_large_image\" \/>\n<meta name=\"twitter:label1\" content=\"Escrito por\" \/>\n\t<meta name=\"twitter:data1\" content=\"GP\" \/>\n\t<meta name=\"twitter:label2\" content=\"Est. tempo de leitura\" \/>\n\t<meta name=\"twitter:data2\" content=\"12 minutos\" \/>\n<script type=\"application\/ld+json\" class=\"yoast-schema-graph\">{\"@context\":\"https:\/\/schema.org\",\"@graph\":[{\"@type\":\"WebPage\",\"@id\":\"https:\/\/gazetapernambucana.com\/?p=1546\",\"url\":\"https:\/\/gazetapernambucana.com\/?p=1546\",\"name\":\"Pagou para publicar o \u00fanico livro. Viveu na pobreza. Morreu aos 30. E virou lenda inc\u00f4moda da poesia -\",\"isPartOf\":{\"@id\":\"https:\/\/gazetapernambucana.com\/#website\"},\"primaryImageOfPage\":{\"@id\":\"https:\/\/gazetapernambucana.com\/?p=1546#primaryimage\"},\"image\":{\"@id\":\"https:\/\/gazetapernambucana.com\/?p=1546#primaryimage\"},\"thumbnailUrl\":\"https:\/\/gazetapernambucana.com\/wp-content\/uploads\/2025\/08\/download-51.jpeg\",\"datePublished\":\"2025-08-22T23:34:27+00:00\",\"author\":{\"@id\":\"https:\/\/gazetapernambucana.com\/#\/schema\/person\/188dc283325181ac2de4db1e9e987427\"},\"breadcrumb\":{\"@id\":\"https:\/\/gazetapernambucana.com\/?p=1546#breadcrumb\"},\"inLanguage\":\"pt-BR\",\"potentialAction\":[{\"@type\":\"ReadAction\",\"target\":[\"https:\/\/gazetapernambucana.com\/?p=1546\"]}]},{\"@type\":\"ImageObject\",\"inLanguage\":\"pt-BR\",\"@id\":\"https:\/\/gazetapernambucana.com\/?p=1546#primaryimage\",\"url\":\"https:\/\/gazetapernambucana.com\/wp-content\/uploads\/2025\/08\/download-51.jpeg\",\"contentUrl\":\"https:\/\/gazetapernambucana.com\/wp-content\/uploads\/2025\/08\/download-51.jpeg\",\"width\":512,\"height\":519},{\"@type\":\"BreadcrumbList\",\"@id\":\"https:\/\/gazetapernambucana.com\/?p=1546#breadcrumb\",\"itemListElement\":[{\"@type\":\"ListItem\",\"position\":1,\"name\":\"In\u00edcio\",\"item\":\"https:\/\/gazetapernambucana.com\/\"},{\"@type\":\"ListItem\",\"position\":2,\"name\":\"Pagou para publicar o \u00fanico livro. Viveu na pobreza. Morreu aos 30. E virou lenda inc\u00f4moda da poesia\"}]},{\"@type\":\"WebSite\",\"@id\":\"https:\/\/gazetapernambucana.com\/#website\",\"url\":\"https:\/\/gazetapernambucana.com\/\",\"name\":\"\",\"description\":\"\",\"potentialAction\":[{\"@type\":\"SearchAction\",\"target\":{\"@type\":\"EntryPoint\",\"urlTemplate\":\"https:\/\/gazetapernambucana.com\/?s={search_term_string}\"},\"query-input\":{\"@type\":\"PropertyValueSpecification\",\"valueRequired\":true,\"valueName\":\"search_term_string\"}}],\"inLanguage\":\"pt-BR\"},{\"@type\":\"Person\",\"@id\":\"https:\/\/gazetapernambucana.com\/#\/schema\/person\/188dc283325181ac2de4db1e9e987427\",\"name\":\"GP\",\"image\":{\"@type\":\"ImageObject\",\"inLanguage\":\"pt-BR\",\"@id\":\"https:\/\/gazetapernambucana.com\/#\/schema\/person\/image\/\",\"url\":\"https:\/\/secure.gravatar.com\/avatar\/9dad78ff9a2d8b5742d11779f8a3f53b052320c550b2e1907882353c067bb111?s=96&d=mm&r=g\",\"contentUrl\":\"https:\/\/secure.gravatar.com\/avatar\/9dad78ff9a2d8b5742d11779f8a3f53b052320c550b2e1907882353c067bb111?s=96&d=mm&r=g\",\"caption\":\"GP\"},\"sameAs\":[\"http:\/\/gazetapernambucana.com\"],\"url\":\"https:\/\/gazetapernambucana.com\/?author=1\"}]}<\/script>\n<!-- \/ Yoast SEO plugin. -->","yoast_head_json":{"title":"Pagou para publicar o \u00fanico livro. Viveu na pobreza. Morreu aos 30. E virou lenda inc\u00f4moda da poesia -","robots":{"index":"index","follow":"follow","max-snippet":"max-snippet:-1","max-image-preview":"max-image-preview:large","max-video-preview":"max-video-preview:-1"},"canonical":"https:\/\/gazetapernambucana.com\/?p=1546","og_locale":"pt_BR","og_type":"article","og_title":"Pagou para publicar o \u00fanico livro. Viveu na pobreza. Morreu aos 30. E virou lenda inc\u00f4moda da poesia -","og_description":"Choveu ou pareceu chover. O ar, na lembran\u00e7a, pesa como pano molhado; os livros sobre a mesa exalam um p\u00f3 que assenta. Em volta, bichos noturnos riscam o escuro; uma l\u00e2mpada vacila; h\u00e1 rumor de trabalho minucioso. Em 1884, em Sap\u00e9, Para\u00edba, entre canaviais e corredores de engenho, nasce Augusto dos Anjos, que aprende cedo [&hellip;]","og_url":"https:\/\/gazetapernambucana.com\/?p=1546","article_published_time":"2025-08-22T23:34:27+00:00","og_image":[{"width":512,"height":519,"url":"https:\/\/gazetapernambucana.com\/wp-content\/uploads\/2025\/08\/download-51.jpeg","type":"image\/jpeg"}],"author":"GP","twitter_card":"summary_large_image","twitter_misc":{"Escrito por":"GP","Est. tempo de leitura":"12 minutos"},"schema":{"@context":"https:\/\/schema.org","@graph":[{"@type":"WebPage","@id":"https:\/\/gazetapernambucana.com\/?p=1546","url":"https:\/\/gazetapernambucana.com\/?p=1546","name":"Pagou para publicar o \u00fanico livro. Viveu na pobreza. Morreu aos 30. E virou lenda inc\u00f4moda da poesia -","isPartOf":{"@id":"https:\/\/gazetapernambucana.com\/#website"},"primaryImageOfPage":{"@id":"https:\/\/gazetapernambucana.com\/?p=1546#primaryimage"},"image":{"@id":"https:\/\/gazetapernambucana.com\/?p=1546#primaryimage"},"thumbnailUrl":"https:\/\/gazetapernambucana.com\/wp-content\/uploads\/2025\/08\/download-51.jpeg","datePublished":"2025-08-22T23:34:27+00:00","author":{"@id":"https:\/\/gazetapernambucana.com\/#\/schema\/person\/188dc283325181ac2de4db1e9e987427"},"breadcrumb":{"@id":"https:\/\/gazetapernambucana.com\/?p=1546#breadcrumb"},"inLanguage":"pt-BR","potentialAction":[{"@type":"ReadAction","target":["https:\/\/gazetapernambucana.com\/?p=1546"]}]},{"@type":"ImageObject","inLanguage":"pt-BR","@id":"https:\/\/gazetapernambucana.com\/?p=1546#primaryimage","url":"https:\/\/gazetapernambucana.com\/wp-content\/uploads\/2025\/08\/download-51.jpeg","contentUrl":"https:\/\/gazetapernambucana.com\/wp-content\/uploads\/2025\/08\/download-51.jpeg","width":512,"height":519},{"@type":"BreadcrumbList","@id":"https:\/\/gazetapernambucana.com\/?p=1546#breadcrumb","itemListElement":[{"@type":"ListItem","position":1,"name":"In\u00edcio","item":"https:\/\/gazetapernambucana.com\/"},{"@type":"ListItem","position":2,"name":"Pagou para publicar o \u00fanico livro. Viveu na pobreza. Morreu aos 30. E virou lenda inc\u00f4moda da poesia"}]},{"@type":"WebSite","@id":"https:\/\/gazetapernambucana.com\/#website","url":"https:\/\/gazetapernambucana.com\/","name":"","description":"","potentialAction":[{"@type":"SearchAction","target":{"@type":"EntryPoint","urlTemplate":"https:\/\/gazetapernambucana.com\/?s={search_term_string}"},"query-input":{"@type":"PropertyValueSpecification","valueRequired":true,"valueName":"search_term_string"}}],"inLanguage":"pt-BR"},{"@type":"Person","@id":"https:\/\/gazetapernambucana.com\/#\/schema\/person\/188dc283325181ac2de4db1e9e987427","name":"GP","image":{"@type":"ImageObject","inLanguage":"pt-BR","@id":"https:\/\/gazetapernambucana.com\/#\/schema\/person\/image\/","url":"https:\/\/secure.gravatar.com\/avatar\/9dad78ff9a2d8b5742d11779f8a3f53b052320c550b2e1907882353c067bb111?s=96&d=mm&r=g","contentUrl":"https:\/\/secure.gravatar.com\/avatar\/9dad78ff9a2d8b5742d11779f8a3f53b052320c550b2e1907882353c067bb111?s=96&d=mm&r=g","caption":"GP"},"sameAs":["http:\/\/gazetapernambucana.com"],"url":"https:\/\/gazetapernambucana.com\/?author=1"}]}},"jetpack_publicize_connections":[],"_links":{"self":[{"href":"https:\/\/gazetapernambucana.com\/index.php?rest_route=\/wp\/v2\/posts\/1546","targetHints":{"allow":["GET"]}}],"collection":[{"href":"https:\/\/gazetapernambucana.com\/index.php?rest_route=\/wp\/v2\/posts"}],"about":[{"href":"https:\/\/gazetapernambucana.com\/index.php?rest_route=\/wp\/v2\/types\/post"}],"author":[{"embeddable":true,"href":"https:\/\/gazetapernambucana.com\/index.php?rest_route=\/wp\/v2\/users\/1"}],"replies":[{"embeddable":true,"href":"https:\/\/gazetapernambucana.com\/index.php?rest_route=%2Fwp%2Fv2%2Fcomments&post=1546"}],"version-history":[{"count":1,"href":"https:\/\/gazetapernambucana.com\/index.php?rest_route=\/wp\/v2\/posts\/1546\/revisions"}],"predecessor-version":[{"id":1548,"href":"https:\/\/gazetapernambucana.com\/index.php?rest_route=\/wp\/v2\/posts\/1546\/revisions\/1548"}],"wp:featuredmedia":[{"embeddable":true,"href":"https:\/\/gazetapernambucana.com\/index.php?rest_route=\/wp\/v2\/media\/1547"}],"wp:attachment":[{"href":"https:\/\/gazetapernambucana.com\/index.php?rest_route=%2Fwp%2Fv2%2Fmedia&parent=1546"}],"wp:term":[{"taxonomy":"category","embeddable":true,"href":"https:\/\/gazetapernambucana.com\/index.php?rest_route=%2Fwp%2Fv2%2Fcategories&post=1546"},{"taxonomy":"post_tag","embeddable":true,"href":"https:\/\/gazetapernambucana.com\/index.php?rest_route=%2Fwp%2Fv2%2Ftags&post=1546"}],"curies":[{"name":"wp","href":"https:\/\/api.w.org\/{rel}","templated":true}]}}