{"id":1534,"date":"2025-08-21T17:00:10","date_gmt":"2025-08-21T20:00:10","guid":{"rendered":"https:\/\/gazetapernambucana.com\/?p=1534"},"modified":"2025-08-21T17:00:10","modified_gmt":"2025-08-21T20:00:10","slug":"margarida-cantarelli-a-forca-luminosa-da-justica-da-cultura-e-do-exemplo-por-flavio-chaves","status":"publish","type":"post","link":"https:\/\/gazetapernambucana.com\/?p=1534","title":{"rendered":"Margarida Cantarelli: a for\u00e7a luminosa da justi\u00e7a, da cultura e do exemplo. Por Fl\u00e1vio Chaves"},"content":{"rendered":"<p data-start=\"195\" data-end=\"702\"><img loading=\"lazy\" decoding=\"async\" class=\"alignnone size-medium wp-image-174496\" src=\"https:\/\/flaviochaves.com.br\/wp-content\/uploads\/2025\/08\/Margarida-Cantarelli_Foto-Keila-Castro-300x234.jpg\" sizes=\"auto, (max-width: 300px) 100vw, 300px\" srcset=\"https:\/\/flaviochaves.com.br\/wp-content\/uploads\/2025\/08\/Margarida-Cantarelli_Foto-Keila-Castro-300x234.jpg 300w, https:\/\/flaviochaves.com.br\/wp-content\/uploads\/2025\/08\/Margarida-Cantarelli_Foto-Keila-Castro-650x506.jpg 650w, https:\/\/flaviochaves.com.br\/wp-content\/uploads\/2025\/08\/Margarida-Cantarelli_Foto-Keila-Castro.jpg 670w\" alt=\"\" width=\"300\" height=\"234\" \/>\u00a0\u00a0<strong data-start=\"149\" data-end=\"168\">Por Fl\u00e1vio Chaves \u2013 Jornalista, poeta, escritor e membro da Academia Pernambucana de Letras. Foi Delegado Federal\/Minc\u00a0 \u2013<\/strong>\u00a0\u00a0H\u00e1 nomes que n\u00e3o apenas atravessam o tempo, mas o transformam. A trajet\u00f3ria da jurista Margarida Cantarelli \u00e9 uma dessas hist\u00f3rias que se imp\u00f5em pela altivez, pela intelig\u00eancia rarefeita e por um compromisso inabal\u00e1vel com os valores mais nobres do Direito e da vida p\u00fablica. Sua presen\u00e7a, nesta quinta-feira \u00e0 noite, na Aula Magna do curso de Direito do Centro Universit\u00e1rio Frassinetti do Recife, sela um encontro entre gera\u00e7\u00f5es: a sabedoria de quem construiu caminhos e a esperan\u00e7a de quem neles seguir\u00e1.<\/p>\n<p data-start=\"704\" data-end=\"1099\">O evento, realizado no audit\u00f3rio da institui\u00e7\u00e3o, marca o lan\u00e7amento do livro \u201cA Justi\u00e7a em Feminino: Ensaios Jur\u00eddicos em Homenagem a Margarida Cantarelli\u201d, obra que re\u00fane textos de professores, estudantes e juristas e que celebra, n\u00e3o apenas uma biografia admir\u00e1vel, mas um ide\u00e1rio que desafia o tempo: o da justi\u00e7a com alma, da igualdade com coragem e da cultura como fundamento civilizat\u00f3rio.<\/p>\n<p data-start=\"1101\" data-end=\"1684\">Margarida Cantarelli \u00e9 um nome que honra Pernambuco e o Brasil. Natural do Recife, graduou-se em Direito pela UFPE em 1966, onde tamb\u00e9m concluiu seu mestrado e doutorado. Com passagens acad\u00eamicas pela Holanda, M\u00e9xico e Espanha, constr\u00f3i uma forma\u00e7\u00e3o que ultrapassa fronteiras. Sua carreira \u00e9 um percurso de pioneirismos: foi a primeira mulher a ocupar a vice-presid\u00eancia da OAB-PE e tamb\u00e9m a primeira a chefiar a Casa Civil da Prefeitura do Recife. Em 1999, torna-se a \u00fanica mulher desembargadora do Tribunal Regional Federal da 5\u00aa Regi\u00e3o, onde chega \u00e0 presid\u00eancia entre 2003 e 2005.<\/p>\n<p data-start=\"1686\" data-end=\"2073\">Na magistratura, sua atua\u00e7\u00e3o combina firmeza t\u00e9cnica e sensibilidade humana. Na academia, forma gera\u00e7\u00f5es com a mesma paix\u00e3o pelo saber que leva \u00e0 sala de aula. E na cultura, ergue-se como guardi\u00e3 e protagonista: \u00e9 presidenta da Academia Pernambucana de Letras e do Instituto Arqueol\u00f3gico, Hist\u00f3rico e Geogr\u00e1fico Pernambucano, institui\u00e7\u00f5es que, sob sua lideran\u00e7a, vivem um novo florescer.<\/p>\n<p data-start=\"2075\" data-end=\"2464\">Ao longo da vida, recebe condecora\u00e7\u00f5es que atestam sua grandeza. A lista impressiona: Ordem do M\u00e9rito Militar, Ordem do M\u00e9rito Aeron\u00e1utico, Ordem do Rio Branco, Ordem do M\u00e9rito Guararapes, Ordem do M\u00e9rito Judici\u00e1rio do Trabalho, Medalha Frei Caneca, Medalha Santos Dumont, entre outras tantas. Cada honraria reflete um legado que ultrapassa cargos, alcan\u00e7a consci\u00eancias e inspira o futuro.<\/p>\n<p data-start=\"2466\" data-end=\"2869\">Na solenidade desta noite, vozes como a da presidente da OAB-PE, Ingrid Zanella, e da vice-presidente do TRF5, Joana Carolina Lins Pereira, se unem para exaltar a homenageada como exemplo de intelig\u00eancia, cultura, pioneirismo e afetuosidade. A reitora da institui\u00e7\u00e3o, irm\u00e3 Maria das Gra\u00e7as Soares, destaca o simbolismo do tributo como um gesto de afirma\u00e7\u00e3o \u00e9tica e de compromisso com a dignidade humana.<\/p>\n<p data-start=\"2871\" data-end=\"3347\">Mais do que uma justa homenagem, o lan\u00e7amento da obra representa um gesto de gratid\u00e3o da sociedade acad\u00eamica e jur\u00eddica \u00e0quela que nunca se furta a servir, inovar e iluminar os caminhos do Direito. Margarida Cantarelli n\u00e3o \u00e9 apenas uma jurista not\u00e1vel. \u00c9 uma consci\u00eancia viva. Um elo entre o rigor da lei e a delicadeza do esp\u00edrito. Uma mulher que, ao ser celebrada, ensina que justi\u00e7a, cultura e coragem s\u00e3o, acima de tudo, escolhas di\u00e1rias de quem acredita num mundo melhor.<\/p>\n<p data-start=\"3349\" data-end=\"3629\" data-is-last-node=\"\" data-is-only-node=\"\">E ao celebrarmos sua vida, celebramos tamb\u00e9m o poder transformador da voca\u00e7\u00e3o e da integridade. Que sua hist\u00f3ria siga sendo farol para as novas gera\u00e7\u00f5es e que o brilho de sua trajet\u00f3ria continue a inspirar, com eleg\u00e2ncia e for\u00e7a, os que ainda t\u00eam muito a aprender com seu exemplo.<\/p>\n<h2>Acontece:<\/h2>\n<ul>\n<li><strong>Dia:<\/strong>\u00a021 de agosto (quinta)<\/li>\n<li><strong>Hor\u00e1rio:<\/strong>\u00a019h<\/li>\n<li><strong>Local:<\/strong>\u00a0Audit\u00f3rio \u2013 5\u00ba andar do Centro Universit\u00e1rio Frassinetti do Recife (UniFAFIRE)<\/li>\n<li><strong>Valor do livro:<\/strong>\u00a0R$ 60,00<\/li>\n<\/ul>\n","protected":false},"excerpt":{"rendered":"<p>\u00a0\u00a0Por Fl\u00e1vio Chaves \u2013 Jornalista, poeta, escritor e membro da Academia Pernambucana de Letras. Foi Delegado Federal\/Minc\u00a0 \u2013\u00a0\u00a0H\u00e1 nomes que n\u00e3o apenas atravessam o tempo, mas o transformam. A trajet\u00f3ria da jurista Margarida Cantarelli \u00e9 uma dessas hist\u00f3rias que se imp\u00f5em pela altivez, pela intelig\u00eancia rarefeita e por um compromisso inabal\u00e1vel com os valores mais [&hellip;]<\/p>\n","protected":false},"author":1,"featured_media":1535,"comment_status":"open","ping_status":"open","sticky":false,"template":"","format":"standard","meta":{"footnotes":"","jetpack_publicize_message":"","jetpack_publicize_feature_enabled":true,"jetpack_social_post_already_shared":true,"jetpack_social_options":{"image_generator_settings":{"template":"highway","default_image_id":0,"font":"","enabled":false},"version":2}},"categories":[37,1,35,46],"tags":[],"class_list":["post-1534","post","type-post","status-publish","format-standard","has-post-thumbnail","hentry","category-https-gazetapernambucana-com-page_id212","category-https-gazetapernambucana-com-page_id225","category-https-gazetapernambucana-com-page_id218","category-literatura"],"yoast_head":"<!-- This site is optimized with the Yoast SEO plugin v24.5 - https:\/\/yoast.com\/wordpress\/plugins\/seo\/ -->\n<title>Margarida Cantarelli: a for\u00e7a luminosa da justi\u00e7a, da cultura e do exemplo. Por Fl\u00e1vio Chaves -<\/title>\n<meta name=\"robots\" content=\"index, follow, max-snippet:-1, max-image-preview:large, max-video-preview:-1\" \/>\n<link rel=\"canonical\" href=\"https:\/\/gazetapernambucana.com\/?p=1534\" \/>\n<meta property=\"og:locale\" content=\"pt_BR\" \/>\n<meta property=\"og:type\" content=\"article\" \/>\n<meta property=\"og:title\" content=\"Margarida Cantarelli: a for\u00e7a luminosa da justi\u00e7a, da cultura e do exemplo. Por Fl\u00e1vio Chaves -\" \/>\n<meta property=\"og:description\" content=\"\u00a0\u00a0Por Fl\u00e1vio Chaves \u2013 Jornalista, poeta, escritor e membro da Academia Pernambucana de Letras. Foi Delegado Federal\/Minc\u00a0 \u2013\u00a0\u00a0H\u00e1 nomes que n\u00e3o apenas atravessam o tempo, mas o transformam. A trajet\u00f3ria da jurista Margarida Cantarelli \u00e9 uma dessas hist\u00f3rias que se imp\u00f5em pela altivez, pela intelig\u00eancia rarefeita e por um compromisso inabal\u00e1vel com os valores mais [&hellip;]\" \/>\n<meta property=\"og:url\" content=\"https:\/\/gazetapernambucana.com\/?p=1534\" \/>\n<meta property=\"article:published_time\" content=\"2025-08-21T20:00:10+00:00\" \/>\n<meta property=\"og:image\" content=\"https:\/\/gazetapernambucana.com\/wp-content\/uploads\/2025\/08\/Margarida-Cantarelli_Foto-Keila-Castro.jpg\" \/>\n\t<meta property=\"og:image:width\" content=\"670\" \/>\n\t<meta property=\"og:image:height\" content=\"522\" \/>\n\t<meta property=\"og:image:type\" content=\"image\/jpeg\" \/>\n<meta name=\"author\" content=\"GP\" \/>\n<meta name=\"twitter:card\" content=\"summary_large_image\" \/>\n<meta name=\"twitter:label1\" content=\"Escrito por\" \/>\n\t<meta name=\"twitter:data1\" content=\"GP\" \/>\n\t<meta name=\"twitter:label2\" content=\"Est. tempo de leitura\" \/>\n\t<meta name=\"twitter:data2\" content=\"4 minutos\" \/>\n<script type=\"application\/ld+json\" class=\"yoast-schema-graph\">{\"@context\":\"https:\/\/schema.org\",\"@graph\":[{\"@type\":\"WebPage\",\"@id\":\"https:\/\/gazetapernambucana.com\/?p=1534\",\"url\":\"https:\/\/gazetapernambucana.com\/?p=1534\",\"name\":\"Margarida Cantarelli: a for\u00e7a luminosa da justi\u00e7a, da cultura e do exemplo. Por Fl\u00e1vio Chaves -\",\"isPartOf\":{\"@id\":\"https:\/\/gazetapernambucana.com\/#website\"},\"primaryImageOfPage\":{\"@id\":\"https:\/\/gazetapernambucana.com\/?p=1534#primaryimage\"},\"image\":{\"@id\":\"https:\/\/gazetapernambucana.com\/?p=1534#primaryimage\"},\"thumbnailUrl\":\"https:\/\/gazetapernambucana.com\/wp-content\/uploads\/2025\/08\/Margarida-Cantarelli_Foto-Keila-Castro.jpg\",\"datePublished\":\"2025-08-21T20:00:10+00:00\",\"author\":{\"@id\":\"https:\/\/gazetapernambucana.com\/#\/schema\/person\/188dc283325181ac2de4db1e9e987427\"},\"breadcrumb\":{\"@id\":\"https:\/\/gazetapernambucana.com\/?p=1534#breadcrumb\"},\"inLanguage\":\"pt-BR\",\"potentialAction\":[{\"@type\":\"ReadAction\",\"target\":[\"https:\/\/gazetapernambucana.com\/?p=1534\"]}]},{\"@type\":\"ImageObject\",\"inLanguage\":\"pt-BR\",\"@id\":\"https:\/\/gazetapernambucana.com\/?p=1534#primaryimage\",\"url\":\"https:\/\/gazetapernambucana.com\/wp-content\/uploads\/2025\/08\/Margarida-Cantarelli_Foto-Keila-Castro.jpg\",\"contentUrl\":\"https:\/\/gazetapernambucana.com\/wp-content\/uploads\/2025\/08\/Margarida-Cantarelli_Foto-Keila-Castro.jpg\",\"width\":670,\"height\":522},{\"@type\":\"BreadcrumbList\",\"@id\":\"https:\/\/gazetapernambucana.com\/?p=1534#breadcrumb\",\"itemListElement\":[{\"@type\":\"ListItem\",\"position\":1,\"name\":\"In\u00edcio\",\"item\":\"https:\/\/gazetapernambucana.com\/\"},{\"@type\":\"ListItem\",\"position\":2,\"name\":\"Margarida Cantarelli: a for\u00e7a luminosa da justi\u00e7a, da cultura e do exemplo. Por Fl\u00e1vio Chaves\"}]},{\"@type\":\"WebSite\",\"@id\":\"https:\/\/gazetapernambucana.com\/#website\",\"url\":\"https:\/\/gazetapernambucana.com\/\",\"name\":\"\",\"description\":\"\",\"potentialAction\":[{\"@type\":\"SearchAction\",\"target\":{\"@type\":\"EntryPoint\",\"urlTemplate\":\"https:\/\/gazetapernambucana.com\/?s={search_term_string}\"},\"query-input\":{\"@type\":\"PropertyValueSpecification\",\"valueRequired\":true,\"valueName\":\"search_term_string\"}}],\"inLanguage\":\"pt-BR\"},{\"@type\":\"Person\",\"@id\":\"https:\/\/gazetapernambucana.com\/#\/schema\/person\/188dc283325181ac2de4db1e9e987427\",\"name\":\"GP\",\"image\":{\"@type\":\"ImageObject\",\"inLanguage\":\"pt-BR\",\"@id\":\"https:\/\/gazetapernambucana.com\/#\/schema\/person\/image\/\",\"url\":\"https:\/\/secure.gravatar.com\/avatar\/9dad78ff9a2d8b5742d11779f8a3f53b052320c550b2e1907882353c067bb111?s=96&d=mm&r=g\",\"contentUrl\":\"https:\/\/secure.gravatar.com\/avatar\/9dad78ff9a2d8b5742d11779f8a3f53b052320c550b2e1907882353c067bb111?s=96&d=mm&r=g\",\"caption\":\"GP\"},\"sameAs\":[\"http:\/\/gazetapernambucana.com\"],\"url\":\"https:\/\/gazetapernambucana.com\/?author=1\"}]}<\/script>\n<!-- \/ Yoast SEO plugin. -->","yoast_head_json":{"title":"Margarida Cantarelli: a for\u00e7a luminosa da justi\u00e7a, da cultura e do exemplo. Por Fl\u00e1vio Chaves -","robots":{"index":"index","follow":"follow","max-snippet":"max-snippet:-1","max-image-preview":"max-image-preview:large","max-video-preview":"max-video-preview:-1"},"canonical":"https:\/\/gazetapernambucana.com\/?p=1534","og_locale":"pt_BR","og_type":"article","og_title":"Margarida Cantarelli: a for\u00e7a luminosa da justi\u00e7a, da cultura e do exemplo. Por Fl\u00e1vio Chaves -","og_description":"\u00a0\u00a0Por Fl\u00e1vio Chaves \u2013 Jornalista, poeta, escritor e membro da Academia Pernambucana de Letras. Foi Delegado Federal\/Minc\u00a0 \u2013\u00a0\u00a0H\u00e1 nomes que n\u00e3o apenas atravessam o tempo, mas o transformam. A trajet\u00f3ria da jurista Margarida Cantarelli \u00e9 uma dessas hist\u00f3rias que se imp\u00f5em pela altivez, pela intelig\u00eancia rarefeita e por um compromisso inabal\u00e1vel com os valores mais [&hellip;]","og_url":"https:\/\/gazetapernambucana.com\/?p=1534","article_published_time":"2025-08-21T20:00:10+00:00","og_image":[{"width":670,"height":522,"url":"https:\/\/gazetapernambucana.com\/wp-content\/uploads\/2025\/08\/Margarida-Cantarelli_Foto-Keila-Castro.jpg","type":"image\/jpeg"}],"author":"GP","twitter_card":"summary_large_image","twitter_misc":{"Escrito por":"GP","Est. tempo de leitura":"4 minutos"},"schema":{"@context":"https:\/\/schema.org","@graph":[{"@type":"WebPage","@id":"https:\/\/gazetapernambucana.com\/?p=1534","url":"https:\/\/gazetapernambucana.com\/?p=1534","name":"Margarida Cantarelli: a for\u00e7a luminosa da justi\u00e7a, da cultura e do exemplo. Por Fl\u00e1vio Chaves -","isPartOf":{"@id":"https:\/\/gazetapernambucana.com\/#website"},"primaryImageOfPage":{"@id":"https:\/\/gazetapernambucana.com\/?p=1534#primaryimage"},"image":{"@id":"https:\/\/gazetapernambucana.com\/?p=1534#primaryimage"},"thumbnailUrl":"https:\/\/gazetapernambucana.com\/wp-content\/uploads\/2025\/08\/Margarida-Cantarelli_Foto-Keila-Castro.jpg","datePublished":"2025-08-21T20:00:10+00:00","author":{"@id":"https:\/\/gazetapernambucana.com\/#\/schema\/person\/188dc283325181ac2de4db1e9e987427"},"breadcrumb":{"@id":"https:\/\/gazetapernambucana.com\/?p=1534#breadcrumb"},"inLanguage":"pt-BR","potentialAction":[{"@type":"ReadAction","target":["https:\/\/gazetapernambucana.com\/?p=1534"]}]},{"@type":"ImageObject","inLanguage":"pt-BR","@id":"https:\/\/gazetapernambucana.com\/?p=1534#primaryimage","url":"https:\/\/gazetapernambucana.com\/wp-content\/uploads\/2025\/08\/Margarida-Cantarelli_Foto-Keila-Castro.jpg","contentUrl":"https:\/\/gazetapernambucana.com\/wp-content\/uploads\/2025\/08\/Margarida-Cantarelli_Foto-Keila-Castro.jpg","width":670,"height":522},{"@type":"BreadcrumbList","@id":"https:\/\/gazetapernambucana.com\/?p=1534#breadcrumb","itemListElement":[{"@type":"ListItem","position":1,"name":"In\u00edcio","item":"https:\/\/gazetapernambucana.com\/"},{"@type":"ListItem","position":2,"name":"Margarida Cantarelli: a for\u00e7a luminosa da justi\u00e7a, da cultura e do exemplo. Por Fl\u00e1vio Chaves"}]},{"@type":"WebSite","@id":"https:\/\/gazetapernambucana.com\/#website","url":"https:\/\/gazetapernambucana.com\/","name":"","description":"","potentialAction":[{"@type":"SearchAction","target":{"@type":"EntryPoint","urlTemplate":"https:\/\/gazetapernambucana.com\/?s={search_term_string}"},"query-input":{"@type":"PropertyValueSpecification","valueRequired":true,"valueName":"search_term_string"}}],"inLanguage":"pt-BR"},{"@type":"Person","@id":"https:\/\/gazetapernambucana.com\/#\/schema\/person\/188dc283325181ac2de4db1e9e987427","name":"GP","image":{"@type":"ImageObject","inLanguage":"pt-BR","@id":"https:\/\/gazetapernambucana.com\/#\/schema\/person\/image\/","url":"https:\/\/secure.gravatar.com\/avatar\/9dad78ff9a2d8b5742d11779f8a3f53b052320c550b2e1907882353c067bb111?s=96&d=mm&r=g","contentUrl":"https:\/\/secure.gravatar.com\/avatar\/9dad78ff9a2d8b5742d11779f8a3f53b052320c550b2e1907882353c067bb111?s=96&d=mm&r=g","caption":"GP"},"sameAs":["http:\/\/gazetapernambucana.com"],"url":"https:\/\/gazetapernambucana.com\/?author=1"}]}},"jetpack_publicize_connections":[],"_links":{"self":[{"href":"https:\/\/gazetapernambucana.com\/index.php?rest_route=\/wp\/v2\/posts\/1534","targetHints":{"allow":["GET"]}}],"collection":[{"href":"https:\/\/gazetapernambucana.com\/index.php?rest_route=\/wp\/v2\/posts"}],"about":[{"href":"https:\/\/gazetapernambucana.com\/index.php?rest_route=\/wp\/v2\/types\/post"}],"author":[{"embeddable":true,"href":"https:\/\/gazetapernambucana.com\/index.php?rest_route=\/wp\/v2\/users\/1"}],"replies":[{"embeddable":true,"href":"https:\/\/gazetapernambucana.com\/index.php?rest_route=%2Fwp%2Fv2%2Fcomments&post=1534"}],"version-history":[{"count":1,"href":"https:\/\/gazetapernambucana.com\/index.php?rest_route=\/wp\/v2\/posts\/1534\/revisions"}],"predecessor-version":[{"id":1536,"href":"https:\/\/gazetapernambucana.com\/index.php?rest_route=\/wp\/v2\/posts\/1534\/revisions\/1536"}],"wp:featuredmedia":[{"embeddable":true,"href":"https:\/\/gazetapernambucana.com\/index.php?rest_route=\/wp\/v2\/media\/1535"}],"wp:attachment":[{"href":"https:\/\/gazetapernambucana.com\/index.php?rest_route=%2Fwp%2Fv2%2Fmedia&parent=1534"}],"wp:term":[{"taxonomy":"category","embeddable":true,"href":"https:\/\/gazetapernambucana.com\/index.php?rest_route=%2Fwp%2Fv2%2Fcategories&post=1534"},{"taxonomy":"post_tag","embeddable":true,"href":"https:\/\/gazetapernambucana.com\/index.php?rest_route=%2Fwp%2Fv2%2Ftags&post=1534"}],"curies":[{"name":"wp","href":"https:\/\/api.w.org\/{rel}","templated":true}]}}