{"id":1532,"date":"2025-08-19T23:06:10","date_gmt":"2025-08-20T02:06:10","guid":{"rendered":"https:\/\/gazetapernambucana.com\/?p=1532"},"modified":"2025-08-19T23:09:39","modified_gmt":"2025-08-20T02:09:39","slug":"a-falta-que-voce-me-faz-por-flavio-chaves","status":"publish","type":"post","link":"https:\/\/gazetapernambucana.com\/?p=1532","title":{"rendered":"A falta que voc\u00ea me faz.  Por Fl\u00e1vio Chaves"},"content":{"rendered":"<p data-start=\"371\" data-end=\"951\"><img loading=\"lazy\" decoding=\"async\" class=\"alignnone size-full wp-image-174490\" src=\"https:\/\/flaviochaves.com.br\/wp-content\/uploads\/2025\/08\/466974204_882266677415909_7722904790121753745_n-1-1-300x300-1.jpg\" sizes=\"auto, (max-width: 300px) 100vw, 300px\" srcset=\"https:\/\/flaviochaves.com.br\/wp-content\/uploads\/2025\/08\/466974204_882266677415909_7722904790121753745_n-1-1-300x300-1.jpg 300w, https:\/\/flaviochaves.com.br\/wp-content\/uploads\/2025\/08\/466974204_882266677415909_7722904790121753745_n-1-1-300x300-1-150x150.jpg 150w, https:\/\/flaviochaves.com.br\/wp-content\/uploads\/2025\/08\/466974204_882266677415909_7722904790121753745_n-1-1-300x300-1-144x144.jpg 144w\" alt=\"\" width=\"300\" height=\"300\" \/>\u00a0 \u00a0<strong data-start=\"149\" data-end=\"168\">Por Fl\u00e1vio Chaves \u2013 Jornalista, poeta, escritor e membro da Academia Pernambucana de Letras. Foi Delegado Federal\/Minc\u00a0 \u2013\u00a0<\/strong>\u00a0Voc\u00ea me faz falta. Mas n\u00e3o \u00e9 uma falta qualquer, dessas que passam com o tempo ou que se apagam com a rotina. \u00c9 uma falta calma, bonita, quase mansa, que se instala como brisa de fim de tarde e vai ficando, preenchendo os cantos da casa e da alma com um sil\u00eancio que tem cheiro e temperatura. N\u00e3o \u00e9 aus\u00eancia. \u00c9 uma presen\u00e7a ainda por vir, como se voc\u00ea estivesse vindo em minha dire\u00e7\u00e3o, devagar, como quem caminha na beira do cora\u00e7\u00e3o, sem pressa, mas sem desistir. Eu sinto que voc\u00ea est\u00e1 chegando, mesmo que ainda falte um tempo, um gesto, um abra\u00e7o inteiro. E isso j\u00e1 me consola.<\/p>\n<p data-start=\"953\" data-end=\"1420\">O amor j\u00e1 chegou antes de voc\u00ea. Est\u00e1 aqui, repousando sobre as almofadas, espreitando pela janela, escutando comigo as mesmas m\u00fasicas, mexendo no caf\u00e9 sem a\u00e7\u00facar que eu tomo toda manh\u00e3. J\u00e1 se sentou ao meu lado no sof\u00e1, tomou banho na mesma ducha e escreveu bilhetes nos meus cadernos, mesmo que voc\u00ea ainda n\u00e3o tenha atravessado definitivamente essa porta. Sua aus\u00eancia n\u00e3o pesa como um vazio,\u00a0 ela pulsa como uma espera viva, uma prece antiga, uma certeza mansa.<\/p>\n<p data-start=\"1422\" data-end=\"1885\">\u00c9 estranho, mas real: voc\u00ea j\u00e1 me habita. Vive no modo como eu penso, no jeito como falo com o mundo, na forma como meu corpo se ajeita quando penso em n\u00f3s dois. N\u00e3o \u00e9 exagero, \u00e9 amor. Um amor que, mesmo sem rotina, sem calend\u00e1rio, j\u00e1 \u00e9 cotidiano. Um amor que, mesmo sem toque, j\u00e1 me toca por dentro. Voc\u00ea me faz falta porque \u00e9 parte de mim que ainda n\u00e3o est\u00e1 na mesma choupana por completo, mas que j\u00e1 se reconhece aqui, dentro deste corpo que te espera com leveza e desejo.<\/p>\n<p data-start=\"1887\" data-end=\"2308\">E h\u00e1 dias em que essa falta me emociona. Porque n\u00e3o d\u00f3i. Ela me revela o quanto \u00e9 poss\u00edvel amar algu\u00e9m antes do tempo. Antes da vida dar jeito. Antes da log\u00edstica, das condi\u00e7\u00f5es e das conveni\u00eancias. Amar voc\u00ea \u00e9 como acender uma vela numa noite ainda sem luz, sem saber quando ela chegar\u00e1, mas confiando que vir\u00e1. Eu te espero, n\u00e3o com pressa, mas com plenitude. Porque a falta que voc\u00ea me faz n\u00e3o \u00e9 aus\u00eancia: \u00e9 \u00e2nsia de corpo inteiro.<\/p>\n","protected":false},"excerpt":{"rendered":"<p>\u00a0 \u00a0Por Fl\u00e1vio Chaves \u2013 Jornalista, poeta, escritor e membro da Academia Pernambucana de Letras. Foi Delegado Federal\/Minc\u00a0 \u2013\u00a0\u00a0Voc\u00ea me faz falta. Mas n\u00e3o \u00e9 uma falta qualquer, dessas que passam com o tempo ou que se apagam com a rotina. \u00c9 uma falta calma, bonita, quase mansa, que se instala como brisa de fim [&hellip;]<\/p>\n","protected":false},"author":1,"featured_media":1093,"comment_status":"open","ping_status":"open","sticky":false,"template":"","format":"standard","meta":{"footnotes":"","jetpack_publicize_message":"","jetpack_publicize_feature_enabled":true,"jetpack_social_post_already_shared":true,"jetpack_social_options":{"image_generator_settings":{"template":"highway","default_image_id":0,"font":"","enabled":false},"version":2}},"categories":[1,35,46],"tags":[],"class_list":["post-1532","post","type-post","status-publish","format-standard","has-post-thumbnail","hentry","category-https-gazetapernambucana-com-page_id225","category-https-gazetapernambucana-com-page_id218","category-literatura"],"yoast_head":"<!-- This site is optimized with the Yoast SEO plugin v24.5 - https:\/\/yoast.com\/wordpress\/plugins\/seo\/ -->\n<title>A falta que voc\u00ea me faz. Por Fl\u00e1vio Chaves -<\/title>\n<meta name=\"robots\" content=\"index, follow, max-snippet:-1, max-image-preview:large, max-video-preview:-1\" \/>\n<link rel=\"canonical\" href=\"https:\/\/gazetapernambucana.com\/?p=1532\" \/>\n<meta property=\"og:locale\" content=\"pt_BR\" \/>\n<meta property=\"og:type\" content=\"article\" \/>\n<meta property=\"og:title\" content=\"A falta que voc\u00ea me faz. Por Fl\u00e1vio Chaves -\" \/>\n<meta property=\"og:description\" content=\"\u00a0 \u00a0Por Fl\u00e1vio Chaves \u2013 Jornalista, poeta, escritor e membro da Academia Pernambucana de Letras. Foi Delegado Federal\/Minc\u00a0 \u2013\u00a0\u00a0Voc\u00ea me faz falta. Mas n\u00e3o \u00e9 uma falta qualquer, dessas que passam com o tempo ou que se apagam com a rotina. \u00c9 uma falta calma, bonita, quase mansa, que se instala como brisa de fim [&hellip;]\" \/>\n<meta property=\"og:url\" content=\"https:\/\/gazetapernambucana.com\/?p=1532\" \/>\n<meta property=\"article:published_time\" content=\"2025-08-20T02:06:10+00:00\" \/>\n<meta property=\"article:modified_time\" content=\"2025-08-20T02:09:39+00:00\" \/>\n<meta property=\"og:image\" content=\"https:\/\/gazetapernambucana.com\/wp-content\/uploads\/2025\/06\/466974204_882266677415909_7722904790121753745_n-1-1-300x300-1.jpg\" \/>\n\t<meta property=\"og:image:width\" content=\"300\" \/>\n\t<meta property=\"og:image:height\" content=\"300\" \/>\n\t<meta property=\"og:image:type\" content=\"image\/jpeg\" \/>\n<meta name=\"author\" content=\"GP\" \/>\n<meta name=\"twitter:card\" content=\"summary_large_image\" \/>\n<meta name=\"twitter:label1\" content=\"Escrito por\" \/>\n\t<meta name=\"twitter:data1\" content=\"GP\" \/>\n\t<meta name=\"twitter:label2\" content=\"Est. tempo de leitura\" \/>\n\t<meta name=\"twitter:data2\" content=\"3 minutos\" \/>\n<script type=\"application\/ld+json\" class=\"yoast-schema-graph\">{\"@context\":\"https:\/\/schema.org\",\"@graph\":[{\"@type\":\"WebPage\",\"@id\":\"https:\/\/gazetapernambucana.com\/?p=1532\",\"url\":\"https:\/\/gazetapernambucana.com\/?p=1532\",\"name\":\"A falta que voc\u00ea me faz. Por Fl\u00e1vio Chaves -\",\"isPartOf\":{\"@id\":\"https:\/\/gazetapernambucana.com\/#website\"},\"primaryImageOfPage\":{\"@id\":\"https:\/\/gazetapernambucana.com\/?p=1532#primaryimage\"},\"image\":{\"@id\":\"https:\/\/gazetapernambucana.com\/?p=1532#primaryimage\"},\"thumbnailUrl\":\"https:\/\/gazetapernambucana.com\/wp-content\/uploads\/2025\/06\/466974204_882266677415909_7722904790121753745_n-1-1-300x300-1.jpg\",\"datePublished\":\"2025-08-20T02:06:10+00:00\",\"dateModified\":\"2025-08-20T02:09:39+00:00\",\"author\":{\"@id\":\"https:\/\/gazetapernambucana.com\/#\/schema\/person\/188dc283325181ac2de4db1e9e987427\"},\"breadcrumb\":{\"@id\":\"https:\/\/gazetapernambucana.com\/?p=1532#breadcrumb\"},\"inLanguage\":\"pt-BR\",\"potentialAction\":[{\"@type\":\"ReadAction\",\"target\":[\"https:\/\/gazetapernambucana.com\/?p=1532\"]}]},{\"@type\":\"ImageObject\",\"inLanguage\":\"pt-BR\",\"@id\":\"https:\/\/gazetapernambucana.com\/?p=1532#primaryimage\",\"url\":\"https:\/\/gazetapernambucana.com\/wp-content\/uploads\/2025\/06\/466974204_882266677415909_7722904790121753745_n-1-1-300x300-1.jpg\",\"contentUrl\":\"https:\/\/gazetapernambucana.com\/wp-content\/uploads\/2025\/06\/466974204_882266677415909_7722904790121753745_n-1-1-300x300-1.jpg\",\"width\":300,\"height\":300},{\"@type\":\"BreadcrumbList\",\"@id\":\"https:\/\/gazetapernambucana.com\/?p=1532#breadcrumb\",\"itemListElement\":[{\"@type\":\"ListItem\",\"position\":1,\"name\":\"In\u00edcio\",\"item\":\"https:\/\/gazetapernambucana.com\/\"},{\"@type\":\"ListItem\",\"position\":2,\"name\":\"A falta que voc\u00ea me faz. Por Fl\u00e1vio Chaves\"}]},{\"@type\":\"WebSite\",\"@id\":\"https:\/\/gazetapernambucana.com\/#website\",\"url\":\"https:\/\/gazetapernambucana.com\/\",\"name\":\"\",\"description\":\"\",\"potentialAction\":[{\"@type\":\"SearchAction\",\"target\":{\"@type\":\"EntryPoint\",\"urlTemplate\":\"https:\/\/gazetapernambucana.com\/?s={search_term_string}\"},\"query-input\":{\"@type\":\"PropertyValueSpecification\",\"valueRequired\":true,\"valueName\":\"search_term_string\"}}],\"inLanguage\":\"pt-BR\"},{\"@type\":\"Person\",\"@id\":\"https:\/\/gazetapernambucana.com\/#\/schema\/person\/188dc283325181ac2de4db1e9e987427\",\"name\":\"GP\",\"image\":{\"@type\":\"ImageObject\",\"inLanguage\":\"pt-BR\",\"@id\":\"https:\/\/gazetapernambucana.com\/#\/schema\/person\/image\/\",\"url\":\"https:\/\/secure.gravatar.com\/avatar\/9dad78ff9a2d8b5742d11779f8a3f53b052320c550b2e1907882353c067bb111?s=96&d=mm&r=g\",\"contentUrl\":\"https:\/\/secure.gravatar.com\/avatar\/9dad78ff9a2d8b5742d11779f8a3f53b052320c550b2e1907882353c067bb111?s=96&d=mm&r=g\",\"caption\":\"GP\"},\"sameAs\":[\"http:\/\/gazetapernambucana.com\"],\"url\":\"https:\/\/gazetapernambucana.com\/?author=1\"}]}<\/script>\n<!-- \/ Yoast SEO plugin. -->","yoast_head_json":{"title":"A falta que voc\u00ea me faz. Por Fl\u00e1vio Chaves -","robots":{"index":"index","follow":"follow","max-snippet":"max-snippet:-1","max-image-preview":"max-image-preview:large","max-video-preview":"max-video-preview:-1"},"canonical":"https:\/\/gazetapernambucana.com\/?p=1532","og_locale":"pt_BR","og_type":"article","og_title":"A falta que voc\u00ea me faz. Por Fl\u00e1vio Chaves -","og_description":"\u00a0 \u00a0Por Fl\u00e1vio Chaves \u2013 Jornalista, poeta, escritor e membro da Academia Pernambucana de Letras. Foi Delegado Federal\/Minc\u00a0 \u2013\u00a0\u00a0Voc\u00ea me faz falta. Mas n\u00e3o \u00e9 uma falta qualquer, dessas que passam com o tempo ou que se apagam com a rotina. \u00c9 uma falta calma, bonita, quase mansa, que se instala como brisa de fim [&hellip;]","og_url":"https:\/\/gazetapernambucana.com\/?p=1532","article_published_time":"2025-08-20T02:06:10+00:00","article_modified_time":"2025-08-20T02:09:39+00:00","og_image":[{"width":300,"height":300,"url":"https:\/\/gazetapernambucana.com\/wp-content\/uploads\/2025\/06\/466974204_882266677415909_7722904790121753745_n-1-1-300x300-1.jpg","type":"image\/jpeg"}],"author":"GP","twitter_card":"summary_large_image","twitter_misc":{"Escrito por":"GP","Est. tempo de leitura":"3 minutos"},"schema":{"@context":"https:\/\/schema.org","@graph":[{"@type":"WebPage","@id":"https:\/\/gazetapernambucana.com\/?p=1532","url":"https:\/\/gazetapernambucana.com\/?p=1532","name":"A falta que voc\u00ea me faz. Por Fl\u00e1vio Chaves -","isPartOf":{"@id":"https:\/\/gazetapernambucana.com\/#website"},"primaryImageOfPage":{"@id":"https:\/\/gazetapernambucana.com\/?p=1532#primaryimage"},"image":{"@id":"https:\/\/gazetapernambucana.com\/?p=1532#primaryimage"},"thumbnailUrl":"https:\/\/gazetapernambucana.com\/wp-content\/uploads\/2025\/06\/466974204_882266677415909_7722904790121753745_n-1-1-300x300-1.jpg","datePublished":"2025-08-20T02:06:10+00:00","dateModified":"2025-08-20T02:09:39+00:00","author":{"@id":"https:\/\/gazetapernambucana.com\/#\/schema\/person\/188dc283325181ac2de4db1e9e987427"},"breadcrumb":{"@id":"https:\/\/gazetapernambucana.com\/?p=1532#breadcrumb"},"inLanguage":"pt-BR","potentialAction":[{"@type":"ReadAction","target":["https:\/\/gazetapernambucana.com\/?p=1532"]}]},{"@type":"ImageObject","inLanguage":"pt-BR","@id":"https:\/\/gazetapernambucana.com\/?p=1532#primaryimage","url":"https:\/\/gazetapernambucana.com\/wp-content\/uploads\/2025\/06\/466974204_882266677415909_7722904790121753745_n-1-1-300x300-1.jpg","contentUrl":"https:\/\/gazetapernambucana.com\/wp-content\/uploads\/2025\/06\/466974204_882266677415909_7722904790121753745_n-1-1-300x300-1.jpg","width":300,"height":300},{"@type":"BreadcrumbList","@id":"https:\/\/gazetapernambucana.com\/?p=1532#breadcrumb","itemListElement":[{"@type":"ListItem","position":1,"name":"In\u00edcio","item":"https:\/\/gazetapernambucana.com\/"},{"@type":"ListItem","position":2,"name":"A falta que voc\u00ea me faz. Por Fl\u00e1vio Chaves"}]},{"@type":"WebSite","@id":"https:\/\/gazetapernambucana.com\/#website","url":"https:\/\/gazetapernambucana.com\/","name":"","description":"","potentialAction":[{"@type":"SearchAction","target":{"@type":"EntryPoint","urlTemplate":"https:\/\/gazetapernambucana.com\/?s={search_term_string}"},"query-input":{"@type":"PropertyValueSpecification","valueRequired":true,"valueName":"search_term_string"}}],"inLanguage":"pt-BR"},{"@type":"Person","@id":"https:\/\/gazetapernambucana.com\/#\/schema\/person\/188dc283325181ac2de4db1e9e987427","name":"GP","image":{"@type":"ImageObject","inLanguage":"pt-BR","@id":"https:\/\/gazetapernambucana.com\/#\/schema\/person\/image\/","url":"https:\/\/secure.gravatar.com\/avatar\/9dad78ff9a2d8b5742d11779f8a3f53b052320c550b2e1907882353c067bb111?s=96&d=mm&r=g","contentUrl":"https:\/\/secure.gravatar.com\/avatar\/9dad78ff9a2d8b5742d11779f8a3f53b052320c550b2e1907882353c067bb111?s=96&d=mm&r=g","caption":"GP"},"sameAs":["http:\/\/gazetapernambucana.com"],"url":"https:\/\/gazetapernambucana.com\/?author=1"}]}},"jetpack_publicize_connections":[],"_links":{"self":[{"href":"https:\/\/gazetapernambucana.com\/index.php?rest_route=\/wp\/v2\/posts\/1532","targetHints":{"allow":["GET"]}}],"collection":[{"href":"https:\/\/gazetapernambucana.com\/index.php?rest_route=\/wp\/v2\/posts"}],"about":[{"href":"https:\/\/gazetapernambucana.com\/index.php?rest_route=\/wp\/v2\/types\/post"}],"author":[{"embeddable":true,"href":"https:\/\/gazetapernambucana.com\/index.php?rest_route=\/wp\/v2\/users\/1"}],"replies":[{"embeddable":true,"href":"https:\/\/gazetapernambucana.com\/index.php?rest_route=%2Fwp%2Fv2%2Fcomments&post=1532"}],"version-history":[{"count":1,"href":"https:\/\/gazetapernambucana.com\/index.php?rest_route=\/wp\/v2\/posts\/1532\/revisions"}],"predecessor-version":[{"id":1533,"href":"https:\/\/gazetapernambucana.com\/index.php?rest_route=\/wp\/v2\/posts\/1532\/revisions\/1533"}],"wp:featuredmedia":[{"embeddable":true,"href":"https:\/\/gazetapernambucana.com\/index.php?rest_route=\/wp\/v2\/media\/1093"}],"wp:attachment":[{"href":"https:\/\/gazetapernambucana.com\/index.php?rest_route=%2Fwp%2Fv2%2Fmedia&parent=1532"}],"wp:term":[{"taxonomy":"category","embeddable":true,"href":"https:\/\/gazetapernambucana.com\/index.php?rest_route=%2Fwp%2Fv2%2Fcategories&post=1532"},{"taxonomy":"post_tag","embeddable":true,"href":"https:\/\/gazetapernambucana.com\/index.php?rest_route=%2Fwp%2Fv2%2Ftags&post=1532"}],"curies":[{"name":"wp","href":"https:\/\/api.w.org\/{rel}","templated":true}]}}