{"id":1529,"date":"2025-08-18T22:07:34","date_gmt":"2025-08-19T01:07:34","guid":{"rendered":"https:\/\/gazetapernambucana.com\/?p=1529"},"modified":"2025-08-18T22:07:34","modified_gmt":"2025-08-19T01:07:34","slug":"o-inconformismo-de-cora-coralina-com-os-menores-abandonados","status":"publish","type":"post","link":"https:\/\/gazetapernambucana.com\/?p=1529","title":{"rendered":"O inconformismo de Cora Coralina com os menores abandonados"},"content":{"rendered":"<div class=\"byline\"><\/div>\n<div class=\"entry-content\">\n<div class=\"entry-content post_content\">\n<p><strong><img loading=\"lazy\" decoding=\"async\" class=\"aligncenter\" src=\"https:\/\/thmais.com.br\/wp-content\/uploads\/2023\/09\/cora-coralina-biografia-tudo-sobre-a-poetisa-e-contista-brasileira.jpg\" alt=\"Cora Coralina Biografia: Tudo sobre a poetisa e contista brasileira - THMais - Voc\u00ea por dentro de tudo\" width=\"263\" height=\"175\" \/><\/strong><\/p>\n<p>A poeta Cora Coralina, pseud\u00f4nimo de Ana Lins dos Guimar\u00e3es Peixoto Bretas (1889-1985), nasceu em Goi\u00e1s Velho. Mulher simples, doceira de profiss\u00e3o, tendo vivido longe dos grandes centros urbanos, alheia a modismos liter\u00e1rios, produziu uma obra po\u00e9tica rica em motivos do cotidiano, conforme este poema em que Cora transmite o seu sofrimento com a situa\u00e7\u00e3o do menor abandonado.<\/p>\n<p><strong><em>MENOR ABANDONADO<br \/>\nCora Coralina<\/em><\/strong><\/p>\n<p><em>(Versos amargos para o<br \/>\nAno Internacional da Crian\u00e7a, 1979).<\/em><\/p>\n<p>De onde vens, crian\u00e7a?<br \/>\nQue mensagem trazes de futuro?<br \/>\nPor que t\u00e3o cedo esse batismo impuro<br \/>\nque mudou teu nome?<\/p>\n<p>Em que galp\u00e3o, casebre, invas\u00e3o, favela,<br \/>\nficou esquecida tua m\u00e3e?\u2026<br \/>\nE teu pai, em que selva escura<br \/>\nse perdeu, perdendo o caminho<br \/>\ndo barraco humilde?\u2026<\/p>\n<p>Crian\u00e7a perif\u00e9rica rejeitada\u2026<br \/>\nTeu mundo \u00e9 um submundo.<br \/>\nM\u00e3o nenhuma te valeu na derrapada.<\/p>\n<p>Ao acaso das ruas \u2013 nosso encontro.<br \/>\n\u00c9s t\u00e3o pequeno\u2026 e eu tenho medo.<br \/>\nMedo de voc\u00ea crescer, ser homem.<br \/>\nMedo da espada de teus olhos\u2026<br \/>\nMedo da tua rebeldia antecipada.<br \/>\nNego a esmola que me pedes.<br \/>\nCulpa-me tua indig\u00eancia inconsciente.<br \/>\nRevolta-me tua inf\u00e2ncia desvalida.<\/p>\n<p>Quisera escrever versos de fogo,<br \/>\ne sou mesquinha.<br \/>\nPudesse eu te ajudar, crian\u00e7a-estigma.<br \/>\nDefender tua causa, cortar tua raiz<br \/>\nchagada\u2026<\/p>\n<p>\u00c9s o lema sombrio de uma bandeira<br \/>\nque levanto,<br \/>\npedindo para ti \u2013 Menor Abandonado,<br \/>\nEscolas de Artesanato \u2013 Mater et Magistra<br \/>\nque possam te salvar, deter a tua queda\u2026<\/p>\n<p>Ningu\u00e9m comigo na floresta escura\u2026<br \/>\nE o meu grito impotente se perde<br \/>\nna ac\u00fastica indiferente das cidades.<\/p>\n<p>Escolas de Artesanato para reduzir<br \/>\no gigantismo enfermo<br \/>\nda crian\u00e7a enferma<br \/>\n\u00e9 o meu perdido s.o.s.<\/p>\n<p>Estou sozinha na floresta escura<br \/>\ne o meu apelo se perdeu in\u00fatil<br \/>\nna ac\u00fastica insens\u00edvel da cidade.<br \/>\n\u00c9s o infante de um terceiro mundo<br \/>\nem lenta rota\u00e7\u00e3o para o encontro<br \/>\ndo futuro.<\/p>\n<p>H\u00e1 um fosso de separa\u00e7\u00e3o<br \/>\nentre tr\u00eas mundos.<br \/>\nE tu \u2013 Menor Abandonado,<br \/>\n\u00e9s a pedra, o entulho e o aterro<br \/>\ndesse fosso.<\/p>\n<p>Quisera a tempo te alcan\u00e7ar,<br \/>\nmudar teu rumo.<br \/>\nDe novo te vestir a veste branca<br \/>\nde um novo catec\u00fameno.<br \/>\n\u00c9s tanto e tantos teus irm\u00e3os<br \/>\nna selva densa\u2026<\/p>\n<p>E eu sozinha na cidade !<\/p>\n<\/div>\n<\/div>\n","protected":false},"excerpt":{"rendered":"<p>A poeta Cora Coralina, pseud\u00f4nimo de Ana Lins dos Guimar\u00e3es Peixoto Bretas (1889-1985), nasceu em Goi\u00e1s Velho. Mulher simples, doceira de profiss\u00e3o, tendo vivido longe dos grandes centros urbanos, alheia a modismos liter\u00e1rios, produziu uma obra po\u00e9tica rica em motivos do cotidiano, conforme este poema em que Cora transmite o seu sofrimento com a situa\u00e7\u00e3o [&hellip;]<\/p>\n","protected":false},"author":1,"featured_media":1530,"comment_status":"open","ping_status":"open","sticky":false,"template":"","format":"standard","meta":{"footnotes":"","jetpack_publicize_message":"","jetpack_publicize_feature_enabled":true,"jetpack_social_post_already_shared":true,"jetpack_social_options":{"image_generator_settings":{"template":"highway","default_image_id":0,"font":"","enabled":false},"version":2}},"categories":[1,35,46],"tags":[],"class_list":["post-1529","post","type-post","status-publish","format-standard","has-post-thumbnail","hentry","category-https-gazetapernambucana-com-page_id225","category-https-gazetapernambucana-com-page_id218","category-literatura"],"yoast_head":"<!-- This site is optimized with the Yoast SEO plugin v24.5 - https:\/\/yoast.com\/wordpress\/plugins\/seo\/ -->\n<title>O inconformismo de Cora Coralina com os menores abandonados -<\/title>\n<meta name=\"robots\" content=\"index, follow, max-snippet:-1, max-image-preview:large, max-video-preview:-1\" \/>\n<link rel=\"canonical\" href=\"https:\/\/gazetapernambucana.com\/?p=1529\" \/>\n<meta property=\"og:locale\" content=\"pt_BR\" \/>\n<meta property=\"og:type\" content=\"article\" \/>\n<meta property=\"og:title\" content=\"O inconformismo de Cora Coralina com os menores abandonados -\" \/>\n<meta property=\"og:description\" content=\"A poeta Cora Coralina, pseud\u00f4nimo de Ana Lins dos Guimar\u00e3es Peixoto Bretas (1889-1985), nasceu em Goi\u00e1s Velho. Mulher simples, doceira de profiss\u00e3o, tendo vivido longe dos grandes centros urbanos, alheia a modismos liter\u00e1rios, produziu uma obra po\u00e9tica rica em motivos do cotidiano, conforme este poema em que Cora transmite o seu sofrimento com a situa\u00e7\u00e3o [&hellip;]\" \/>\n<meta property=\"og:url\" content=\"https:\/\/gazetapernambucana.com\/?p=1529\" \/>\n<meta property=\"article:published_time\" content=\"2025-08-19T01:07:34+00:00\" \/>\n<meta property=\"og:image\" content=\"https:\/\/gazetapernambucana.com\/wp-content\/uploads\/2025\/08\/cora-coralina-biografia-tudo-sobre-a-poetisa-e-contista-brasileira.webp\" \/>\n\t<meta property=\"og:image:width\" content=\"1200\" \/>\n\t<meta property=\"og:image:height\" content=\"800\" \/>\n\t<meta property=\"og:image:type\" content=\"image\/webp\" \/>\n<meta name=\"author\" content=\"GP\" \/>\n<meta name=\"twitter:card\" content=\"summary_large_image\" \/>\n<meta name=\"twitter:label1\" content=\"Escrito por\" \/>\n\t<meta name=\"twitter:data1\" content=\"GP\" \/>\n\t<meta name=\"twitter:label2\" content=\"Est. tempo de leitura\" \/>\n\t<meta name=\"twitter:data2\" content=\"3 minutos\" \/>\n<script type=\"application\/ld+json\" class=\"yoast-schema-graph\">{\"@context\":\"https:\/\/schema.org\",\"@graph\":[{\"@type\":\"WebPage\",\"@id\":\"https:\/\/gazetapernambucana.com\/?p=1529\",\"url\":\"https:\/\/gazetapernambucana.com\/?p=1529\",\"name\":\"O inconformismo de Cora Coralina com os menores abandonados -\",\"isPartOf\":{\"@id\":\"https:\/\/gazetapernambucana.com\/#website\"},\"primaryImageOfPage\":{\"@id\":\"https:\/\/gazetapernambucana.com\/?p=1529#primaryimage\"},\"image\":{\"@id\":\"https:\/\/gazetapernambucana.com\/?p=1529#primaryimage\"},\"thumbnailUrl\":\"https:\/\/gazetapernambucana.com\/wp-content\/uploads\/2025\/08\/cora-coralina-biografia-tudo-sobre-a-poetisa-e-contista-brasileira.webp\",\"datePublished\":\"2025-08-19T01:07:34+00:00\",\"author\":{\"@id\":\"https:\/\/gazetapernambucana.com\/#\/schema\/person\/188dc283325181ac2de4db1e9e987427\"},\"breadcrumb\":{\"@id\":\"https:\/\/gazetapernambucana.com\/?p=1529#breadcrumb\"},\"inLanguage\":\"pt-BR\",\"potentialAction\":[{\"@type\":\"ReadAction\",\"target\":[\"https:\/\/gazetapernambucana.com\/?p=1529\"]}]},{\"@type\":\"ImageObject\",\"inLanguage\":\"pt-BR\",\"@id\":\"https:\/\/gazetapernambucana.com\/?p=1529#primaryimage\",\"url\":\"https:\/\/gazetapernambucana.com\/wp-content\/uploads\/2025\/08\/cora-coralina-biografia-tudo-sobre-a-poetisa-e-contista-brasileira.webp\",\"contentUrl\":\"https:\/\/gazetapernambucana.com\/wp-content\/uploads\/2025\/08\/cora-coralina-biografia-tudo-sobre-a-poetisa-e-contista-brasileira.webp\",\"width\":1200,\"height\":800},{\"@type\":\"BreadcrumbList\",\"@id\":\"https:\/\/gazetapernambucana.com\/?p=1529#breadcrumb\",\"itemListElement\":[{\"@type\":\"ListItem\",\"position\":1,\"name\":\"In\u00edcio\",\"item\":\"https:\/\/gazetapernambucana.com\/\"},{\"@type\":\"ListItem\",\"position\":2,\"name\":\"O inconformismo de Cora Coralina com os menores abandonados\"}]},{\"@type\":\"WebSite\",\"@id\":\"https:\/\/gazetapernambucana.com\/#website\",\"url\":\"https:\/\/gazetapernambucana.com\/\",\"name\":\"\",\"description\":\"\",\"potentialAction\":[{\"@type\":\"SearchAction\",\"target\":{\"@type\":\"EntryPoint\",\"urlTemplate\":\"https:\/\/gazetapernambucana.com\/?s={search_term_string}\"},\"query-input\":{\"@type\":\"PropertyValueSpecification\",\"valueRequired\":true,\"valueName\":\"search_term_string\"}}],\"inLanguage\":\"pt-BR\"},{\"@type\":\"Person\",\"@id\":\"https:\/\/gazetapernambucana.com\/#\/schema\/person\/188dc283325181ac2de4db1e9e987427\",\"name\":\"GP\",\"image\":{\"@type\":\"ImageObject\",\"inLanguage\":\"pt-BR\",\"@id\":\"https:\/\/gazetapernambucana.com\/#\/schema\/person\/image\/\",\"url\":\"https:\/\/secure.gravatar.com\/avatar\/9dad78ff9a2d8b5742d11779f8a3f53b052320c550b2e1907882353c067bb111?s=96&d=mm&r=g\",\"contentUrl\":\"https:\/\/secure.gravatar.com\/avatar\/9dad78ff9a2d8b5742d11779f8a3f53b052320c550b2e1907882353c067bb111?s=96&d=mm&r=g\",\"caption\":\"GP\"},\"sameAs\":[\"http:\/\/gazetapernambucana.com\"],\"url\":\"https:\/\/gazetapernambucana.com\/?author=1\"}]}<\/script>\n<!-- \/ Yoast SEO plugin. -->","yoast_head_json":{"title":"O inconformismo de Cora Coralina com os menores abandonados -","robots":{"index":"index","follow":"follow","max-snippet":"max-snippet:-1","max-image-preview":"max-image-preview:large","max-video-preview":"max-video-preview:-1"},"canonical":"https:\/\/gazetapernambucana.com\/?p=1529","og_locale":"pt_BR","og_type":"article","og_title":"O inconformismo de Cora Coralina com os menores abandonados -","og_description":"A poeta Cora Coralina, pseud\u00f4nimo de Ana Lins dos Guimar\u00e3es Peixoto Bretas (1889-1985), nasceu em Goi\u00e1s Velho. Mulher simples, doceira de profiss\u00e3o, tendo vivido longe dos grandes centros urbanos, alheia a modismos liter\u00e1rios, produziu uma obra po\u00e9tica rica em motivos do cotidiano, conforme este poema em que Cora transmite o seu sofrimento com a situa\u00e7\u00e3o [&hellip;]","og_url":"https:\/\/gazetapernambucana.com\/?p=1529","article_published_time":"2025-08-19T01:07:34+00:00","og_image":[{"width":1200,"height":800,"url":"https:\/\/gazetapernambucana.com\/wp-content\/uploads\/2025\/08\/cora-coralina-biografia-tudo-sobre-a-poetisa-e-contista-brasileira.webp","type":"image\/webp"}],"author":"GP","twitter_card":"summary_large_image","twitter_misc":{"Escrito por":"GP","Est. tempo de leitura":"3 minutos"},"schema":{"@context":"https:\/\/schema.org","@graph":[{"@type":"WebPage","@id":"https:\/\/gazetapernambucana.com\/?p=1529","url":"https:\/\/gazetapernambucana.com\/?p=1529","name":"O inconformismo de Cora Coralina com os menores abandonados -","isPartOf":{"@id":"https:\/\/gazetapernambucana.com\/#website"},"primaryImageOfPage":{"@id":"https:\/\/gazetapernambucana.com\/?p=1529#primaryimage"},"image":{"@id":"https:\/\/gazetapernambucana.com\/?p=1529#primaryimage"},"thumbnailUrl":"https:\/\/gazetapernambucana.com\/wp-content\/uploads\/2025\/08\/cora-coralina-biografia-tudo-sobre-a-poetisa-e-contista-brasileira.webp","datePublished":"2025-08-19T01:07:34+00:00","author":{"@id":"https:\/\/gazetapernambucana.com\/#\/schema\/person\/188dc283325181ac2de4db1e9e987427"},"breadcrumb":{"@id":"https:\/\/gazetapernambucana.com\/?p=1529#breadcrumb"},"inLanguage":"pt-BR","potentialAction":[{"@type":"ReadAction","target":["https:\/\/gazetapernambucana.com\/?p=1529"]}]},{"@type":"ImageObject","inLanguage":"pt-BR","@id":"https:\/\/gazetapernambucana.com\/?p=1529#primaryimage","url":"https:\/\/gazetapernambucana.com\/wp-content\/uploads\/2025\/08\/cora-coralina-biografia-tudo-sobre-a-poetisa-e-contista-brasileira.webp","contentUrl":"https:\/\/gazetapernambucana.com\/wp-content\/uploads\/2025\/08\/cora-coralina-biografia-tudo-sobre-a-poetisa-e-contista-brasileira.webp","width":1200,"height":800},{"@type":"BreadcrumbList","@id":"https:\/\/gazetapernambucana.com\/?p=1529#breadcrumb","itemListElement":[{"@type":"ListItem","position":1,"name":"In\u00edcio","item":"https:\/\/gazetapernambucana.com\/"},{"@type":"ListItem","position":2,"name":"O inconformismo de Cora Coralina com os menores abandonados"}]},{"@type":"WebSite","@id":"https:\/\/gazetapernambucana.com\/#website","url":"https:\/\/gazetapernambucana.com\/","name":"","description":"","potentialAction":[{"@type":"SearchAction","target":{"@type":"EntryPoint","urlTemplate":"https:\/\/gazetapernambucana.com\/?s={search_term_string}"},"query-input":{"@type":"PropertyValueSpecification","valueRequired":true,"valueName":"search_term_string"}}],"inLanguage":"pt-BR"},{"@type":"Person","@id":"https:\/\/gazetapernambucana.com\/#\/schema\/person\/188dc283325181ac2de4db1e9e987427","name":"GP","image":{"@type":"ImageObject","inLanguage":"pt-BR","@id":"https:\/\/gazetapernambucana.com\/#\/schema\/person\/image\/","url":"https:\/\/secure.gravatar.com\/avatar\/9dad78ff9a2d8b5742d11779f8a3f53b052320c550b2e1907882353c067bb111?s=96&d=mm&r=g","contentUrl":"https:\/\/secure.gravatar.com\/avatar\/9dad78ff9a2d8b5742d11779f8a3f53b052320c550b2e1907882353c067bb111?s=96&d=mm&r=g","caption":"GP"},"sameAs":["http:\/\/gazetapernambucana.com"],"url":"https:\/\/gazetapernambucana.com\/?author=1"}]}},"jetpack_publicize_connections":[],"_links":{"self":[{"href":"https:\/\/gazetapernambucana.com\/index.php?rest_route=\/wp\/v2\/posts\/1529","targetHints":{"allow":["GET"]}}],"collection":[{"href":"https:\/\/gazetapernambucana.com\/index.php?rest_route=\/wp\/v2\/posts"}],"about":[{"href":"https:\/\/gazetapernambucana.com\/index.php?rest_route=\/wp\/v2\/types\/post"}],"author":[{"embeddable":true,"href":"https:\/\/gazetapernambucana.com\/index.php?rest_route=\/wp\/v2\/users\/1"}],"replies":[{"embeddable":true,"href":"https:\/\/gazetapernambucana.com\/index.php?rest_route=%2Fwp%2Fv2%2Fcomments&post=1529"}],"version-history":[{"count":1,"href":"https:\/\/gazetapernambucana.com\/index.php?rest_route=\/wp\/v2\/posts\/1529\/revisions"}],"predecessor-version":[{"id":1531,"href":"https:\/\/gazetapernambucana.com\/index.php?rest_route=\/wp\/v2\/posts\/1529\/revisions\/1531"}],"wp:featuredmedia":[{"embeddable":true,"href":"https:\/\/gazetapernambucana.com\/index.php?rest_route=\/wp\/v2\/media\/1530"}],"wp:attachment":[{"href":"https:\/\/gazetapernambucana.com\/index.php?rest_route=%2Fwp%2Fv2%2Fmedia&parent=1529"}],"wp:term":[{"taxonomy":"category","embeddable":true,"href":"https:\/\/gazetapernambucana.com\/index.php?rest_route=%2Fwp%2Fv2%2Fcategories&post=1529"},{"taxonomy":"post_tag","embeddable":true,"href":"https:\/\/gazetapernambucana.com\/index.php?rest_route=%2Fwp%2Fv2%2Ftags&post=1529"}],"curies":[{"name":"wp","href":"https:\/\/api.w.org\/{rel}","templated":true}]}}