{"id":1525,"date":"2025-08-18T21:48:38","date_gmt":"2025-08-19T00:48:38","guid":{"rendered":"https:\/\/gazetapernambucana.com\/?p=1525"},"modified":"2025-08-18T21:49:20","modified_gmt":"2025-08-19T00:49:20","slug":"1525","status":"publish","type":"post","link":"https:\/\/gazetapernambucana.com\/?p=1525","title":{"rendered":"Com v\u00e1rios meses de atraso, Congresso instala nesta semana a CPMI do INSS"},"content":{"rendered":"<div class=\"wp-caption aligncenter\">\n<p><strong><img loading=\"lazy\" decoding=\"async\" src=\"https:\/\/s2-oglobo.glbimg.com\/H9j7K0VISj9B1NcREOjv-hHwqPM=\/0x0:4337x2891\/888x0\/smart\/filters:strip_icc()\/i.s3.glbimg.com\/v1\/AUTH_da025474c0c44edd99332dddb09cabe8\/internal_photos\/bs\/2025\/g\/W\/MRBLbTTC6cWWACHOWi1A\/bre11823.jpg\" alt=\"Alcolumbre e Motta celebram escolha de novo Papa: 'Continuar legado de Francisco', diz presidente da C\u00e2mara\" width=\"360\" height=\"240\" \/><\/strong><\/p>\n<p class=\"wp-caption-text\"><strong>Motta e Alcolumbre fizeram de tudo para atrasar a CPMI<\/strong><\/p>\n<\/div>\n<p><strong>Mateus Salom\u00e3o e Emilly Behnke<\/strong>,<br \/>\n<em>da CNN<\/em><\/p>\n<p>A CPMI (Comiss\u00e3o Parlamentar Mista de Inqu\u00e9rito) criada para investigar fraudes ao INSS (Instituto Nacional do Seguro Social) ser\u00e1 instalada nesta semana. A primeira sess\u00e3o, ainda sem data marcada, confirmar\u00e1 os nomes do senador Omar Aziz (PSD-AM) na presid\u00eancia e do deputado Ricardo Ayres (Republicanos-TO) na relatoria. A cria\u00e7\u00e3o de colegiado parlamentar para investigar o esquema bilion\u00e1rio de descontos a aposentadorias e pens\u00f5es foi encampada pela oposi\u00e7\u00e3o no Congresso Nacional.<\/p>\n<p>Ainda que a cria\u00e7\u00e3o da CPMI tenha sido formalizada em junho, estava pendente a nomea\u00e7\u00e3o dos membros e instala\u00e7\u00e3o. A espera chega ao fim nesta semana.<\/p>\n<p><strong>IMPRETERIVELMENTE<\/strong>\u00a0\u2013 O presidente do Senado Federal, Davi Alcolumbre (Uni\u00e3o-AP), afirmou que h\u00e1 um compromisso entre ele e o presidente Hugo Motta (Republicanos-PB) para que a CPMI seja instalada esta semana \u201cimpreterivelmente\u201d.<\/p>\n<p>A nomea\u00e7\u00e3o de relator pelo presidente Hugo Motta, da C\u00e2mara dos Deputados, cumpriu etapa essencial \u00e0 instala\u00e7\u00e3o. O escolhido foi Ricardo Ayres (Republicanos-PB), nome que atende \u00e0 expectativa da escolha de um relator com habilidade para lidar com a esquerda e com a direita.<\/p>\n<p>Ayres se comprometeu a conduzir um trabalho t\u00e9cnico, imparcial e transparente. \u201cNosso compromisso \u00e9 apurar com rigor todas as den\u00fancias de irregularidades que possam ter prejudicado aposentados e pensionistas, garantindo que os culpados respondam pelo que fizeram e que os direitos de cada benefici\u00e1rio sejam preservados\u201d, escreveu nas redes sociais ap\u00f3s a nomea\u00e7\u00e3o.<\/p>\n<p><strong>60 PARLAMENTARES<\/strong>\u00a0\u2013 A comiss\u00e3o ser\u00e1 composta por 15 deputados e 15 senadores titulares e igual n\u00famero de suplentes. Os l\u00edderes partid\u00e1rios, entretanto, ainda fecham a lista com os escalados para compor o colegiado. As indica\u00e7\u00f5es devem respeitar o princ\u00edpio da proporcionalidade partid\u00e1ria, ou seja, os maiores blocos e partidos t\u00eam direito a mais vagas.<\/p>\n<p>O esquema de descontos ilegais na folha de pagamentos de aposentados e pensionistas foi revelado em abril ap\u00f3s opera\u00e7\u00e3o da Pol\u00edcia Federal (PF) e Controladoria-Geral da Uni\u00e3o (CGU).<\/p>\n<p>No total, as entidades teriam cobrado de aposentados e pensionistas um valor estimado de R$ 6,3 bilh\u00f5es, entre os anos de 2019 e 2024.<\/p>\n","protected":false},"excerpt":{"rendered":"<p>Motta e Alcolumbre fizeram de tudo para atrasar a CPMI Mateus Salom\u00e3o e Emilly Behnke, da CNN A CPMI (Comiss\u00e3o Parlamentar Mista de Inqu\u00e9rito) criada para investigar fraudes ao INSS (Instituto Nacional do Seguro Social) ser\u00e1 instalada nesta semana. A primeira sess\u00e3o, ainda sem data marcada, confirmar\u00e1 os nomes do senador Omar Aziz (PSD-AM) na [&hellip;]<\/p>\n","protected":false},"author":1,"featured_media":1526,"comment_status":"open","ping_status":"open","sticky":false,"template":"","format":"standard","meta":{"footnotes":"","jetpack_publicize_message":"","jetpack_publicize_feature_enabled":true,"jetpack_social_post_already_shared":true,"jetpack_social_options":{"image_generator_settings":{"template":"highway","default_image_id":0,"font":"","enabled":false},"version":2}},"categories":[37,1,65],"tags":[],"class_list":["post-1525","post","type-post","status-publish","format-standard","has-post-thumbnail","hentry","category-https-gazetapernambucana-com-page_id212","category-https-gazetapernambucana-com-page_id225","category-politica"],"yoast_head":"<!-- This site is optimized with the Yoast SEO plugin v24.5 - https:\/\/yoast.com\/wordpress\/plugins\/seo\/ -->\n<title>Com v\u00e1rios meses de atraso, Congresso instala nesta semana a CPMI do INSS -<\/title>\n<meta name=\"robots\" content=\"index, follow, max-snippet:-1, max-image-preview:large, max-video-preview:-1\" \/>\n<link rel=\"canonical\" href=\"https:\/\/gazetapernambucana.com\/?p=1525\" \/>\n<meta property=\"og:locale\" content=\"pt_BR\" \/>\n<meta property=\"og:type\" content=\"article\" \/>\n<meta property=\"og:title\" content=\"Com v\u00e1rios meses de atraso, Congresso instala nesta semana a CPMI do INSS -\" \/>\n<meta property=\"og:description\" content=\"Motta e Alcolumbre fizeram de tudo para atrasar a CPMI Mateus Salom\u00e3o e Emilly Behnke, da CNN A CPMI (Comiss\u00e3o Parlamentar Mista de Inqu\u00e9rito) criada para investigar fraudes ao INSS (Instituto Nacional do Seguro Social) ser\u00e1 instalada nesta semana. A primeira sess\u00e3o, ainda sem data marcada, confirmar\u00e1 os nomes do senador Omar Aziz (PSD-AM) na [&hellip;]\" \/>\n<meta property=\"og:url\" content=\"https:\/\/gazetapernambucana.com\/?p=1525\" \/>\n<meta property=\"article:published_time\" content=\"2025-08-19T00:48:38+00:00\" \/>\n<meta property=\"article:modified_time\" content=\"2025-08-19T00:49:20+00:00\" \/>\n<meta property=\"og:image\" content=\"https:\/\/gazetapernambucana.com\/wp-content\/uploads\/2025\/08\/imagem_materia.jpeg\" \/>\n\t<meta property=\"og:image:width\" content=\"860\" \/>\n\t<meta property=\"og:image:height\" content=\"570\" \/>\n\t<meta property=\"og:image:type\" content=\"image\/jpeg\" \/>\n<meta name=\"author\" content=\"GP\" \/>\n<meta name=\"twitter:card\" content=\"summary_large_image\" \/>\n<meta name=\"twitter:label1\" content=\"Escrito por\" \/>\n\t<meta name=\"twitter:data1\" content=\"GP\" \/>\n\t<meta name=\"twitter:label2\" content=\"Est. tempo de leitura\" \/>\n\t<meta name=\"twitter:data2\" content=\"3 minutos\" \/>\n<script type=\"application\/ld+json\" class=\"yoast-schema-graph\">{\"@context\":\"https:\/\/schema.org\",\"@graph\":[{\"@type\":\"WebPage\",\"@id\":\"https:\/\/gazetapernambucana.com\/?p=1525\",\"url\":\"https:\/\/gazetapernambucana.com\/?p=1525\",\"name\":\"Com v\u00e1rios meses de atraso, Congresso instala nesta semana a CPMI do INSS -\",\"isPartOf\":{\"@id\":\"https:\/\/gazetapernambucana.com\/#website\"},\"primaryImageOfPage\":{\"@id\":\"https:\/\/gazetapernambucana.com\/?p=1525#primaryimage\"},\"image\":{\"@id\":\"https:\/\/gazetapernambucana.com\/?p=1525#primaryimage\"},\"thumbnailUrl\":\"https:\/\/gazetapernambucana.com\/wp-content\/uploads\/2025\/08\/imagem_materia.jpeg\",\"datePublished\":\"2025-08-19T00:48:38+00:00\",\"dateModified\":\"2025-08-19T00:49:20+00:00\",\"author\":{\"@id\":\"https:\/\/gazetapernambucana.com\/#\/schema\/person\/188dc283325181ac2de4db1e9e987427\"},\"breadcrumb\":{\"@id\":\"https:\/\/gazetapernambucana.com\/?p=1525#breadcrumb\"},\"inLanguage\":\"pt-BR\",\"potentialAction\":[{\"@type\":\"ReadAction\",\"target\":[\"https:\/\/gazetapernambucana.com\/?p=1525\"]}]},{\"@type\":\"ImageObject\",\"inLanguage\":\"pt-BR\",\"@id\":\"https:\/\/gazetapernambucana.com\/?p=1525#primaryimage\",\"url\":\"https:\/\/gazetapernambucana.com\/wp-content\/uploads\/2025\/08\/imagem_materia.jpeg\",\"contentUrl\":\"https:\/\/gazetapernambucana.com\/wp-content\/uploads\/2025\/08\/imagem_materia.jpeg\",\"width\":860,\"height\":570},{\"@type\":\"BreadcrumbList\",\"@id\":\"https:\/\/gazetapernambucana.com\/?p=1525#breadcrumb\",\"itemListElement\":[{\"@type\":\"ListItem\",\"position\":1,\"name\":\"In\u00edcio\",\"item\":\"https:\/\/gazetapernambucana.com\/\"},{\"@type\":\"ListItem\",\"position\":2,\"name\":\"Com v\u00e1rios meses de atraso, Congresso instala nesta semana a CPMI do INSS\"}]},{\"@type\":\"WebSite\",\"@id\":\"https:\/\/gazetapernambucana.com\/#website\",\"url\":\"https:\/\/gazetapernambucana.com\/\",\"name\":\"\",\"description\":\"\",\"potentialAction\":[{\"@type\":\"SearchAction\",\"target\":{\"@type\":\"EntryPoint\",\"urlTemplate\":\"https:\/\/gazetapernambucana.com\/?s={search_term_string}\"},\"query-input\":{\"@type\":\"PropertyValueSpecification\",\"valueRequired\":true,\"valueName\":\"search_term_string\"}}],\"inLanguage\":\"pt-BR\"},{\"@type\":\"Person\",\"@id\":\"https:\/\/gazetapernambucana.com\/#\/schema\/person\/188dc283325181ac2de4db1e9e987427\",\"name\":\"GP\",\"image\":{\"@type\":\"ImageObject\",\"inLanguage\":\"pt-BR\",\"@id\":\"https:\/\/gazetapernambucana.com\/#\/schema\/person\/image\/\",\"url\":\"https:\/\/secure.gravatar.com\/avatar\/9dad78ff9a2d8b5742d11779f8a3f53b052320c550b2e1907882353c067bb111?s=96&d=mm&r=g\",\"contentUrl\":\"https:\/\/secure.gravatar.com\/avatar\/9dad78ff9a2d8b5742d11779f8a3f53b052320c550b2e1907882353c067bb111?s=96&d=mm&r=g\",\"caption\":\"GP\"},\"sameAs\":[\"http:\/\/gazetapernambucana.com\"],\"url\":\"https:\/\/gazetapernambucana.com\/?author=1\"}]}<\/script>\n<!-- \/ Yoast SEO plugin. -->","yoast_head_json":{"title":"Com v\u00e1rios meses de atraso, Congresso instala nesta semana a CPMI do INSS -","robots":{"index":"index","follow":"follow","max-snippet":"max-snippet:-1","max-image-preview":"max-image-preview:large","max-video-preview":"max-video-preview:-1"},"canonical":"https:\/\/gazetapernambucana.com\/?p=1525","og_locale":"pt_BR","og_type":"article","og_title":"Com v\u00e1rios meses de atraso, Congresso instala nesta semana a CPMI do INSS -","og_description":"Motta e Alcolumbre fizeram de tudo para atrasar a CPMI Mateus Salom\u00e3o e Emilly Behnke, da CNN A CPMI (Comiss\u00e3o Parlamentar Mista de Inqu\u00e9rito) criada para investigar fraudes ao INSS (Instituto Nacional do Seguro Social) ser\u00e1 instalada nesta semana. A primeira sess\u00e3o, ainda sem data marcada, confirmar\u00e1 os nomes do senador Omar Aziz (PSD-AM) na [&hellip;]","og_url":"https:\/\/gazetapernambucana.com\/?p=1525","article_published_time":"2025-08-19T00:48:38+00:00","article_modified_time":"2025-08-19T00:49:20+00:00","og_image":[{"width":860,"height":570,"url":"https:\/\/gazetapernambucana.com\/wp-content\/uploads\/2025\/08\/imagem_materia.jpeg","type":"image\/jpeg"}],"author":"GP","twitter_card":"summary_large_image","twitter_misc":{"Escrito por":"GP","Est. tempo de leitura":"3 minutos"},"schema":{"@context":"https:\/\/schema.org","@graph":[{"@type":"WebPage","@id":"https:\/\/gazetapernambucana.com\/?p=1525","url":"https:\/\/gazetapernambucana.com\/?p=1525","name":"Com v\u00e1rios meses de atraso, Congresso instala nesta semana a CPMI do INSS -","isPartOf":{"@id":"https:\/\/gazetapernambucana.com\/#website"},"primaryImageOfPage":{"@id":"https:\/\/gazetapernambucana.com\/?p=1525#primaryimage"},"image":{"@id":"https:\/\/gazetapernambucana.com\/?p=1525#primaryimage"},"thumbnailUrl":"https:\/\/gazetapernambucana.com\/wp-content\/uploads\/2025\/08\/imagem_materia.jpeg","datePublished":"2025-08-19T00:48:38+00:00","dateModified":"2025-08-19T00:49:20+00:00","author":{"@id":"https:\/\/gazetapernambucana.com\/#\/schema\/person\/188dc283325181ac2de4db1e9e987427"},"breadcrumb":{"@id":"https:\/\/gazetapernambucana.com\/?p=1525#breadcrumb"},"inLanguage":"pt-BR","potentialAction":[{"@type":"ReadAction","target":["https:\/\/gazetapernambucana.com\/?p=1525"]}]},{"@type":"ImageObject","inLanguage":"pt-BR","@id":"https:\/\/gazetapernambucana.com\/?p=1525#primaryimage","url":"https:\/\/gazetapernambucana.com\/wp-content\/uploads\/2025\/08\/imagem_materia.jpeg","contentUrl":"https:\/\/gazetapernambucana.com\/wp-content\/uploads\/2025\/08\/imagem_materia.jpeg","width":860,"height":570},{"@type":"BreadcrumbList","@id":"https:\/\/gazetapernambucana.com\/?p=1525#breadcrumb","itemListElement":[{"@type":"ListItem","position":1,"name":"In\u00edcio","item":"https:\/\/gazetapernambucana.com\/"},{"@type":"ListItem","position":2,"name":"Com v\u00e1rios meses de atraso, Congresso instala nesta semana a CPMI do INSS"}]},{"@type":"WebSite","@id":"https:\/\/gazetapernambucana.com\/#website","url":"https:\/\/gazetapernambucana.com\/","name":"","description":"","potentialAction":[{"@type":"SearchAction","target":{"@type":"EntryPoint","urlTemplate":"https:\/\/gazetapernambucana.com\/?s={search_term_string}"},"query-input":{"@type":"PropertyValueSpecification","valueRequired":true,"valueName":"search_term_string"}}],"inLanguage":"pt-BR"},{"@type":"Person","@id":"https:\/\/gazetapernambucana.com\/#\/schema\/person\/188dc283325181ac2de4db1e9e987427","name":"GP","image":{"@type":"ImageObject","inLanguage":"pt-BR","@id":"https:\/\/gazetapernambucana.com\/#\/schema\/person\/image\/","url":"https:\/\/secure.gravatar.com\/avatar\/9dad78ff9a2d8b5742d11779f8a3f53b052320c550b2e1907882353c067bb111?s=96&d=mm&r=g","contentUrl":"https:\/\/secure.gravatar.com\/avatar\/9dad78ff9a2d8b5742d11779f8a3f53b052320c550b2e1907882353c067bb111?s=96&d=mm&r=g","caption":"GP"},"sameAs":["http:\/\/gazetapernambucana.com"],"url":"https:\/\/gazetapernambucana.com\/?author=1"}]}},"jetpack_publicize_connections":[],"_links":{"self":[{"href":"https:\/\/gazetapernambucana.com\/index.php?rest_route=\/wp\/v2\/posts\/1525","targetHints":{"allow":["GET"]}}],"collection":[{"href":"https:\/\/gazetapernambucana.com\/index.php?rest_route=\/wp\/v2\/posts"}],"about":[{"href":"https:\/\/gazetapernambucana.com\/index.php?rest_route=\/wp\/v2\/types\/post"}],"author":[{"embeddable":true,"href":"https:\/\/gazetapernambucana.com\/index.php?rest_route=\/wp\/v2\/users\/1"}],"replies":[{"embeddable":true,"href":"https:\/\/gazetapernambucana.com\/index.php?rest_route=%2Fwp%2Fv2%2Fcomments&post=1525"}],"version-history":[{"count":2,"href":"https:\/\/gazetapernambucana.com\/index.php?rest_route=\/wp\/v2\/posts\/1525\/revisions"}],"predecessor-version":[{"id":1528,"href":"https:\/\/gazetapernambucana.com\/index.php?rest_route=\/wp\/v2\/posts\/1525\/revisions\/1528"}],"wp:featuredmedia":[{"embeddable":true,"href":"https:\/\/gazetapernambucana.com\/index.php?rest_route=\/wp\/v2\/media\/1526"}],"wp:attachment":[{"href":"https:\/\/gazetapernambucana.com\/index.php?rest_route=%2Fwp%2Fv2%2Fmedia&parent=1525"}],"wp:term":[{"taxonomy":"category","embeddable":true,"href":"https:\/\/gazetapernambucana.com\/index.php?rest_route=%2Fwp%2Fv2%2Fcategories&post=1525"},{"taxonomy":"post_tag","embeddable":true,"href":"https:\/\/gazetapernambucana.com\/index.php?rest_route=%2Fwp%2Fv2%2Ftags&post=1525"}],"curies":[{"name":"wp","href":"https:\/\/api.w.org\/{rel}","templated":true}]}}