{"id":1516,"date":"2025-08-16T22:18:50","date_gmt":"2025-08-17T01:18:50","guid":{"rendered":"https:\/\/gazetapernambucana.com\/?p=1516"},"modified":"2025-08-16T22:18:50","modified_gmt":"2025-08-17T01:18:50","slug":"video-o-silencio-que-grita-das-ruas-por-flavio-chaves","status":"publish","type":"post","link":"https:\/\/gazetapernambucana.com\/?p=1516","title":{"rendered":"V\u00eddeo: O sil\u00eancio que grita das ruas. Por Fl\u00e1vio Chaves"},"content":{"rendered":"<h3 data-start=\"151\" data-end=\"186\">O palco da solid\u00e3o urbana com a vida encenada no frio da cal\u00e7ada<\/h3>\n<p data-start=\"188\" data-end=\"657\"><img loading=\"lazy\" decoding=\"async\" class=\"alignnone size-full wp-image-174476\" src=\"https:\/\/flaviochaves.com.br\/wp-content\/uploads\/2025\/08\/capa_Provocacoes_Carlos_Carbone.jpg\" alt=\"\" width=\"300\" height=\"204\" \/>\u00a0 \u00a0 \u00a0\u00a0<strong data-start=\"149\" data-end=\"168\">Por Fl\u00e1vio Chaves \u2013 Jornalista, poeta, escritor e membro da Academia Pernambucana de Letras. Foi Delegado Federal\/Minc\u00a0 \u2013<\/strong>\u00a0 Na tela de um celular, a cena \u00e9 curta, mas pesa como um livro inteiro. Ant\u00f4nio Abujamra, ator, jornalista e fil\u00f3sofo, empresta sua voz grave e seu olhar inquisitivo para registrar uma realidade que muitos preferem ignorar. \u00c0 sua frente, um homem sentado, o rosto marcado por sulcos profundos, a barba malcuidada, os olhos cansados como se carregassem o peso de um s\u00e9culo. Quando revela sua idade, 57 anos, a surpresa \u00e9 inevit\u00e1vel: a rua envelhece mais do que o tempo.<\/p>\n<p data-start=\"659\" data-end=\"1102\">As perguntas de Abujamra s\u00e3o poucas, diretas. As respostas, curtas, quase secas. Mas cada sil\u00eancio entre uma frase e outra escancara uma verdade que n\u00e3o cabe em palavras: viver na rua \u00e9 estar fora do rel\u00f3gio social, \u00e9 assistir ao movimento do mundo como quem n\u00e3o tem direito de participar dele. O homem fala pouco, mas seu olhar diz muito, e nele h\u00e1 uma mistura de desamparo e dignidade que nenhum discurso pol\u00edtico seria capaz de traduzir.<\/p>\n<p data-start=\"1104\" data-end=\"1514\">O v\u00eddeo ecoa porque revela aquilo que tentamos n\u00e3o ver. N\u00e3o \u00e9 novidade que milhares de brasileiros vivem hoje em situa\u00e7\u00e3o de rua, mas quando um rosto, um corpo e uma hist\u00f3ria se colocam diante da c\u00e2mera, a estat\u00edstica ganha carne, ossos e sofrimento. E ent\u00e3o percebemos que a pobreza n\u00e3o \u00e9 apenas a aus\u00eancia de dinheiro; \u00e9 o efeito de uma engrenagem social que, bem azeitada para alguns, emperra para muitos.<\/p>\n<p data-start=\"1516\" data-end=\"1946\">A estrutura de poder, travestida de normalidade, n\u00e3o deixa que esses cidad\u00e3os saiam do lugar onde est\u00e3o. Quem mora na rua n\u00e3o \u00e9 apenas algu\u00e9m \u201csem teto\u201d: \u00e9 algu\u00e9m expulso sistematicamente de qualquer rede de prote\u00e7\u00e3o. Faltam pol\u00edticas p\u00fablicas consistentes, faltam oportunidades de trabalho reais, falta um Estado que olhe para al\u00e9m das vitrines iluminadas das grandes avenidas. E sobra criminaliza\u00e7\u00e3o, preconceito, indiferen\u00e7a.<\/p>\n<p data-start=\"1948\" data-end=\"2241\">A entrevista conduzida por Abujamra \u00e9 um espelho inc\u00f4modo: ali est\u00e1 um homem, mas poderia estar qualquer um de n\u00f3s se a vida tivesse dobrado em outra esquina. O rosto de 57 anos que parece muito mais denuncia n\u00e3o s\u00f3 a dureza da rua, mas tamb\u00e9m a fal\u00eancia de uma sociedade que naturalizou o abandono.<\/p>\n<p data-start=\"2243\" data-end=\"2640\">Mais do que uma conversa, o v\u00eddeo \u00e9 um grito silencioso. Ele nos obriga a pensar que, enquanto n\u00e3o enfrentarmos as ra\u00edzes da exclus\u00e3o ,a desigualdade, o desmonte da assist\u00eancia social, a indiferen\u00e7a coletiva, seguiremos contando hist\u00f3rias de homens e mulheres que envelhecem antes do tempo, sentados no ch\u00e3o frio da cidade, invis\u00edveis at\u00e9 que uma c\u00e2mera os torne temporariamente vis\u00edveis.<\/p>\n<p data-start=\"2642\" data-end=\"3075\">E talvez a\u00ed resida a grande li\u00e7\u00e3o de Abujamra: transformar a entrevista em espelho, o sil\u00eancio em filosofia, a rua em palco. Diante daquele homem, a c\u00e2mera n\u00e3o registrou apenas a mis\u00e9ria, registrou a nossa incapacidade de amar como sociedade. Aquele olhar de 57 anos que parecia ser mais permanece: n\u00e3o como lembran\u00e7a, mas como interroga\u00e7\u00e3o. O que faremos, enfim, para que a vida n\u00e3o seja apenas um ato cruel encenado nas cal\u00e7adas?<\/p>\n<p data-start=\"2642\" data-end=\"3075\"><strong>Veja o v\u00eddeo:<\/strong><\/p>\n<div style=\"width: 640px;\" class=\"wp-video\"><video class=\"wp-video-shortcode\" id=\"video-1516-1\" width=\"640\" height=\"1138\" preload=\"metadata\" controls=\"controls\"><source type=\"video\/mp4\" src=\"http:\/\/gazetapernambucana.com\/wp-content\/uploads\/2025\/08\/SnapInsta.to_AQNbStqqYVs9mzH89aVTb_PCcmIQqOcmpmsFO9dbsdL7E4T-nu0arJix6b82P1th47D_Htxlj5DC5cL-KY9P22hSvvftciwlYLpXqBA.mp4?_=1\" \/><a href=\"http:\/\/gazetapernambucana.com\/wp-content\/uploads\/2025\/08\/SnapInsta.to_AQNbStqqYVs9mzH89aVTb_PCcmIQqOcmpmsFO9dbsdL7E4T-nu0arJix6b82P1th47D_Htxlj5DC5cL-KY9P22hSvvftciwlYLpXqBA.mp4\">http:\/\/gazetapernambucana.com\/wp-content\/uploads\/2025\/08\/SnapInsta.to_AQNbStqqYVs9mzH89aVTb_PCcmIQqOcmpmsFO9dbsdL7E4T-nu0arJix6b82P1th47D_Htxlj5DC5cL-KY9P22hSvvftciwlYLpXqBA.mp4<\/a><\/video><\/div>\n","protected":false},"excerpt":{"rendered":"<p>O palco da solid\u00e3o urbana com a vida encenada no frio da cal\u00e7ada \u00a0 \u00a0 \u00a0\u00a0Por Fl\u00e1vio Chaves \u2013 Jornalista, poeta, escritor e membro da Academia Pernambucana de Letras. Foi Delegado Federal\/Minc\u00a0 \u2013\u00a0 Na tela de um celular, a cena \u00e9 curta, mas pesa como um livro inteiro. Ant\u00f4nio Abujamra, ator, jornalista e fil\u00f3sofo, empresta [&hellip;]<\/p>\n","protected":false},"author":1,"featured_media":1518,"comment_status":"open","ping_status":"open","sticky":false,"template":"","format":"standard","meta":{"footnotes":"","jetpack_publicize_message":"","jetpack_publicize_feature_enabled":true,"jetpack_social_post_already_shared":true,"jetpack_social_options":{"image_generator_settings":{"template":"highway","default_image_id":0,"font":"","enabled":false},"version":2}},"categories":[66,1],"tags":[],"class_list":["post-1516","post","type-post","status-publish","format-standard","has-post-thumbnail","hentry","category-cidades","category-https-gazetapernambucana-com-page_id225"],"yoast_head":"<!-- This site is optimized with the Yoast SEO plugin v24.5 - https:\/\/yoast.com\/wordpress\/plugins\/seo\/ -->\n<title>V\u00eddeo: O sil\u00eancio que grita das ruas. Por Fl\u00e1vio Chaves -<\/title>\n<meta name=\"robots\" content=\"index, follow, max-snippet:-1, max-image-preview:large, max-video-preview:-1\" \/>\n<link rel=\"canonical\" href=\"https:\/\/gazetapernambucana.com\/?p=1516\" \/>\n<meta property=\"og:locale\" content=\"pt_BR\" \/>\n<meta property=\"og:type\" content=\"article\" \/>\n<meta property=\"og:title\" content=\"V\u00eddeo: O sil\u00eancio que grita das ruas. Por Fl\u00e1vio Chaves -\" \/>\n<meta property=\"og:description\" content=\"O palco da solid\u00e3o urbana com a vida encenada no frio da cal\u00e7ada \u00a0 \u00a0 \u00a0\u00a0Por Fl\u00e1vio Chaves \u2013 Jornalista, poeta, escritor e membro da Academia Pernambucana de Letras. Foi Delegado Federal\/Minc\u00a0 \u2013\u00a0 Na tela de um celular, a cena \u00e9 curta, mas pesa como um livro inteiro. Ant\u00f4nio Abujamra, ator, jornalista e fil\u00f3sofo, empresta [&hellip;]\" \/>\n<meta property=\"og:url\" content=\"https:\/\/gazetapernambucana.com\/?p=1516\" \/>\n<meta property=\"article:published_time\" content=\"2025-08-17T01:18:50+00:00\" \/>\n<meta property=\"og:image\" content=\"https:\/\/gazetapernambucana.com\/wp-content\/uploads\/2025\/08\/capa_Provocacoes_Carlos_Carbone.jpg\" \/>\n\t<meta property=\"og:image:width\" content=\"300\" \/>\n\t<meta property=\"og:image:height\" content=\"204\" \/>\n\t<meta property=\"og:image:type\" content=\"image\/jpeg\" \/>\n<meta name=\"author\" content=\"GP\" \/>\n<meta name=\"twitter:card\" content=\"summary_large_image\" \/>\n<meta name=\"twitter:label1\" content=\"Escrito por\" \/>\n\t<meta name=\"twitter:data1\" content=\"GP\" \/>\n\t<meta name=\"twitter:label2\" content=\"Est. tempo de leitura\" \/>\n\t<meta name=\"twitter:data2\" content=\"4 minutos\" \/>\n<script type=\"application\/ld+json\" class=\"yoast-schema-graph\">{\"@context\":\"https:\/\/schema.org\",\"@graph\":[{\"@type\":\"WebPage\",\"@id\":\"https:\/\/gazetapernambucana.com\/?p=1516\",\"url\":\"https:\/\/gazetapernambucana.com\/?p=1516\",\"name\":\"V\u00eddeo: O sil\u00eancio que grita das ruas. Por Fl\u00e1vio Chaves -\",\"isPartOf\":{\"@id\":\"https:\/\/gazetapernambucana.com\/#website\"},\"primaryImageOfPage\":{\"@id\":\"https:\/\/gazetapernambucana.com\/?p=1516#primaryimage\"},\"image\":{\"@id\":\"https:\/\/gazetapernambucana.com\/?p=1516#primaryimage\"},\"thumbnailUrl\":\"https:\/\/gazetapernambucana.com\/wp-content\/uploads\/2025\/08\/capa_Provocacoes_Carlos_Carbone.jpg\",\"datePublished\":\"2025-08-17T01:18:50+00:00\",\"author\":{\"@id\":\"https:\/\/gazetapernambucana.com\/#\/schema\/person\/188dc283325181ac2de4db1e9e987427\"},\"breadcrumb\":{\"@id\":\"https:\/\/gazetapernambucana.com\/?p=1516#breadcrumb\"},\"inLanguage\":\"pt-BR\",\"potentialAction\":[{\"@type\":\"ReadAction\",\"target\":[\"https:\/\/gazetapernambucana.com\/?p=1516\"]}]},{\"@type\":\"ImageObject\",\"inLanguage\":\"pt-BR\",\"@id\":\"https:\/\/gazetapernambucana.com\/?p=1516#primaryimage\",\"url\":\"https:\/\/gazetapernambucana.com\/wp-content\/uploads\/2025\/08\/capa_Provocacoes_Carlos_Carbone.jpg\",\"contentUrl\":\"https:\/\/gazetapernambucana.com\/wp-content\/uploads\/2025\/08\/capa_Provocacoes_Carlos_Carbone.jpg\",\"width\":300,\"height\":204},{\"@type\":\"BreadcrumbList\",\"@id\":\"https:\/\/gazetapernambucana.com\/?p=1516#breadcrumb\",\"itemListElement\":[{\"@type\":\"ListItem\",\"position\":1,\"name\":\"In\u00edcio\",\"item\":\"https:\/\/gazetapernambucana.com\/\"},{\"@type\":\"ListItem\",\"position\":2,\"name\":\"V\u00eddeo: O sil\u00eancio que grita das ruas. Por Fl\u00e1vio Chaves\"}]},{\"@type\":\"WebSite\",\"@id\":\"https:\/\/gazetapernambucana.com\/#website\",\"url\":\"https:\/\/gazetapernambucana.com\/\",\"name\":\"\",\"description\":\"\",\"potentialAction\":[{\"@type\":\"SearchAction\",\"target\":{\"@type\":\"EntryPoint\",\"urlTemplate\":\"https:\/\/gazetapernambucana.com\/?s={search_term_string}\"},\"query-input\":{\"@type\":\"PropertyValueSpecification\",\"valueRequired\":true,\"valueName\":\"search_term_string\"}}],\"inLanguage\":\"pt-BR\"},{\"@type\":\"Person\",\"@id\":\"https:\/\/gazetapernambucana.com\/#\/schema\/person\/188dc283325181ac2de4db1e9e987427\",\"name\":\"GP\",\"image\":{\"@type\":\"ImageObject\",\"inLanguage\":\"pt-BR\",\"@id\":\"https:\/\/gazetapernambucana.com\/#\/schema\/person\/image\/\",\"url\":\"https:\/\/secure.gravatar.com\/avatar\/9dad78ff9a2d8b5742d11779f8a3f53b052320c550b2e1907882353c067bb111?s=96&d=mm&r=g\",\"contentUrl\":\"https:\/\/secure.gravatar.com\/avatar\/9dad78ff9a2d8b5742d11779f8a3f53b052320c550b2e1907882353c067bb111?s=96&d=mm&r=g\",\"caption\":\"GP\"},\"sameAs\":[\"http:\/\/gazetapernambucana.com\"],\"url\":\"https:\/\/gazetapernambucana.com\/?author=1\"}]}<\/script>\n<!-- \/ Yoast SEO plugin. -->","yoast_head_json":{"title":"V\u00eddeo: O sil\u00eancio que grita das ruas. Por Fl\u00e1vio Chaves -","robots":{"index":"index","follow":"follow","max-snippet":"max-snippet:-1","max-image-preview":"max-image-preview:large","max-video-preview":"max-video-preview:-1"},"canonical":"https:\/\/gazetapernambucana.com\/?p=1516","og_locale":"pt_BR","og_type":"article","og_title":"V\u00eddeo: O sil\u00eancio que grita das ruas. Por Fl\u00e1vio Chaves -","og_description":"O palco da solid\u00e3o urbana com a vida encenada no frio da cal\u00e7ada \u00a0 \u00a0 \u00a0\u00a0Por Fl\u00e1vio Chaves \u2013 Jornalista, poeta, escritor e membro da Academia Pernambucana de Letras. Foi Delegado Federal\/Minc\u00a0 \u2013\u00a0 Na tela de um celular, a cena \u00e9 curta, mas pesa como um livro inteiro. Ant\u00f4nio Abujamra, ator, jornalista e fil\u00f3sofo, empresta [&hellip;]","og_url":"https:\/\/gazetapernambucana.com\/?p=1516","article_published_time":"2025-08-17T01:18:50+00:00","og_image":[{"width":300,"height":204,"url":"https:\/\/gazetapernambucana.com\/wp-content\/uploads\/2025\/08\/capa_Provocacoes_Carlos_Carbone.jpg","type":"image\/jpeg"}],"author":"GP","twitter_card":"summary_large_image","twitter_misc":{"Escrito por":"GP","Est. tempo de leitura":"4 minutos"},"schema":{"@context":"https:\/\/schema.org","@graph":[{"@type":"WebPage","@id":"https:\/\/gazetapernambucana.com\/?p=1516","url":"https:\/\/gazetapernambucana.com\/?p=1516","name":"V\u00eddeo: O sil\u00eancio que grita das ruas. Por Fl\u00e1vio Chaves -","isPartOf":{"@id":"https:\/\/gazetapernambucana.com\/#website"},"primaryImageOfPage":{"@id":"https:\/\/gazetapernambucana.com\/?p=1516#primaryimage"},"image":{"@id":"https:\/\/gazetapernambucana.com\/?p=1516#primaryimage"},"thumbnailUrl":"https:\/\/gazetapernambucana.com\/wp-content\/uploads\/2025\/08\/capa_Provocacoes_Carlos_Carbone.jpg","datePublished":"2025-08-17T01:18:50+00:00","author":{"@id":"https:\/\/gazetapernambucana.com\/#\/schema\/person\/188dc283325181ac2de4db1e9e987427"},"breadcrumb":{"@id":"https:\/\/gazetapernambucana.com\/?p=1516#breadcrumb"},"inLanguage":"pt-BR","potentialAction":[{"@type":"ReadAction","target":["https:\/\/gazetapernambucana.com\/?p=1516"]}]},{"@type":"ImageObject","inLanguage":"pt-BR","@id":"https:\/\/gazetapernambucana.com\/?p=1516#primaryimage","url":"https:\/\/gazetapernambucana.com\/wp-content\/uploads\/2025\/08\/capa_Provocacoes_Carlos_Carbone.jpg","contentUrl":"https:\/\/gazetapernambucana.com\/wp-content\/uploads\/2025\/08\/capa_Provocacoes_Carlos_Carbone.jpg","width":300,"height":204},{"@type":"BreadcrumbList","@id":"https:\/\/gazetapernambucana.com\/?p=1516#breadcrumb","itemListElement":[{"@type":"ListItem","position":1,"name":"In\u00edcio","item":"https:\/\/gazetapernambucana.com\/"},{"@type":"ListItem","position":2,"name":"V\u00eddeo: O sil\u00eancio que grita das ruas. Por Fl\u00e1vio Chaves"}]},{"@type":"WebSite","@id":"https:\/\/gazetapernambucana.com\/#website","url":"https:\/\/gazetapernambucana.com\/","name":"","description":"","potentialAction":[{"@type":"SearchAction","target":{"@type":"EntryPoint","urlTemplate":"https:\/\/gazetapernambucana.com\/?s={search_term_string}"},"query-input":{"@type":"PropertyValueSpecification","valueRequired":true,"valueName":"search_term_string"}}],"inLanguage":"pt-BR"},{"@type":"Person","@id":"https:\/\/gazetapernambucana.com\/#\/schema\/person\/188dc283325181ac2de4db1e9e987427","name":"GP","image":{"@type":"ImageObject","inLanguage":"pt-BR","@id":"https:\/\/gazetapernambucana.com\/#\/schema\/person\/image\/","url":"https:\/\/secure.gravatar.com\/avatar\/9dad78ff9a2d8b5742d11779f8a3f53b052320c550b2e1907882353c067bb111?s=96&d=mm&r=g","contentUrl":"https:\/\/secure.gravatar.com\/avatar\/9dad78ff9a2d8b5742d11779f8a3f53b052320c550b2e1907882353c067bb111?s=96&d=mm&r=g","caption":"GP"},"sameAs":["http:\/\/gazetapernambucana.com"],"url":"https:\/\/gazetapernambucana.com\/?author=1"}]}},"jetpack_publicize_connections":[],"_links":{"self":[{"href":"https:\/\/gazetapernambucana.com\/index.php?rest_route=\/wp\/v2\/posts\/1516","targetHints":{"allow":["GET"]}}],"collection":[{"href":"https:\/\/gazetapernambucana.com\/index.php?rest_route=\/wp\/v2\/posts"}],"about":[{"href":"https:\/\/gazetapernambucana.com\/index.php?rest_route=\/wp\/v2\/types\/post"}],"author":[{"embeddable":true,"href":"https:\/\/gazetapernambucana.com\/index.php?rest_route=\/wp\/v2\/users\/1"}],"replies":[{"embeddable":true,"href":"https:\/\/gazetapernambucana.com\/index.php?rest_route=%2Fwp%2Fv2%2Fcomments&post=1516"}],"version-history":[{"count":1,"href":"https:\/\/gazetapernambucana.com\/index.php?rest_route=\/wp\/v2\/posts\/1516\/revisions"}],"predecessor-version":[{"id":1519,"href":"https:\/\/gazetapernambucana.com\/index.php?rest_route=\/wp\/v2\/posts\/1516\/revisions\/1519"}],"wp:featuredmedia":[{"embeddable":true,"href":"https:\/\/gazetapernambucana.com\/index.php?rest_route=\/wp\/v2\/media\/1518"}],"wp:attachment":[{"href":"https:\/\/gazetapernambucana.com\/index.php?rest_route=%2Fwp%2Fv2%2Fmedia&parent=1516"}],"wp:term":[{"taxonomy":"category","embeddable":true,"href":"https:\/\/gazetapernambucana.com\/index.php?rest_route=%2Fwp%2Fv2%2Fcategories&post=1516"},{"taxonomy":"post_tag","embeddable":true,"href":"https:\/\/gazetapernambucana.com\/index.php?rest_route=%2Fwp%2Fv2%2Ftags&post=1516"}],"curies":[{"name":"wp","href":"https:\/\/api.w.org\/{rel}","templated":true}]}}