{"id":1512,"date":"2025-08-15T19:17:04","date_gmt":"2025-08-15T22:17:04","guid":{"rendered":"https:\/\/gazetapernambucana.com\/?p=1512"},"modified":"2025-08-15T19:17:04","modified_gmt":"2025-08-15T22:17:04","slug":"relatorio-de-direitos-humanos-facilita-novas-decisoes-dos-eua-contra-o-brasil-por-william-waack","status":"publish","type":"post","link":"https:\/\/gazetapernambucana.com\/?p=1512","title":{"rendered":"Relat\u00f3rio de direitos humanos facilita novas decis\u00f5es dos EUA contra o Brasil. Por William Waack"},"content":{"rendered":"<header class=\"entry-header\"><\/header>\n<div class=\"entry-content post_content\">\n<div class=\"addtoany_share_save_container addtoany_content addtoany_content_top\">\n<div class=\"a2a_kit a2a_kit_size_20 addtoany_list\" data-a2a-url=\"https:\/\/www.tribunadainternet.com.br\/2025\/08\/14\/relatorio-de-direitos-humanos-facilita-novas-decisoes-dos-eua-contra-o-brasil\/\" data-a2a-title=\"Relat\u00f3rio de direitos humanos facilita novas decis\u00f5es dos EUA contra o Brasil\"><\/div>\n<\/div>\n<div class=\"wp-caption aligncenter\"><strong><img loading=\"lazy\" decoding=\"async\" class=\"\" src=\"https:\/\/www.ft.com\/__origami\/service\/image\/v2\/images\/raw\/ftcms%3A08719719-d889-4a55-8192-e247347e61fc?source=next-article&amp;fit=scale-down&amp;quality=highest&amp;width=1440&amp;dpr=1\" alt=\"How Donald Trump's criminal charges are defining his White House race\" width=\"351\" height=\"197\" \/><\/strong><\/p>\n<p class=\"wp-caption-text\"><strong>Relat\u00f3rio d\u00e1 a Trumo os argumentos que ele necessitava<\/strong><\/p>\n<\/div>\n<p><strong>Por William Waack<br \/>\n<\/strong><em>da CNN<\/em><\/p>\n<p>A Casa Branca acusa o governo brasileiro de participar da supress\u00e3o da liberdade de express\u00e3o e liberdade na internet. No relat\u00f3rio anual de direitos humanos, a cargo do Departamento de Estado, os Estados Unidos dizem que o Planalto minou o debate democr\u00e1tico, suprimindo, segundo os americanos, desproporcionalmente o discurso de apoiadores do ex-presidente Jair Bolsonaro (PL).<\/p>\n<p>diretamente o ministro Alexandre de Moraes, do STF (Supremo Tribunal Federal), cuja atua\u00e7\u00e3o \u2013 e tamb\u00e9m a do STF \u2013 tem sido aberta e fortemente criticada no Brasil nos mais variados setores, de forma direta e contundente, no ambiente da imprensa e das redes digitais.<\/p>\n<p><strong>MESMOS MOTIVOS<\/strong>\u00a0\u2013 O significado pol\u00edtico desse relat\u00f3rio, portanto, n\u00e3o \u00e9 a den\u00fancia em si \u2013 j\u00e1 bastante vocalizada no Brasil, inclusive por uma oposi\u00e7\u00e3o aguerrida e atuante \u2013 mas quem a faz. Ela \u00e9 feita por um governo americano chefiado hoje por um presidente que se recusou a aceitar o resultado de uma elei\u00e7\u00e3o limpa, e que, aparentemente, se v\u00ea como um espelho de Jair Bolsonaro (PL) \u2013 que est\u00e1 sendo processado por esse mesmo motivo.<\/p>\n<p>Parece evidente que os Estados Unidos fundamentam mais a\u00e7\u00f5es contra o Brasil por meio desse relat\u00f3rio, e n\u00e3o s\u00f3 contra integrantes individuais do Supremo, como foi o caso da Lei Magnitsky contra Alexandre de Moraes.<\/p>\n<p>A motiva\u00e7\u00e3o da conduta de Washington \u00e9 pol\u00edtica e ideol\u00f3gica, sem que se saiba exatamente at\u00e9 onde quer chegar. Trump quer sobretudo ajudar Jair Bolsonaro em seus problemas com a Justi\u00e7a? Ou mudar o regime brasileiro inteiro? At\u00e9 aqui n\u00e3o est\u00e1 conseguindo nem um, nem outro.<\/p>\n<\/div>\n","protected":false},"excerpt":{"rendered":"<p>Relat\u00f3rio d\u00e1 a Trumo os argumentos que ele necessitava Por William Waack da CNN A Casa Branca acusa o governo brasileiro de participar da supress\u00e3o da liberdade de express\u00e3o e liberdade na internet. No relat\u00f3rio anual de direitos humanos, a cargo do Departamento de Estado, os Estados Unidos dizem que o Planalto minou o debate [&hellip;]<\/p>\n","protected":false},"author":1,"featured_media":1513,"comment_status":"open","ping_status":"open","sticky":false,"template":"","format":"standard","meta":{"footnotes":"","jetpack_publicize_message":"","jetpack_publicize_feature_enabled":true,"jetpack_social_post_already_shared":true,"jetpack_social_options":{"image_generator_settings":{"template":"highway","default_image_id":0,"font":"","enabled":false},"version":2}},"categories":[1,36,65],"tags":[],"class_list":["post-1512","post","type-post","status-publish","format-standard","has-post-thumbnail","hentry","category-https-gazetapernambucana-com-page_id225","category-https-gazetapernambucana-com-page_id209","category-politica"],"yoast_head":"<!-- This site is optimized with the Yoast SEO plugin v24.5 - https:\/\/yoast.com\/wordpress\/plugins\/seo\/ -->\n<title>Relat\u00f3rio de direitos humanos facilita novas decis\u00f5es dos EUA contra o Brasil. Por William Waack -<\/title>\n<meta name=\"robots\" content=\"index, follow, max-snippet:-1, max-image-preview:large, max-video-preview:-1\" \/>\n<link rel=\"canonical\" href=\"https:\/\/gazetapernambucana.com\/?p=1512\" \/>\n<meta property=\"og:locale\" content=\"pt_BR\" \/>\n<meta property=\"og:type\" content=\"article\" \/>\n<meta property=\"og:title\" content=\"Relat\u00f3rio de direitos humanos facilita novas decis\u00f5es dos EUA contra o Brasil. Por William Waack -\" \/>\n<meta property=\"og:description\" content=\"Relat\u00f3rio d\u00e1 a Trumo os argumentos que ele necessitava Por William Waack da CNN A Casa Branca acusa o governo brasileiro de participar da supress\u00e3o da liberdade de express\u00e3o e liberdade na internet. No relat\u00f3rio anual de direitos humanos, a cargo do Departamento de Estado, os Estados Unidos dizem que o Planalto minou o debate [&hellip;]\" \/>\n<meta property=\"og:url\" content=\"https:\/\/gazetapernambucana.com\/?p=1512\" \/>\n<meta property=\"article:published_time\" content=\"2025-08-15T22:17:04+00:00\" \/>\n<meta name=\"author\" content=\"GP\" \/>\n<meta name=\"twitter:card\" content=\"summary_large_image\" \/>\n<meta name=\"twitter:label1\" content=\"Escrito por\" \/>\n\t<meta name=\"twitter:data1\" content=\"GP\" \/>\n\t<meta name=\"twitter:label2\" content=\"Est. tempo de leitura\" \/>\n\t<meta name=\"twitter:data2\" content=\"2 minutos\" \/>\n<script type=\"application\/ld+json\" class=\"yoast-schema-graph\">{\"@context\":\"https:\/\/schema.org\",\"@graph\":[{\"@type\":\"WebPage\",\"@id\":\"https:\/\/gazetapernambucana.com\/?p=1512\",\"url\":\"https:\/\/gazetapernambucana.com\/?p=1512\",\"name\":\"Relat\u00f3rio de direitos humanos facilita novas decis\u00f5es dos EUA contra o Brasil. Por William Waack -\",\"isPartOf\":{\"@id\":\"https:\/\/gazetapernambucana.com\/#website\"},\"primaryImageOfPage\":{\"@id\":\"https:\/\/gazetapernambucana.com\/?p=1512#primaryimage\"},\"image\":{\"@id\":\"https:\/\/gazetapernambucana.com\/?p=1512#primaryimage\"},\"thumbnailUrl\":\"https:\/\/gazetapernambucana.com\/wp-content\/uploads\/2025\/08\/ftcms_08719719-d889-4a55-8192-e247347e61fc.avif\",\"datePublished\":\"2025-08-15T22:17:04+00:00\",\"author\":{\"@id\":\"https:\/\/gazetapernambucana.com\/#\/schema\/person\/188dc283325181ac2de4db1e9e987427\"},\"breadcrumb\":{\"@id\":\"https:\/\/gazetapernambucana.com\/?p=1512#breadcrumb\"},\"inLanguage\":\"pt-BR\",\"potentialAction\":[{\"@type\":\"ReadAction\",\"target\":[\"https:\/\/gazetapernambucana.com\/?p=1512\"]}]},{\"@type\":\"ImageObject\",\"inLanguage\":\"pt-BR\",\"@id\":\"https:\/\/gazetapernambucana.com\/?p=1512#primaryimage\",\"url\":\"https:\/\/gazetapernambucana.com\/wp-content\/uploads\/2025\/08\/ftcms_08719719-d889-4a55-8192-e247347e61fc.avif\",\"contentUrl\":\"https:\/\/gazetapernambucana.com\/wp-content\/uploads\/2025\/08\/ftcms_08719719-d889-4a55-8192-e247347e61fc.avif\",\"width\":1440,\"height\":810},{\"@type\":\"BreadcrumbList\",\"@id\":\"https:\/\/gazetapernambucana.com\/?p=1512#breadcrumb\",\"itemListElement\":[{\"@type\":\"ListItem\",\"position\":1,\"name\":\"In\u00edcio\",\"item\":\"https:\/\/gazetapernambucana.com\/\"},{\"@type\":\"ListItem\",\"position\":2,\"name\":\"Relat\u00f3rio de direitos humanos facilita novas decis\u00f5es dos EUA contra o Brasil. Por William Waack\"}]},{\"@type\":\"WebSite\",\"@id\":\"https:\/\/gazetapernambucana.com\/#website\",\"url\":\"https:\/\/gazetapernambucana.com\/\",\"name\":\"\",\"description\":\"\",\"potentialAction\":[{\"@type\":\"SearchAction\",\"target\":{\"@type\":\"EntryPoint\",\"urlTemplate\":\"https:\/\/gazetapernambucana.com\/?s={search_term_string}\"},\"query-input\":{\"@type\":\"PropertyValueSpecification\",\"valueRequired\":true,\"valueName\":\"search_term_string\"}}],\"inLanguage\":\"pt-BR\"},{\"@type\":\"Person\",\"@id\":\"https:\/\/gazetapernambucana.com\/#\/schema\/person\/188dc283325181ac2de4db1e9e987427\",\"name\":\"GP\",\"image\":{\"@type\":\"ImageObject\",\"inLanguage\":\"pt-BR\",\"@id\":\"https:\/\/gazetapernambucana.com\/#\/schema\/person\/image\/\",\"url\":\"https:\/\/secure.gravatar.com\/avatar\/9dad78ff9a2d8b5742d11779f8a3f53b052320c550b2e1907882353c067bb111?s=96&d=mm&r=g\",\"contentUrl\":\"https:\/\/secure.gravatar.com\/avatar\/9dad78ff9a2d8b5742d11779f8a3f53b052320c550b2e1907882353c067bb111?s=96&d=mm&r=g\",\"caption\":\"GP\"},\"sameAs\":[\"http:\/\/gazetapernambucana.com\"],\"url\":\"https:\/\/gazetapernambucana.com\/?author=1\"}]}<\/script>\n<!-- \/ Yoast SEO plugin. -->","yoast_head_json":{"title":"Relat\u00f3rio de direitos humanos facilita novas decis\u00f5es dos EUA contra o Brasil. Por William Waack -","robots":{"index":"index","follow":"follow","max-snippet":"max-snippet:-1","max-image-preview":"max-image-preview:large","max-video-preview":"max-video-preview:-1"},"canonical":"https:\/\/gazetapernambucana.com\/?p=1512","og_locale":"pt_BR","og_type":"article","og_title":"Relat\u00f3rio de direitos humanos facilita novas decis\u00f5es dos EUA contra o Brasil. Por William Waack -","og_description":"Relat\u00f3rio d\u00e1 a Trumo os argumentos que ele necessitava Por William Waack da CNN A Casa Branca acusa o governo brasileiro de participar da supress\u00e3o da liberdade de express\u00e3o e liberdade na internet. No relat\u00f3rio anual de direitos humanos, a cargo do Departamento de Estado, os Estados Unidos dizem que o Planalto minou o debate [&hellip;]","og_url":"https:\/\/gazetapernambucana.com\/?p=1512","article_published_time":"2025-08-15T22:17:04+00:00","author":"GP","twitter_card":"summary_large_image","twitter_misc":{"Escrito por":"GP","Est. tempo de leitura":"2 minutos"},"schema":{"@context":"https:\/\/schema.org","@graph":[{"@type":"WebPage","@id":"https:\/\/gazetapernambucana.com\/?p=1512","url":"https:\/\/gazetapernambucana.com\/?p=1512","name":"Relat\u00f3rio de direitos humanos facilita novas decis\u00f5es dos EUA contra o Brasil. Por William Waack -","isPartOf":{"@id":"https:\/\/gazetapernambucana.com\/#website"},"primaryImageOfPage":{"@id":"https:\/\/gazetapernambucana.com\/?p=1512#primaryimage"},"image":{"@id":"https:\/\/gazetapernambucana.com\/?p=1512#primaryimage"},"thumbnailUrl":"https:\/\/gazetapernambucana.com\/wp-content\/uploads\/2025\/08\/ftcms_08719719-d889-4a55-8192-e247347e61fc.avif","datePublished":"2025-08-15T22:17:04+00:00","author":{"@id":"https:\/\/gazetapernambucana.com\/#\/schema\/person\/188dc283325181ac2de4db1e9e987427"},"breadcrumb":{"@id":"https:\/\/gazetapernambucana.com\/?p=1512#breadcrumb"},"inLanguage":"pt-BR","potentialAction":[{"@type":"ReadAction","target":["https:\/\/gazetapernambucana.com\/?p=1512"]}]},{"@type":"ImageObject","inLanguage":"pt-BR","@id":"https:\/\/gazetapernambucana.com\/?p=1512#primaryimage","url":"https:\/\/gazetapernambucana.com\/wp-content\/uploads\/2025\/08\/ftcms_08719719-d889-4a55-8192-e247347e61fc.avif","contentUrl":"https:\/\/gazetapernambucana.com\/wp-content\/uploads\/2025\/08\/ftcms_08719719-d889-4a55-8192-e247347e61fc.avif","width":1440,"height":810},{"@type":"BreadcrumbList","@id":"https:\/\/gazetapernambucana.com\/?p=1512#breadcrumb","itemListElement":[{"@type":"ListItem","position":1,"name":"In\u00edcio","item":"https:\/\/gazetapernambucana.com\/"},{"@type":"ListItem","position":2,"name":"Relat\u00f3rio de direitos humanos facilita novas decis\u00f5es dos EUA contra o Brasil. Por William Waack"}]},{"@type":"WebSite","@id":"https:\/\/gazetapernambucana.com\/#website","url":"https:\/\/gazetapernambucana.com\/","name":"","description":"","potentialAction":[{"@type":"SearchAction","target":{"@type":"EntryPoint","urlTemplate":"https:\/\/gazetapernambucana.com\/?s={search_term_string}"},"query-input":{"@type":"PropertyValueSpecification","valueRequired":true,"valueName":"search_term_string"}}],"inLanguage":"pt-BR"},{"@type":"Person","@id":"https:\/\/gazetapernambucana.com\/#\/schema\/person\/188dc283325181ac2de4db1e9e987427","name":"GP","image":{"@type":"ImageObject","inLanguage":"pt-BR","@id":"https:\/\/gazetapernambucana.com\/#\/schema\/person\/image\/","url":"https:\/\/secure.gravatar.com\/avatar\/9dad78ff9a2d8b5742d11779f8a3f53b052320c550b2e1907882353c067bb111?s=96&d=mm&r=g","contentUrl":"https:\/\/secure.gravatar.com\/avatar\/9dad78ff9a2d8b5742d11779f8a3f53b052320c550b2e1907882353c067bb111?s=96&d=mm&r=g","caption":"GP"},"sameAs":["http:\/\/gazetapernambucana.com"],"url":"https:\/\/gazetapernambucana.com\/?author=1"}]}},"jetpack_publicize_connections":[],"_links":{"self":[{"href":"https:\/\/gazetapernambucana.com\/index.php?rest_route=\/wp\/v2\/posts\/1512","targetHints":{"allow":["GET"]}}],"collection":[{"href":"https:\/\/gazetapernambucana.com\/index.php?rest_route=\/wp\/v2\/posts"}],"about":[{"href":"https:\/\/gazetapernambucana.com\/index.php?rest_route=\/wp\/v2\/types\/post"}],"author":[{"embeddable":true,"href":"https:\/\/gazetapernambucana.com\/index.php?rest_route=\/wp\/v2\/users\/1"}],"replies":[{"embeddable":true,"href":"https:\/\/gazetapernambucana.com\/index.php?rest_route=%2Fwp%2Fv2%2Fcomments&post=1512"}],"version-history":[{"count":1,"href":"https:\/\/gazetapernambucana.com\/index.php?rest_route=\/wp\/v2\/posts\/1512\/revisions"}],"predecessor-version":[{"id":1514,"href":"https:\/\/gazetapernambucana.com\/index.php?rest_route=\/wp\/v2\/posts\/1512\/revisions\/1514"}],"wp:featuredmedia":[{"embeddable":true,"href":"https:\/\/gazetapernambucana.com\/index.php?rest_route=\/wp\/v2\/media\/1513"}],"wp:attachment":[{"href":"https:\/\/gazetapernambucana.com\/index.php?rest_route=%2Fwp%2Fv2%2Fmedia&parent=1512"}],"wp:term":[{"taxonomy":"category","embeddable":true,"href":"https:\/\/gazetapernambucana.com\/index.php?rest_route=%2Fwp%2Fv2%2Fcategories&post=1512"},{"taxonomy":"post_tag","embeddable":true,"href":"https:\/\/gazetapernambucana.com\/index.php?rest_route=%2Fwp%2Fv2%2Ftags&post=1512"}],"curies":[{"name":"wp","href":"https:\/\/api.w.org\/{rel}","templated":true}]}}