{"id":1509,"date":"2025-08-15T16:56:31","date_gmt":"2025-08-15T19:56:31","guid":{"rendered":"https:\/\/gazetapernambucana.com\/?p=1509"},"modified":"2025-08-15T16:56:31","modified_gmt":"2025-08-15T19:56:31","slug":"barroso-e-luiz-fux-batem-boca-durante-sessao-do-supremo","status":"publish","type":"post","link":"https:\/\/gazetapernambucana.com\/?p=1509","title":{"rendered":"Barroso e Luiz Fux batem boca durante sess\u00e3o do Supremo"},"content":{"rendered":"<header class=\"title-block\">\n<h3>Ministros discutiram sobre relatoria de processo que foi votado na Corte<\/h3>\n<\/header>\n<div class=\"columns\">\n<section class=\"content\">\n<figure class=\"image-block\">\n<div class=\"\"><img loading=\"lazy\" decoding=\"async\" class=\"size-large wp-image-1551351\" src=\"https:\/\/static.cdn.pleno.news\/2025\/08\/Barroso-e-Fux-discutiram-em-sessao-1024x576.png\" sizes=\"auto, (max-width: 1024px) 100vw, 1024px\" srcset=\"https:\/\/static.cdn.pleno.news\/2025\/08\/Barroso-e-Fux-discutiram-em-sessao-1024x576.png 1024w, https:\/\/static.cdn.pleno.news\/2025\/08\/Barroso-e-Fux-discutiram-em-sessao-300x169.png 300w, https:\/\/static.cdn.pleno.news\/2025\/08\/Barroso-e-Fux-discutiram-em-sessao-768x432.png 768w, https:\/\/static.cdn.pleno.news\/2025\/08\/Barroso-e-Fux-discutiram-em-sessao-1536x864.png 1536w, https:\/\/static.cdn.pleno.news\/2025\/08\/Barroso-e-Fux-discutiram-em-sessao-258x145.png 258w, https:\/\/static.cdn.pleno.news\/2025\/08\/Barroso-e-Fux-discutiram-em-sessao-250x141.png 250w, https:\/\/static.cdn.pleno.news\/2025\/08\/Barroso-e-Fux-discutiram-em-sessao-27x15.png 27w, https:\/\/static.cdn.pleno.news\/2025\/08\/Barroso-e-Fux-discutiram-em-sessao.png 1920w\" alt=\"\" width=\"1024\" height=\"576\" \/><\/div><figcaption>Barroso e Fux discutiram em sess\u00e3o\u00a0<span class=\"name\">Fotos: Gustavo Moreno\/STF \/\/ Antonio Augusto\/STF<\/span><\/figcaption><\/figure>\n<p>Uma sess\u00e3o do Supremo Tribunal Federal (STF) nesta quinta-feira (14) terminou em clima tenso ap\u00f3s um desentendimento entre o presidente da Corte,\u00a0Lu\u00eds Roberto Barroso, e o ministro\u00a0Luiz Fux. A discuss\u00e3o ocorreu por causa da substitui\u00e7\u00e3o de Fux na relatoria de um processo, o que levou Barroso a afirmar que o colega n\u00e3o estava sendo \u201cfiel aos fatos\u201d.<\/p>\n<p>O impasse come\u00e7ou no dia anterior, quando o STF decidiu que \u00e9 constitucional a cobran\u00e7a da Contribui\u00e7\u00e3o de Interven\u00e7\u00e3o no Dom\u00ednio Econ\u00f4mico (Cide) sobre remessas de dinheiro ao exterior. Fux, relator do caso, acabou parcialmente vencido. Seguindo a praxe do tribunal, nesses casos a relatoria \u00e9 transferida ao ministro que abriu a diverg\u00eancia \u2014 neste processo, o ministro Fl\u00e1vio Dino.<\/p>\n<div>\n<div>\n<div class=\"trv-player-container\">\n<div class=\"trv-wrapper\">\n<div id=\"br_video_player_9810291c369d3384ef3a58ce34bde6b424f65b41\" class=\"trvd_video_player trvdinstream\">\n<div class=\"media-player\">\n<div class=\"trv-video\">\n<div id=\"truvid_ima_container51907\" class=\"truvid_ima_container trv-ima-container-hidden\"><\/div>\n<\/div>\n<\/div>\n<\/div>\n<\/div>\n<\/div>\n<\/div>\n<\/div>\n<p>No encerramento da sess\u00e3o desta quinta, Fux criticou a mudan\u00e7a e disse que n\u00e3o havia justificativa para retirar-lhe a relatoria, j\u00e1 que a diverg\u00eancia teria sido m\u00ednima.<\/p>\n<p>\u2013 Eu n\u00e3o sou de pedir relatoria, mas entendi, com a devida v\u00eania e com tranquilidade, que considerei essa manifesta\u00e7\u00e3o completamente dissonante do que ocorreu at\u00e9 ent\u00e3o no Plen\u00e1rio \u2013 disse Fux.<\/p>\n<blockquote class=\"twitter-tweet\" data-width=\"550\" data-dnt=\"true\">\n<p lang=\"pt\" dir=\"ltr\">Treta entre Fux e Barroso sobre relatoria.<br \/>\ud83e\udd96 n\u00e3o consegue falar<br \/>O \ud83d\udc38 entra no meio pra acalmar os \u00e2nimos e aos 2:05 parece que responde vozes do al\u00e9m \ud83d\udc7b (mas deve ser pro Dino)<br \/>Barroso encerra a sess\u00e3o e fecha o laptop na for\u00e7a do \u00f3dio\ud83d\ude21<\/p>\n<p>Que v\u00e1rzea.\u2026 <a href=\"https:\/\/t.co\/X6GFXGggmb\">pic.twitter.com\/X6GFXGggmb<\/a><\/p>\n<p>&mdash; \ud835\udcaf\ud835\udcc8\ud835\udcca\ud835\udcc0\ud835\udcbe \u262d\u20e0 (@Fa1ryNight) <a href=\"https:\/\/twitter.com\/Fa1ryNight\/status\/1956131693326426562?ref_src=twsrc%5Etfw\">August 14, 2025<\/a><\/p><\/blockquote>\n<p><script async src=\"https:\/\/platform.twitter.com\/widgets.js\" charset=\"utf-8\"><\/script><\/p>\n<p>Barroso rebateu, dizendo que havia oferecido a Fux a possibilidade de ajustar seu voto para permanecer como relator, mas que o colega recusou.<\/p>\n<p>\u2013 Tenho maior considera\u00e7\u00e3o por Vossa Excel\u00eancia, e Vossa Excel\u00eancia n\u00e3o est\u00e1 sendo fiel aos fatos. Vossa Excel\u00eancia est\u00e1 criando uma situa\u00e7\u00e3o que n\u00e3o existiu. Desculpe, simplesmente n\u00e3o existiu. Nem estou entendendo essa confus\u00e3o \u2013 respondeu Barroso.<\/p>\n<p>O ministro Luiz Fux, por fim, disse que se posicionou sobre o caso, pois n\u00e3o poderia \u201cdeixar passar\u201d a quest\u00e3o. Visivelmente irritado, Barroso decidiu encerrar a sess\u00e3o.<\/p>\n<\/section>\n<\/div>\n","protected":false},"excerpt":{"rendered":"<p>Ministros discutiram sobre relatoria de processo que foi votado na Corte Barroso e Fux discutiram em sess\u00e3o\u00a0Fotos: Gustavo Moreno\/STF \/\/ Antonio Augusto\/STF Uma sess\u00e3o do Supremo Tribunal Federal (STF) nesta quinta-feira (14) terminou em clima tenso ap\u00f3s um desentendimento entre o presidente da Corte,\u00a0Lu\u00eds Roberto Barroso, e o ministro\u00a0Luiz Fux. A discuss\u00e3o ocorreu por causa [&hellip;]<\/p>\n","protected":false},"author":1,"featured_media":1510,"comment_status":"open","ping_status":"open","sticky":false,"template":"","format":"standard","meta":{"footnotes":"","jetpack_publicize_message":"","jetpack_publicize_feature_enabled":true,"jetpack_social_post_already_shared":true,"jetpack_social_options":{"image_generator_settings":{"template":"highway","default_image_id":0,"font":"","enabled":false},"version":2}},"categories":[1,65],"tags":[],"class_list":["post-1509","post","type-post","status-publish","format-standard","has-post-thumbnail","hentry","category-https-gazetapernambucana-com-page_id225","category-politica"],"yoast_head":"<!-- This site is optimized with the Yoast SEO plugin v24.5 - https:\/\/yoast.com\/wordpress\/plugins\/seo\/ -->\n<title>Barroso e Luiz Fux batem boca durante sess\u00e3o do Supremo -<\/title>\n<meta name=\"robots\" content=\"index, follow, max-snippet:-1, max-image-preview:large, max-video-preview:-1\" \/>\n<link rel=\"canonical\" href=\"https:\/\/gazetapernambucana.com\/?p=1509\" \/>\n<meta property=\"og:locale\" content=\"pt_BR\" \/>\n<meta property=\"og:type\" content=\"article\" \/>\n<meta property=\"og:title\" content=\"Barroso e Luiz Fux batem boca durante sess\u00e3o do Supremo -\" \/>\n<meta property=\"og:description\" content=\"Ministros discutiram sobre relatoria de processo que foi votado na Corte Barroso e Fux discutiram em sess\u00e3o\u00a0Fotos: Gustavo Moreno\/STF \/\/ Antonio Augusto\/STF Uma sess\u00e3o do Supremo Tribunal Federal (STF) nesta quinta-feira (14) terminou em clima tenso ap\u00f3s um desentendimento entre o presidente da Corte,\u00a0Lu\u00eds Roberto Barroso, e o ministro\u00a0Luiz Fux. A discuss\u00e3o ocorreu por causa [&hellip;]\" \/>\n<meta property=\"og:url\" content=\"https:\/\/gazetapernambucana.com\/?p=1509\" \/>\n<meta property=\"article:published_time\" content=\"2025-08-15T19:56:31+00:00\" \/>\n<meta property=\"og:image\" content=\"https:\/\/gazetapernambucana.com\/wp-content\/uploads\/2025\/08\/Barroso-e-Fux-discutiram-em-sessao-1536x864-1.webp\" \/>\n\t<meta property=\"og:image:width\" content=\"1536\" \/>\n\t<meta property=\"og:image:height\" content=\"864\" \/>\n\t<meta property=\"og:image:type\" content=\"image\/webp\" \/>\n<meta name=\"author\" content=\"GP\" \/>\n<meta name=\"twitter:card\" content=\"summary_large_image\" \/>\n<meta name=\"twitter:label1\" content=\"Escrito por\" \/>\n\t<meta name=\"twitter:data1\" content=\"GP\" \/>\n\t<meta name=\"twitter:label2\" content=\"Est. tempo de leitura\" \/>\n\t<meta name=\"twitter:data2\" content=\"2 minutos\" \/>\n<script type=\"application\/ld+json\" class=\"yoast-schema-graph\">{\"@context\":\"https:\/\/schema.org\",\"@graph\":[{\"@type\":\"WebPage\",\"@id\":\"https:\/\/gazetapernambucana.com\/?p=1509\",\"url\":\"https:\/\/gazetapernambucana.com\/?p=1509\",\"name\":\"Barroso e Luiz Fux batem boca durante sess\u00e3o do Supremo -\",\"isPartOf\":{\"@id\":\"https:\/\/gazetapernambucana.com\/#website\"},\"primaryImageOfPage\":{\"@id\":\"https:\/\/gazetapernambucana.com\/?p=1509#primaryimage\"},\"image\":{\"@id\":\"https:\/\/gazetapernambucana.com\/?p=1509#primaryimage\"},\"thumbnailUrl\":\"https:\/\/gazetapernambucana.com\/wp-content\/uploads\/2025\/08\/Barroso-e-Fux-discutiram-em-sessao-1536x864-1.webp\",\"datePublished\":\"2025-08-15T19:56:31+00:00\",\"author\":{\"@id\":\"https:\/\/gazetapernambucana.com\/#\/schema\/person\/188dc283325181ac2de4db1e9e987427\"},\"breadcrumb\":{\"@id\":\"https:\/\/gazetapernambucana.com\/?p=1509#breadcrumb\"},\"inLanguage\":\"pt-BR\",\"potentialAction\":[{\"@type\":\"ReadAction\",\"target\":[\"https:\/\/gazetapernambucana.com\/?p=1509\"]}]},{\"@type\":\"ImageObject\",\"inLanguage\":\"pt-BR\",\"@id\":\"https:\/\/gazetapernambucana.com\/?p=1509#primaryimage\",\"url\":\"https:\/\/gazetapernambucana.com\/wp-content\/uploads\/2025\/08\/Barroso-e-Fux-discutiram-em-sessao-1536x864-1.webp\",\"contentUrl\":\"https:\/\/gazetapernambucana.com\/wp-content\/uploads\/2025\/08\/Barroso-e-Fux-discutiram-em-sessao-1536x864-1.webp\",\"width\":1536,\"height\":864},{\"@type\":\"BreadcrumbList\",\"@id\":\"https:\/\/gazetapernambucana.com\/?p=1509#breadcrumb\",\"itemListElement\":[{\"@type\":\"ListItem\",\"position\":1,\"name\":\"In\u00edcio\",\"item\":\"https:\/\/gazetapernambucana.com\/\"},{\"@type\":\"ListItem\",\"position\":2,\"name\":\"Barroso e Luiz Fux batem boca durante sess\u00e3o do Supremo\"}]},{\"@type\":\"WebSite\",\"@id\":\"https:\/\/gazetapernambucana.com\/#website\",\"url\":\"https:\/\/gazetapernambucana.com\/\",\"name\":\"\",\"description\":\"\",\"potentialAction\":[{\"@type\":\"SearchAction\",\"target\":{\"@type\":\"EntryPoint\",\"urlTemplate\":\"https:\/\/gazetapernambucana.com\/?s={search_term_string}\"},\"query-input\":{\"@type\":\"PropertyValueSpecification\",\"valueRequired\":true,\"valueName\":\"search_term_string\"}}],\"inLanguage\":\"pt-BR\"},{\"@type\":\"Person\",\"@id\":\"https:\/\/gazetapernambucana.com\/#\/schema\/person\/188dc283325181ac2de4db1e9e987427\",\"name\":\"GP\",\"image\":{\"@type\":\"ImageObject\",\"inLanguage\":\"pt-BR\",\"@id\":\"https:\/\/gazetapernambucana.com\/#\/schema\/person\/image\/\",\"url\":\"https:\/\/secure.gravatar.com\/avatar\/9dad78ff9a2d8b5742d11779f8a3f53b052320c550b2e1907882353c067bb111?s=96&d=mm&r=g\",\"contentUrl\":\"https:\/\/secure.gravatar.com\/avatar\/9dad78ff9a2d8b5742d11779f8a3f53b052320c550b2e1907882353c067bb111?s=96&d=mm&r=g\",\"caption\":\"GP\"},\"sameAs\":[\"http:\/\/gazetapernambucana.com\"],\"url\":\"https:\/\/gazetapernambucana.com\/?author=1\"}]}<\/script>\n<!-- \/ Yoast SEO plugin. -->","yoast_head_json":{"title":"Barroso e Luiz Fux batem boca durante sess\u00e3o do Supremo -","robots":{"index":"index","follow":"follow","max-snippet":"max-snippet:-1","max-image-preview":"max-image-preview:large","max-video-preview":"max-video-preview:-1"},"canonical":"https:\/\/gazetapernambucana.com\/?p=1509","og_locale":"pt_BR","og_type":"article","og_title":"Barroso e Luiz Fux batem boca durante sess\u00e3o do Supremo -","og_description":"Ministros discutiram sobre relatoria de processo que foi votado na Corte Barroso e Fux discutiram em sess\u00e3o\u00a0Fotos: Gustavo Moreno\/STF \/\/ Antonio Augusto\/STF Uma sess\u00e3o do Supremo Tribunal Federal (STF) nesta quinta-feira (14) terminou em clima tenso ap\u00f3s um desentendimento entre o presidente da Corte,\u00a0Lu\u00eds Roberto Barroso, e o ministro\u00a0Luiz Fux. A discuss\u00e3o ocorreu por causa [&hellip;]","og_url":"https:\/\/gazetapernambucana.com\/?p=1509","article_published_time":"2025-08-15T19:56:31+00:00","og_image":[{"width":1536,"height":864,"url":"https:\/\/gazetapernambucana.com\/wp-content\/uploads\/2025\/08\/Barroso-e-Fux-discutiram-em-sessao-1536x864-1.webp","type":"image\/webp"}],"author":"GP","twitter_card":"summary_large_image","twitter_misc":{"Escrito por":"GP","Est. tempo de leitura":"2 minutos"},"schema":{"@context":"https:\/\/schema.org","@graph":[{"@type":"WebPage","@id":"https:\/\/gazetapernambucana.com\/?p=1509","url":"https:\/\/gazetapernambucana.com\/?p=1509","name":"Barroso e Luiz Fux batem boca durante sess\u00e3o do Supremo -","isPartOf":{"@id":"https:\/\/gazetapernambucana.com\/#website"},"primaryImageOfPage":{"@id":"https:\/\/gazetapernambucana.com\/?p=1509#primaryimage"},"image":{"@id":"https:\/\/gazetapernambucana.com\/?p=1509#primaryimage"},"thumbnailUrl":"https:\/\/gazetapernambucana.com\/wp-content\/uploads\/2025\/08\/Barroso-e-Fux-discutiram-em-sessao-1536x864-1.webp","datePublished":"2025-08-15T19:56:31+00:00","author":{"@id":"https:\/\/gazetapernambucana.com\/#\/schema\/person\/188dc283325181ac2de4db1e9e987427"},"breadcrumb":{"@id":"https:\/\/gazetapernambucana.com\/?p=1509#breadcrumb"},"inLanguage":"pt-BR","potentialAction":[{"@type":"ReadAction","target":["https:\/\/gazetapernambucana.com\/?p=1509"]}]},{"@type":"ImageObject","inLanguage":"pt-BR","@id":"https:\/\/gazetapernambucana.com\/?p=1509#primaryimage","url":"https:\/\/gazetapernambucana.com\/wp-content\/uploads\/2025\/08\/Barroso-e-Fux-discutiram-em-sessao-1536x864-1.webp","contentUrl":"https:\/\/gazetapernambucana.com\/wp-content\/uploads\/2025\/08\/Barroso-e-Fux-discutiram-em-sessao-1536x864-1.webp","width":1536,"height":864},{"@type":"BreadcrumbList","@id":"https:\/\/gazetapernambucana.com\/?p=1509#breadcrumb","itemListElement":[{"@type":"ListItem","position":1,"name":"In\u00edcio","item":"https:\/\/gazetapernambucana.com\/"},{"@type":"ListItem","position":2,"name":"Barroso e Luiz Fux batem boca durante sess\u00e3o do Supremo"}]},{"@type":"WebSite","@id":"https:\/\/gazetapernambucana.com\/#website","url":"https:\/\/gazetapernambucana.com\/","name":"","description":"","potentialAction":[{"@type":"SearchAction","target":{"@type":"EntryPoint","urlTemplate":"https:\/\/gazetapernambucana.com\/?s={search_term_string}"},"query-input":{"@type":"PropertyValueSpecification","valueRequired":true,"valueName":"search_term_string"}}],"inLanguage":"pt-BR"},{"@type":"Person","@id":"https:\/\/gazetapernambucana.com\/#\/schema\/person\/188dc283325181ac2de4db1e9e987427","name":"GP","image":{"@type":"ImageObject","inLanguage":"pt-BR","@id":"https:\/\/gazetapernambucana.com\/#\/schema\/person\/image\/","url":"https:\/\/secure.gravatar.com\/avatar\/9dad78ff9a2d8b5742d11779f8a3f53b052320c550b2e1907882353c067bb111?s=96&d=mm&r=g","contentUrl":"https:\/\/secure.gravatar.com\/avatar\/9dad78ff9a2d8b5742d11779f8a3f53b052320c550b2e1907882353c067bb111?s=96&d=mm&r=g","caption":"GP"},"sameAs":["http:\/\/gazetapernambucana.com"],"url":"https:\/\/gazetapernambucana.com\/?author=1"}]}},"jetpack_publicize_connections":[],"_links":{"self":[{"href":"https:\/\/gazetapernambucana.com\/index.php?rest_route=\/wp\/v2\/posts\/1509","targetHints":{"allow":["GET"]}}],"collection":[{"href":"https:\/\/gazetapernambucana.com\/index.php?rest_route=\/wp\/v2\/posts"}],"about":[{"href":"https:\/\/gazetapernambucana.com\/index.php?rest_route=\/wp\/v2\/types\/post"}],"author":[{"embeddable":true,"href":"https:\/\/gazetapernambucana.com\/index.php?rest_route=\/wp\/v2\/users\/1"}],"replies":[{"embeddable":true,"href":"https:\/\/gazetapernambucana.com\/index.php?rest_route=%2Fwp%2Fv2%2Fcomments&post=1509"}],"version-history":[{"count":1,"href":"https:\/\/gazetapernambucana.com\/index.php?rest_route=\/wp\/v2\/posts\/1509\/revisions"}],"predecessor-version":[{"id":1511,"href":"https:\/\/gazetapernambucana.com\/index.php?rest_route=\/wp\/v2\/posts\/1509\/revisions\/1511"}],"wp:featuredmedia":[{"embeddable":true,"href":"https:\/\/gazetapernambucana.com\/index.php?rest_route=\/wp\/v2\/media\/1510"}],"wp:attachment":[{"href":"https:\/\/gazetapernambucana.com\/index.php?rest_route=%2Fwp%2Fv2%2Fmedia&parent=1509"}],"wp:term":[{"taxonomy":"category","embeddable":true,"href":"https:\/\/gazetapernambucana.com\/index.php?rest_route=%2Fwp%2Fv2%2Fcategories&post=1509"},{"taxonomy":"post_tag","embeddable":true,"href":"https:\/\/gazetapernambucana.com\/index.php?rest_route=%2Fwp%2Fv2%2Ftags&post=1509"}],"curies":[{"name":"wp","href":"https:\/\/api.w.org\/{rel}","templated":true}]}}