{"id":1504,"date":"2025-08-14T22:49:56","date_gmt":"2025-08-15T01:49:56","guid":{"rendered":"https:\/\/gazetapernambucana.com\/?p=1504"},"modified":"2025-08-14T22:49:56","modified_gmt":"2025-08-15T01:49:56","slug":"escritor-amazonense-milton-hatoum-e-eleito-para-academia-brasileira-de-letras","status":"publish","type":"post","link":"https:\/\/gazetapernambucana.com\/?p=1504","title":{"rendered":"Escritor amazonense Milton Hatoum \u00e9 eleito para Academia Brasileira de Letras"},"content":{"rendered":"<div>\n<div class=\"content-media-container\">\n<figure class=\"content-media-figure\" data-gtm-vis-recent-on-screen31427249_236=\"11155\" data-gtm-vis-first-on-screen31427249_236=\"11156\" data-gtm-vis-total-visible-time31427249_236=\"100\" data-gtm-vis-has-fired31427249_236=\"1\"><img decoding=\"async\" class=\"i-amphtml-fill-content i-amphtml-replaced-content\" src=\"https:\/\/odia.ig.com.br\/_midias\/jpg\/2025\/06\/30\/1200x750\/1_milton_hatoum125723_1280x728-36385103.jpg\" sizes=\"(max-width: 1536px) 816px, 100vw\" srcset=\"\n                                                https:\/\/odia.ig.com.br\/_midias\/jpg\/2025\/06\/30\/1200x750\/1_milton_hatoum125723_1280x728-36385103.jpg 1200w,\n                                                https:\/\/odia.ig.com.br\/_midias\/jpg\/2025\/06\/30\/398x470\/1_milton_hatoum125723_1280x728-36385103.jpg 700w,\n                                                https:\/\/odia.ig.com.br\/_midias\/jpg\/2025\/06\/30\/385x420\/1_milton_hatoum125723_1280x728-36385103.jpg 390w\" alt=\"\" \/><\/figure>\n<figure class=\"content-media-figure\" data-gtm-vis-recent-on-screen31427249_236=\"11155\" data-gtm-vis-first-on-screen31427249_236=\"11156\" data-gtm-vis-total-visible-time31427249_236=\"100\" data-gtm-vis-has-fired31427249_236=\"1\"><strong>Milton Hatoum j\u00e1 deu aulas na Universidade Federal do Amazonas e foi professor visitante na Universidade da Calif\u00f3rnia \u2013 Divulga\u00e7\u00e3o<\/strong><\/figure>\n<\/div>\n<\/div>\n<div class=\"texto\">O escritor Milton Hatoum, de 73 anos, foi eleito, nesta quinta-feira (14), para o Quadro de Membros Efetivos da Academia Brasileira de Letras (ABL). Com 33 dos 34 votos, o autor ocupar\u00e1 a Cadeira 6 da institui\u00e7\u00e3o, que estava vaga desde a\u00a0morte do jornalista C\u00edcero Sandroni, em junho.<\/div>\n<div><\/div>\n<div class=\"texto\">Al\u00e9m de romancista, Hatoum \u00e9 contista, ensa\u00edsta, tradutor e professor universit\u00e1rio. Em 1989, seu primeiro romance \u201cRelato de um certo Oriente\u201d, publicado pela Companhia das Letras, ganhou o Pr\u00eamio Jabuti de Melhor Romance e foi adaptado para o cinema com o filme de mesmo nome cuja dire\u00e7\u00e3o \u00e9 de Marcelo Gomes.<\/div>\n<div id=\"gdfp_1\" class=\"intext-ads\" data-google-query-id=\"COG84v3Ri48DFSFN3QIdekktUg\">\n<div id=\"google_ads_iframe_\/1009826\/odia\/rio-de-janeiro_conteudo_quadrado01_0__container__\"><\/div>\n<\/div>\n<div class=\"texto\">J\u00e1 a obra \u201cDois Irm\u00e3os\u201d, publicada em 2000, foi eleita o melhor romance brasileiro no per\u00edodo entre 1990 e 2005 em pesquisa realizada pelos jornais Correio Brasiliense e O Estado de Minas.\u00a0O t\u00edtulo foi publicado em Argentina, Alemanha, China, Espanha, Estados Unidos, It\u00e1lia, Fran\u00e7a, Gr\u00e9cia, Holanda, Inglaterra, L\u00edbano, Portugal, Rep\u00fablica Tcheca e S\u00e9rvia. Al\u00e9m disso, o livro recebeu uma adapta\u00e7\u00e3o para o audiovisual, com uma miniss\u00e9rie da TV Globo, sob dire\u00e7\u00e3o de Luiz Fernando Carvalho e roteiro de Maria Camargo.<\/div>\n<div><\/div>\n<div class=\"texto\">Presidente da ABL, Merval Pereira destacou que Hatoum \u00e9 \u201co maior escritor brasileiro vivo e um romancista de primeira ordem\u201d. \u201cVai ser muito \u00fatil para a gente, j\u00e1 colabora muito com a Revista Brasileira, agora vai ter a oportunidade de colaborar mais ainda\u201d, pontuou.<\/div>\n<div id=\"text-intext-ads\">Publicidade<\/div>\n<div id=\"gdfp_2\" class=\"intext-ads\" data-google-query-id=\"CNnX5P3Ri48DFRI_uQYdJwkmUg\">\n<div id=\"google_ads_iframe_\/1009826\/odia\/rio-de-janeiro_conteudo_quadrado02_0__container__\"><\/div>\n<\/div>\n<div class=\"texto\">O acad\u00eamico Ruy Castro comemorou a elei\u00e7\u00e3o de Hatoum. \u201cGrande contribui\u00e7\u00e3o, grande romancista, representante de uma gera\u00e7\u00e3o de ficcionistas. A Academia sempre teve gente de diversas origens, de todos os lugares, como Jo\u00e3o do Rio, Pedro Lessa. \u00c9 uma gera\u00e7\u00e3o mais jovem que est\u00e1 chegando e tem uma grande contribui\u00e7\u00e3o a dar\u201d, destacou.<\/div>\n<div><\/div>\n<div class=\"texto\">Miriam Leit\u00e3o, que pela primeira vez participou de uma elei\u00e7\u00e3o na ABL, disse que Hatoum \u00e9 um grande romancista, de primeira grandeza e categoria da literatura brasileira. \u201cChega trazendo todos os ecos do Brasil. Um Brasil que vem da Amaz\u00f4nia. A literatura dele \u00e9 riqu\u00edssima, bel\u00edssima\u201d, elogiou.<\/div>\n<div><\/div>\n<div class=\"texto\"><strong>Milton Hatoum<\/strong><\/div>\n<div id=\"taboola-organic-mid-article\" class=\"trc_related_container tbl-trecs-container trc_spotlight_widget trc_elastic trc_elastic_organic-mid-article\" data-placement-name=\"Organic Mid Article\">\n<div class=\"trc_rbox_container\">\n<div>\n<div id=\"trc_wrapper_3631768438\" class=\"trc_rbox organic-mid-article trc-content-organic\">\n<div class=\"trc_clearer\"><\/div>\n<\/div>\n<\/div>\n<\/div>\n<\/div>\n<div class=\"texto\">Milton Hatoum nasceu em Manaus, em 1952. Em 1968, mudou-se para Bras\u00edlia, onde estudou no Ciem, Col\u00e9gio de Aplica\u00e7\u00e3o da Universidade de Bras\u00edlia. Morou toda a d\u00e9cada de 1970 em S\u00e3o Paulo e diplomou-se em Arquitetura Universidade de S\u00e3o Paulo, onde desenvolveu uma pesquisa sob a orienta\u00e7\u00e3o do ge\u00f3grafo Milton Santos. Entre 1978 e 1979, foi professor de Hist\u00f3ria da Arquitetura na Universidade de Taubat\u00e9.<\/div>\n<div><\/div>\n<div class=\"texto\">Em 1980, morou em Madri como bolsista do Instituto Ibero Americano de Cooperaci\u00f3n. Entre 1981 e 1983, morou em Paris, onde cursou mestrado em literatura latino-americana. De 1984 a 1998, foi professor de l\u00edngua e literatura francesa na Universidade Federal do Amazonas.<\/div>\n<div class=\"texto\">Em 1999, mudou-se para S\u00e3o Paulo, onde trabalhou colunista do Caderno 2 (O Estado de S. Paulo) entre 2008 e 2016. Foi colunista do jornal O Globo, do site Terra Magazine e da revista Entre livros.<\/div>\n<div><\/div>\n<div class=\"texto\">O romance \u201cCinzas do Norte\u201d, publicado em 2005, obteve diversos pr\u00eamios nacionais e internacionais. Milton recebeu a medalha da Ordem do M\u00e9rito Cultural do Minist\u00e9rio da Cultura do Brasil em 2008.<\/div>\n<div><\/div>\n<div class=\"texto\">Em 2008, publicou seu quarto romance, \u201c\u00d3rf\u00e3os do Eldorado\u201d, adaptado para o cinema sob dire\u00e7\u00e3o e roteiro de Guilherme Coelho, e, no ano seguinte, lan\u00e7ou o livro de contos \u201cA Cidade Ilhada\u201d, que inspirou o filme \u201cO Rio do Desejo\u201d, dirigido por Sergio Machado.<\/div>\n<div><\/div>\n<div class=\"texto\">Em 2017, Milton iniciou a trilogia \u201cO Lugar Mais Sombrio\u201d, com o livro \u201cA Noite da Espera\u201d. O segundo livro, \u201cPontos de Fuga\u201d foi lan\u00e7ado em 2019.\u00a0No m\u00eas de outubro deste ano, a Companhia das Letras publicar\u00e1 \u201cDan\u00e7a de Enganos\u201d, \u00faltimo volume da trilogia.<\/div>\n<div><\/div>\n<div class=\"texto\">Os livros de Hatoum j\u00e1 ultrapassam 500 mil exemplares vendidos foram publicados em 17 pa\u00edses, e contam com uma extensa fortuna cr\u00edtica no Brasil e no exterior. Traduziu para o portugu\u00eas A cruzada das crian\u00e7as(Marcel Schwob), Representa\u00e7\u00f5es do Intelectual (Edward Said) e, em parceria com Samuel Titan, Tr\u00eas contos (Gustave Flaubert).<\/div>\n<div><\/div>\n<div class=\"texto\">Hatoum tem publicado tamb\u00e9m ensaios e artigos sobre literatura brasileira e latino-americana em revistas e jornais do Brasil, da Espanha, Fran\u00e7a e It\u00e1lia. Alguns de seus contos e ensaios sa\u00edram nas revistas Europe, Nouvelle Revue Fran\u00e7aise (Fran\u00e7a), Grand Street (Nova York), Quimera (M\u00e9xico) e serrote. Participou de v\u00e1rias antologias de contos brasileiros organizadas na Alemanha e no M\u00e9xico, e da Oxford Anthology of the Brazilian Short Story.<\/div>\n","protected":false},"excerpt":{"rendered":"<p>Milton Hatoum j\u00e1 deu aulas na Universidade Federal do Amazonas e foi professor visitante na Universidade da Calif\u00f3rnia \u2013 Divulga\u00e7\u00e3o O escritor Milton Hatoum, de 73 anos, foi eleito, nesta quinta-feira (14), para o Quadro de Membros Efetivos da Academia Brasileira de Letras (ABL). Com 33 dos 34 votos, o autor ocupar\u00e1 a Cadeira 6 [&hellip;]<\/p>\n","protected":false},"author":1,"featured_media":1505,"comment_status":"open","ping_status":"open","sticky":false,"template":"","format":"standard","meta":{"footnotes":"","jetpack_publicize_message":"","jetpack_publicize_feature_enabled":true,"jetpack_social_post_already_shared":true,"jetpack_social_options":{"image_generator_settings":{"template":"highway","default_image_id":0,"font":"","enabled":false},"version":2}},"categories":[1,35,46],"tags":[],"class_list":["post-1504","post","type-post","status-publish","format-standard","has-post-thumbnail","hentry","category-https-gazetapernambucana-com-page_id225","category-https-gazetapernambucana-com-page_id218","category-literatura"],"yoast_head":"<!-- This site is optimized with the Yoast SEO plugin v24.5 - https:\/\/yoast.com\/wordpress\/plugins\/seo\/ -->\n<title>Escritor amazonense Milton Hatoum \u00e9 eleito para Academia Brasileira de Letras -<\/title>\n<meta name=\"robots\" content=\"index, follow, max-snippet:-1, max-image-preview:large, max-video-preview:-1\" \/>\n<link rel=\"canonical\" href=\"https:\/\/gazetapernambucana.com\/?p=1504\" \/>\n<meta property=\"og:locale\" content=\"pt_BR\" \/>\n<meta property=\"og:type\" content=\"article\" \/>\n<meta property=\"og:title\" content=\"Escritor amazonense Milton Hatoum \u00e9 eleito para Academia Brasileira de Letras -\" \/>\n<meta property=\"og:description\" content=\"Milton Hatoum j\u00e1 deu aulas na Universidade Federal do Amazonas e foi professor visitante na Universidade da Calif\u00f3rnia \u2013 Divulga\u00e7\u00e3o O escritor Milton Hatoum, de 73 anos, foi eleito, nesta quinta-feira (14), para o Quadro de Membros Efetivos da Academia Brasileira de Letras (ABL). Com 33 dos 34 votos, o autor ocupar\u00e1 a Cadeira 6 [&hellip;]\" \/>\n<meta property=\"og:url\" content=\"https:\/\/gazetapernambucana.com\/?p=1504\" \/>\n<meta property=\"article:published_time\" content=\"2025-08-15T01:49:56+00:00\" \/>\n<meta property=\"og:image\" content=\"https:\/\/gazetapernambucana.com\/wp-content\/uploads\/2025\/08\/1_milton_hatoum125723_1280x728-36385103.jpg\" \/>\n\t<meta property=\"og:image:width\" content=\"1200\" \/>\n\t<meta property=\"og:image:height\" content=\"750\" \/>\n\t<meta property=\"og:image:type\" content=\"image\/jpeg\" \/>\n<meta name=\"author\" content=\"GP\" \/>\n<meta name=\"twitter:card\" content=\"summary_large_image\" \/>\n<meta name=\"twitter:label1\" content=\"Escrito por\" \/>\n\t<meta name=\"twitter:data1\" content=\"GP\" \/>\n\t<meta name=\"twitter:label2\" content=\"Est. tempo de leitura\" \/>\n\t<meta name=\"twitter:data2\" content=\"5 minutos\" \/>\n<script type=\"application\/ld+json\" class=\"yoast-schema-graph\">{\"@context\":\"https:\/\/schema.org\",\"@graph\":[{\"@type\":\"WebPage\",\"@id\":\"https:\/\/gazetapernambucana.com\/?p=1504\",\"url\":\"https:\/\/gazetapernambucana.com\/?p=1504\",\"name\":\"Escritor amazonense Milton Hatoum \u00e9 eleito para Academia Brasileira de Letras -\",\"isPartOf\":{\"@id\":\"https:\/\/gazetapernambucana.com\/#website\"},\"primaryImageOfPage\":{\"@id\":\"https:\/\/gazetapernambucana.com\/?p=1504#primaryimage\"},\"image\":{\"@id\":\"https:\/\/gazetapernambucana.com\/?p=1504#primaryimage\"},\"thumbnailUrl\":\"https:\/\/gazetapernambucana.com\/wp-content\/uploads\/2025\/08\/1_milton_hatoum125723_1280x728-36385103.jpg\",\"datePublished\":\"2025-08-15T01:49:56+00:00\",\"author\":{\"@id\":\"https:\/\/gazetapernambucana.com\/#\/schema\/person\/188dc283325181ac2de4db1e9e987427\"},\"breadcrumb\":{\"@id\":\"https:\/\/gazetapernambucana.com\/?p=1504#breadcrumb\"},\"inLanguage\":\"pt-BR\",\"potentialAction\":[{\"@type\":\"ReadAction\",\"target\":[\"https:\/\/gazetapernambucana.com\/?p=1504\"]}]},{\"@type\":\"ImageObject\",\"inLanguage\":\"pt-BR\",\"@id\":\"https:\/\/gazetapernambucana.com\/?p=1504#primaryimage\",\"url\":\"https:\/\/gazetapernambucana.com\/wp-content\/uploads\/2025\/08\/1_milton_hatoum125723_1280x728-36385103.jpg\",\"contentUrl\":\"https:\/\/gazetapernambucana.com\/wp-content\/uploads\/2025\/08\/1_milton_hatoum125723_1280x728-36385103.jpg\",\"width\":1200,\"height\":750},{\"@type\":\"BreadcrumbList\",\"@id\":\"https:\/\/gazetapernambucana.com\/?p=1504#breadcrumb\",\"itemListElement\":[{\"@type\":\"ListItem\",\"position\":1,\"name\":\"In\u00edcio\",\"item\":\"https:\/\/gazetapernambucana.com\/\"},{\"@type\":\"ListItem\",\"position\":2,\"name\":\"Escritor amazonense Milton Hatoum \u00e9 eleito para Academia Brasileira de Letras\"}]},{\"@type\":\"WebSite\",\"@id\":\"https:\/\/gazetapernambucana.com\/#website\",\"url\":\"https:\/\/gazetapernambucana.com\/\",\"name\":\"\",\"description\":\"\",\"potentialAction\":[{\"@type\":\"SearchAction\",\"target\":{\"@type\":\"EntryPoint\",\"urlTemplate\":\"https:\/\/gazetapernambucana.com\/?s={search_term_string}\"},\"query-input\":{\"@type\":\"PropertyValueSpecification\",\"valueRequired\":true,\"valueName\":\"search_term_string\"}}],\"inLanguage\":\"pt-BR\"},{\"@type\":\"Person\",\"@id\":\"https:\/\/gazetapernambucana.com\/#\/schema\/person\/188dc283325181ac2de4db1e9e987427\",\"name\":\"GP\",\"image\":{\"@type\":\"ImageObject\",\"inLanguage\":\"pt-BR\",\"@id\":\"https:\/\/gazetapernambucana.com\/#\/schema\/person\/image\/\",\"url\":\"https:\/\/secure.gravatar.com\/avatar\/9dad78ff9a2d8b5742d11779f8a3f53b052320c550b2e1907882353c067bb111?s=96&d=mm&r=g\",\"contentUrl\":\"https:\/\/secure.gravatar.com\/avatar\/9dad78ff9a2d8b5742d11779f8a3f53b052320c550b2e1907882353c067bb111?s=96&d=mm&r=g\",\"caption\":\"GP\"},\"sameAs\":[\"http:\/\/gazetapernambucana.com\"],\"url\":\"https:\/\/gazetapernambucana.com\/?author=1\"}]}<\/script>\n<!-- \/ Yoast SEO plugin. -->","yoast_head_json":{"title":"Escritor amazonense Milton Hatoum \u00e9 eleito para Academia Brasileira de Letras -","robots":{"index":"index","follow":"follow","max-snippet":"max-snippet:-1","max-image-preview":"max-image-preview:large","max-video-preview":"max-video-preview:-1"},"canonical":"https:\/\/gazetapernambucana.com\/?p=1504","og_locale":"pt_BR","og_type":"article","og_title":"Escritor amazonense Milton Hatoum \u00e9 eleito para Academia Brasileira de Letras -","og_description":"Milton Hatoum j\u00e1 deu aulas na Universidade Federal do Amazonas e foi professor visitante na Universidade da Calif\u00f3rnia \u2013 Divulga\u00e7\u00e3o O escritor Milton Hatoum, de 73 anos, foi eleito, nesta quinta-feira (14), para o Quadro de Membros Efetivos da Academia Brasileira de Letras (ABL). Com 33 dos 34 votos, o autor ocupar\u00e1 a Cadeira 6 [&hellip;]","og_url":"https:\/\/gazetapernambucana.com\/?p=1504","article_published_time":"2025-08-15T01:49:56+00:00","og_image":[{"width":1200,"height":750,"url":"https:\/\/gazetapernambucana.com\/wp-content\/uploads\/2025\/08\/1_milton_hatoum125723_1280x728-36385103.jpg","type":"image\/jpeg"}],"author":"GP","twitter_card":"summary_large_image","twitter_misc":{"Escrito por":"GP","Est. tempo de leitura":"5 minutos"},"schema":{"@context":"https:\/\/schema.org","@graph":[{"@type":"WebPage","@id":"https:\/\/gazetapernambucana.com\/?p=1504","url":"https:\/\/gazetapernambucana.com\/?p=1504","name":"Escritor amazonense Milton Hatoum \u00e9 eleito para Academia Brasileira de Letras -","isPartOf":{"@id":"https:\/\/gazetapernambucana.com\/#website"},"primaryImageOfPage":{"@id":"https:\/\/gazetapernambucana.com\/?p=1504#primaryimage"},"image":{"@id":"https:\/\/gazetapernambucana.com\/?p=1504#primaryimage"},"thumbnailUrl":"https:\/\/gazetapernambucana.com\/wp-content\/uploads\/2025\/08\/1_milton_hatoum125723_1280x728-36385103.jpg","datePublished":"2025-08-15T01:49:56+00:00","author":{"@id":"https:\/\/gazetapernambucana.com\/#\/schema\/person\/188dc283325181ac2de4db1e9e987427"},"breadcrumb":{"@id":"https:\/\/gazetapernambucana.com\/?p=1504#breadcrumb"},"inLanguage":"pt-BR","potentialAction":[{"@type":"ReadAction","target":["https:\/\/gazetapernambucana.com\/?p=1504"]}]},{"@type":"ImageObject","inLanguage":"pt-BR","@id":"https:\/\/gazetapernambucana.com\/?p=1504#primaryimage","url":"https:\/\/gazetapernambucana.com\/wp-content\/uploads\/2025\/08\/1_milton_hatoum125723_1280x728-36385103.jpg","contentUrl":"https:\/\/gazetapernambucana.com\/wp-content\/uploads\/2025\/08\/1_milton_hatoum125723_1280x728-36385103.jpg","width":1200,"height":750},{"@type":"BreadcrumbList","@id":"https:\/\/gazetapernambucana.com\/?p=1504#breadcrumb","itemListElement":[{"@type":"ListItem","position":1,"name":"In\u00edcio","item":"https:\/\/gazetapernambucana.com\/"},{"@type":"ListItem","position":2,"name":"Escritor amazonense Milton Hatoum \u00e9 eleito para Academia Brasileira de Letras"}]},{"@type":"WebSite","@id":"https:\/\/gazetapernambucana.com\/#website","url":"https:\/\/gazetapernambucana.com\/","name":"","description":"","potentialAction":[{"@type":"SearchAction","target":{"@type":"EntryPoint","urlTemplate":"https:\/\/gazetapernambucana.com\/?s={search_term_string}"},"query-input":{"@type":"PropertyValueSpecification","valueRequired":true,"valueName":"search_term_string"}}],"inLanguage":"pt-BR"},{"@type":"Person","@id":"https:\/\/gazetapernambucana.com\/#\/schema\/person\/188dc283325181ac2de4db1e9e987427","name":"GP","image":{"@type":"ImageObject","inLanguage":"pt-BR","@id":"https:\/\/gazetapernambucana.com\/#\/schema\/person\/image\/","url":"https:\/\/secure.gravatar.com\/avatar\/9dad78ff9a2d8b5742d11779f8a3f53b052320c550b2e1907882353c067bb111?s=96&d=mm&r=g","contentUrl":"https:\/\/secure.gravatar.com\/avatar\/9dad78ff9a2d8b5742d11779f8a3f53b052320c550b2e1907882353c067bb111?s=96&d=mm&r=g","caption":"GP"},"sameAs":["http:\/\/gazetapernambucana.com"],"url":"https:\/\/gazetapernambucana.com\/?author=1"}]}},"jetpack_publicize_connections":[],"_links":{"self":[{"href":"https:\/\/gazetapernambucana.com\/index.php?rest_route=\/wp\/v2\/posts\/1504","targetHints":{"allow":["GET"]}}],"collection":[{"href":"https:\/\/gazetapernambucana.com\/index.php?rest_route=\/wp\/v2\/posts"}],"about":[{"href":"https:\/\/gazetapernambucana.com\/index.php?rest_route=\/wp\/v2\/types\/post"}],"author":[{"embeddable":true,"href":"https:\/\/gazetapernambucana.com\/index.php?rest_route=\/wp\/v2\/users\/1"}],"replies":[{"embeddable":true,"href":"https:\/\/gazetapernambucana.com\/index.php?rest_route=%2Fwp%2Fv2%2Fcomments&post=1504"}],"version-history":[{"count":1,"href":"https:\/\/gazetapernambucana.com\/index.php?rest_route=\/wp\/v2\/posts\/1504\/revisions"}],"predecessor-version":[{"id":1506,"href":"https:\/\/gazetapernambucana.com\/index.php?rest_route=\/wp\/v2\/posts\/1504\/revisions\/1506"}],"wp:featuredmedia":[{"embeddable":true,"href":"https:\/\/gazetapernambucana.com\/index.php?rest_route=\/wp\/v2\/media\/1505"}],"wp:attachment":[{"href":"https:\/\/gazetapernambucana.com\/index.php?rest_route=%2Fwp%2Fv2%2Fmedia&parent=1504"}],"wp:term":[{"taxonomy":"category","embeddable":true,"href":"https:\/\/gazetapernambucana.com\/index.php?rest_route=%2Fwp%2Fv2%2Fcategories&post=1504"},{"taxonomy":"post_tag","embeddable":true,"href":"https:\/\/gazetapernambucana.com\/index.php?rest_route=%2Fwp%2Fv2%2Ftags&post=1504"}],"curies":[{"name":"wp","href":"https:\/\/api.w.org\/{rel}","templated":true}]}}