{"id":1495,"date":"2025-08-14T15:49:54","date_gmt":"2025-08-14T18:49:54","guid":{"rendered":"https:\/\/gazetapernambucana.com\/?p=1495"},"modified":"2025-08-14T15:49:54","modified_gmt":"2025-08-14T18:49:54","slug":"pai-mae-padrasto-avo-avo-sogro-e-sogra-do-presidente-da-camara-ja-foram-denunciados-por-corrupcao-motta-esta-nas-maos-do-stf-diz-jornalista-alan-fardin","status":"publish","type":"post","link":"https:\/\/gazetapernambucana.com\/?p=1495","title":{"rendered":"Pai, m\u00e3e, padrasto, av\u00f4, av\u00f3, sogro e sogra do presidente da C\u00e2mara j\u00e1 foram denunciados por corrup\u00e7\u00e3o; Motta est\u00e1 nas m\u00e3os do STF, diz jornalista Alan Fardin"},"content":{"rendered":"<div id=\"mvp-content-main\">\n<p><img loading=\"lazy\" decoding=\"async\" class=\"alignnone size-medium wp-image-1496\" src=\"http:\/\/gazetapernambucana.com\/wp-content\/uploads\/2025\/08\/Nova-capa-50-768x435-1-300x170.webp\" alt=\"\" width=\"300\" height=\"170\" srcset=\"https:\/\/gazetapernambucana.com\/wp-content\/uploads\/2025\/08\/Nova-capa-50-768x435-1-300x170.webp 300w, https:\/\/gazetapernambucana.com\/wp-content\/uploads\/2025\/08\/Nova-capa-50-768x435-1.webp 768w\" sizes=\"auto, (max-width: 300px) 100vw, 300px\" \/>\u00a0 \u00a0 \u00a0 \u00a0A hist\u00f3ria pol\u00edtica de Patos, no sert\u00e3o paraibano, \u00e9 tamb\u00e9m a hist\u00f3ria da fam\u00edlia Motta, um cl\u00e3 que, desde a d\u00e9cada de 1950, domina a prefeitura, influencia a Assembleia Legislativa e mant\u00e9m assento no Congresso Nacional. Liderada hoje pelo deputado federal Hugo Motta (Republicanos-PB), a dinastia acumula d\u00e9cadas de mandatos, acusa\u00e7\u00f5es e investiga\u00e7\u00f5es que exp\u00f5em o funcionamento de um sistema pol\u00edtico onde poder e den\u00fancias caminham lado a lado, quase sempre blindados pelo tempo e pela falta de responsabiliza\u00e7\u00e3o efetiva.<\/p>\n<p>Com cerca de 39% da popula\u00e7\u00e3o dependente do Bolsa Fam\u00edlia, Patos se transformou em um curral eleitoral cl\u00e1ssico, em que a precariedade social garante a fidelidade pol\u00edtica. Em um munic\u00edpio de 107 mil habitantes, a hegemonia dos Motta \u00e9 mantida por redes de parentesco e alian\u00e7as hist\u00f3ricas: Hugo \u00e9 filho de Nabor Wanderley, prefeito em dois per\u00edodos (2005-2012 e 2021-atual), neto de Nabor Wanderley da N\u00f3brega (prefeito entre 1956 e 1959) e de Francisca Motta (prefeita de 2013 a 2016). Todos, em diferentes momentos, j\u00e1 foram citados em investiga\u00e7\u00f5es de corrup\u00e7\u00e3o, fraudes e desvio de recursos.<\/p>\n<p>Opera\u00e7\u00e3o Veicula\u00e7\u00e3o: R$ 11 milh\u00f5es sob suspeita<\/p>\n<p>O epis\u00f3dio mais rumoroso foi em 2016, com a Opera\u00e7\u00e3o Veicula\u00e7\u00e3o, da Pol\u00edcia Federal. A investiga\u00e7\u00e3o apontou um esquema de fraudes em licita\u00e7\u00f5es e superfaturamento de contratos de loca\u00e7\u00e3o de ve\u00edculos na Prefeitura de Patos, com preju\u00edzo estimado em R$ 11 milh\u00f5es. O dinheiro, proveniente de programas federais como Fundeb, PNATE e Pr\u00f3-Jovem Trabalhador, teria sido desviado via empresas de fachada.<\/p>\n<p>apenas uma cortina de fuma\u00e7a para desmobilizar parlamentares de direita, que ca\u00edram como ing\u00eanuos. O plano \u00e9 simples, a medida, se aprovada, ser\u00e1 barrada no pr\u00f3prio STF. Est\u00e1 tudo combinado. Motta lava as m\u00e3os, a direita sai com a falsa sensa\u00e7\u00e3o de prest\u00edgio pelo presidente da C\u00e2mara, e o Supremo soma mais um ponto na sua longa conta de decis\u00f5es contr\u00e1rias ao interesse popular. Enquanto isso, os esquemas de poder continuam fluindo.<\/p>\n<\/div>\n<p><a>Fonte: No Centro do Poder<\/a><\/p>\n","protected":false},"excerpt":{"rendered":"<p>\u00a0 \u00a0 \u00a0 \u00a0A hist\u00f3ria pol\u00edtica de Patos, no sert\u00e3o paraibano, \u00e9 tamb\u00e9m a hist\u00f3ria da fam\u00edlia Motta, um cl\u00e3 que, desde a d\u00e9cada de 1950, domina a prefeitura, influencia a Assembleia Legislativa e mant\u00e9m assento no Congresso Nacional. Liderada hoje pelo deputado federal Hugo Motta (Republicanos-PB), a dinastia acumula d\u00e9cadas de mandatos, acusa\u00e7\u00f5es e [&hellip;]<\/p>\n","protected":false},"author":1,"featured_media":1496,"comment_status":"open","ping_status":"open","sticky":false,"template":"","format":"standard","meta":{"footnotes":"","jetpack_publicize_message":"","jetpack_publicize_feature_enabled":true,"jetpack_social_post_already_shared":true,"jetpack_social_options":{"image_generator_settings":{"template":"highway","default_image_id":0,"font":"","enabled":false},"version":2}},"categories":[37,1,65],"tags":[],"class_list":["post-1495","post","type-post","status-publish","format-standard","has-post-thumbnail","hentry","category-https-gazetapernambucana-com-page_id212","category-https-gazetapernambucana-com-page_id225","category-politica"],"yoast_head":"<!-- This site is optimized with the Yoast SEO plugin v24.5 - https:\/\/yoast.com\/wordpress\/plugins\/seo\/ -->\n<title>Pai, m\u00e3e, padrasto, av\u00f4, av\u00f3, sogro e sogra do presidente da C\u00e2mara j\u00e1 foram denunciados por corrup\u00e7\u00e3o; Motta est\u00e1 nas m\u00e3os do STF, diz jornalista Alan Fardin -<\/title>\n<meta name=\"robots\" content=\"index, follow, max-snippet:-1, max-image-preview:large, max-video-preview:-1\" \/>\n<link rel=\"canonical\" href=\"https:\/\/gazetapernambucana.com\/?p=1495\" \/>\n<meta property=\"og:locale\" content=\"pt_BR\" \/>\n<meta property=\"og:type\" content=\"article\" \/>\n<meta property=\"og:title\" content=\"Pai, m\u00e3e, padrasto, av\u00f4, av\u00f3, sogro e sogra do presidente da C\u00e2mara j\u00e1 foram denunciados por corrup\u00e7\u00e3o; Motta est\u00e1 nas m\u00e3os do STF, diz jornalista Alan Fardin -\" \/>\n<meta property=\"og:description\" content=\"\u00a0 \u00a0 \u00a0 \u00a0A hist\u00f3ria pol\u00edtica de Patos, no sert\u00e3o paraibano, \u00e9 tamb\u00e9m a hist\u00f3ria da fam\u00edlia Motta, um cl\u00e3 que, desde a d\u00e9cada de 1950, domina a prefeitura, influencia a Assembleia Legislativa e mant\u00e9m assento no Congresso Nacional. Liderada hoje pelo deputado federal Hugo Motta (Republicanos-PB), a dinastia acumula d\u00e9cadas de mandatos, acusa\u00e7\u00f5es e [&hellip;]\" \/>\n<meta property=\"og:url\" content=\"https:\/\/gazetapernambucana.com\/?p=1495\" \/>\n<meta property=\"article:published_time\" content=\"2025-08-14T18:49:54+00:00\" \/>\n<meta property=\"og:image\" content=\"https:\/\/gazetapernambucana.com\/wp-content\/uploads\/2025\/08\/Nova-capa-50-768x435-1.webp\" \/>\n\t<meta property=\"og:image:width\" content=\"768\" \/>\n\t<meta property=\"og:image:height\" content=\"435\" \/>\n\t<meta property=\"og:image:type\" content=\"image\/webp\" \/>\n<meta name=\"author\" content=\"GP\" \/>\n<meta name=\"twitter:card\" content=\"summary_large_image\" \/>\n<meta name=\"twitter:label1\" content=\"Escrito por\" \/>\n\t<meta name=\"twitter:data1\" content=\"GP\" \/>\n\t<meta name=\"twitter:label2\" content=\"Est. tempo de leitura\" \/>\n\t<meta name=\"twitter:data2\" content=\"3 minutos\" \/>\n<script type=\"application\/ld+json\" class=\"yoast-schema-graph\">{\"@context\":\"https:\/\/schema.org\",\"@graph\":[{\"@type\":\"WebPage\",\"@id\":\"https:\/\/gazetapernambucana.com\/?p=1495\",\"url\":\"https:\/\/gazetapernambucana.com\/?p=1495\",\"name\":\"Pai, m\u00e3e, padrasto, av\u00f4, av\u00f3, sogro e sogra do presidente da C\u00e2mara j\u00e1 foram denunciados por corrup\u00e7\u00e3o; Motta est\u00e1 nas m\u00e3os do STF, diz jornalista Alan Fardin -\",\"isPartOf\":{\"@id\":\"https:\/\/gazetapernambucana.com\/#website\"},\"primaryImageOfPage\":{\"@id\":\"https:\/\/gazetapernambucana.com\/?p=1495#primaryimage\"},\"image\":{\"@id\":\"https:\/\/gazetapernambucana.com\/?p=1495#primaryimage\"},\"thumbnailUrl\":\"https:\/\/gazetapernambucana.com\/wp-content\/uploads\/2025\/08\/Nova-capa-50-768x435-1.webp\",\"datePublished\":\"2025-08-14T18:49:54+00:00\",\"author\":{\"@id\":\"https:\/\/gazetapernambucana.com\/#\/schema\/person\/188dc283325181ac2de4db1e9e987427\"},\"breadcrumb\":{\"@id\":\"https:\/\/gazetapernambucana.com\/?p=1495#breadcrumb\"},\"inLanguage\":\"pt-BR\",\"potentialAction\":[{\"@type\":\"ReadAction\",\"target\":[\"https:\/\/gazetapernambucana.com\/?p=1495\"]}]},{\"@type\":\"ImageObject\",\"inLanguage\":\"pt-BR\",\"@id\":\"https:\/\/gazetapernambucana.com\/?p=1495#primaryimage\",\"url\":\"https:\/\/gazetapernambucana.com\/wp-content\/uploads\/2025\/08\/Nova-capa-50-768x435-1.webp\",\"contentUrl\":\"https:\/\/gazetapernambucana.com\/wp-content\/uploads\/2025\/08\/Nova-capa-50-768x435-1.webp\",\"width\":768,\"height\":435},{\"@type\":\"BreadcrumbList\",\"@id\":\"https:\/\/gazetapernambucana.com\/?p=1495#breadcrumb\",\"itemListElement\":[{\"@type\":\"ListItem\",\"position\":1,\"name\":\"In\u00edcio\",\"item\":\"https:\/\/gazetapernambucana.com\/\"},{\"@type\":\"ListItem\",\"position\":2,\"name\":\"Pai, m\u00e3e, padrasto, av\u00f4, av\u00f3, sogro e sogra do presidente da C\u00e2mara j\u00e1 foram denunciados por corrup\u00e7\u00e3o; Motta est\u00e1 nas m\u00e3os do STF, diz jornalista Alan Fardin\"}]},{\"@type\":\"WebSite\",\"@id\":\"https:\/\/gazetapernambucana.com\/#website\",\"url\":\"https:\/\/gazetapernambucana.com\/\",\"name\":\"\",\"description\":\"\",\"potentialAction\":[{\"@type\":\"SearchAction\",\"target\":{\"@type\":\"EntryPoint\",\"urlTemplate\":\"https:\/\/gazetapernambucana.com\/?s={search_term_string}\"},\"query-input\":{\"@type\":\"PropertyValueSpecification\",\"valueRequired\":true,\"valueName\":\"search_term_string\"}}],\"inLanguage\":\"pt-BR\"},{\"@type\":\"Person\",\"@id\":\"https:\/\/gazetapernambucana.com\/#\/schema\/person\/188dc283325181ac2de4db1e9e987427\",\"name\":\"GP\",\"image\":{\"@type\":\"ImageObject\",\"inLanguage\":\"pt-BR\",\"@id\":\"https:\/\/gazetapernambucana.com\/#\/schema\/person\/image\/\",\"url\":\"https:\/\/secure.gravatar.com\/avatar\/9dad78ff9a2d8b5742d11779f8a3f53b052320c550b2e1907882353c067bb111?s=96&d=mm&r=g\",\"contentUrl\":\"https:\/\/secure.gravatar.com\/avatar\/9dad78ff9a2d8b5742d11779f8a3f53b052320c550b2e1907882353c067bb111?s=96&d=mm&r=g\",\"caption\":\"GP\"},\"sameAs\":[\"http:\/\/gazetapernambucana.com\"],\"url\":\"https:\/\/gazetapernambucana.com\/?author=1\"}]}<\/script>\n<!-- \/ Yoast SEO plugin. -->","yoast_head_json":{"title":"Pai, m\u00e3e, padrasto, av\u00f4, av\u00f3, sogro e sogra do presidente da C\u00e2mara j\u00e1 foram denunciados por corrup\u00e7\u00e3o; Motta est\u00e1 nas m\u00e3os do STF, diz jornalista Alan Fardin -","robots":{"index":"index","follow":"follow","max-snippet":"max-snippet:-1","max-image-preview":"max-image-preview:large","max-video-preview":"max-video-preview:-1"},"canonical":"https:\/\/gazetapernambucana.com\/?p=1495","og_locale":"pt_BR","og_type":"article","og_title":"Pai, m\u00e3e, padrasto, av\u00f4, av\u00f3, sogro e sogra do presidente da C\u00e2mara j\u00e1 foram denunciados por corrup\u00e7\u00e3o; Motta est\u00e1 nas m\u00e3os do STF, diz jornalista Alan Fardin -","og_description":"\u00a0 \u00a0 \u00a0 \u00a0A hist\u00f3ria pol\u00edtica de Patos, no sert\u00e3o paraibano, \u00e9 tamb\u00e9m a hist\u00f3ria da fam\u00edlia Motta, um cl\u00e3 que, desde a d\u00e9cada de 1950, domina a prefeitura, influencia a Assembleia Legislativa e mant\u00e9m assento no Congresso Nacional. Liderada hoje pelo deputado federal Hugo Motta (Republicanos-PB), a dinastia acumula d\u00e9cadas de mandatos, acusa\u00e7\u00f5es e [&hellip;]","og_url":"https:\/\/gazetapernambucana.com\/?p=1495","article_published_time":"2025-08-14T18:49:54+00:00","og_image":[{"width":768,"height":435,"url":"https:\/\/gazetapernambucana.com\/wp-content\/uploads\/2025\/08\/Nova-capa-50-768x435-1.webp","type":"image\/webp"}],"author":"GP","twitter_card":"summary_large_image","twitter_misc":{"Escrito por":"GP","Est. tempo de leitura":"3 minutos"},"schema":{"@context":"https:\/\/schema.org","@graph":[{"@type":"WebPage","@id":"https:\/\/gazetapernambucana.com\/?p=1495","url":"https:\/\/gazetapernambucana.com\/?p=1495","name":"Pai, m\u00e3e, padrasto, av\u00f4, av\u00f3, sogro e sogra do presidente da C\u00e2mara j\u00e1 foram denunciados por corrup\u00e7\u00e3o; Motta est\u00e1 nas m\u00e3os do STF, diz jornalista Alan Fardin -","isPartOf":{"@id":"https:\/\/gazetapernambucana.com\/#website"},"primaryImageOfPage":{"@id":"https:\/\/gazetapernambucana.com\/?p=1495#primaryimage"},"image":{"@id":"https:\/\/gazetapernambucana.com\/?p=1495#primaryimage"},"thumbnailUrl":"https:\/\/gazetapernambucana.com\/wp-content\/uploads\/2025\/08\/Nova-capa-50-768x435-1.webp","datePublished":"2025-08-14T18:49:54+00:00","author":{"@id":"https:\/\/gazetapernambucana.com\/#\/schema\/person\/188dc283325181ac2de4db1e9e987427"},"breadcrumb":{"@id":"https:\/\/gazetapernambucana.com\/?p=1495#breadcrumb"},"inLanguage":"pt-BR","potentialAction":[{"@type":"ReadAction","target":["https:\/\/gazetapernambucana.com\/?p=1495"]}]},{"@type":"ImageObject","inLanguage":"pt-BR","@id":"https:\/\/gazetapernambucana.com\/?p=1495#primaryimage","url":"https:\/\/gazetapernambucana.com\/wp-content\/uploads\/2025\/08\/Nova-capa-50-768x435-1.webp","contentUrl":"https:\/\/gazetapernambucana.com\/wp-content\/uploads\/2025\/08\/Nova-capa-50-768x435-1.webp","width":768,"height":435},{"@type":"BreadcrumbList","@id":"https:\/\/gazetapernambucana.com\/?p=1495#breadcrumb","itemListElement":[{"@type":"ListItem","position":1,"name":"In\u00edcio","item":"https:\/\/gazetapernambucana.com\/"},{"@type":"ListItem","position":2,"name":"Pai, m\u00e3e, padrasto, av\u00f4, av\u00f3, sogro e sogra do presidente da C\u00e2mara j\u00e1 foram denunciados por corrup\u00e7\u00e3o; Motta est\u00e1 nas m\u00e3os do STF, diz jornalista Alan Fardin"}]},{"@type":"WebSite","@id":"https:\/\/gazetapernambucana.com\/#website","url":"https:\/\/gazetapernambucana.com\/","name":"","description":"","potentialAction":[{"@type":"SearchAction","target":{"@type":"EntryPoint","urlTemplate":"https:\/\/gazetapernambucana.com\/?s={search_term_string}"},"query-input":{"@type":"PropertyValueSpecification","valueRequired":true,"valueName":"search_term_string"}}],"inLanguage":"pt-BR"},{"@type":"Person","@id":"https:\/\/gazetapernambucana.com\/#\/schema\/person\/188dc283325181ac2de4db1e9e987427","name":"GP","image":{"@type":"ImageObject","inLanguage":"pt-BR","@id":"https:\/\/gazetapernambucana.com\/#\/schema\/person\/image\/","url":"https:\/\/secure.gravatar.com\/avatar\/9dad78ff9a2d8b5742d11779f8a3f53b052320c550b2e1907882353c067bb111?s=96&d=mm&r=g","contentUrl":"https:\/\/secure.gravatar.com\/avatar\/9dad78ff9a2d8b5742d11779f8a3f53b052320c550b2e1907882353c067bb111?s=96&d=mm&r=g","caption":"GP"},"sameAs":["http:\/\/gazetapernambucana.com"],"url":"https:\/\/gazetapernambucana.com\/?author=1"}]}},"jetpack_publicize_connections":[],"_links":{"self":[{"href":"https:\/\/gazetapernambucana.com\/index.php?rest_route=\/wp\/v2\/posts\/1495","targetHints":{"allow":["GET"]}}],"collection":[{"href":"https:\/\/gazetapernambucana.com\/index.php?rest_route=\/wp\/v2\/posts"}],"about":[{"href":"https:\/\/gazetapernambucana.com\/index.php?rest_route=\/wp\/v2\/types\/post"}],"author":[{"embeddable":true,"href":"https:\/\/gazetapernambucana.com\/index.php?rest_route=\/wp\/v2\/users\/1"}],"replies":[{"embeddable":true,"href":"https:\/\/gazetapernambucana.com\/index.php?rest_route=%2Fwp%2Fv2%2Fcomments&post=1495"}],"version-history":[{"count":1,"href":"https:\/\/gazetapernambucana.com\/index.php?rest_route=\/wp\/v2\/posts\/1495\/revisions"}],"predecessor-version":[{"id":1497,"href":"https:\/\/gazetapernambucana.com\/index.php?rest_route=\/wp\/v2\/posts\/1495\/revisions\/1497"}],"wp:featuredmedia":[{"embeddable":true,"href":"https:\/\/gazetapernambucana.com\/index.php?rest_route=\/wp\/v2\/media\/1496"}],"wp:attachment":[{"href":"https:\/\/gazetapernambucana.com\/index.php?rest_route=%2Fwp%2Fv2%2Fmedia&parent=1495"}],"wp:term":[{"taxonomy":"category","embeddable":true,"href":"https:\/\/gazetapernambucana.com\/index.php?rest_route=%2Fwp%2Fv2%2Fcategories&post=1495"},{"taxonomy":"post_tag","embeddable":true,"href":"https:\/\/gazetapernambucana.com\/index.php?rest_route=%2Fwp%2Fv2%2Ftags&post=1495"}],"curies":[{"name":"wp","href":"https:\/\/api.w.org\/{rel}","templated":true}]}}