{"id":1489,"date":"2025-08-14T15:25:07","date_gmt":"2025-08-14T18:25:07","guid":{"rendered":"https:\/\/gazetapernambucana.com\/?p=1489"},"modified":"2025-08-14T15:25:07","modified_gmt":"2025-08-14T18:25:07","slug":"exportacao-de-carne-bovina-bate-recorde-em-mes-anterior-ao-tarifaco","status":"publish","type":"post","link":"https:\/\/gazetapernambucana.com\/?p=1489","title":{"rendered":"Exporta\u00e7\u00e3o de carne bovina bate recorde em m\u00eas anterior ao tarifa\u00e7o"},"content":{"rendered":"<h3 class=\"cabecalhoNot mt-5\">Em julho, Brasil embarcou 313 mil toneladas, alta de 17,2% em 12 meses<\/h3>\n<div class=\"corpoNot w-full py-5 text-[14px] font-normal leading-normal tracking-normal text-black\">\n<div class=\"fotoNot\"><picture class=\"lazyload-loaded\"><img loading=\"lazy\" decoding=\"async\" class=\"image w-full h-auto type:primaryImage\" title=\"As importa\u00e7\u00f5es de carne bovina para a china estavam suspensas desde 3 de junho. Foto: Divulga\u00e7\u00e3o\/Abiec (Divulga\u00e7\u00e3o\/Abiec)\" src=\"https:\/\/midias.diariodepernambuco.com.br\/static\/app\/noticia_127983242361\/2019\/06\/13\/791189\/20190613120213578802e.jpg\" alt=\"As importa\u00e7\u00f5es de carne bovina para a china estavam suspensas desde 3 de junho. Foto: Divulga\u00e7\u00e3o\/Abiec\/Divulga\u00e7\u00e3o\/Abiec\" width=\"680\" height=\"420\" data-src=\"https:\/\/midias.diariodepernambuco.com.br\/static\/app\/noticia_127983242361\/2019\/06\/13\/791189\/20190613120213578802e.jpg\" \/><\/picture><\/div>\n<div class=\"fotoNot\"><strong><picture class=\"lazyload-loaded\">As importa\u00e7\u00f5es de carne bovina para a china estavam suspensas desde 3 de junho. Foto: Divulga\u00e7\u00e3o\/Abiec (Divulga\u00e7\u00e3o\/Abiec)<\/picture><\/strong><\/div>\n<p class=\"texto\">No m\u00eas anterior \u00e0 entrada em vigor do tarifa\u00e7o dos Estados Unidos, as\u00a0<strong>exporta\u00e7\u00f5es brasileiras de carne bovina<\/strong>\u00a0bateram recorde. Em julho, foram embarcadas 313.682 toneladas, crescimento de 15,6% em rela\u00e7\u00e3o a junho e de 17,2% na compara\u00e7\u00e3o com julho de 2024 (267.885 toneladas). Em termos de valores, as vendas de carne bovina renderam US$ 1,67 bilh\u00e3o.<\/p>\n<p class=\"texto\">Os dados s\u00e3o do Minist\u00e9rio do Desenvolvimento, Ind\u00fastria, Com\u00e9rcio e Servi\u00e7os (Mdic) e foram compilados pela Associa\u00e7\u00e3o Brasileira das Ind\u00fastrias Exportadoras de Carnes (Abiec), que re\u00fane 47 empresas respons\u00e1veis por 98% da carne bovina exportada pelo Brasil.<\/p>\n<p class=\"texto\">A China liderou com folga as compras no m\u00eas, com 160,6 mil toneladas (51,2% do total), que somaram US$ 881,9 milh\u00f5es, alta de 18,1% sobre junho e de 16,7% frente a julho de 2024. Os Estados Unidos ficaram em segundo lugar, com 18,2 mil toneladas (US$ 119,9 milh\u00f5es), seguidos por M\u00e9xico (15,6 mil toneladas; US$ 88,3 milh\u00f5es), R\u00fassia (13,8 mil toneladas; US$ 61,5 milh\u00f5es) e Uni\u00e3o Europeia (11,8 mil toneladas; US$ 99,4 milh\u00f5es).<\/p>\n<p class=\"texto\">Segundo a Abiec, a carne bovina in natura concentrou 88,27% dos embarques, com 276,9 mil toneladas, avan\u00e7o de 14,8% sobre junho e de 16,7% em rela\u00e7\u00e3o a julho de 2024. A exporta\u00e7\u00e3o de mi\u00fados respondeu por 6,23% do total, e a venda de industrializados, 3,27%. Essas duas categorias registraram crescimentos expressivos em rela\u00e7\u00e3o ao m\u00eas anterior.<\/p>\n<div class=\"container-gallery\">\n<div class=\"mySlides\"><img loading=\"lazy\" decoding=\"async\" class=\"bigImgSlideGallery\" src=\"https:\/\/midias.diariodepernambuco.com.br\/static\/app\/noticia_127983242361\/2017\/06\/23\/710001\/20170623141041374967i.jpg?\" alt=\"Carne bovina\" width=\"675\" height=\"450\" \/><\/div>\n<div class=\"caption-container\">\n<p id=\"caption\">A despeito de ter admitido a import\u00e2ncia das exporta\u00e7\u00f5es de carne para os Estados Unidos, Meirelles recorreu aos n\u00fameros que apresentou durante a palestra. Foto: RODRIGO FONSECA\/AFP (RODRIGO FONSECA\/AFP)<\/p>\n<\/div>\n<\/div>\n<p class=\"texto\"><strong>Acumulado do ano<\/strong><\/p>\n<p class=\"texto\">De janeiro a julho, o Brasil exportou 1,78 milh\u00e3o de toneladas de carne bovina, gerando US$ 8,9 bilh\u00f5es em receitas. Isso representa alta de 14,1% em volume e de 30,2% em valor na compara\u00e7\u00e3o com o mesmo per\u00edodo de 2024.<\/p>\n<p class=\"texto\">A China continua na lideran\u00e7a anual, com 801,8 mil toneladas (44,9% do total) e US$ 4,10 bilh\u00f5es, seguida por Estados Unidos (199,7 mil toneladas; US$ 1,16 bilh\u00e3o), Chile (69,3 mil toneladas; US$ 373,3 milh\u00f5es), M\u00e9xico (67,7 mil toneladas; US$ 364,6 milh\u00f5es) e R\u00fassia (60 mil toneladas; US$ 252,6 milh\u00f5es).<\/p>\n<p class=\"texto\">Em rela\u00e7\u00e3o ao crescimento no acumulado do ano, as maiores varia\u00e7\u00f5es em volume foram registradas em mercados como M\u00e9xico (+217,6%), Uni\u00e3o Europeia (+109,7%) e Canad\u00e1 (+101,1%). Tamb\u00e9m registraram altas expressivas Angola (+49,3%), Ge\u00f3rgia (+10,8%) e Ar\u00e1bia Saudita (+26,9%).<\/p>\n<p class=\"texto\"><strong>Diversifica\u00e7\u00e3o<\/strong><\/p>\n<p class=\"texto\">Em 2025, segundo a Abiec, o Brasil vendeu carne bovina para aproximadamente 160 mercados, consolidando-se como o maior exportador mundial. Al\u00e9m dos destinos tradicionais, houve aumento relevante da presen\u00e7a em mercados estrat\u00e9gicos no Oriente M\u00e9dio, Sudeste Asi\u00e1tico e Leste Europeu.<\/p>\n<p class=\"texto\">Na avalia\u00e7\u00e3o da Abiec, os resultados refor\u00e7am a competitividade da carne bovina brasileira e o trabalho integrado da cadeia produtiva para atender a diferentes perfis de consumo no mundo. Apesar de a carne ter sido inclu\u00edda na tarifa de 50% do governo de Donald Trump, a entidade estima que o cen\u00e1rio continuar\u00e1 positivo no segundo semestre, com expectativa de manuten\u00e7\u00e3o da demanda e de novas oportunidades comerciais.<\/p>\n<\/div>\n","protected":false},"excerpt":{"rendered":"<p>Em julho, Brasil embarcou 313 mil toneladas, alta de 17,2% em 12 meses As importa\u00e7\u00f5es de carne bovina para a china estavam suspensas desde 3 de junho. Foto: Divulga\u00e7\u00e3o\/Abiec (Divulga\u00e7\u00e3o\/Abiec) No m\u00eas anterior \u00e0 entrada em vigor do tarifa\u00e7o dos Estados Unidos, as\u00a0exporta\u00e7\u00f5es brasileiras de carne bovina\u00a0bateram recorde. Em julho, foram embarcadas 313.682 toneladas, crescimento [&hellip;]<\/p>\n","protected":false},"author":1,"featured_media":1490,"comment_status":"open","ping_status":"open","sticky":false,"template":"","format":"standard","meta":{"footnotes":"","jetpack_publicize_message":"","jetpack_publicize_feature_enabled":true,"jetpack_social_post_already_shared":true,"jetpack_social_options":{"image_generator_settings":{"template":"highway","default_image_id":0,"font":"","enabled":false},"version":2}},"categories":[37,1,38,36],"tags":[],"class_list":["post-1489","post","type-post","status-publish","format-standard","has-post-thumbnail","hentry","category-https-gazetapernambucana-com-page_id212","category-https-gazetapernambucana-com-page_id225","category-https-gazetapernambucana-com-page_id215","category-https-gazetapernambucana-com-page_id209"],"yoast_head":"<!-- This site is optimized with the Yoast SEO plugin v24.5 - https:\/\/yoast.com\/wordpress\/plugins\/seo\/ -->\n<title>Exporta\u00e7\u00e3o de carne bovina bate recorde em m\u00eas anterior ao tarifa\u00e7o -<\/title>\n<meta name=\"robots\" content=\"index, follow, max-snippet:-1, max-image-preview:large, max-video-preview:-1\" \/>\n<link rel=\"canonical\" href=\"http:\/\/gazetapernambucana.com\/?p=1489\" \/>\n<meta property=\"og:locale\" content=\"pt_BR\" \/>\n<meta property=\"og:type\" content=\"article\" \/>\n<meta property=\"og:title\" content=\"Exporta\u00e7\u00e3o de carne bovina bate recorde em m\u00eas anterior ao tarifa\u00e7o -\" \/>\n<meta property=\"og:description\" content=\"Em julho, Brasil embarcou 313 mil toneladas, alta de 17,2% em 12 meses As importa\u00e7\u00f5es de carne bovina para a china estavam suspensas desde 3 de junho. Foto: Divulga\u00e7\u00e3o\/Abiec (Divulga\u00e7\u00e3o\/Abiec) No m\u00eas anterior \u00e0 entrada em vigor do tarifa\u00e7o dos Estados Unidos, as\u00a0exporta\u00e7\u00f5es brasileiras de carne bovina\u00a0bateram recorde. Em julho, foram embarcadas 313.682 toneladas, crescimento [&hellip;]\" \/>\n<meta property=\"og:url\" content=\"http:\/\/gazetapernambucana.com\/?p=1489\" \/>\n<meta property=\"article:published_time\" content=\"2025-08-14T18:25:07+00:00\" \/>\n<meta property=\"og:image\" content=\"http:\/\/gazetapernambucana.com\/wp-content\/uploads\/2025\/08\/20190613120213578802e.jpg\" \/>\n\t<meta property=\"og:image:width\" content=\"700\" \/>\n\t<meta property=\"og:image:height\" content=\"450\" \/>\n\t<meta property=\"og:image:type\" content=\"image\/jpeg\" \/>\n<meta name=\"author\" content=\"GP\" \/>\n<meta name=\"twitter:card\" content=\"summary_large_image\" \/>\n<meta name=\"twitter:label1\" content=\"Escrito por\" \/>\n\t<meta name=\"twitter:data1\" content=\"GP\" \/>\n\t<meta name=\"twitter:label2\" content=\"Est. tempo de leitura\" \/>\n\t<meta name=\"twitter:data2\" content=\"4 minutos\" \/>\n<script type=\"application\/ld+json\" class=\"yoast-schema-graph\">{\"@context\":\"https:\/\/schema.org\",\"@graph\":[{\"@type\":\"WebPage\",\"@id\":\"http:\/\/gazetapernambucana.com\/?p=1489\",\"url\":\"http:\/\/gazetapernambucana.com\/?p=1489\",\"name\":\"Exporta\u00e7\u00e3o de carne bovina bate recorde em m\u00eas anterior ao tarifa\u00e7o -\",\"isPartOf\":{\"@id\":\"https:\/\/gazetapernambucana.com\/#website\"},\"primaryImageOfPage\":{\"@id\":\"http:\/\/gazetapernambucana.com\/?p=1489#primaryimage\"},\"image\":{\"@id\":\"http:\/\/gazetapernambucana.com\/?p=1489#primaryimage\"},\"thumbnailUrl\":\"https:\/\/gazetapernambucana.com\/wp-content\/uploads\/2025\/08\/20190613120213578802e.jpg\",\"datePublished\":\"2025-08-14T18:25:07+00:00\",\"author\":{\"@id\":\"https:\/\/gazetapernambucana.com\/#\/schema\/person\/188dc283325181ac2de4db1e9e987427\"},\"breadcrumb\":{\"@id\":\"http:\/\/gazetapernambucana.com\/?p=1489#breadcrumb\"},\"inLanguage\":\"pt-BR\",\"potentialAction\":[{\"@type\":\"ReadAction\",\"target\":[\"http:\/\/gazetapernambucana.com\/?p=1489\"]}]},{\"@type\":\"ImageObject\",\"inLanguage\":\"pt-BR\",\"@id\":\"http:\/\/gazetapernambucana.com\/?p=1489#primaryimage\",\"url\":\"https:\/\/gazetapernambucana.com\/wp-content\/uploads\/2025\/08\/20190613120213578802e.jpg\",\"contentUrl\":\"https:\/\/gazetapernambucana.com\/wp-content\/uploads\/2025\/08\/20190613120213578802e.jpg\",\"width\":700,\"height\":450},{\"@type\":\"BreadcrumbList\",\"@id\":\"http:\/\/gazetapernambucana.com\/?p=1489#breadcrumb\",\"itemListElement\":[{\"@type\":\"ListItem\",\"position\":1,\"name\":\"In\u00edcio\",\"item\":\"https:\/\/gazetapernambucana.com\/\"},{\"@type\":\"ListItem\",\"position\":2,\"name\":\"Exporta\u00e7\u00e3o de carne bovina bate recorde em m\u00eas anterior ao tarifa\u00e7o\"}]},{\"@type\":\"WebSite\",\"@id\":\"https:\/\/gazetapernambucana.com\/#website\",\"url\":\"https:\/\/gazetapernambucana.com\/\",\"name\":\"\",\"description\":\"\",\"potentialAction\":[{\"@type\":\"SearchAction\",\"target\":{\"@type\":\"EntryPoint\",\"urlTemplate\":\"https:\/\/gazetapernambucana.com\/?s={search_term_string}\"},\"query-input\":{\"@type\":\"PropertyValueSpecification\",\"valueRequired\":true,\"valueName\":\"search_term_string\"}}],\"inLanguage\":\"pt-BR\"},{\"@type\":\"Person\",\"@id\":\"https:\/\/gazetapernambucana.com\/#\/schema\/person\/188dc283325181ac2de4db1e9e987427\",\"name\":\"GP\",\"image\":{\"@type\":\"ImageObject\",\"inLanguage\":\"pt-BR\",\"@id\":\"https:\/\/gazetapernambucana.com\/#\/schema\/person\/image\/\",\"url\":\"https:\/\/secure.gravatar.com\/avatar\/9dad78ff9a2d8b5742d11779f8a3f53b052320c550b2e1907882353c067bb111?s=96&d=mm&r=g\",\"contentUrl\":\"https:\/\/secure.gravatar.com\/avatar\/9dad78ff9a2d8b5742d11779f8a3f53b052320c550b2e1907882353c067bb111?s=96&d=mm&r=g\",\"caption\":\"GP\"},\"sameAs\":[\"http:\/\/gazetapernambucana.com\"],\"url\":\"https:\/\/gazetapernambucana.com\/?author=1\"}]}<\/script>\n<!-- \/ Yoast SEO plugin. -->","yoast_head_json":{"title":"Exporta\u00e7\u00e3o de carne bovina bate recorde em m\u00eas anterior ao tarifa\u00e7o -","robots":{"index":"index","follow":"follow","max-snippet":"max-snippet:-1","max-image-preview":"max-image-preview:large","max-video-preview":"max-video-preview:-1"},"canonical":"http:\/\/gazetapernambucana.com\/?p=1489","og_locale":"pt_BR","og_type":"article","og_title":"Exporta\u00e7\u00e3o de carne bovina bate recorde em m\u00eas anterior ao tarifa\u00e7o -","og_description":"Em julho, Brasil embarcou 313 mil toneladas, alta de 17,2% em 12 meses As importa\u00e7\u00f5es de carne bovina para a china estavam suspensas desde 3 de junho. Foto: Divulga\u00e7\u00e3o\/Abiec (Divulga\u00e7\u00e3o\/Abiec) No m\u00eas anterior \u00e0 entrada em vigor do tarifa\u00e7o dos Estados Unidos, as\u00a0exporta\u00e7\u00f5es brasileiras de carne bovina\u00a0bateram recorde. Em julho, foram embarcadas 313.682 toneladas, crescimento [&hellip;]","og_url":"http:\/\/gazetapernambucana.com\/?p=1489","article_published_time":"2025-08-14T18:25:07+00:00","og_image":[{"width":700,"height":450,"url":"http:\/\/gazetapernambucana.com\/wp-content\/uploads\/2025\/08\/20190613120213578802e.jpg","type":"image\/jpeg"}],"author":"GP","twitter_card":"summary_large_image","twitter_misc":{"Escrito por":"GP","Est. tempo de leitura":"4 minutos"},"schema":{"@context":"https:\/\/schema.org","@graph":[{"@type":"WebPage","@id":"http:\/\/gazetapernambucana.com\/?p=1489","url":"http:\/\/gazetapernambucana.com\/?p=1489","name":"Exporta\u00e7\u00e3o de carne bovina bate recorde em m\u00eas anterior ao tarifa\u00e7o -","isPartOf":{"@id":"https:\/\/gazetapernambucana.com\/#website"},"primaryImageOfPage":{"@id":"http:\/\/gazetapernambucana.com\/?p=1489#primaryimage"},"image":{"@id":"http:\/\/gazetapernambucana.com\/?p=1489#primaryimage"},"thumbnailUrl":"https:\/\/gazetapernambucana.com\/wp-content\/uploads\/2025\/08\/20190613120213578802e.jpg","datePublished":"2025-08-14T18:25:07+00:00","author":{"@id":"https:\/\/gazetapernambucana.com\/#\/schema\/person\/188dc283325181ac2de4db1e9e987427"},"breadcrumb":{"@id":"http:\/\/gazetapernambucana.com\/?p=1489#breadcrumb"},"inLanguage":"pt-BR","potentialAction":[{"@type":"ReadAction","target":["http:\/\/gazetapernambucana.com\/?p=1489"]}]},{"@type":"ImageObject","inLanguage":"pt-BR","@id":"http:\/\/gazetapernambucana.com\/?p=1489#primaryimage","url":"https:\/\/gazetapernambucana.com\/wp-content\/uploads\/2025\/08\/20190613120213578802e.jpg","contentUrl":"https:\/\/gazetapernambucana.com\/wp-content\/uploads\/2025\/08\/20190613120213578802e.jpg","width":700,"height":450},{"@type":"BreadcrumbList","@id":"http:\/\/gazetapernambucana.com\/?p=1489#breadcrumb","itemListElement":[{"@type":"ListItem","position":1,"name":"In\u00edcio","item":"https:\/\/gazetapernambucana.com\/"},{"@type":"ListItem","position":2,"name":"Exporta\u00e7\u00e3o de carne bovina bate recorde em m\u00eas anterior ao tarifa\u00e7o"}]},{"@type":"WebSite","@id":"https:\/\/gazetapernambucana.com\/#website","url":"https:\/\/gazetapernambucana.com\/","name":"","description":"","potentialAction":[{"@type":"SearchAction","target":{"@type":"EntryPoint","urlTemplate":"https:\/\/gazetapernambucana.com\/?s={search_term_string}"},"query-input":{"@type":"PropertyValueSpecification","valueRequired":true,"valueName":"search_term_string"}}],"inLanguage":"pt-BR"},{"@type":"Person","@id":"https:\/\/gazetapernambucana.com\/#\/schema\/person\/188dc283325181ac2de4db1e9e987427","name":"GP","image":{"@type":"ImageObject","inLanguage":"pt-BR","@id":"https:\/\/gazetapernambucana.com\/#\/schema\/person\/image\/","url":"https:\/\/secure.gravatar.com\/avatar\/9dad78ff9a2d8b5742d11779f8a3f53b052320c550b2e1907882353c067bb111?s=96&d=mm&r=g","contentUrl":"https:\/\/secure.gravatar.com\/avatar\/9dad78ff9a2d8b5742d11779f8a3f53b052320c550b2e1907882353c067bb111?s=96&d=mm&r=g","caption":"GP"},"sameAs":["http:\/\/gazetapernambucana.com"],"url":"https:\/\/gazetapernambucana.com\/?author=1"}]}},"jetpack_publicize_connections":[],"_links":{"self":[{"href":"https:\/\/gazetapernambucana.com\/index.php?rest_route=\/wp\/v2\/posts\/1489","targetHints":{"allow":["GET"]}}],"collection":[{"href":"https:\/\/gazetapernambucana.com\/index.php?rest_route=\/wp\/v2\/posts"}],"about":[{"href":"https:\/\/gazetapernambucana.com\/index.php?rest_route=\/wp\/v2\/types\/post"}],"author":[{"embeddable":true,"href":"https:\/\/gazetapernambucana.com\/index.php?rest_route=\/wp\/v2\/users\/1"}],"replies":[{"embeddable":true,"href":"https:\/\/gazetapernambucana.com\/index.php?rest_route=%2Fwp%2Fv2%2Fcomments&post=1489"}],"version-history":[{"count":1,"href":"https:\/\/gazetapernambucana.com\/index.php?rest_route=\/wp\/v2\/posts\/1489\/revisions"}],"predecessor-version":[{"id":1491,"href":"https:\/\/gazetapernambucana.com\/index.php?rest_route=\/wp\/v2\/posts\/1489\/revisions\/1491"}],"wp:featuredmedia":[{"embeddable":true,"href":"https:\/\/gazetapernambucana.com\/index.php?rest_route=\/wp\/v2\/media\/1490"}],"wp:attachment":[{"href":"https:\/\/gazetapernambucana.com\/index.php?rest_route=%2Fwp%2Fv2%2Fmedia&parent=1489"}],"wp:term":[{"taxonomy":"category","embeddable":true,"href":"https:\/\/gazetapernambucana.com\/index.php?rest_route=%2Fwp%2Fv2%2Fcategories&post=1489"},{"taxonomy":"post_tag","embeddable":true,"href":"https:\/\/gazetapernambucana.com\/index.php?rest_route=%2Fwp%2Fv2%2Ftags&post=1489"}],"curies":[{"name":"wp","href":"https:\/\/api.w.org\/{rel}","templated":true}]}}