{"id":1483,"date":"2025-08-14T14:57:42","date_gmt":"2025-08-14T17:57:42","guid":{"rendered":"https:\/\/gazetapernambucana.com\/?p=1483"},"modified":"2025-08-14T14:57:42","modified_gmt":"2025-08-14T17:57:42","slug":"com-joao-e-sem-raquel-quem-sao-os-politicos-presentes-na-visita-de-lula-a-pernambuco","status":"publish","type":"post","link":"https:\/\/gazetapernambucana.com\/?p=1483","title":{"rendered":"Com Jo\u00e3o e sem Raquel: Quem s\u00e3o os pol\u00edticos presentes na visita de Lula a Pernambuco"},"content":{"rendered":"<h3 class=\"fotoNot\">Lula chegou a Goiana, na Mata Norte, ao lado do prefeito do Recife, Jo\u00e3o Campos (PSB); agenda tamb\u00e9m \u00e9 marcada pela aus\u00eancia da governadora Raquel Lyra (PSD)<\/h3>\n<div class=\"fotoNot\"><picture class=\"lazyload-loaded\"><img loading=\"lazy\" decoding=\"async\" class=\"image w-full h-auto type:primaryImage\" title=\"Lula na inaugura\u00e7\u00e3o de f\u00e1brica da Hemobras em Goiana (Rafael Vieira\/DP Foto)\" src=\"https:\/\/www.diariodepernambuco.com.br\/_midias\/jpg\/2025\/08\/14\/1200x800\/1_whatsapp_image_2025_08_14_at_13_19_09-714790.jpeg\" alt=\"Lula na inaugura\u00e7\u00e3o de f\u00e1brica da Hemobras em Goiana\/Rafael Vieira\/DP Foto\" width=\"680\" height=\"420\" data-src=\"https:\/\/www.diariodepernambuco.com.br\/_midias\/jpg\/2025\/08\/14\/1200x800\/1_whatsapp_image_2025_08_14_at_13_19_09-714790.jpeg\" \/><\/picture><\/div>\n<div class=\"fotoNot\"><picture class=\"lazyload-loaded\">Lula na inaugura\u00e7\u00e3o de f\u00e1brica da Hemobras em Goiana (Rafael Vieira\/DP Foto)<\/picture><\/div>\n<p class=\"texto\">Ao lado de aliados, o presidente Luiz In\u00e1cio Lula da Silva (PT) faz, nesta quinta-feira (14), a sua\u00a0<strong>segunda visita a Pernambuco<\/strong>\u00a0neste ano. Entre as autoridades presentes, est\u00e3o o prefeito do Recife, Jo\u00e3o Campos (PSB), ministros do governo e os tr\u00eas senadores de Pernambuco.<\/p>\n<p class=\"texto\">Lula chegou acompanhado de\u00a0<strong>Jo\u00e3o Campos<\/strong>, lado a lado, j\u00e1 no primeiro compromisso da agenda, em Goiana, na Mata Norte, onde inaugura uma f\u00e1brica. \u00c0 tarde, o presidente tamb\u00e9m deve visitar Bras\u00edlia Teimosa, na capital pernambucana, para an\u00fancios de regulariza\u00e7\u00e3o fundi\u00e1ria.<\/p>\n<p class=\"texto\">Os eventos tamb\u00e9m marcam a primeira vez que a governadora Raquel Lyra (PSD) n\u00e3o participa da visita do presidente a Pernambuco desde que os dois foram empossados em 2023. A vice, Priscila Krause (PSD), foi escalada para representar o governo estadual.<\/p>\n<p class=\"texto\">Formam a comitiva de Lula os ministros Alexandre Padilha (PT), da Sa\u00fade; Wolney Queiroz (PDT), da Previd\u00eancia Social; Silvio Costa Filho (Republicanos), dos Portos e Aeroportos; e Luciana Santos (PCdoB), da Ci\u00eancia, Tecnologia e Inova\u00e7\u00e3o. Os tr\u00eas \u00faltimos s\u00e3o pernambucanos.<\/p>\n<p class=\"texto\">Tamb\u00e9m marcam presen\u00e7a os tr\u00eas senadores de Pernambuco: Humberto Costa (PT), Teresa Leit\u00e3o (PT) e Fernando Dueire (MDB). O primeiro deve ser o candidato apoiado pelo presidente \u00e0 reelei\u00e7\u00e3o em 2026.<\/p>\n<p class=\"texto\">Os outros pol\u00edticos participantes s\u00e3o Marcelo Gouveia (Podemos), presidente da Associa\u00e7\u00e3o Municipalista de Pernambuco (Amupe); os deputados federais Carlos Veras (PT), Pedro Campos (PSB) e Tulio Gadelha (Rede), al\u00e9m dos estaduais Dani Portela (Psol), Doriel Barros (PT), Sileno Guedes (PSB) e Rosa Amorim (PT).<\/p>\n","protected":false},"excerpt":{"rendered":"<p>Lula chegou a Goiana, na Mata Norte, ao lado do prefeito do Recife, Jo\u00e3o Campos (PSB); agenda tamb\u00e9m \u00e9 marcada pela aus\u00eancia da governadora Raquel Lyra (PSD) Lula na inaugura\u00e7\u00e3o de f\u00e1brica da Hemobras em Goiana (Rafael Vieira\/DP Foto) Ao lado de aliados, o presidente Luiz In\u00e1cio Lula da Silva (PT) faz, nesta quinta-feira (14), [&hellip;]<\/p>\n","protected":false},"author":1,"featured_media":1484,"comment_status":"open","ping_status":"open","sticky":false,"template":"","format":"standard","meta":{"footnotes":"","jetpack_publicize_message":"","jetpack_publicize_feature_enabled":true,"jetpack_social_post_already_shared":true,"jetpack_social_options":{"image_generator_settings":{"template":"highway","default_image_id":0,"font":"","enabled":false},"version":2}},"categories":[37,66,1,65],"tags":[],"class_list":["post-1483","post","type-post","status-publish","format-standard","has-post-thumbnail","hentry","category-https-gazetapernambucana-com-page_id212","category-cidades","category-https-gazetapernambucana-com-page_id225","category-politica"],"yoast_head":"<!-- This site is optimized with the Yoast SEO plugin v24.5 - https:\/\/yoast.com\/wordpress\/plugins\/seo\/ -->\n<title>Com Jo\u00e3o e sem Raquel: Quem s\u00e3o os pol\u00edticos presentes na visita de Lula a Pernambuco -<\/title>\n<meta name=\"robots\" content=\"index, follow, max-snippet:-1, max-image-preview:large, max-video-preview:-1\" \/>\n<link rel=\"canonical\" href=\"http:\/\/gazetapernambucana.com\/?p=1483\" \/>\n<meta property=\"og:locale\" content=\"pt_BR\" \/>\n<meta property=\"og:type\" content=\"article\" \/>\n<meta property=\"og:title\" content=\"Com Jo\u00e3o e sem Raquel: Quem s\u00e3o os pol\u00edticos presentes na visita de Lula a Pernambuco -\" \/>\n<meta property=\"og:description\" content=\"Lula chegou a Goiana, na Mata Norte, ao lado do prefeito do Recife, Jo\u00e3o Campos (PSB); agenda tamb\u00e9m \u00e9 marcada pela aus\u00eancia da governadora Raquel Lyra (PSD) Lula na inaugura\u00e7\u00e3o de f\u00e1brica da Hemobras em Goiana (Rafael Vieira\/DP Foto) Ao lado de aliados, o presidente Luiz In\u00e1cio Lula da Silva (PT) faz, nesta quinta-feira (14), [&hellip;]\" \/>\n<meta property=\"og:url\" content=\"http:\/\/gazetapernambucana.com\/?p=1483\" \/>\n<meta property=\"article:published_time\" content=\"2025-08-14T17:57:42+00:00\" \/>\n<meta property=\"og:image\" content=\"http:\/\/gazetapernambucana.com\/wp-content\/uploads\/2025\/08\/1_whatsapp_image_2025_08_14_at_13_19_09-714790.jpeg\" \/>\n\t<meta property=\"og:image:width\" content=\"1200\" \/>\n\t<meta property=\"og:image:height\" content=\"800\" \/>\n\t<meta property=\"og:image:type\" content=\"image\/jpeg\" \/>\n<meta name=\"author\" content=\"GP\" \/>\n<meta name=\"twitter:card\" content=\"summary_large_image\" \/>\n<meta name=\"twitter:label1\" content=\"Escrito por\" \/>\n\t<meta name=\"twitter:data1\" content=\"GP\" \/>\n\t<meta name=\"twitter:label2\" content=\"Est. tempo de leitura\" \/>\n\t<meta name=\"twitter:data2\" content=\"2 minutos\" \/>\n<script type=\"application\/ld+json\" class=\"yoast-schema-graph\">{\"@context\":\"https:\/\/schema.org\",\"@graph\":[{\"@type\":\"WebPage\",\"@id\":\"http:\/\/gazetapernambucana.com\/?p=1483\",\"url\":\"http:\/\/gazetapernambucana.com\/?p=1483\",\"name\":\"Com Jo\u00e3o e sem Raquel: Quem s\u00e3o os pol\u00edticos presentes na visita de Lula a Pernambuco -\",\"isPartOf\":{\"@id\":\"https:\/\/gazetapernambucana.com\/#website\"},\"primaryImageOfPage\":{\"@id\":\"http:\/\/gazetapernambucana.com\/?p=1483#primaryimage\"},\"image\":{\"@id\":\"http:\/\/gazetapernambucana.com\/?p=1483#primaryimage\"},\"thumbnailUrl\":\"https:\/\/gazetapernambucana.com\/wp-content\/uploads\/2025\/08\/1_whatsapp_image_2025_08_14_at_13_19_09-714790.jpeg\",\"datePublished\":\"2025-08-14T17:57:42+00:00\",\"author\":{\"@id\":\"https:\/\/gazetapernambucana.com\/#\/schema\/person\/188dc283325181ac2de4db1e9e987427\"},\"breadcrumb\":{\"@id\":\"http:\/\/gazetapernambucana.com\/?p=1483#breadcrumb\"},\"inLanguage\":\"pt-BR\",\"potentialAction\":[{\"@type\":\"ReadAction\",\"target\":[\"http:\/\/gazetapernambucana.com\/?p=1483\"]}]},{\"@type\":\"ImageObject\",\"inLanguage\":\"pt-BR\",\"@id\":\"http:\/\/gazetapernambucana.com\/?p=1483#primaryimage\",\"url\":\"https:\/\/gazetapernambucana.com\/wp-content\/uploads\/2025\/08\/1_whatsapp_image_2025_08_14_at_13_19_09-714790.jpeg\",\"contentUrl\":\"https:\/\/gazetapernambucana.com\/wp-content\/uploads\/2025\/08\/1_whatsapp_image_2025_08_14_at_13_19_09-714790.jpeg\",\"width\":1200,\"height\":800},{\"@type\":\"BreadcrumbList\",\"@id\":\"http:\/\/gazetapernambucana.com\/?p=1483#breadcrumb\",\"itemListElement\":[{\"@type\":\"ListItem\",\"position\":1,\"name\":\"In\u00edcio\",\"item\":\"https:\/\/gazetapernambucana.com\/\"},{\"@type\":\"ListItem\",\"position\":2,\"name\":\"Com Jo\u00e3o e sem Raquel: Quem s\u00e3o os pol\u00edticos presentes na visita de Lula a Pernambuco\"}]},{\"@type\":\"WebSite\",\"@id\":\"https:\/\/gazetapernambucana.com\/#website\",\"url\":\"https:\/\/gazetapernambucana.com\/\",\"name\":\"\",\"description\":\"\",\"potentialAction\":[{\"@type\":\"SearchAction\",\"target\":{\"@type\":\"EntryPoint\",\"urlTemplate\":\"https:\/\/gazetapernambucana.com\/?s={search_term_string}\"},\"query-input\":{\"@type\":\"PropertyValueSpecification\",\"valueRequired\":true,\"valueName\":\"search_term_string\"}}],\"inLanguage\":\"pt-BR\"},{\"@type\":\"Person\",\"@id\":\"https:\/\/gazetapernambucana.com\/#\/schema\/person\/188dc283325181ac2de4db1e9e987427\",\"name\":\"GP\",\"image\":{\"@type\":\"ImageObject\",\"inLanguage\":\"pt-BR\",\"@id\":\"https:\/\/gazetapernambucana.com\/#\/schema\/person\/image\/\",\"url\":\"https:\/\/secure.gravatar.com\/avatar\/9dad78ff9a2d8b5742d11779f8a3f53b052320c550b2e1907882353c067bb111?s=96&d=mm&r=g\",\"contentUrl\":\"https:\/\/secure.gravatar.com\/avatar\/9dad78ff9a2d8b5742d11779f8a3f53b052320c550b2e1907882353c067bb111?s=96&d=mm&r=g\",\"caption\":\"GP\"},\"sameAs\":[\"http:\/\/gazetapernambucana.com\"],\"url\":\"https:\/\/gazetapernambucana.com\/?author=1\"}]}<\/script>\n<!-- \/ Yoast SEO plugin. -->","yoast_head_json":{"title":"Com Jo\u00e3o e sem Raquel: Quem s\u00e3o os pol\u00edticos presentes na visita de Lula a Pernambuco -","robots":{"index":"index","follow":"follow","max-snippet":"max-snippet:-1","max-image-preview":"max-image-preview:large","max-video-preview":"max-video-preview:-1"},"canonical":"http:\/\/gazetapernambucana.com\/?p=1483","og_locale":"pt_BR","og_type":"article","og_title":"Com Jo\u00e3o e sem Raquel: Quem s\u00e3o os pol\u00edticos presentes na visita de Lula a Pernambuco -","og_description":"Lula chegou a Goiana, na Mata Norte, ao lado do prefeito do Recife, Jo\u00e3o Campos (PSB); agenda tamb\u00e9m \u00e9 marcada pela aus\u00eancia da governadora Raquel Lyra (PSD) Lula na inaugura\u00e7\u00e3o de f\u00e1brica da Hemobras em Goiana (Rafael Vieira\/DP Foto) Ao lado de aliados, o presidente Luiz In\u00e1cio Lula da Silva (PT) faz, nesta quinta-feira (14), [&hellip;]","og_url":"http:\/\/gazetapernambucana.com\/?p=1483","article_published_time":"2025-08-14T17:57:42+00:00","og_image":[{"width":1200,"height":800,"url":"http:\/\/gazetapernambucana.com\/wp-content\/uploads\/2025\/08\/1_whatsapp_image_2025_08_14_at_13_19_09-714790.jpeg","type":"image\/jpeg"}],"author":"GP","twitter_card":"summary_large_image","twitter_misc":{"Escrito por":"GP","Est. tempo de leitura":"2 minutos"},"schema":{"@context":"https:\/\/schema.org","@graph":[{"@type":"WebPage","@id":"http:\/\/gazetapernambucana.com\/?p=1483","url":"http:\/\/gazetapernambucana.com\/?p=1483","name":"Com Jo\u00e3o e sem Raquel: Quem s\u00e3o os pol\u00edticos presentes na visita de Lula a Pernambuco -","isPartOf":{"@id":"https:\/\/gazetapernambucana.com\/#website"},"primaryImageOfPage":{"@id":"http:\/\/gazetapernambucana.com\/?p=1483#primaryimage"},"image":{"@id":"http:\/\/gazetapernambucana.com\/?p=1483#primaryimage"},"thumbnailUrl":"https:\/\/gazetapernambucana.com\/wp-content\/uploads\/2025\/08\/1_whatsapp_image_2025_08_14_at_13_19_09-714790.jpeg","datePublished":"2025-08-14T17:57:42+00:00","author":{"@id":"https:\/\/gazetapernambucana.com\/#\/schema\/person\/188dc283325181ac2de4db1e9e987427"},"breadcrumb":{"@id":"http:\/\/gazetapernambucana.com\/?p=1483#breadcrumb"},"inLanguage":"pt-BR","potentialAction":[{"@type":"ReadAction","target":["http:\/\/gazetapernambucana.com\/?p=1483"]}]},{"@type":"ImageObject","inLanguage":"pt-BR","@id":"http:\/\/gazetapernambucana.com\/?p=1483#primaryimage","url":"https:\/\/gazetapernambucana.com\/wp-content\/uploads\/2025\/08\/1_whatsapp_image_2025_08_14_at_13_19_09-714790.jpeg","contentUrl":"https:\/\/gazetapernambucana.com\/wp-content\/uploads\/2025\/08\/1_whatsapp_image_2025_08_14_at_13_19_09-714790.jpeg","width":1200,"height":800},{"@type":"BreadcrumbList","@id":"http:\/\/gazetapernambucana.com\/?p=1483#breadcrumb","itemListElement":[{"@type":"ListItem","position":1,"name":"In\u00edcio","item":"https:\/\/gazetapernambucana.com\/"},{"@type":"ListItem","position":2,"name":"Com Jo\u00e3o e sem Raquel: Quem s\u00e3o os pol\u00edticos presentes na visita de Lula a Pernambuco"}]},{"@type":"WebSite","@id":"https:\/\/gazetapernambucana.com\/#website","url":"https:\/\/gazetapernambucana.com\/","name":"","description":"","potentialAction":[{"@type":"SearchAction","target":{"@type":"EntryPoint","urlTemplate":"https:\/\/gazetapernambucana.com\/?s={search_term_string}"},"query-input":{"@type":"PropertyValueSpecification","valueRequired":true,"valueName":"search_term_string"}}],"inLanguage":"pt-BR"},{"@type":"Person","@id":"https:\/\/gazetapernambucana.com\/#\/schema\/person\/188dc283325181ac2de4db1e9e987427","name":"GP","image":{"@type":"ImageObject","inLanguage":"pt-BR","@id":"https:\/\/gazetapernambucana.com\/#\/schema\/person\/image\/","url":"https:\/\/secure.gravatar.com\/avatar\/9dad78ff9a2d8b5742d11779f8a3f53b052320c550b2e1907882353c067bb111?s=96&d=mm&r=g","contentUrl":"https:\/\/secure.gravatar.com\/avatar\/9dad78ff9a2d8b5742d11779f8a3f53b052320c550b2e1907882353c067bb111?s=96&d=mm&r=g","caption":"GP"},"sameAs":["http:\/\/gazetapernambucana.com"],"url":"https:\/\/gazetapernambucana.com\/?author=1"}]}},"jetpack_publicize_connections":[],"_links":{"self":[{"href":"https:\/\/gazetapernambucana.com\/index.php?rest_route=\/wp\/v2\/posts\/1483","targetHints":{"allow":["GET"]}}],"collection":[{"href":"https:\/\/gazetapernambucana.com\/index.php?rest_route=\/wp\/v2\/posts"}],"about":[{"href":"https:\/\/gazetapernambucana.com\/index.php?rest_route=\/wp\/v2\/types\/post"}],"author":[{"embeddable":true,"href":"https:\/\/gazetapernambucana.com\/index.php?rest_route=\/wp\/v2\/users\/1"}],"replies":[{"embeddable":true,"href":"https:\/\/gazetapernambucana.com\/index.php?rest_route=%2Fwp%2Fv2%2Fcomments&post=1483"}],"version-history":[{"count":1,"href":"https:\/\/gazetapernambucana.com\/index.php?rest_route=\/wp\/v2\/posts\/1483\/revisions"}],"predecessor-version":[{"id":1485,"href":"https:\/\/gazetapernambucana.com\/index.php?rest_route=\/wp\/v2\/posts\/1483\/revisions\/1485"}],"wp:featuredmedia":[{"embeddable":true,"href":"https:\/\/gazetapernambucana.com\/index.php?rest_route=\/wp\/v2\/media\/1484"}],"wp:attachment":[{"href":"https:\/\/gazetapernambucana.com\/index.php?rest_route=%2Fwp%2Fv2%2Fmedia&parent=1483"}],"wp:term":[{"taxonomy":"category","embeddable":true,"href":"https:\/\/gazetapernambucana.com\/index.php?rest_route=%2Fwp%2Fv2%2Fcategories&post=1483"},{"taxonomy":"post_tag","embeddable":true,"href":"https:\/\/gazetapernambucana.com\/index.php?rest_route=%2Fwp%2Fv2%2Ftags&post=1483"}],"curies":[{"name":"wp","href":"https:\/\/api.w.org\/{rel}","templated":true}]}}