{"id":1476,"date":"2025-08-14T00:36:25","date_gmt":"2025-08-14T03:36:25","guid":{"rendered":"https:\/\/gazetapernambucana.com\/?p=1476"},"modified":"2025-08-14T00:36:25","modified_gmt":"2025-08-14T03:36:25","slug":"quem-e-o-pastor-flagrado-de-peruca-e-calcinha-em-rua-de-goiania","status":"publish","type":"post","link":"https:\/\/gazetapernambucana.com\/?p=1476","title":{"rendered":"Quem \u00e9 o pastor flagrado de peruca e calcinha em rua de Goi\u00e2nia?"},"content":{"rendered":"<p><img loading=\"lazy\" decoding=\"async\" class=\"alignnone size-medium wp-image-174453\" src=\"https:\/\/flaviochaves.com.br\/wp-content\/uploads\/2025\/08\/download-46-1-300x166.jpeg\" alt=\"\" width=\"300\" height=\"166\" \/>\u00a0 \u00a0 Um v\u00eddeo que circulou nas redes sociais nesta semana mostra o bispo Eduardo Costa caminhando pr\u00f3ximo a um bar no bairro Setor Urias Magalh\u00e3es, em Goi\u00e2nia (GO), usando uma peruca loira e calcinha azul. As imagens, gravadas por um celular, viralizaram rapidamente e geraram especula\u00e7\u00f5es sobre a identidade do homem e os motivos para o uso das roupas.<\/p>\n<p>Ap\u00f3s ser reconhecido, Eduardo Costa, que lidera uma congrega\u00e7\u00e3o na regi\u00e3o, tem cerca de 1,6 mil seguidores no Instagram e tamb\u00e9m atua como cantor, confirmou que \u00e9 o homem das imagens.<\/p>\n<p>Outro flagrante<\/p>\n<p>Nesta ter\u00e7a-feira, 12, a pol\u00eamica ganhou mais um cap\u00edtulo com a divulga\u00e7\u00e3o de outra grava\u00e7\u00e3o, feita na noite de 6 de agosto, quatro dias antes do primeiro flagrante. As imagens, captadas por c\u00e2meras de seguran\u00e7a, mostram Eduardo Costa com a mesma peruca loira e roupa \u00edntima, desta vez na cor preta, andando por uma rua n\u00e3o identificada, pr\u00f3ximo a um carro branco. Ao final do v\u00eddeo, ele entra no ve\u00edculo pelo lado do motorista.<\/p>\n<p>Quem \u00e9 o pastor<\/p>\n<p>Conhecido na regi\u00e3o como bispo e cantor, Eduardo Costa lidera uma congrega\u00e7\u00e3o e re\u00fane cerca de 1,6 mil seguidores no Instagram onde mant\u00e9m o perfil privado. Na biografia, ele se descreve como \u201cPoder e milagres \u2013 pastor\u201d<\/p>\n<p>O que diz o l\u00edder religioso<\/p>\n<p>Ap\u00f3s a repercuss\u00e3o, Eduardo Costa gravou um v\u00eddeo ao lado da esposa, a mission\u00e1ria Valqu\u00edria Costa, para explicar o epis\u00f3dio. Ele afirmou que o uso da vestimenta foi parte de uma \u201cinvestiga\u00e7\u00e3o pessoal\u201d para localizar um endere\u00e7o, e n\u00e3o um h\u00e1bito.<\/p>\n<p>\u201cEu fui fazer uma investiga\u00e7\u00e3o pessoal sobre uma situa\u00e7\u00e3o minha e, de uma forma errada, acabei colocando uma peruca e um short, me vesti de uma maneira errada para localizar um endere\u00e7o que eu precisava. Algu\u00e9m me filmou escondido e tentou me extorquir\u201d, declarou.<\/p>\n<p>Segundo o bispo, a pessoa respons\u00e1vel pela grava\u00e7\u00e3o exigiu um pagamento at\u00e9 o meio-dia de segunda-feira, 11, para n\u00e3o divulgar o v\u00eddeo, mas ele optou por n\u00e3o pagar.<\/p>\n<p>Eduardo Costa classificou o epis\u00f3dio como tentativa de constrangimento ilegal e uso indevido de imagem. As informa\u00e7\u00f5es s\u00e3o do Estad\u00e3o Conte\u00fado.<\/p>\n","protected":false},"excerpt":{"rendered":"<p>\u00a0 \u00a0 Um v\u00eddeo que circulou nas redes sociais nesta semana mostra o bispo Eduardo Costa caminhando pr\u00f3ximo a um bar no bairro Setor Urias Magalh\u00e3es, em Goi\u00e2nia (GO), usando uma peruca loira e calcinha azul. As imagens, gravadas por um celular, viralizaram rapidamente e geraram especula\u00e7\u00f5es sobre a identidade do homem e os motivos [&hellip;]<\/p>\n","protected":false},"author":1,"featured_media":1477,"comment_status":"open","ping_status":"open","sticky":false,"template":"","format":"standard","meta":{"footnotes":"","jetpack_publicize_message":"","jetpack_publicize_feature_enabled":true,"jetpack_social_post_already_shared":true,"jetpack_social_options":{"image_generator_settings":{"template":"highway","default_image_id":0,"font":"","enabled":false},"version":2}},"categories":[37,66,1],"tags":[],"class_list":["post-1476","post","type-post","status-publish","format-standard","has-post-thumbnail","hentry","category-https-gazetapernambucana-com-page_id212","category-cidades","category-https-gazetapernambucana-com-page_id225"],"yoast_head":"<!-- This site is optimized with the Yoast SEO plugin v24.5 - https:\/\/yoast.com\/wordpress\/plugins\/seo\/ -->\n<title>Quem \u00e9 o pastor flagrado de peruca e calcinha em rua de Goi\u00e2nia? -<\/title>\n<meta name=\"robots\" content=\"index, follow, max-snippet:-1, max-image-preview:large, max-video-preview:-1\" \/>\n<link rel=\"canonical\" href=\"https:\/\/gazetapernambucana.com\/?p=1476\" \/>\n<meta property=\"og:locale\" content=\"pt_BR\" \/>\n<meta property=\"og:type\" content=\"article\" \/>\n<meta property=\"og:title\" content=\"Quem \u00e9 o pastor flagrado de peruca e calcinha em rua de Goi\u00e2nia? -\" \/>\n<meta property=\"og:description\" content=\"\u00a0 \u00a0 Um v\u00eddeo que circulou nas redes sociais nesta semana mostra o bispo Eduardo Costa caminhando pr\u00f3ximo a um bar no bairro Setor Urias Magalh\u00e3es, em Goi\u00e2nia (GO), usando uma peruca loira e calcinha azul. As imagens, gravadas por um celular, viralizaram rapidamente e geraram especula\u00e7\u00f5es sobre a identidade do homem e os motivos [&hellip;]\" \/>\n<meta property=\"og:url\" content=\"https:\/\/gazetapernambucana.com\/?p=1476\" \/>\n<meta property=\"article:published_time\" content=\"2025-08-14T03:36:25+00:00\" \/>\n<meta property=\"og:image\" content=\"https:\/\/gazetapernambucana.com\/wp-content\/uploads\/2025\/08\/download-46.jpeg\" \/>\n\t<meta property=\"og:image:width\" content=\"302\" \/>\n\t<meta property=\"og:image:height\" content=\"167\" \/>\n\t<meta property=\"og:image:type\" content=\"image\/jpeg\" \/>\n<meta name=\"author\" content=\"GP\" \/>\n<meta name=\"twitter:card\" content=\"summary_large_image\" \/>\n<meta name=\"twitter:label1\" content=\"Escrito por\" \/>\n\t<meta name=\"twitter:data1\" content=\"GP\" \/>\n\t<meta name=\"twitter:label2\" content=\"Est. tempo de leitura\" \/>\n\t<meta name=\"twitter:data2\" content=\"3 minutos\" \/>\n<script type=\"application\/ld+json\" class=\"yoast-schema-graph\">{\"@context\":\"https:\/\/schema.org\",\"@graph\":[{\"@type\":\"WebPage\",\"@id\":\"https:\/\/gazetapernambucana.com\/?p=1476\",\"url\":\"https:\/\/gazetapernambucana.com\/?p=1476\",\"name\":\"Quem \u00e9 o pastor flagrado de peruca e calcinha em rua de Goi\u00e2nia? -\",\"isPartOf\":{\"@id\":\"https:\/\/gazetapernambucana.com\/#website\"},\"primaryImageOfPage\":{\"@id\":\"https:\/\/gazetapernambucana.com\/?p=1476#primaryimage\"},\"image\":{\"@id\":\"https:\/\/gazetapernambucana.com\/?p=1476#primaryimage\"},\"thumbnailUrl\":\"https:\/\/gazetapernambucana.com\/wp-content\/uploads\/2025\/08\/download-46.jpeg\",\"datePublished\":\"2025-08-14T03:36:25+00:00\",\"author\":{\"@id\":\"https:\/\/gazetapernambucana.com\/#\/schema\/person\/188dc283325181ac2de4db1e9e987427\"},\"breadcrumb\":{\"@id\":\"https:\/\/gazetapernambucana.com\/?p=1476#breadcrumb\"},\"inLanguage\":\"pt-BR\",\"potentialAction\":[{\"@type\":\"ReadAction\",\"target\":[\"https:\/\/gazetapernambucana.com\/?p=1476\"]}]},{\"@type\":\"ImageObject\",\"inLanguage\":\"pt-BR\",\"@id\":\"https:\/\/gazetapernambucana.com\/?p=1476#primaryimage\",\"url\":\"https:\/\/gazetapernambucana.com\/wp-content\/uploads\/2025\/08\/download-46.jpeg\",\"contentUrl\":\"https:\/\/gazetapernambucana.com\/wp-content\/uploads\/2025\/08\/download-46.jpeg\",\"width\":302,\"height\":167},{\"@type\":\"BreadcrumbList\",\"@id\":\"https:\/\/gazetapernambucana.com\/?p=1476#breadcrumb\",\"itemListElement\":[{\"@type\":\"ListItem\",\"position\":1,\"name\":\"In\u00edcio\",\"item\":\"https:\/\/gazetapernambucana.com\/\"},{\"@type\":\"ListItem\",\"position\":2,\"name\":\"Quem \u00e9 o pastor flagrado de peruca e calcinha em rua de Goi\u00e2nia?\"}]},{\"@type\":\"WebSite\",\"@id\":\"https:\/\/gazetapernambucana.com\/#website\",\"url\":\"https:\/\/gazetapernambucana.com\/\",\"name\":\"\",\"description\":\"\",\"potentialAction\":[{\"@type\":\"SearchAction\",\"target\":{\"@type\":\"EntryPoint\",\"urlTemplate\":\"https:\/\/gazetapernambucana.com\/?s={search_term_string}\"},\"query-input\":{\"@type\":\"PropertyValueSpecification\",\"valueRequired\":true,\"valueName\":\"search_term_string\"}}],\"inLanguage\":\"pt-BR\"},{\"@type\":\"Person\",\"@id\":\"https:\/\/gazetapernambucana.com\/#\/schema\/person\/188dc283325181ac2de4db1e9e987427\",\"name\":\"GP\",\"image\":{\"@type\":\"ImageObject\",\"inLanguage\":\"pt-BR\",\"@id\":\"https:\/\/gazetapernambucana.com\/#\/schema\/person\/image\/\",\"url\":\"https:\/\/secure.gravatar.com\/avatar\/9dad78ff9a2d8b5742d11779f8a3f53b052320c550b2e1907882353c067bb111?s=96&d=mm&r=g\",\"contentUrl\":\"https:\/\/secure.gravatar.com\/avatar\/9dad78ff9a2d8b5742d11779f8a3f53b052320c550b2e1907882353c067bb111?s=96&d=mm&r=g\",\"caption\":\"GP\"},\"sameAs\":[\"http:\/\/gazetapernambucana.com\"],\"url\":\"https:\/\/gazetapernambucana.com\/?author=1\"}]}<\/script>\n<!-- \/ Yoast SEO plugin. -->","yoast_head_json":{"title":"Quem \u00e9 o pastor flagrado de peruca e calcinha em rua de Goi\u00e2nia? -","robots":{"index":"index","follow":"follow","max-snippet":"max-snippet:-1","max-image-preview":"max-image-preview:large","max-video-preview":"max-video-preview:-1"},"canonical":"https:\/\/gazetapernambucana.com\/?p=1476","og_locale":"pt_BR","og_type":"article","og_title":"Quem \u00e9 o pastor flagrado de peruca e calcinha em rua de Goi\u00e2nia? -","og_description":"\u00a0 \u00a0 Um v\u00eddeo que circulou nas redes sociais nesta semana mostra o bispo Eduardo Costa caminhando pr\u00f3ximo a um bar no bairro Setor Urias Magalh\u00e3es, em Goi\u00e2nia (GO), usando uma peruca loira e calcinha azul. As imagens, gravadas por um celular, viralizaram rapidamente e geraram especula\u00e7\u00f5es sobre a identidade do homem e os motivos [&hellip;]","og_url":"https:\/\/gazetapernambucana.com\/?p=1476","article_published_time":"2025-08-14T03:36:25+00:00","og_image":[{"width":302,"height":167,"url":"https:\/\/gazetapernambucana.com\/wp-content\/uploads\/2025\/08\/download-46.jpeg","type":"image\/jpeg"}],"author":"GP","twitter_card":"summary_large_image","twitter_misc":{"Escrito por":"GP","Est. tempo de leitura":"3 minutos"},"schema":{"@context":"https:\/\/schema.org","@graph":[{"@type":"WebPage","@id":"https:\/\/gazetapernambucana.com\/?p=1476","url":"https:\/\/gazetapernambucana.com\/?p=1476","name":"Quem \u00e9 o pastor flagrado de peruca e calcinha em rua de Goi\u00e2nia? -","isPartOf":{"@id":"https:\/\/gazetapernambucana.com\/#website"},"primaryImageOfPage":{"@id":"https:\/\/gazetapernambucana.com\/?p=1476#primaryimage"},"image":{"@id":"https:\/\/gazetapernambucana.com\/?p=1476#primaryimage"},"thumbnailUrl":"https:\/\/gazetapernambucana.com\/wp-content\/uploads\/2025\/08\/download-46.jpeg","datePublished":"2025-08-14T03:36:25+00:00","author":{"@id":"https:\/\/gazetapernambucana.com\/#\/schema\/person\/188dc283325181ac2de4db1e9e987427"},"breadcrumb":{"@id":"https:\/\/gazetapernambucana.com\/?p=1476#breadcrumb"},"inLanguage":"pt-BR","potentialAction":[{"@type":"ReadAction","target":["https:\/\/gazetapernambucana.com\/?p=1476"]}]},{"@type":"ImageObject","inLanguage":"pt-BR","@id":"https:\/\/gazetapernambucana.com\/?p=1476#primaryimage","url":"https:\/\/gazetapernambucana.com\/wp-content\/uploads\/2025\/08\/download-46.jpeg","contentUrl":"https:\/\/gazetapernambucana.com\/wp-content\/uploads\/2025\/08\/download-46.jpeg","width":302,"height":167},{"@type":"BreadcrumbList","@id":"https:\/\/gazetapernambucana.com\/?p=1476#breadcrumb","itemListElement":[{"@type":"ListItem","position":1,"name":"In\u00edcio","item":"https:\/\/gazetapernambucana.com\/"},{"@type":"ListItem","position":2,"name":"Quem \u00e9 o pastor flagrado de peruca e calcinha em rua de Goi\u00e2nia?"}]},{"@type":"WebSite","@id":"https:\/\/gazetapernambucana.com\/#website","url":"https:\/\/gazetapernambucana.com\/","name":"","description":"","potentialAction":[{"@type":"SearchAction","target":{"@type":"EntryPoint","urlTemplate":"https:\/\/gazetapernambucana.com\/?s={search_term_string}"},"query-input":{"@type":"PropertyValueSpecification","valueRequired":true,"valueName":"search_term_string"}}],"inLanguage":"pt-BR"},{"@type":"Person","@id":"https:\/\/gazetapernambucana.com\/#\/schema\/person\/188dc283325181ac2de4db1e9e987427","name":"GP","image":{"@type":"ImageObject","inLanguage":"pt-BR","@id":"https:\/\/gazetapernambucana.com\/#\/schema\/person\/image\/","url":"https:\/\/secure.gravatar.com\/avatar\/9dad78ff9a2d8b5742d11779f8a3f53b052320c550b2e1907882353c067bb111?s=96&d=mm&r=g","contentUrl":"https:\/\/secure.gravatar.com\/avatar\/9dad78ff9a2d8b5742d11779f8a3f53b052320c550b2e1907882353c067bb111?s=96&d=mm&r=g","caption":"GP"},"sameAs":["http:\/\/gazetapernambucana.com"],"url":"https:\/\/gazetapernambucana.com\/?author=1"}]}},"jetpack_publicize_connections":[],"_links":{"self":[{"href":"https:\/\/gazetapernambucana.com\/index.php?rest_route=\/wp\/v2\/posts\/1476","targetHints":{"allow":["GET"]}}],"collection":[{"href":"https:\/\/gazetapernambucana.com\/index.php?rest_route=\/wp\/v2\/posts"}],"about":[{"href":"https:\/\/gazetapernambucana.com\/index.php?rest_route=\/wp\/v2\/types\/post"}],"author":[{"embeddable":true,"href":"https:\/\/gazetapernambucana.com\/index.php?rest_route=\/wp\/v2\/users\/1"}],"replies":[{"embeddable":true,"href":"https:\/\/gazetapernambucana.com\/index.php?rest_route=%2Fwp%2Fv2%2Fcomments&post=1476"}],"version-history":[{"count":1,"href":"https:\/\/gazetapernambucana.com\/index.php?rest_route=\/wp\/v2\/posts\/1476\/revisions"}],"predecessor-version":[{"id":1478,"href":"https:\/\/gazetapernambucana.com\/index.php?rest_route=\/wp\/v2\/posts\/1476\/revisions\/1478"}],"wp:featuredmedia":[{"embeddable":true,"href":"https:\/\/gazetapernambucana.com\/index.php?rest_route=\/wp\/v2\/media\/1477"}],"wp:attachment":[{"href":"https:\/\/gazetapernambucana.com\/index.php?rest_route=%2Fwp%2Fv2%2Fmedia&parent=1476"}],"wp:term":[{"taxonomy":"category","embeddable":true,"href":"https:\/\/gazetapernambucana.com\/index.php?rest_route=%2Fwp%2Fv2%2Fcategories&post=1476"},{"taxonomy":"post_tag","embeddable":true,"href":"https:\/\/gazetapernambucana.com\/index.php?rest_route=%2Fwp%2Fv2%2Ftags&post=1476"}],"curies":[{"name":"wp","href":"https:\/\/api.w.org\/{rel}","templated":true}]}}