{"id":1466,"date":"2025-08-13T14:51:52","date_gmt":"2025-08-13T17:51:52","guid":{"rendered":"https:\/\/gazetapernambucana.com\/?p=1466"},"modified":"2025-08-13T14:51:52","modified_gmt":"2025-08-13T17:51:52","slug":"assassinado-trajano-chacon-em-pleno-dia-do-advogado-por-luiz-barreto","status":"publish","type":"post","link":"https:\/\/gazetapernambucana.com\/?p=1466","title":{"rendered":"Assassinado Trajano Chacon em pleno Dia do Advogado. Por Luiz Barreto"},"content":{"rendered":"<h3>Em 11 de agosto de 1913, solenizava-se o Dia do Advogado<\/h3>\n<p><strong><img loading=\"lazy\" decoding=\"async\" class=\"alignnone size-medium wp-image-174444\" src=\"https:\/\/flaviochaves.com.br\/wp-content\/uploads\/2025\/08\/TC-Foto-257x300.png\" alt=\"\" width=\"257\" height=\"300\" \/>\u00a0 Por Luiz Barreto &#8211; Escritor, membro da Sociedade Brasileira de M\u00e9dicos Escritores e do\u00a0Instituto Arqueol\u00f3gico, Hist\u00f3rico e Geogr\u00e1fico de Pernambuco<\/strong><\/p>\n<p>Nessa data foi assassinado no Recife o advogado, jornalista e pol\u00edtico Dr. Trajano Chacon.<br \/>\nNa rua da Imperatriz, esquina com o Beco dos Ferreiros \u2013 como era ent\u00e3o chamada a rua Sete de Setembro &#8211; quando Dr. Trajano Chacon com sua mulher, tinham sa\u00eddo do teatro Helv\u00e9tica, participando das celebra\u00e7\u00f5es do Dia do Advogado, ele foi brutalmente assassinado a golpes de paus e canos de ferro, por quatro ou cinco homens. Esses, depois foram identificados como policiais que pertenciam a For\u00e7a P\u00fablica do Estado, comandada pelo 1\u00ba tenente do ex\u00e9rcito, Francisco Mello, que foi preso, dois dias depois, sendo este considerado um crime pol\u00edtico. O 1\u00ba tenente Francisco Mello era subordinado ao governador general Dantas Barreto e todos os culpados pelo crime, ap\u00f3s julgamentos, foram inocentados.<\/p>\n<p>Naquela oportunidade, ferido e ensanguentado o Dr. Trajano Chacom foi levado para a farm\u00e1cia \u201cUniversal\u201d, na pr\u00f3pria rua da Imperatriz, sendo, em seguida, socorrido pelo m\u00e9dico Augusto Chacon, seu irm\u00e3o, que logo desenganou o paciente. Levando-o para sua casa, na rua da Imperatriz, comparecendo logo depois para prestar solidariedade e assist\u00eancia m\u00e9dica os facultativos Drs. Arn\u00f3bio Marques, Arthur Cavalcanti e Alfredo Costa.<\/p>\n<p>Registre-se ainda, que em 11 de agosto de 1827, Dom Pedro I, criava em uma \u00fanica Lei, a Faculdade de Direito do Largo de S\u00e3o Francisco, em S\u00e3o Paulo, e a Faculdade de Direito de Olinda, em Pernambuco.<br \/>\nEssa data passou a ser celebrada como o Dia do Magistrado, Dia do Advogado e o Dia do Estudante. \u00c9 feriado na nossa Universidade Federal de Pernambuco, sendo uma pena que essa data, t\u00e3o festejada antigamente, agora, as autoridades se esqueceram desse importante dia para a cultura pernambucana e do pa\u00eds.<\/p>\n<p>Em tempos passados, era costume dos estudantes de direito reunirem-se, nessa data, para um almo\u00e7o em um restaurante da cidade e terminada a refei\u00e7\u00e3o levantarem-se a correr, sem pagarem a conta.<\/p>\n","protected":false},"excerpt":{"rendered":"<p>Em 11 de agosto de 1913, solenizava-se o Dia do Advogado \u00a0 Por Luiz Barreto &#8211; Escritor, membro da Sociedade Brasileira de M\u00e9dicos Escritores e do\u00a0Instituto Arqueol\u00f3gico, Hist\u00f3rico e Geogr\u00e1fico de Pernambuco Nessa data foi assassinado no Recife o advogado, jornalista e pol\u00edtico Dr. Trajano Chacon. Na rua da Imperatriz, esquina com o Beco dos [&hellip;]<\/p>\n","protected":false},"author":1,"featured_media":1467,"comment_status":"open","ping_status":"open","sticky":false,"template":"","format":"standard","meta":{"footnotes":"","jetpack_publicize_message":"","jetpack_publicize_feature_enabled":true,"jetpack_social_post_already_shared":false,"jetpack_social_options":{"image_generator_settings":{"template":"highway","default_image_id":0,"font":"","enabled":false},"version":2}},"categories":[1,35,76],"tags":[],"class_list":["post-1466","post","type-post","status-publish","format-standard","has-post-thumbnail","hentry","category-https-gazetapernambucana-com-page_id225","category-https-gazetapernambucana-com-page_id218","category-opiniao"],"yoast_head":"<!-- This site is optimized with the Yoast SEO plugin v24.5 - https:\/\/yoast.com\/wordpress\/plugins\/seo\/ -->\n<title>Assassinado Trajano Chacon em pleno Dia do Advogado. Por Luiz Barreto -<\/title>\n<meta name=\"robots\" content=\"index, follow, max-snippet:-1, max-image-preview:large, max-video-preview:-1\" \/>\n<link rel=\"canonical\" href=\"https:\/\/gazetapernambucana.com\/?p=1466\" \/>\n<meta property=\"og:locale\" content=\"pt_BR\" \/>\n<meta property=\"og:type\" content=\"article\" \/>\n<meta property=\"og:title\" content=\"Assassinado Trajano Chacon em pleno Dia do Advogado. Por Luiz Barreto -\" \/>\n<meta property=\"og:description\" content=\"Em 11 de agosto de 1913, solenizava-se o Dia do Advogado \u00a0 Por Luiz Barreto &#8211; Escritor, membro da Sociedade Brasileira de M\u00e9dicos Escritores e do\u00a0Instituto Arqueol\u00f3gico, Hist\u00f3rico e Geogr\u00e1fico de Pernambuco Nessa data foi assassinado no Recife o advogado, jornalista e pol\u00edtico Dr. Trajano Chacon. Na rua da Imperatriz, esquina com o Beco dos [&hellip;]\" \/>\n<meta property=\"og:url\" content=\"https:\/\/gazetapernambucana.com\/?p=1466\" \/>\n<meta property=\"article:published_time\" content=\"2025-08-13T17:51:52+00:00\" \/>\n<meta property=\"og:image\" content=\"https:\/\/gazetapernambucana.com\/wp-content\/uploads\/2025\/08\/TC-Foto.png\" \/>\n\t<meta property=\"og:image:width\" content=\"512\" \/>\n\t<meta property=\"og:image:height\" content=\"598\" \/>\n\t<meta property=\"og:image:type\" content=\"image\/png\" \/>\n<meta name=\"author\" content=\"GP\" \/>\n<meta name=\"twitter:card\" content=\"summary_large_image\" \/>\n<meta name=\"twitter:label1\" content=\"Escrito por\" \/>\n\t<meta name=\"twitter:data1\" content=\"GP\" \/>\n\t<meta name=\"twitter:label2\" content=\"Est. tempo de leitura\" \/>\n\t<meta name=\"twitter:data2\" content=\"3 minutos\" \/>\n<script type=\"application\/ld+json\" class=\"yoast-schema-graph\">{\"@context\":\"https:\/\/schema.org\",\"@graph\":[{\"@type\":\"WebPage\",\"@id\":\"https:\/\/gazetapernambucana.com\/?p=1466\",\"url\":\"https:\/\/gazetapernambucana.com\/?p=1466\",\"name\":\"Assassinado Trajano Chacon em pleno Dia do Advogado. Por Luiz Barreto -\",\"isPartOf\":{\"@id\":\"https:\/\/gazetapernambucana.com\/#website\"},\"primaryImageOfPage\":{\"@id\":\"https:\/\/gazetapernambucana.com\/?p=1466#primaryimage\"},\"image\":{\"@id\":\"https:\/\/gazetapernambucana.com\/?p=1466#primaryimage\"},\"thumbnailUrl\":\"https:\/\/gazetapernambucana.com\/wp-content\/uploads\/2025\/08\/TC-Foto.png\",\"datePublished\":\"2025-08-13T17:51:52+00:00\",\"author\":{\"@id\":\"https:\/\/gazetapernambucana.com\/#\/schema\/person\/188dc283325181ac2de4db1e9e987427\"},\"breadcrumb\":{\"@id\":\"https:\/\/gazetapernambucana.com\/?p=1466#breadcrumb\"},\"inLanguage\":\"pt-BR\",\"potentialAction\":[{\"@type\":\"ReadAction\",\"target\":[\"https:\/\/gazetapernambucana.com\/?p=1466\"]}]},{\"@type\":\"ImageObject\",\"inLanguage\":\"pt-BR\",\"@id\":\"https:\/\/gazetapernambucana.com\/?p=1466#primaryimage\",\"url\":\"https:\/\/gazetapernambucana.com\/wp-content\/uploads\/2025\/08\/TC-Foto.png\",\"contentUrl\":\"https:\/\/gazetapernambucana.com\/wp-content\/uploads\/2025\/08\/TC-Foto.png\",\"width\":512,\"height\":598},{\"@type\":\"BreadcrumbList\",\"@id\":\"https:\/\/gazetapernambucana.com\/?p=1466#breadcrumb\",\"itemListElement\":[{\"@type\":\"ListItem\",\"position\":1,\"name\":\"In\u00edcio\",\"item\":\"https:\/\/gazetapernambucana.com\/\"},{\"@type\":\"ListItem\",\"position\":2,\"name\":\"Assassinado Trajano Chacon em pleno Dia do Advogado. Por Luiz Barreto\"}]},{\"@type\":\"WebSite\",\"@id\":\"https:\/\/gazetapernambucana.com\/#website\",\"url\":\"https:\/\/gazetapernambucana.com\/\",\"name\":\"\",\"description\":\"\",\"potentialAction\":[{\"@type\":\"SearchAction\",\"target\":{\"@type\":\"EntryPoint\",\"urlTemplate\":\"https:\/\/gazetapernambucana.com\/?s={search_term_string}\"},\"query-input\":{\"@type\":\"PropertyValueSpecification\",\"valueRequired\":true,\"valueName\":\"search_term_string\"}}],\"inLanguage\":\"pt-BR\"},{\"@type\":\"Person\",\"@id\":\"https:\/\/gazetapernambucana.com\/#\/schema\/person\/188dc283325181ac2de4db1e9e987427\",\"name\":\"GP\",\"image\":{\"@type\":\"ImageObject\",\"inLanguage\":\"pt-BR\",\"@id\":\"https:\/\/gazetapernambucana.com\/#\/schema\/person\/image\/\",\"url\":\"https:\/\/secure.gravatar.com\/avatar\/9dad78ff9a2d8b5742d11779f8a3f53b052320c550b2e1907882353c067bb111?s=96&d=mm&r=g\",\"contentUrl\":\"https:\/\/secure.gravatar.com\/avatar\/9dad78ff9a2d8b5742d11779f8a3f53b052320c550b2e1907882353c067bb111?s=96&d=mm&r=g\",\"caption\":\"GP\"},\"sameAs\":[\"http:\/\/gazetapernambucana.com\"],\"url\":\"https:\/\/gazetapernambucana.com\/?author=1\"}]}<\/script>\n<!-- \/ Yoast SEO plugin. -->","yoast_head_json":{"title":"Assassinado Trajano Chacon em pleno Dia do Advogado. Por Luiz Barreto -","robots":{"index":"index","follow":"follow","max-snippet":"max-snippet:-1","max-image-preview":"max-image-preview:large","max-video-preview":"max-video-preview:-1"},"canonical":"https:\/\/gazetapernambucana.com\/?p=1466","og_locale":"pt_BR","og_type":"article","og_title":"Assassinado Trajano Chacon em pleno Dia do Advogado. Por Luiz Barreto -","og_description":"Em 11 de agosto de 1913, solenizava-se o Dia do Advogado \u00a0 Por Luiz Barreto &#8211; Escritor, membro da Sociedade Brasileira de M\u00e9dicos Escritores e do\u00a0Instituto Arqueol\u00f3gico, Hist\u00f3rico e Geogr\u00e1fico de Pernambuco Nessa data foi assassinado no Recife o advogado, jornalista e pol\u00edtico Dr. Trajano Chacon. Na rua da Imperatriz, esquina com o Beco dos [&hellip;]","og_url":"https:\/\/gazetapernambucana.com\/?p=1466","article_published_time":"2025-08-13T17:51:52+00:00","og_image":[{"width":512,"height":598,"url":"https:\/\/gazetapernambucana.com\/wp-content\/uploads\/2025\/08\/TC-Foto.png","type":"image\/png"}],"author":"GP","twitter_card":"summary_large_image","twitter_misc":{"Escrito por":"GP","Est. tempo de leitura":"3 minutos"},"schema":{"@context":"https:\/\/schema.org","@graph":[{"@type":"WebPage","@id":"https:\/\/gazetapernambucana.com\/?p=1466","url":"https:\/\/gazetapernambucana.com\/?p=1466","name":"Assassinado Trajano Chacon em pleno Dia do Advogado. Por Luiz Barreto -","isPartOf":{"@id":"https:\/\/gazetapernambucana.com\/#website"},"primaryImageOfPage":{"@id":"https:\/\/gazetapernambucana.com\/?p=1466#primaryimage"},"image":{"@id":"https:\/\/gazetapernambucana.com\/?p=1466#primaryimage"},"thumbnailUrl":"https:\/\/gazetapernambucana.com\/wp-content\/uploads\/2025\/08\/TC-Foto.png","datePublished":"2025-08-13T17:51:52+00:00","author":{"@id":"https:\/\/gazetapernambucana.com\/#\/schema\/person\/188dc283325181ac2de4db1e9e987427"},"breadcrumb":{"@id":"https:\/\/gazetapernambucana.com\/?p=1466#breadcrumb"},"inLanguage":"pt-BR","potentialAction":[{"@type":"ReadAction","target":["https:\/\/gazetapernambucana.com\/?p=1466"]}]},{"@type":"ImageObject","inLanguage":"pt-BR","@id":"https:\/\/gazetapernambucana.com\/?p=1466#primaryimage","url":"https:\/\/gazetapernambucana.com\/wp-content\/uploads\/2025\/08\/TC-Foto.png","contentUrl":"https:\/\/gazetapernambucana.com\/wp-content\/uploads\/2025\/08\/TC-Foto.png","width":512,"height":598},{"@type":"BreadcrumbList","@id":"https:\/\/gazetapernambucana.com\/?p=1466#breadcrumb","itemListElement":[{"@type":"ListItem","position":1,"name":"In\u00edcio","item":"https:\/\/gazetapernambucana.com\/"},{"@type":"ListItem","position":2,"name":"Assassinado Trajano Chacon em pleno Dia do Advogado. Por Luiz Barreto"}]},{"@type":"WebSite","@id":"https:\/\/gazetapernambucana.com\/#website","url":"https:\/\/gazetapernambucana.com\/","name":"","description":"","potentialAction":[{"@type":"SearchAction","target":{"@type":"EntryPoint","urlTemplate":"https:\/\/gazetapernambucana.com\/?s={search_term_string}"},"query-input":{"@type":"PropertyValueSpecification","valueRequired":true,"valueName":"search_term_string"}}],"inLanguage":"pt-BR"},{"@type":"Person","@id":"https:\/\/gazetapernambucana.com\/#\/schema\/person\/188dc283325181ac2de4db1e9e987427","name":"GP","image":{"@type":"ImageObject","inLanguage":"pt-BR","@id":"https:\/\/gazetapernambucana.com\/#\/schema\/person\/image\/","url":"https:\/\/secure.gravatar.com\/avatar\/9dad78ff9a2d8b5742d11779f8a3f53b052320c550b2e1907882353c067bb111?s=96&d=mm&r=g","contentUrl":"https:\/\/secure.gravatar.com\/avatar\/9dad78ff9a2d8b5742d11779f8a3f53b052320c550b2e1907882353c067bb111?s=96&d=mm&r=g","caption":"GP"},"sameAs":["http:\/\/gazetapernambucana.com"],"url":"https:\/\/gazetapernambucana.com\/?author=1"}]}},"jetpack_publicize_connections":[],"_links":{"self":[{"href":"https:\/\/gazetapernambucana.com\/index.php?rest_route=\/wp\/v2\/posts\/1466","targetHints":{"allow":["GET"]}}],"collection":[{"href":"https:\/\/gazetapernambucana.com\/index.php?rest_route=\/wp\/v2\/posts"}],"about":[{"href":"https:\/\/gazetapernambucana.com\/index.php?rest_route=\/wp\/v2\/types\/post"}],"author":[{"embeddable":true,"href":"https:\/\/gazetapernambucana.com\/index.php?rest_route=\/wp\/v2\/users\/1"}],"replies":[{"embeddable":true,"href":"https:\/\/gazetapernambucana.com\/index.php?rest_route=%2Fwp%2Fv2%2Fcomments&post=1466"}],"version-history":[{"count":1,"href":"https:\/\/gazetapernambucana.com\/index.php?rest_route=\/wp\/v2\/posts\/1466\/revisions"}],"predecessor-version":[{"id":1468,"href":"https:\/\/gazetapernambucana.com\/index.php?rest_route=\/wp\/v2\/posts\/1466\/revisions\/1468"}],"wp:featuredmedia":[{"embeddable":true,"href":"https:\/\/gazetapernambucana.com\/index.php?rest_route=\/wp\/v2\/media\/1467"}],"wp:attachment":[{"href":"https:\/\/gazetapernambucana.com\/index.php?rest_route=%2Fwp%2Fv2%2Fmedia&parent=1466"}],"wp:term":[{"taxonomy":"category","embeddable":true,"href":"https:\/\/gazetapernambucana.com\/index.php?rest_route=%2Fwp%2Fv2%2Fcategories&post=1466"},{"taxonomy":"post_tag","embeddable":true,"href":"https:\/\/gazetapernambucana.com\/index.php?rest_route=%2Fwp%2Fv2%2Ftags&post=1466"}],"curies":[{"name":"wp","href":"https:\/\/api.w.org\/{rel}","templated":true}]}}