{"id":1463,"date":"2025-08-13T00:23:51","date_gmt":"2025-08-13T03:23:51","guid":{"rendered":"https:\/\/gazetapernambucana.com\/?p=1463"},"modified":"2025-08-13T02:05:00","modified_gmt":"2025-08-13T05:05:00","slug":"carta-de-despedida-para-a-escritora-palestina-dima-diab-por-flavio-chaves","status":"publish","type":"post","link":"https:\/\/gazetapernambucana.com\/?p=1463","title":{"rendered":"Carta de despedida para a escritora palestina Dima Diab. Por Fl\u00e1vio Chaves"},"content":{"rendered":"<p data-start=\"149\" data-end=\"170\"><strong data-start=\"149\" data-end=\"168\"><img loading=\"lazy\" decoding=\"async\" class=\"alignnone size-medium wp-image-173766\" src=\"https:\/\/flaviochaves.com.br\/wp-content\/uploads\/2025\/05\/489730757_1102008601971603_3169344703232156503_n-226x300.jpg\" alt=\"\" width=\"226\" height=\"300\" \/>\u00a0 \u00a0 Por Fl\u00e1vio Chaves \u2013 Jornalista, poeta, escritor e membro da Academia Pernambucana de Letras. Foi Delegado Federal\/Minc\u00a0 \u2013\u00a0 \u00a0Confreira Dima,\u00a0\u00a0<\/strong>Escrevo-te de um lugar onde as bombas ainda n\u00e3o caem, mas onde as not\u00edcias caem como pedras afiadas sobre o peito. Aqui, as ruas n\u00e3o est\u00e3o cobertas de p\u00f3, mas h\u00e1 uma poeira invis\u00edvel que se levanta toda vez que uma vida \u00e9 arrancada. Carrego na pele uma geografia que n\u00e3o aparece em mapas, mas que se inscreve no sangue: o territ\u00f3rio secreto onde cada escritor \u00e9 vizinho do outro, n\u00e3o importa a dist\u00e2ncia, n\u00e3o importa a l\u00edngua, n\u00e3o importa o nome do c\u00e9u que cobre a sua casa. Por isso, quando mataram voc\u00ea, Dima, mataram tamb\u00e9m um quarto da minha casa interior, arrancaram p\u00e1ginas do meu pr\u00f3prio livro, fizeram ruir uma parede erguida de sonhos e deixaram em mim um buraco que n\u00e3o se fecha.<\/p>\n<p data-start=\"865\" data-end=\"1395\">Ainda vejo, com a nitidez de um sonho que n\u00e3o quer acordar, a tua voz dan\u00e7ando no v\u00eddeo em que mostravas a casa original. Tu a tocavas com o olhar, como quem acaricia um relic\u00e1rio, e ao mesmo tempo oferecias ao mundo a chave desse cofre \u00edntimo. Tu n\u00e3o filmavas paredes, tu filmavas a tua inf\u00e2ncia, os ecos das conversas familiares, o cheiro do p\u00e3o que talvez um dia tenha sa\u00eddo daquele forno. E havia, na forma como dizias que querias voltar, uma fidelidade que n\u00e3o se negocia, um amor que nem mesmo a guerra consegue corromper.<\/p>\n<p data-start=\"1397\" data-end=\"1826\">Penso no instante em que, sem saber, j\u00e1 estavas a poucos passos do sil\u00eancio for\u00e7ado. Imagino-te cercada de vozes familiares, acreditando que aquela casa tempor\u00e1ria poderia abrigar o descanso de uma noite inteira. Mas o destino, cruel e impaciente, vinha te empurrando para o abismo. E sinto, com um peso que as palavras n\u00e3o suportam sozinhas, que essa injusti\u00e7a \u00e9 t\u00e3o vasta que s\u00f3 o universo, em sua eternidade, poder\u00e1 medi-la.<\/p>\n<p data-start=\"1828\" data-end=\"2283\">Dizem que foste morta com tua fam\u00edlia, mas eu n\u00e3o acredito na morte que eles anunciam. Creio que h\u00e1 um tipo de perman\u00eancia que n\u00e3o se dobra \u00e0 brutalidade, um sopro que n\u00e3o se apaga, uma seiva que continua a correr mesmo depois de cortarem o tronco. Tu segues viva, espalhada nas frases que deixaste, nas mem\u00f3rias que semeaste, no pulsar inquieto da tua terra. Mesmo que tenham destru\u00eddo teu corpo, n\u00e3o puderam tocar a nascente onde tuas palavras bebiam.<\/p>\n<p data-start=\"2285\" data-end=\"2775\">Escrevo-te para dizer que o mundo da literatura est\u00e1 de luto. E este luto \u00e9 pesado como pedra, mas tamb\u00e9m leve como brisa, porque \u00e9 dor e \u00e9 resist\u00eancia ao mesmo tempo. N\u00e3o importa onde a vida \u00e9 atacada, n\u00e3o importa sob que bandeira ou em que idioma, quando a morte chega \u00e0s portas de um escritor, todos os que escrevem sentem o ch\u00e3o ceder. Somos uma s\u00f3 casa, feita de papel e sonho, e hoje essa casa inteira chora por ti, como se o vento passasse por todas as suas janelas ao mesmo tempo.<\/p>\n<p data-start=\"2777\" data-end=\"3464\">Sei que n\u00e3o te alcan\u00e7o mais, que nenhuma carta minha atravessar\u00e1 o deserto e o escombro at\u00e9 onde est\u00e1s. Mas deixo aqui minha promessa: enquanto eu escrever, teu nome ser\u00e1 lembrado, e cada vez que o fizer ser\u00e1 como acender uma pequena luz no escuro que tentaram impor. E se um dia perguntarem quem foi Dima Diab, direi que foi uma casa feita de palavras, erguida sobre um ch\u00e3o de mem\u00f3rias, com janelas abertas para a esperan\u00e7a e um telhado que resistia \u00e0s tempestades. E que, mesmo quando as bombas derrubaram suas paredes, ningu\u00e9m conseguiu arrancar a sua luz, porque ela se espalhou para sempre no horizonte dos que ainda acreditam que escrever \u00e9 a forma mais alta de permanecer vivo.<\/p>\n<p data-start=\"3466\" data-end=\"3509\">Com esperan\u00e7a,<br data-start=\"3487\" data-end=\"3490\" \/><strong data-start=\"3490\" data-end=\"3507\">Fl\u00e1vio Chaves<\/strong><\/p>\n<blockquote class=\"twitter-tweet\" data-width=\"550\" data-dnt=\"true\">\n<p lang=\"en\" dir=\"ltr\">\ud83d\udea8Dima Diab had posted a video expressing her longing to return home after being displaced by Israel\u2019s war on Gaza. <\/p>\n<p>Today, the Israeli army killed her in an airstrike. She will never make it back. <a href=\"https:\/\/t.co\/g4KK6kv417\">pic.twitter.com\/g4KK6kv417<\/a><\/p>\n<p>&mdash; Gaza Notifications (@gazanotice) <a href=\"https:\/\/twitter.com\/gazanotice\/status\/1949748704996631008?ref_src=twsrc%5Etfw\">July 28, 2025<\/a><\/p><\/blockquote>\n<p><script async src=\"https:\/\/platform.twitter.com\/widgets.js\" charset=\"utf-8\"><\/script><\/p>\n","protected":false},"excerpt":{"rendered":"<p>\u00a0 \u00a0 Por Fl\u00e1vio Chaves \u2013 Jornalista, poeta, escritor e membro da Academia Pernambucana de Letras. Foi Delegado Federal\/Minc\u00a0 \u2013\u00a0 \u00a0Confreira Dima,\u00a0\u00a0Escrevo-te de um lugar onde as bombas ainda n\u00e3o caem, mas onde as not\u00edcias caem como pedras afiadas sobre o peito. Aqui, as ruas n\u00e3o est\u00e3o cobertas de p\u00f3, mas h\u00e1 uma poeira invis\u00edvel [&hellip;]<\/p>\n","protected":false},"author":1,"featured_media":1464,"comment_status":"open","ping_status":"open","sticky":false,"template":"","format":"standard","meta":{"footnotes":"","jetpack_publicize_message":"","jetpack_publicize_feature_enabled":true,"jetpack_social_post_already_shared":false,"jetpack_social_options":{"image_generator_settings":{"template":"highway","default_image_id":0,"font":"","enabled":false},"version":2}},"categories":[1,36,76,65],"tags":[],"class_list":["post-1463","post","type-post","status-publish","format-standard","has-post-thumbnail","hentry","category-https-gazetapernambucana-com-page_id225","category-https-gazetapernambucana-com-page_id209","category-opiniao","category-politica"],"yoast_head":"<!-- This site is optimized with the Yoast SEO plugin v24.5 - https:\/\/yoast.com\/wordpress\/plugins\/seo\/ -->\n<title>Carta de despedida para a escritora palestina Dima Diab. Por Fl\u00e1vio Chaves -<\/title>\n<meta name=\"robots\" content=\"index, follow, max-snippet:-1, max-image-preview:large, max-video-preview:-1\" \/>\n<link rel=\"canonical\" href=\"https:\/\/gazetapernambucana.com\/?p=1463\" \/>\n<meta property=\"og:locale\" content=\"pt_BR\" \/>\n<meta property=\"og:type\" content=\"article\" \/>\n<meta property=\"og:title\" content=\"Carta de despedida para a escritora palestina Dima Diab. Por Fl\u00e1vio Chaves -\" \/>\n<meta property=\"og:description\" content=\"\u00a0 \u00a0 Por Fl\u00e1vio Chaves \u2013 Jornalista, poeta, escritor e membro da Academia Pernambucana de Letras. Foi Delegado Federal\/Minc\u00a0 \u2013\u00a0 \u00a0Confreira Dima,\u00a0\u00a0Escrevo-te de um lugar onde as bombas ainda n\u00e3o caem, mas onde as not\u00edcias caem como pedras afiadas sobre o peito. Aqui, as ruas n\u00e3o est\u00e3o cobertas de p\u00f3, mas h\u00e1 uma poeira invis\u00edvel [&hellip;]\" \/>\n<meta property=\"og:url\" content=\"https:\/\/gazetapernambucana.com\/?p=1463\" \/>\n<meta property=\"article:published_time\" content=\"2025-08-13T03:23:51+00:00\" \/>\n<meta property=\"article:modified_time\" content=\"2025-08-13T05:05:00+00:00\" \/>\n<meta property=\"og:image\" content=\"https:\/\/gazetapernambucana.com\/wp-content\/uploads\/2025\/08\/489730757_1102008601971603_3169344703232156503_n-226x300-1.jpg\" \/>\n\t<meta property=\"og:image:width\" content=\"226\" \/>\n\t<meta property=\"og:image:height\" content=\"300\" \/>\n\t<meta property=\"og:image:type\" content=\"image\/jpeg\" \/>\n<meta name=\"author\" content=\"GP\" \/>\n<meta name=\"twitter:card\" content=\"summary_large_image\" \/>\n<meta name=\"twitter:label1\" content=\"Escrito por\" \/>\n\t<meta name=\"twitter:data1\" content=\"GP\" \/>\n\t<meta name=\"twitter:label2\" content=\"Est. tempo de leitura\" \/>\n\t<meta name=\"twitter:data2\" content=\"4 minutos\" \/>\n<script type=\"application\/ld+json\" class=\"yoast-schema-graph\">{\"@context\":\"https:\/\/schema.org\",\"@graph\":[{\"@type\":\"WebPage\",\"@id\":\"https:\/\/gazetapernambucana.com\/?p=1463\",\"url\":\"https:\/\/gazetapernambucana.com\/?p=1463\",\"name\":\"Carta de despedida para a escritora palestina Dima Diab. Por Fl\u00e1vio Chaves -\",\"isPartOf\":{\"@id\":\"https:\/\/gazetapernambucana.com\/#website\"},\"primaryImageOfPage\":{\"@id\":\"https:\/\/gazetapernambucana.com\/?p=1463#primaryimage\"},\"image\":{\"@id\":\"https:\/\/gazetapernambucana.com\/?p=1463#primaryimage\"},\"thumbnailUrl\":\"https:\/\/gazetapernambucana.com\/wp-content\/uploads\/2025\/08\/489730757_1102008601971603_3169344703232156503_n-226x300-1.jpg\",\"datePublished\":\"2025-08-13T03:23:51+00:00\",\"dateModified\":\"2025-08-13T05:05:00+00:00\",\"author\":{\"@id\":\"https:\/\/gazetapernambucana.com\/#\/schema\/person\/188dc283325181ac2de4db1e9e987427\"},\"breadcrumb\":{\"@id\":\"https:\/\/gazetapernambucana.com\/?p=1463#breadcrumb\"},\"inLanguage\":\"pt-BR\",\"potentialAction\":[{\"@type\":\"ReadAction\",\"target\":[\"https:\/\/gazetapernambucana.com\/?p=1463\"]}]},{\"@type\":\"ImageObject\",\"inLanguage\":\"pt-BR\",\"@id\":\"https:\/\/gazetapernambucana.com\/?p=1463#primaryimage\",\"url\":\"https:\/\/gazetapernambucana.com\/wp-content\/uploads\/2025\/08\/489730757_1102008601971603_3169344703232156503_n-226x300-1.jpg\",\"contentUrl\":\"https:\/\/gazetapernambucana.com\/wp-content\/uploads\/2025\/08\/489730757_1102008601971603_3169344703232156503_n-226x300-1.jpg\",\"width\":226,\"height\":300},{\"@type\":\"BreadcrumbList\",\"@id\":\"https:\/\/gazetapernambucana.com\/?p=1463#breadcrumb\",\"itemListElement\":[{\"@type\":\"ListItem\",\"position\":1,\"name\":\"In\u00edcio\",\"item\":\"https:\/\/gazetapernambucana.com\/\"},{\"@type\":\"ListItem\",\"position\":2,\"name\":\"Carta de despedida para a escritora palestina Dima Diab. Por Fl\u00e1vio Chaves\"}]},{\"@type\":\"WebSite\",\"@id\":\"https:\/\/gazetapernambucana.com\/#website\",\"url\":\"https:\/\/gazetapernambucana.com\/\",\"name\":\"\",\"description\":\"\",\"potentialAction\":[{\"@type\":\"SearchAction\",\"target\":{\"@type\":\"EntryPoint\",\"urlTemplate\":\"https:\/\/gazetapernambucana.com\/?s={search_term_string}\"},\"query-input\":{\"@type\":\"PropertyValueSpecification\",\"valueRequired\":true,\"valueName\":\"search_term_string\"}}],\"inLanguage\":\"pt-BR\"},{\"@type\":\"Person\",\"@id\":\"https:\/\/gazetapernambucana.com\/#\/schema\/person\/188dc283325181ac2de4db1e9e987427\",\"name\":\"GP\",\"image\":{\"@type\":\"ImageObject\",\"inLanguage\":\"pt-BR\",\"@id\":\"https:\/\/gazetapernambucana.com\/#\/schema\/person\/image\/\",\"url\":\"https:\/\/secure.gravatar.com\/avatar\/9dad78ff9a2d8b5742d11779f8a3f53b052320c550b2e1907882353c067bb111?s=96&d=mm&r=g\",\"contentUrl\":\"https:\/\/secure.gravatar.com\/avatar\/9dad78ff9a2d8b5742d11779f8a3f53b052320c550b2e1907882353c067bb111?s=96&d=mm&r=g\",\"caption\":\"GP\"},\"sameAs\":[\"http:\/\/gazetapernambucana.com\"],\"url\":\"https:\/\/gazetapernambucana.com\/?author=1\"}]}<\/script>\n<!-- \/ Yoast SEO plugin. -->","yoast_head_json":{"title":"Carta de despedida para a escritora palestina Dima Diab. Por Fl\u00e1vio Chaves -","robots":{"index":"index","follow":"follow","max-snippet":"max-snippet:-1","max-image-preview":"max-image-preview:large","max-video-preview":"max-video-preview:-1"},"canonical":"https:\/\/gazetapernambucana.com\/?p=1463","og_locale":"pt_BR","og_type":"article","og_title":"Carta de despedida para a escritora palestina Dima Diab. Por Fl\u00e1vio Chaves -","og_description":"\u00a0 \u00a0 Por Fl\u00e1vio Chaves \u2013 Jornalista, poeta, escritor e membro da Academia Pernambucana de Letras. Foi Delegado Federal\/Minc\u00a0 \u2013\u00a0 \u00a0Confreira Dima,\u00a0\u00a0Escrevo-te de um lugar onde as bombas ainda n\u00e3o caem, mas onde as not\u00edcias caem como pedras afiadas sobre o peito. Aqui, as ruas n\u00e3o est\u00e3o cobertas de p\u00f3, mas h\u00e1 uma poeira invis\u00edvel [&hellip;]","og_url":"https:\/\/gazetapernambucana.com\/?p=1463","article_published_time":"2025-08-13T03:23:51+00:00","article_modified_time":"2025-08-13T05:05:00+00:00","og_image":[{"width":226,"height":300,"url":"https:\/\/gazetapernambucana.com\/wp-content\/uploads\/2025\/08\/489730757_1102008601971603_3169344703232156503_n-226x300-1.jpg","type":"image\/jpeg"}],"author":"GP","twitter_card":"summary_large_image","twitter_misc":{"Escrito por":"GP","Est. tempo de leitura":"4 minutos"},"schema":{"@context":"https:\/\/schema.org","@graph":[{"@type":"WebPage","@id":"https:\/\/gazetapernambucana.com\/?p=1463","url":"https:\/\/gazetapernambucana.com\/?p=1463","name":"Carta de despedida para a escritora palestina Dima Diab. Por Fl\u00e1vio Chaves -","isPartOf":{"@id":"https:\/\/gazetapernambucana.com\/#website"},"primaryImageOfPage":{"@id":"https:\/\/gazetapernambucana.com\/?p=1463#primaryimage"},"image":{"@id":"https:\/\/gazetapernambucana.com\/?p=1463#primaryimage"},"thumbnailUrl":"https:\/\/gazetapernambucana.com\/wp-content\/uploads\/2025\/08\/489730757_1102008601971603_3169344703232156503_n-226x300-1.jpg","datePublished":"2025-08-13T03:23:51+00:00","dateModified":"2025-08-13T05:05:00+00:00","author":{"@id":"https:\/\/gazetapernambucana.com\/#\/schema\/person\/188dc283325181ac2de4db1e9e987427"},"breadcrumb":{"@id":"https:\/\/gazetapernambucana.com\/?p=1463#breadcrumb"},"inLanguage":"pt-BR","potentialAction":[{"@type":"ReadAction","target":["https:\/\/gazetapernambucana.com\/?p=1463"]}]},{"@type":"ImageObject","inLanguage":"pt-BR","@id":"https:\/\/gazetapernambucana.com\/?p=1463#primaryimage","url":"https:\/\/gazetapernambucana.com\/wp-content\/uploads\/2025\/08\/489730757_1102008601971603_3169344703232156503_n-226x300-1.jpg","contentUrl":"https:\/\/gazetapernambucana.com\/wp-content\/uploads\/2025\/08\/489730757_1102008601971603_3169344703232156503_n-226x300-1.jpg","width":226,"height":300},{"@type":"BreadcrumbList","@id":"https:\/\/gazetapernambucana.com\/?p=1463#breadcrumb","itemListElement":[{"@type":"ListItem","position":1,"name":"In\u00edcio","item":"https:\/\/gazetapernambucana.com\/"},{"@type":"ListItem","position":2,"name":"Carta de despedida para a escritora palestina Dima Diab. Por Fl\u00e1vio Chaves"}]},{"@type":"WebSite","@id":"https:\/\/gazetapernambucana.com\/#website","url":"https:\/\/gazetapernambucana.com\/","name":"","description":"","potentialAction":[{"@type":"SearchAction","target":{"@type":"EntryPoint","urlTemplate":"https:\/\/gazetapernambucana.com\/?s={search_term_string}"},"query-input":{"@type":"PropertyValueSpecification","valueRequired":true,"valueName":"search_term_string"}}],"inLanguage":"pt-BR"},{"@type":"Person","@id":"https:\/\/gazetapernambucana.com\/#\/schema\/person\/188dc283325181ac2de4db1e9e987427","name":"GP","image":{"@type":"ImageObject","inLanguage":"pt-BR","@id":"https:\/\/gazetapernambucana.com\/#\/schema\/person\/image\/","url":"https:\/\/secure.gravatar.com\/avatar\/9dad78ff9a2d8b5742d11779f8a3f53b052320c550b2e1907882353c067bb111?s=96&d=mm&r=g","contentUrl":"https:\/\/secure.gravatar.com\/avatar\/9dad78ff9a2d8b5742d11779f8a3f53b052320c550b2e1907882353c067bb111?s=96&d=mm&r=g","caption":"GP"},"sameAs":["http:\/\/gazetapernambucana.com"],"url":"https:\/\/gazetapernambucana.com\/?author=1"}]}},"jetpack_publicize_connections":[],"_links":{"self":[{"href":"https:\/\/gazetapernambucana.com\/index.php?rest_route=\/wp\/v2\/posts\/1463","targetHints":{"allow":["GET"]}}],"collection":[{"href":"https:\/\/gazetapernambucana.com\/index.php?rest_route=\/wp\/v2\/posts"}],"about":[{"href":"https:\/\/gazetapernambucana.com\/index.php?rest_route=\/wp\/v2\/types\/post"}],"author":[{"embeddable":true,"href":"https:\/\/gazetapernambucana.com\/index.php?rest_route=\/wp\/v2\/users\/1"}],"replies":[{"embeddable":true,"href":"https:\/\/gazetapernambucana.com\/index.php?rest_route=%2Fwp%2Fv2%2Fcomments&post=1463"}],"version-history":[{"count":1,"href":"https:\/\/gazetapernambucana.com\/index.php?rest_route=\/wp\/v2\/posts\/1463\/revisions"}],"predecessor-version":[{"id":1465,"href":"https:\/\/gazetapernambucana.com\/index.php?rest_route=\/wp\/v2\/posts\/1463\/revisions\/1465"}],"wp:featuredmedia":[{"embeddable":true,"href":"https:\/\/gazetapernambucana.com\/index.php?rest_route=\/wp\/v2\/media\/1464"}],"wp:attachment":[{"href":"https:\/\/gazetapernambucana.com\/index.php?rest_route=%2Fwp%2Fv2%2Fmedia&parent=1463"}],"wp:term":[{"taxonomy":"category","embeddable":true,"href":"https:\/\/gazetapernambucana.com\/index.php?rest_route=%2Fwp%2Fv2%2Fcategories&post=1463"},{"taxonomy":"post_tag","embeddable":true,"href":"https:\/\/gazetapernambucana.com\/index.php?rest_route=%2Fwp%2Fv2%2Ftags&post=1463"}],"curies":[{"name":"wp","href":"https:\/\/api.w.org\/{rel}","templated":true}]}}