{"id":1455,"date":"2025-08-11T23:28:06","date_gmt":"2025-08-12T02:28:06","guid":{"rendered":"https:\/\/gazetapernambucana.com\/?p=1455"},"modified":"2025-08-11T23:28:06","modified_gmt":"2025-08-12T02:28:06","slug":"prefeitos-articulam-nota-a-favor-da-concessao-da-compesa-em-resposta-a-joao-campos","status":"publish","type":"post","link":"https:\/\/gazetapernambucana.com\/?p=1455","title":{"rendered":"Prefeitos articulam nota a favor da concess\u00e3o da Compesa, em resposta a Jo\u00e3o Campos"},"content":{"rendered":"<p>&nbsp;<\/p>\n<p><img loading=\"lazy\" decoding=\"async\" class=\"aligncenter wp-image-77163\" src=\"https:\/\/i0.wp.com\/blogdellas.com.br\/wp-content\/uploads\/2025\/08\/IMG-20250810-WA0359-2.jpg?resize=700%2C525&amp;ssl=1\" alt=\"\" width=\"700\" height=\"525\" data-recalc-dims=\"1\" \/><\/p>\n<p>Prefeitos da Regi\u00e3o Metropolitana e do Interior planejam divulgar nota conjunta nas pr\u00f3ximas horas em defesa da concess\u00e3o da Compesa e em resposta ao prefeito Jo\u00e3o Campos que, nos debates da Esfera Brasil, realizados no Recife este s\u00e1bado, criticou o que chamou de \u201cfalta de mais di\u00e1logo\u201ddo estado com os prefeitos no processo de concess\u00e3o. Ele disse que \u201chouve por parte do estado um desejo de velocidade e pouca escuta\u201d, concluindo: \u201cisso n\u00e3o \u00e9 tarefa de Governo, mas de Estado\u201d.<\/p>\n<p>Jo\u00e3o se manifestou ao ser ouvido pela imprensa a respeito da informa\u00e7\u00e3o dada pela governadora Raquel Lyra no mesmo evento de que \u201ca concess\u00e3o da rede de distribui\u00e7\u00e3o de \u00e1gua e tratamento de esgoto da Compesa est\u00e1 para ser confirmada agora em agosto com o lan\u00e7amento do edital do leil\u00e3o e a expectativa \u00e9 de R$ 20 bilh\u00f5es de investimento\u201d. O prefeito de Riacho das Almas, Diocl\u00e9cio Rosendo, um dos articuladores da nota-resposta disse a este blog que \u201caafirma\u00e7\u00e3ocorreta do prefeito do Recife deveria ter sido a de que ele faltou aos debates porque foi isso que ocorreu. Enquanto prefeito fui convidado e participei de v\u00e1rios debates, reuni\u00f5es presenciais, online, audi\u00eancias p\u00fablicas regionais, encontros no TCE, na Amupe, na Alepe. N\u00f3s prefeitos aprovamos a proposta, agora o Recife se absteve, portanto n\u00e3o pode falar que n\u00e3o houve debates. Foram mais de sete meses de discuss\u00e3o\u201d \u2013 concluiu.<\/p>\n<p>Segundo ele, \u201ca proposta em an\u00e1lise e que aguarda parecer do TCE foi aprovada sem voto contra. Tivemos apenas 5 absten\u00e7\u00f5es, entre elas a do Recife\u201d. Para Diocl\u00e9cio \u201c\u00e9 temerosa essa manifesta\u00e7\u00e3o de Jo\u00e3o Campos na hora em que estamos para fazer um leil\u00e3o. Isso pode at\u00e9 contribuir para reduzir o valor a ser arrecadado pelo estado, o que \u00e9 lastim\u00e1vel\u201d. Explicou que por isso teve a ideia de propor uma nota de apoio \u00e0 concess\u00e3o. \u201cEstou certo que vamos ter o apoio de quase todos os prefeitos pois esperamos isso h\u00e1 muito tempo. N\u00e3o aguentamos mais conviver com a falta d\u2019\u00e1gua ou os rod\u00edzios. Recebemos mais de mil contribui\u00e7\u00f5es durante os debates algumas de prefeitos do PSB\u201d \u2013 observou.<\/p>\n<p><strong>Compesa se manifesta<\/strong><\/p>\n<p>O presidente da Compesa, Alex Campos, explicou que \u201ca proposta de concess\u00e3o foi elaborada com robustez e rigor t\u00e9cnico. Pernambuco teve a sorte de contar com as experi\u00eancias anteriores dos estados que j\u00e1 fizeram concess\u00e3o para aprimorar os estudos que levaram \u00e0 aprova\u00e7\u00e3o do nosso projeto. O modelo de hoje em que a Compesa fazia desde a capta\u00e7\u00e3o de \u00e1gua \u00e0 distribui\u00e7\u00e3o da mesma e cuidava da rede de esgotos se esgotou. J\u00e1 deu o que tinha que dar. Diante do desafio de universaliza\u00e7\u00e3o do processo, como determinou o marco do saneamento, s\u00f3 com o apoio e investimento privado vamos conseguir cumprir o estabelecido\u201d.<\/p>\n<p><strong>TCE em an\u00e1lise final<\/strong><\/p>\n<p>O Tribunal de Contas do Estado deve, pelo que espera a Compesa, dar seu parecer sobre a concess\u00e3o ainda este m\u00eas. O conselheiro relator \u00e9 Dirceu Rodolfo. Ap\u00f3s a manifesta\u00e7\u00e3o t\u00e9cnica do TCE o estado vai publicar o edital com a data do leil\u00e3o que deve acontecer 60 dias ap\u00f3s a publica\u00e7\u00e3o do edital.\u00a0 Haver\u00e1 abertura de inscri\u00e7\u00e3o para as empresas que desejarem participar do leil\u00e3o sendo obrigadas a cumprir o que estado determinar\u00e1 em seu edital, incluindo o compromisso de cumprir o plano de enfrentamento \u00e0 intermit\u00eancia que hoje leva munic\u00edpios como S\u00e3o Bento do Una a enfrentar 25 dias sem \u00e1gua para apenas 5 com \u00e1gua, todos os meses\u201d.<\/p>\n","protected":false},"excerpt":{"rendered":"<p>&nbsp; Prefeitos da Regi\u00e3o Metropolitana e do Interior planejam divulgar nota conjunta nas pr\u00f3ximas horas em defesa da concess\u00e3o da Compesa e em resposta ao prefeito Jo\u00e3o Campos que, nos debates da Esfera Brasil, realizados no Recife este s\u00e1bado, criticou o que chamou de \u201cfalta de mais di\u00e1logo\u201ddo estado com os prefeitos no processo de [&hellip;]<\/p>\n","protected":false},"author":1,"featured_media":1456,"comment_status":"open","ping_status":"open","sticky":false,"template":"","format":"standard","meta":{"footnotes":"","jetpack_publicize_message":"","jetpack_publicize_feature_enabled":true,"jetpack_social_post_already_shared":false,"jetpack_social_options":{"image_generator_settings":{"template":"highway","default_image_id":0,"font":"","enabled":false},"version":2}},"categories":[66,1,65],"tags":[],"class_list":["post-1455","post","type-post","status-publish","format-standard","has-post-thumbnail","hentry","category-cidades","category-https-gazetapernambucana-com-page_id225","category-politica"],"yoast_head":"<!-- This site is optimized with the Yoast SEO plugin v24.5 - https:\/\/yoast.com\/wordpress\/plugins\/seo\/ -->\n<title>Prefeitos articulam nota a favor da concess\u00e3o da Compesa, em resposta a Jo\u00e3o Campos -<\/title>\n<meta name=\"robots\" content=\"index, follow, max-snippet:-1, max-image-preview:large, max-video-preview:-1\" \/>\n<link rel=\"canonical\" href=\"https:\/\/gazetapernambucana.com\/?p=1455\" \/>\n<meta property=\"og:locale\" content=\"pt_BR\" \/>\n<meta property=\"og:type\" content=\"article\" \/>\n<meta property=\"og:title\" content=\"Prefeitos articulam nota a favor da concess\u00e3o da Compesa, em resposta a Jo\u00e3o Campos -\" \/>\n<meta property=\"og:description\" content=\"&nbsp; Prefeitos da Regi\u00e3o Metropolitana e do Interior planejam divulgar nota conjunta nas pr\u00f3ximas horas em defesa da concess\u00e3o da Compesa e em resposta ao prefeito Jo\u00e3o Campos que, nos debates da Esfera Brasil, realizados no Recife este s\u00e1bado, criticou o que chamou de \u201cfalta de mais di\u00e1logo\u201ddo estado com os prefeitos no processo de [&hellip;]\" \/>\n<meta property=\"og:url\" content=\"https:\/\/gazetapernambucana.com\/?p=1455\" \/>\n<meta property=\"article:published_time\" content=\"2025-08-12T02:28:06+00:00\" \/>\n<meta property=\"og:image\" content=\"https:\/\/gazetapernambucana.com\/wp-content\/uploads\/2025\/08\/IMG-20250810-WA0359-2.webp\" \/>\n\t<meta property=\"og:image:width\" content=\"700\" \/>\n\t<meta property=\"og:image:height\" content=\"525\" \/>\n\t<meta property=\"og:image:type\" content=\"image\/webp\" \/>\n<meta name=\"author\" content=\"GP\" \/>\n<meta name=\"twitter:card\" content=\"summary_large_image\" \/>\n<meta name=\"twitter:label1\" content=\"Escrito por\" \/>\n\t<meta name=\"twitter:data1\" content=\"GP\" \/>\n\t<meta name=\"twitter:label2\" content=\"Est. tempo de leitura\" \/>\n\t<meta name=\"twitter:data2\" content=\"4 minutos\" \/>\n<script type=\"application\/ld+json\" class=\"yoast-schema-graph\">{\"@context\":\"https:\/\/schema.org\",\"@graph\":[{\"@type\":\"WebPage\",\"@id\":\"https:\/\/gazetapernambucana.com\/?p=1455\",\"url\":\"https:\/\/gazetapernambucana.com\/?p=1455\",\"name\":\"Prefeitos articulam nota a favor da concess\u00e3o da Compesa, em resposta a Jo\u00e3o Campos -\",\"isPartOf\":{\"@id\":\"https:\/\/gazetapernambucana.com\/#website\"},\"primaryImageOfPage\":{\"@id\":\"https:\/\/gazetapernambucana.com\/?p=1455#primaryimage\"},\"image\":{\"@id\":\"https:\/\/gazetapernambucana.com\/?p=1455#primaryimage\"},\"thumbnailUrl\":\"https:\/\/gazetapernambucana.com\/wp-content\/uploads\/2025\/08\/IMG-20250810-WA0359-2.webp\",\"datePublished\":\"2025-08-12T02:28:06+00:00\",\"author\":{\"@id\":\"https:\/\/gazetapernambucana.com\/#\/schema\/person\/188dc283325181ac2de4db1e9e987427\"},\"breadcrumb\":{\"@id\":\"https:\/\/gazetapernambucana.com\/?p=1455#breadcrumb\"},\"inLanguage\":\"pt-BR\",\"potentialAction\":[{\"@type\":\"ReadAction\",\"target\":[\"https:\/\/gazetapernambucana.com\/?p=1455\"]}]},{\"@type\":\"ImageObject\",\"inLanguage\":\"pt-BR\",\"@id\":\"https:\/\/gazetapernambucana.com\/?p=1455#primaryimage\",\"url\":\"https:\/\/gazetapernambucana.com\/wp-content\/uploads\/2025\/08\/IMG-20250810-WA0359-2.webp\",\"contentUrl\":\"https:\/\/gazetapernambucana.com\/wp-content\/uploads\/2025\/08\/IMG-20250810-WA0359-2.webp\",\"width\":700,\"height\":525},{\"@type\":\"BreadcrumbList\",\"@id\":\"https:\/\/gazetapernambucana.com\/?p=1455#breadcrumb\",\"itemListElement\":[{\"@type\":\"ListItem\",\"position\":1,\"name\":\"In\u00edcio\",\"item\":\"https:\/\/gazetapernambucana.com\/\"},{\"@type\":\"ListItem\",\"position\":2,\"name\":\"Prefeitos articulam nota a favor da concess\u00e3o da Compesa, em resposta a Jo\u00e3o Campos\"}]},{\"@type\":\"WebSite\",\"@id\":\"https:\/\/gazetapernambucana.com\/#website\",\"url\":\"https:\/\/gazetapernambucana.com\/\",\"name\":\"\",\"description\":\"\",\"potentialAction\":[{\"@type\":\"SearchAction\",\"target\":{\"@type\":\"EntryPoint\",\"urlTemplate\":\"https:\/\/gazetapernambucana.com\/?s={search_term_string}\"},\"query-input\":{\"@type\":\"PropertyValueSpecification\",\"valueRequired\":true,\"valueName\":\"search_term_string\"}}],\"inLanguage\":\"pt-BR\"},{\"@type\":\"Person\",\"@id\":\"https:\/\/gazetapernambucana.com\/#\/schema\/person\/188dc283325181ac2de4db1e9e987427\",\"name\":\"GP\",\"image\":{\"@type\":\"ImageObject\",\"inLanguage\":\"pt-BR\",\"@id\":\"https:\/\/gazetapernambucana.com\/#\/schema\/person\/image\/\",\"url\":\"https:\/\/secure.gravatar.com\/avatar\/9dad78ff9a2d8b5742d11779f8a3f53b052320c550b2e1907882353c067bb111?s=96&d=mm&r=g\",\"contentUrl\":\"https:\/\/secure.gravatar.com\/avatar\/9dad78ff9a2d8b5742d11779f8a3f53b052320c550b2e1907882353c067bb111?s=96&d=mm&r=g\",\"caption\":\"GP\"},\"sameAs\":[\"http:\/\/gazetapernambucana.com\"],\"url\":\"https:\/\/gazetapernambucana.com\/?author=1\"}]}<\/script>\n<!-- \/ Yoast SEO plugin. -->","yoast_head_json":{"title":"Prefeitos articulam nota a favor da concess\u00e3o da Compesa, em resposta a Jo\u00e3o Campos -","robots":{"index":"index","follow":"follow","max-snippet":"max-snippet:-1","max-image-preview":"max-image-preview:large","max-video-preview":"max-video-preview:-1"},"canonical":"https:\/\/gazetapernambucana.com\/?p=1455","og_locale":"pt_BR","og_type":"article","og_title":"Prefeitos articulam nota a favor da concess\u00e3o da Compesa, em resposta a Jo\u00e3o Campos -","og_description":"&nbsp; Prefeitos da Regi\u00e3o Metropolitana e do Interior planejam divulgar nota conjunta nas pr\u00f3ximas horas em defesa da concess\u00e3o da Compesa e em resposta ao prefeito Jo\u00e3o Campos que, nos debates da Esfera Brasil, realizados no Recife este s\u00e1bado, criticou o que chamou de \u201cfalta de mais di\u00e1logo\u201ddo estado com os prefeitos no processo de [&hellip;]","og_url":"https:\/\/gazetapernambucana.com\/?p=1455","article_published_time":"2025-08-12T02:28:06+00:00","og_image":[{"width":700,"height":525,"url":"https:\/\/gazetapernambucana.com\/wp-content\/uploads\/2025\/08\/IMG-20250810-WA0359-2.webp","type":"image\/webp"}],"author":"GP","twitter_card":"summary_large_image","twitter_misc":{"Escrito por":"GP","Est. tempo de leitura":"4 minutos"},"schema":{"@context":"https:\/\/schema.org","@graph":[{"@type":"WebPage","@id":"https:\/\/gazetapernambucana.com\/?p=1455","url":"https:\/\/gazetapernambucana.com\/?p=1455","name":"Prefeitos articulam nota a favor da concess\u00e3o da Compesa, em resposta a Jo\u00e3o Campos -","isPartOf":{"@id":"https:\/\/gazetapernambucana.com\/#website"},"primaryImageOfPage":{"@id":"https:\/\/gazetapernambucana.com\/?p=1455#primaryimage"},"image":{"@id":"https:\/\/gazetapernambucana.com\/?p=1455#primaryimage"},"thumbnailUrl":"https:\/\/gazetapernambucana.com\/wp-content\/uploads\/2025\/08\/IMG-20250810-WA0359-2.webp","datePublished":"2025-08-12T02:28:06+00:00","author":{"@id":"https:\/\/gazetapernambucana.com\/#\/schema\/person\/188dc283325181ac2de4db1e9e987427"},"breadcrumb":{"@id":"https:\/\/gazetapernambucana.com\/?p=1455#breadcrumb"},"inLanguage":"pt-BR","potentialAction":[{"@type":"ReadAction","target":["https:\/\/gazetapernambucana.com\/?p=1455"]}]},{"@type":"ImageObject","inLanguage":"pt-BR","@id":"https:\/\/gazetapernambucana.com\/?p=1455#primaryimage","url":"https:\/\/gazetapernambucana.com\/wp-content\/uploads\/2025\/08\/IMG-20250810-WA0359-2.webp","contentUrl":"https:\/\/gazetapernambucana.com\/wp-content\/uploads\/2025\/08\/IMG-20250810-WA0359-2.webp","width":700,"height":525},{"@type":"BreadcrumbList","@id":"https:\/\/gazetapernambucana.com\/?p=1455#breadcrumb","itemListElement":[{"@type":"ListItem","position":1,"name":"In\u00edcio","item":"https:\/\/gazetapernambucana.com\/"},{"@type":"ListItem","position":2,"name":"Prefeitos articulam nota a favor da concess\u00e3o da Compesa, em resposta a Jo\u00e3o Campos"}]},{"@type":"WebSite","@id":"https:\/\/gazetapernambucana.com\/#website","url":"https:\/\/gazetapernambucana.com\/","name":"","description":"","potentialAction":[{"@type":"SearchAction","target":{"@type":"EntryPoint","urlTemplate":"https:\/\/gazetapernambucana.com\/?s={search_term_string}"},"query-input":{"@type":"PropertyValueSpecification","valueRequired":true,"valueName":"search_term_string"}}],"inLanguage":"pt-BR"},{"@type":"Person","@id":"https:\/\/gazetapernambucana.com\/#\/schema\/person\/188dc283325181ac2de4db1e9e987427","name":"GP","image":{"@type":"ImageObject","inLanguage":"pt-BR","@id":"https:\/\/gazetapernambucana.com\/#\/schema\/person\/image\/","url":"https:\/\/secure.gravatar.com\/avatar\/9dad78ff9a2d8b5742d11779f8a3f53b052320c550b2e1907882353c067bb111?s=96&d=mm&r=g","contentUrl":"https:\/\/secure.gravatar.com\/avatar\/9dad78ff9a2d8b5742d11779f8a3f53b052320c550b2e1907882353c067bb111?s=96&d=mm&r=g","caption":"GP"},"sameAs":["http:\/\/gazetapernambucana.com"],"url":"https:\/\/gazetapernambucana.com\/?author=1"}]}},"jetpack_publicize_connections":[],"_links":{"self":[{"href":"https:\/\/gazetapernambucana.com\/index.php?rest_route=\/wp\/v2\/posts\/1455","targetHints":{"allow":["GET"]}}],"collection":[{"href":"https:\/\/gazetapernambucana.com\/index.php?rest_route=\/wp\/v2\/posts"}],"about":[{"href":"https:\/\/gazetapernambucana.com\/index.php?rest_route=\/wp\/v2\/types\/post"}],"author":[{"embeddable":true,"href":"https:\/\/gazetapernambucana.com\/index.php?rest_route=\/wp\/v2\/users\/1"}],"replies":[{"embeddable":true,"href":"https:\/\/gazetapernambucana.com\/index.php?rest_route=%2Fwp%2Fv2%2Fcomments&post=1455"}],"version-history":[{"count":1,"href":"https:\/\/gazetapernambucana.com\/index.php?rest_route=\/wp\/v2\/posts\/1455\/revisions"}],"predecessor-version":[{"id":1457,"href":"https:\/\/gazetapernambucana.com\/index.php?rest_route=\/wp\/v2\/posts\/1455\/revisions\/1457"}],"wp:featuredmedia":[{"embeddable":true,"href":"https:\/\/gazetapernambucana.com\/index.php?rest_route=\/wp\/v2\/media\/1456"}],"wp:attachment":[{"href":"https:\/\/gazetapernambucana.com\/index.php?rest_route=%2Fwp%2Fv2%2Fmedia&parent=1455"}],"wp:term":[{"taxonomy":"category","embeddable":true,"href":"https:\/\/gazetapernambucana.com\/index.php?rest_route=%2Fwp%2Fv2%2Fcategories&post=1455"},{"taxonomy":"post_tag","embeddable":true,"href":"https:\/\/gazetapernambucana.com\/index.php?rest_route=%2Fwp%2Fv2%2Ftags&post=1455"}],"curies":[{"name":"wp","href":"https:\/\/api.w.org\/{rel}","templated":true}]}}