{"id":1451,"date":"2025-08-11T22:40:07","date_gmt":"2025-08-12T01:40:07","guid":{"rendered":"https:\/\/gazetapernambucana.com\/?p=1451"},"modified":"2025-08-11T23:26:16","modified_gmt":"2025-08-12T02:26:16","slug":"5-escritores-que-apoiaram-a-ditadura-militar-em-algum-momento-da-vida","status":"publish","type":"post","link":"https:\/\/gazetapernambucana.com\/?p=1451","title":{"rendered":"5 escritores que apoiaram a ditadura militar (em algum momento da vida)"},"content":{"rendered":"<div class=\"container-single penci-single-style-8 penci-header-text-white\">\n<div class=\"post-image penci-move-title-above\">\n<div class=\"standard-post-special_wrapper\">\n<div class=\"header-standard header-classic single-header\">\n<div class=\"penci-standard-cat penci-single-cat\"><\/div>\n<div class=\"post-box-meta-single\"><strong><span class=\"author-post byline\"><span class=\"author vcard\"><img loading=\"lazy\" decoding=\"async\" class=\"alignnone size-medium wp-image-1452\" src=\"http:\/\/gazetapernambucana.com\/wp-content\/uploads\/2025\/08\/Capa-Nota-5-300x169.jpg\" alt=\"\" width=\"300\" height=\"169\" srcset=\"https:\/\/gazetapernambucana.com\/wp-content\/uploads\/2025\/08\/Capa-Nota-5-300x169.jpg 300w, https:\/\/gazetapernambucana.com\/wp-content\/uploads\/2025\/08\/Capa-Nota-5-1024x576.jpg 1024w, https:\/\/gazetapernambucana.com\/wp-content\/uploads\/2025\/08\/Capa-Nota-5-768x432.jpg 768w, https:\/\/gazetapernambucana.com\/wp-content\/uploads\/2025\/08\/Capa-Nota-5.jpg 1280w\" sizes=\"auto, (max-width: 300px) 100vw, 300px\" \/> Por Ariane Moraes\u00a0<\/span><\/span><\/strong><\/div>\n<\/div>\n<\/div>\n<\/div>\n<\/div>\n<div class=\"post-entry blockquote-style-1\">\n<div id=\"penci-post-entry-inner\" class=\"inner-post-entry entry-content\">\n<p>Durante o per\u00edodo de instala\u00e7\u00e3o da ditadura militar no Brasil, a partir de 1964, diversos intelectuais e escritores manifestaram apoio ao movimento que dep\u00f4s o ent\u00e3o presidente Jo\u00e3o Goulart. Embora suas trajet\u00f3rias sejam distintas, alguns dos nomes mais conhecidos da literatura brasileira estiveram, em diferentes graus, envolvidos com o regimo ou com institui\u00e7\u00f5es associadas a ele. A seguir, conhe\u00e7a cinco desses escritores:<\/p>\n<h2 class=\"wp-block-heading\">Rubem Fonseca<\/h2>\n<figure class=\"wp-block-image size-large\"><img loading=\"lazy\" decoding=\"async\" class=\"wp-image-73005\" src=\"https:\/\/jornalnota.com.br\/wp-content\/uploads\/2025\/07\/IMG_0060-1024x576.jpeg\" sizes=\"auto, (max-width: 1024px) 100vw, 1024px\" srcset=\"https:\/\/jornalnota.com.br\/wp-content\/uploads\/2025\/07\/IMG_0060-1024x576.jpeg 1024w, https:\/\/jornalnota.com.br\/wp-content\/uploads\/2025\/07\/IMG_0060-300x169.jpeg 300w, https:\/\/jornalnota.com.br\/wp-content\/uploads\/2025\/07\/IMG_0060-768x432.jpeg 768w, https:\/\/jornalnota.com.br\/wp-content\/uploads\/2025\/07\/IMG_0060-1170x658.jpeg 1170w, https:\/\/jornalnota.com.br\/wp-content\/uploads\/2025\/07\/IMG_0060-585x329.jpeg 585w, https:\/\/jornalnota.com.br\/wp-content\/uploads\/2025\/07\/IMG_0060.jpeg 1280w\" alt=\"\" width=\"1024\" height=\"576\" \/><\/figure>\n<p>Antes de se tornar conhecido pelo estilo policial em suas obras liter\u00e1rias, Rubem Fonseca atuou como comiss\u00e1rio de pol\u00edcia e trabalhou no Instituto de Pesquisas e Estudos Sociais (IPES) como chefe do grupo editorial e assessor de imprensa. O IPES foi um \u00f3rg\u00e3o patrocinado por setores empresariais e pelo governo dos Estados Unidos com o objetivo de atuar contra o governo de Jo\u00e3o Goulart e justificar o golpe militar de 1964. O primeiro romance de Fonseca teve subs\u00eddio do IPES, e o autor manteve v\u00ednculo com a institui\u00e7\u00e3o at\u00e9 sua extin\u00e7\u00e3o, em 1972.<\/p>\n<h2 class=\"wp-block-heading\">Rachel de Queiroz<\/h2>\n<figure class=\"wp-block-image size-large\"><img loading=\"lazy\" decoding=\"async\" class=\"wp-image-73006\" src=\"https:\/\/jornalnota.com.br\/wp-content\/uploads\/2025\/07\/IMG_0061-1024x576.jpeg\" sizes=\"auto, (max-width: 1024px) 100vw, 1024px\" srcset=\"https:\/\/jornalnota.com.br\/wp-content\/uploads\/2025\/07\/IMG_0061-1024x576.jpeg 1024w, https:\/\/jornalnota.com.br\/wp-content\/uploads\/2025\/07\/IMG_0061-300x169.jpeg 300w, https:\/\/jornalnota.com.br\/wp-content\/uploads\/2025\/07\/IMG_0061-768x432.jpeg 768w, https:\/\/jornalnota.com.br\/wp-content\/uploads\/2025\/07\/IMG_0061-1170x658.jpeg 1170w, https:\/\/jornalnota.com.br\/wp-content\/uploads\/2025\/07\/IMG_0061-585x329.jpeg 585w, https:\/\/jornalnota.com.br\/wp-content\/uploads\/2025\/07\/IMG_0061.jpeg 1280w\" alt=\"\" width=\"1024\" height=\"576\" \/><\/figure>\n<p>Primeira mulher a integrar a Academia Brasileira de Letras, Rachel de Queiroz ficou conhecida tamb\u00e9m por sua posi\u00e7\u00e3o pol\u00edtica favor\u00e1vel ao regime militar. Autora popular \u00e0 \u00e9poca, ela ingressou nos quadros do IPES e chegou a se autointitular \u201cfiadora do governo\u201d, publicando artigos em que criticava Jo\u00e3o Goulart (Jango), o Partido Trabalhista Brasileiro (PTB) e exaltava presidentes como Castelo Branco e Em\u00edlio M\u00e9dici. Durante o per\u00edodo ditatorial, Rachel de Queiroz foi nomeada delegada brasileira na Assembleia Geral da ONU, integrou o Diret\u00f3rio Nacional da ARENA (Alian\u00e7a Renovadora Nacional) e passou a fazer parte do Conselho Federal de Cultura, ligado ao Minist\u00e9rio da Educa\u00e7\u00e3o.<\/p>\n<h2 class=\"wp-block-heading\">Gilberto Freyre<\/h2>\n<figure class=\"wp-block-image size-large\"><img loading=\"lazy\" decoding=\"async\" class=\"wp-image-73011\" src=\"https:\/\/jornalnota.com.br\/wp-content\/uploads\/2025\/07\/IMG_0066-1024x576.jpeg\" sizes=\"auto, (max-width: 1024px) 100vw, 1024px\" srcset=\"https:\/\/jornalnota.com.br\/wp-content\/uploads\/2025\/07\/IMG_0066-1024x576.jpeg 1024w, https:\/\/jornalnota.com.br\/wp-content\/uploads\/2025\/07\/IMG_0066-300x169.jpeg 300w, https:\/\/jornalnota.com.br\/wp-content\/uploads\/2025\/07\/IMG_0066-768x432.jpeg 768w, https:\/\/jornalnota.com.br\/wp-content\/uploads\/2025\/07\/IMG_0066-1170x658.jpeg 1170w, https:\/\/jornalnota.com.br\/wp-content\/uploads\/2025\/07\/IMG_0066-585x329.jpeg 585w, https:\/\/jornalnota.com.br\/wp-content\/uploads\/2025\/07\/IMG_0066.jpeg 1280w\" alt=\"\" width=\"1024\" height=\"576\" \/><\/figure>\n<p>Soci\u00f3logo e autor da obra Casa-grande &amp; Senzala, Gilberto Freyre mantinha rela\u00e7\u00f5es pr\u00f3ximas com o presidente Castelo Branco, primeiro presidente militar ap\u00f3s o golpe de 1964. No mesmo ano, publicou um artigo no Di\u00e1rio de Pernambuco no qual defendia puni\u00e7\u00e3o severa contra o que chamou de \u201cninhos comunistas\u201d e participou de campanhas contra intelectuais considerados advers\u00e1rios pol\u00edticos no estado de Pernambuco.<\/p>\n<h2 class=\"wp-block-heading\">Guimar\u00e3es Rosa<\/h2>\n<figure class=\"wp-block-image size-large\"><img loading=\"lazy\" decoding=\"async\" class=\"wp-image-73007\" src=\"https:\/\/jornalnota.com.br\/wp-content\/uploads\/2025\/07\/IMG_0063-1024x576.jpeg\" sizes=\"auto, (max-width: 1024px) 100vw, 1024px\" srcset=\"https:\/\/jornalnota.com.br\/wp-content\/uploads\/2025\/07\/IMG_0063-1024x576.jpeg 1024w, https:\/\/jornalnota.com.br\/wp-content\/uploads\/2025\/07\/IMG_0063-300x169.jpeg 300w, https:\/\/jornalnota.com.br\/wp-content\/uploads\/2025\/07\/IMG_0063-768x432.jpeg 768w, https:\/\/jornalnota.com.br\/wp-content\/uploads\/2025\/07\/IMG_0063-1170x658.jpeg 1170w, https:\/\/jornalnota.com.br\/wp-content\/uploads\/2025\/07\/IMG_0063-585x329.jpeg 585w, https:\/\/jornalnota.com.br\/wp-content\/uploads\/2025\/07\/IMG_0063.jpeg 1280w\" alt=\"\" width=\"1024\" height=\"576\" \/><\/figure>\n<p>Autor de Grande Sert\u00e3o: Veredas, Guimar\u00e3es Rosa recebeu, em 1965, o t\u00edtulo de Comendador de M\u00e9rito Militar e, no ano seguinte, participou de uma reuni\u00e3o do Conselho de Seguran\u00e7a Nacional, \u00f3rg\u00e3o de apoio \u00e0s decis\u00f5es pol\u00edticas do governo militar. Rosa tamb\u00e9m fez parte do Conselho Federal de Cultura, vinculado ao Minist\u00e9rio da Educa\u00e7\u00e3o. Sua colabora\u00e7\u00e3o com o regime foi curta: faleceu em 1967, v\u00edtima de um infarto, aos 59 anos.<\/p>\n<h2 class=\"wp-block-heading\">Ariano Suassuna<\/h2>\n<figure class=\"wp-block-image size-large\"><img loading=\"lazy\" decoding=\"async\" class=\"wp-image-73009\" src=\"https:\/\/jornalnota.com.br\/wp-content\/uploads\/2025\/07\/IMG_0062-1024x576.jpeg\" sizes=\"auto, (max-width: 1024px) 100vw, 1024px\" srcset=\"https:\/\/jornalnota.com.br\/wp-content\/uploads\/2025\/07\/IMG_0062-1024x576.jpeg 1024w, https:\/\/jornalnota.com.br\/wp-content\/uploads\/2025\/07\/IMG_0062-300x169.jpeg 300w, https:\/\/jornalnota.com.br\/wp-content\/uploads\/2025\/07\/IMG_0062-768x432.jpeg 768w, https:\/\/jornalnota.com.br\/wp-content\/uploads\/2025\/07\/IMG_0062-1170x658.jpeg 1170w, https:\/\/jornalnota.com.br\/wp-content\/uploads\/2025\/07\/IMG_0062-585x329.jpeg 585w, https:\/\/jornalnota.com.br\/wp-content\/uploads\/2025\/07\/IMG_0062.jpeg 1280w\" alt=\"\" width=\"1024\" height=\"576\" \/><\/figure>\n<p>Ariano Suassuna, escritor e dramaturgo, alinhou-se inicialmente \u00e0s ideias nacionalistas e conservadoras promovidas pelo governo militar. Em artigo, declarou que seu apoio se devia \u00e0 defesa do Brasil, e n\u00e3o a partidos espec\u00edficos. Entretanto, com o passar do tempo, Suassuna tornou-se cr\u00edtico da censura, do autoritarismo e do entreguismo, posicionando-se gradualmente como defensor da abertura pol\u00edtica.<\/p>\n<p>Esses casos ilustram como, em momentos de instabilidade pol\u00edtica, escritores e artistas podem ocupar posi\u00e7\u00f5es complexas, que nem sempre se limitam ao campo liter\u00e1rio, envolvendo-se diretamente em disputas ideol\u00f3gicas e institucionais.<\/p>\n<\/div>\n<\/div>\n<div class=\"post-author abio-style-2 bioimg-round\">\n<div class=\"author-img\"><img loading=\"lazy\" decoding=\"async\" class=\"avatar avatar-100 photo\" src=\"https:\/\/jornalnota.com.br\/wp-content\/uploads\/2024\/05\/cropped-WhatsApp-Image-2024-05-30-at-12.11.40-100x100.jpeg\" srcset=\"https:\/\/jornalnota.com.br\/wp-content\/uploads\/2024\/05\/cropped-WhatsApp-Image-2024-05-30-at-12.11.40-200x200.jpeg 2x\" alt=\"\" width=\"100\" height=\"100\" \/><\/div>\n<div class=\"author-img\"><strong>Ariane Moraes<\/strong><\/div>\n<div class=\"author-content\">\n<p><strong>Graduanda em Letras, habilita\u00e7\u00e3o Portugu\u00eas, na Universidade Federal do Piau\u00ed. Criou @literariane e indica livros \u2014 dos contempor\u00e2neos aos cl\u00e1ssicos. Sempre anda com um copo de caf\u00e9 na m\u00e3o.<\/strong><\/p>\n<\/div>\n<\/div>\n","protected":false},"excerpt":{"rendered":"<p>Por Ariane Moraes\u00a0 Durante o per\u00edodo de instala\u00e7\u00e3o da ditadura militar no Brasil, a partir de 1964, diversos intelectuais e escritores manifestaram apoio ao movimento que dep\u00f4s o ent\u00e3o presidente Jo\u00e3o Goulart. Embora suas trajet\u00f3rias sejam distintas, alguns dos nomes mais conhecidos da literatura brasileira estiveram, em diferentes graus, envolvidos com o regimo ou com [&hellip;]<\/p>\n","protected":false},"author":1,"featured_media":1452,"comment_status":"open","ping_status":"open","sticky":false,"template":"","format":"standard","meta":{"footnotes":"","jetpack_publicize_message":"","jetpack_publicize_feature_enabled":true,"jetpack_social_post_already_shared":false,"jetpack_social_options":{"image_generator_settings":{"template":"highway","default_image_id":0,"font":"","enabled":false},"version":2}},"categories":[37,1,46,65],"tags":[],"class_list":["post-1451","post","type-post","status-publish","format-standard","has-post-thumbnail","hentry","category-https-gazetapernambucana-com-page_id212","category-https-gazetapernambucana-com-page_id225","category-literatura","category-politica"],"yoast_head":"<!-- This site is optimized with the Yoast SEO plugin v24.5 - https:\/\/yoast.com\/wordpress\/plugins\/seo\/ -->\n<title>5 escritores que apoiaram a ditadura militar (em algum momento da vida) -<\/title>\n<meta name=\"robots\" content=\"index, follow, max-snippet:-1, max-image-preview:large, max-video-preview:-1\" \/>\n<link rel=\"canonical\" href=\"https:\/\/gazetapernambucana.com\/?p=1451\" \/>\n<meta property=\"og:locale\" content=\"pt_BR\" \/>\n<meta property=\"og:type\" content=\"article\" \/>\n<meta property=\"og:title\" content=\"5 escritores que apoiaram a ditadura militar (em algum momento da vida) -\" \/>\n<meta property=\"og:description\" content=\"Por Ariane Moraes\u00a0 Durante o per\u00edodo de instala\u00e7\u00e3o da ditadura militar no Brasil, a partir de 1964, diversos intelectuais e escritores manifestaram apoio ao movimento que dep\u00f4s o ent\u00e3o presidente Jo\u00e3o Goulart. Embora suas trajet\u00f3rias sejam distintas, alguns dos nomes mais conhecidos da literatura brasileira estiveram, em diferentes graus, envolvidos com o regimo ou com [&hellip;]\" \/>\n<meta property=\"og:url\" content=\"https:\/\/gazetapernambucana.com\/?p=1451\" \/>\n<meta property=\"article:published_time\" content=\"2025-08-12T01:40:07+00:00\" \/>\n<meta property=\"article:modified_time\" content=\"2025-08-12T02:26:16+00:00\" \/>\n<meta property=\"og:image\" content=\"https:\/\/gazetapernambucana.com\/wp-content\/uploads\/2025\/08\/Capa-Nota-5.jpg\" \/>\n\t<meta property=\"og:image:width\" content=\"1280\" \/>\n\t<meta property=\"og:image:height\" content=\"720\" \/>\n\t<meta property=\"og:image:type\" content=\"image\/jpeg\" \/>\n<meta name=\"author\" content=\"GP\" \/>\n<meta name=\"twitter:card\" content=\"summary_large_image\" \/>\n<meta name=\"twitter:label1\" content=\"Escrito por\" \/>\n\t<meta name=\"twitter:data1\" content=\"GP\" \/>\n\t<meta name=\"twitter:label2\" content=\"Est. tempo de leitura\" \/>\n\t<meta name=\"twitter:data2\" content=\"5 minutos\" \/>\n<script type=\"application\/ld+json\" class=\"yoast-schema-graph\">{\"@context\":\"https:\/\/schema.org\",\"@graph\":[{\"@type\":\"WebPage\",\"@id\":\"https:\/\/gazetapernambucana.com\/?p=1451\",\"url\":\"https:\/\/gazetapernambucana.com\/?p=1451\",\"name\":\"5 escritores que apoiaram a ditadura militar (em algum momento da vida) -\",\"isPartOf\":{\"@id\":\"https:\/\/gazetapernambucana.com\/#website\"},\"primaryImageOfPage\":{\"@id\":\"https:\/\/gazetapernambucana.com\/?p=1451#primaryimage\"},\"image\":{\"@id\":\"https:\/\/gazetapernambucana.com\/?p=1451#primaryimage\"},\"thumbnailUrl\":\"https:\/\/gazetapernambucana.com\/wp-content\/uploads\/2025\/08\/Capa-Nota-5.jpg\",\"datePublished\":\"2025-08-12T01:40:07+00:00\",\"dateModified\":\"2025-08-12T02:26:16+00:00\",\"author\":{\"@id\":\"https:\/\/gazetapernambucana.com\/#\/schema\/person\/188dc283325181ac2de4db1e9e987427\"},\"breadcrumb\":{\"@id\":\"https:\/\/gazetapernambucana.com\/?p=1451#breadcrumb\"},\"inLanguage\":\"pt-BR\",\"potentialAction\":[{\"@type\":\"ReadAction\",\"target\":[\"https:\/\/gazetapernambucana.com\/?p=1451\"]}]},{\"@type\":\"ImageObject\",\"inLanguage\":\"pt-BR\",\"@id\":\"https:\/\/gazetapernambucana.com\/?p=1451#primaryimage\",\"url\":\"https:\/\/gazetapernambucana.com\/wp-content\/uploads\/2025\/08\/Capa-Nota-5.jpg\",\"contentUrl\":\"https:\/\/gazetapernambucana.com\/wp-content\/uploads\/2025\/08\/Capa-Nota-5.jpg\",\"width\":1280,\"height\":720},{\"@type\":\"BreadcrumbList\",\"@id\":\"https:\/\/gazetapernambucana.com\/?p=1451#breadcrumb\",\"itemListElement\":[{\"@type\":\"ListItem\",\"position\":1,\"name\":\"In\u00edcio\",\"item\":\"https:\/\/gazetapernambucana.com\/\"},{\"@type\":\"ListItem\",\"position\":2,\"name\":\"5 escritores que apoiaram a ditadura militar (em algum momento da vida)\"}]},{\"@type\":\"WebSite\",\"@id\":\"https:\/\/gazetapernambucana.com\/#website\",\"url\":\"https:\/\/gazetapernambucana.com\/\",\"name\":\"\",\"description\":\"\",\"potentialAction\":[{\"@type\":\"SearchAction\",\"target\":{\"@type\":\"EntryPoint\",\"urlTemplate\":\"https:\/\/gazetapernambucana.com\/?s={search_term_string}\"},\"query-input\":{\"@type\":\"PropertyValueSpecification\",\"valueRequired\":true,\"valueName\":\"search_term_string\"}}],\"inLanguage\":\"pt-BR\"},{\"@type\":\"Person\",\"@id\":\"https:\/\/gazetapernambucana.com\/#\/schema\/person\/188dc283325181ac2de4db1e9e987427\",\"name\":\"GP\",\"image\":{\"@type\":\"ImageObject\",\"inLanguage\":\"pt-BR\",\"@id\":\"https:\/\/gazetapernambucana.com\/#\/schema\/person\/image\/\",\"url\":\"https:\/\/secure.gravatar.com\/avatar\/9dad78ff9a2d8b5742d11779f8a3f53b052320c550b2e1907882353c067bb111?s=96&d=mm&r=g\",\"contentUrl\":\"https:\/\/secure.gravatar.com\/avatar\/9dad78ff9a2d8b5742d11779f8a3f53b052320c550b2e1907882353c067bb111?s=96&d=mm&r=g\",\"caption\":\"GP\"},\"sameAs\":[\"http:\/\/gazetapernambucana.com\"],\"url\":\"https:\/\/gazetapernambucana.com\/?author=1\"}]}<\/script>\n<!-- \/ Yoast SEO plugin. -->","yoast_head_json":{"title":"5 escritores que apoiaram a ditadura militar (em algum momento da vida) -","robots":{"index":"index","follow":"follow","max-snippet":"max-snippet:-1","max-image-preview":"max-image-preview:large","max-video-preview":"max-video-preview:-1"},"canonical":"https:\/\/gazetapernambucana.com\/?p=1451","og_locale":"pt_BR","og_type":"article","og_title":"5 escritores que apoiaram a ditadura militar (em algum momento da vida) -","og_description":"Por Ariane Moraes\u00a0 Durante o per\u00edodo de instala\u00e7\u00e3o da ditadura militar no Brasil, a partir de 1964, diversos intelectuais e escritores manifestaram apoio ao movimento que dep\u00f4s o ent\u00e3o presidente Jo\u00e3o Goulart. Embora suas trajet\u00f3rias sejam distintas, alguns dos nomes mais conhecidos da literatura brasileira estiveram, em diferentes graus, envolvidos com o regimo ou com [&hellip;]","og_url":"https:\/\/gazetapernambucana.com\/?p=1451","article_published_time":"2025-08-12T01:40:07+00:00","article_modified_time":"2025-08-12T02:26:16+00:00","og_image":[{"width":1280,"height":720,"url":"https:\/\/gazetapernambucana.com\/wp-content\/uploads\/2025\/08\/Capa-Nota-5.jpg","type":"image\/jpeg"}],"author":"GP","twitter_card":"summary_large_image","twitter_misc":{"Escrito por":"GP","Est. tempo de leitura":"5 minutos"},"schema":{"@context":"https:\/\/schema.org","@graph":[{"@type":"WebPage","@id":"https:\/\/gazetapernambucana.com\/?p=1451","url":"https:\/\/gazetapernambucana.com\/?p=1451","name":"5 escritores que apoiaram a ditadura militar (em algum momento da vida) -","isPartOf":{"@id":"https:\/\/gazetapernambucana.com\/#website"},"primaryImageOfPage":{"@id":"https:\/\/gazetapernambucana.com\/?p=1451#primaryimage"},"image":{"@id":"https:\/\/gazetapernambucana.com\/?p=1451#primaryimage"},"thumbnailUrl":"https:\/\/gazetapernambucana.com\/wp-content\/uploads\/2025\/08\/Capa-Nota-5.jpg","datePublished":"2025-08-12T01:40:07+00:00","dateModified":"2025-08-12T02:26:16+00:00","author":{"@id":"https:\/\/gazetapernambucana.com\/#\/schema\/person\/188dc283325181ac2de4db1e9e987427"},"breadcrumb":{"@id":"https:\/\/gazetapernambucana.com\/?p=1451#breadcrumb"},"inLanguage":"pt-BR","potentialAction":[{"@type":"ReadAction","target":["https:\/\/gazetapernambucana.com\/?p=1451"]}]},{"@type":"ImageObject","inLanguage":"pt-BR","@id":"https:\/\/gazetapernambucana.com\/?p=1451#primaryimage","url":"https:\/\/gazetapernambucana.com\/wp-content\/uploads\/2025\/08\/Capa-Nota-5.jpg","contentUrl":"https:\/\/gazetapernambucana.com\/wp-content\/uploads\/2025\/08\/Capa-Nota-5.jpg","width":1280,"height":720},{"@type":"BreadcrumbList","@id":"https:\/\/gazetapernambucana.com\/?p=1451#breadcrumb","itemListElement":[{"@type":"ListItem","position":1,"name":"In\u00edcio","item":"https:\/\/gazetapernambucana.com\/"},{"@type":"ListItem","position":2,"name":"5 escritores que apoiaram a ditadura militar (em algum momento da vida)"}]},{"@type":"WebSite","@id":"https:\/\/gazetapernambucana.com\/#website","url":"https:\/\/gazetapernambucana.com\/","name":"","description":"","potentialAction":[{"@type":"SearchAction","target":{"@type":"EntryPoint","urlTemplate":"https:\/\/gazetapernambucana.com\/?s={search_term_string}"},"query-input":{"@type":"PropertyValueSpecification","valueRequired":true,"valueName":"search_term_string"}}],"inLanguage":"pt-BR"},{"@type":"Person","@id":"https:\/\/gazetapernambucana.com\/#\/schema\/person\/188dc283325181ac2de4db1e9e987427","name":"GP","image":{"@type":"ImageObject","inLanguage":"pt-BR","@id":"https:\/\/gazetapernambucana.com\/#\/schema\/person\/image\/","url":"https:\/\/secure.gravatar.com\/avatar\/9dad78ff9a2d8b5742d11779f8a3f53b052320c550b2e1907882353c067bb111?s=96&d=mm&r=g","contentUrl":"https:\/\/secure.gravatar.com\/avatar\/9dad78ff9a2d8b5742d11779f8a3f53b052320c550b2e1907882353c067bb111?s=96&d=mm&r=g","caption":"GP"},"sameAs":["http:\/\/gazetapernambucana.com"],"url":"https:\/\/gazetapernambucana.com\/?author=1"}]}},"jetpack_publicize_connections":[],"_links":{"self":[{"href":"https:\/\/gazetapernambucana.com\/index.php?rest_route=\/wp\/v2\/posts\/1451","targetHints":{"allow":["GET"]}}],"collection":[{"href":"https:\/\/gazetapernambucana.com\/index.php?rest_route=\/wp\/v2\/posts"}],"about":[{"href":"https:\/\/gazetapernambucana.com\/index.php?rest_route=\/wp\/v2\/types\/post"}],"author":[{"embeddable":true,"href":"https:\/\/gazetapernambucana.com\/index.php?rest_route=\/wp\/v2\/users\/1"}],"replies":[{"embeddable":true,"href":"https:\/\/gazetapernambucana.com\/index.php?rest_route=%2Fwp%2Fv2%2Fcomments&post=1451"}],"version-history":[{"count":2,"href":"https:\/\/gazetapernambucana.com\/index.php?rest_route=\/wp\/v2\/posts\/1451\/revisions"}],"predecessor-version":[{"id":1454,"href":"https:\/\/gazetapernambucana.com\/index.php?rest_route=\/wp\/v2\/posts\/1451\/revisions\/1454"}],"wp:featuredmedia":[{"embeddable":true,"href":"https:\/\/gazetapernambucana.com\/index.php?rest_route=\/wp\/v2\/media\/1452"}],"wp:attachment":[{"href":"https:\/\/gazetapernambucana.com\/index.php?rest_route=%2Fwp%2Fv2%2Fmedia&parent=1451"}],"wp:term":[{"taxonomy":"category","embeddable":true,"href":"https:\/\/gazetapernambucana.com\/index.php?rest_route=%2Fwp%2Fv2%2Fcategories&post=1451"},{"taxonomy":"post_tag","embeddable":true,"href":"https:\/\/gazetapernambucana.com\/index.php?rest_route=%2Fwp%2Fv2%2Ftags&post=1451"}],"curies":[{"name":"wp","href":"https:\/\/api.w.org\/{rel}","templated":true}]}}