{"id":1431,"date":"2025-08-09T17:13:49","date_gmt":"2025-08-09T20:13:49","guid":{"rendered":"https:\/\/gazetapernambucana.com\/?p=1431"},"modified":"2025-08-09T23:04:53","modified_gmt":"2025-08-10T02:04:53","slug":"1431","status":"publish","type":"post","link":"https:\/\/gazetapernambucana.com\/?p=1431","title":{"rendered":"Sheikha Moza Bint Nasser: O Anivers\u00e1rio de Uma Mulher Que Faz do Futuro Seu Territ\u00f3rio. Por Fl\u00e1vio Chaves"},"content":{"rendered":"<div class=\"digitalCoverImageGroupClass_d1xqtvcv\">\n<div class=\"helloImageWrapper_h9t7u29\">\n<div class=\"digitalCoverImage_dq8jili -right-aligned__169 HolaHelloImage_hs3fixx helloImage_h11sh02 hm-image--layout-responsive -aspect-ratio-landscape\">\n<figure>\n<div><picture><img loading=\"lazy\" decoding=\"async\" src=\"https:\/\/www.hola.com\/us\/horizon\/landscape\/4149b8d48f2f-gettyimages-167834454.jpg?im=Resize=(640),type=downsize\" sizes=\"auto, (min-width:1280px) 730px, (min-width:960px) 45vw, (min-width:768px) 45vw, (min-width:320px) 100vw, 100vw\" alt=\"Moza bint Nasser, a eterna sheika, celebra 65 anos de vida, poder e legado como a mulher que redefiniu a imagem do Catar\" width=\"1920\" height=\"1080\" \/>\u00a9 UK Press via Getty Images<\/picture><\/div>\n<\/figure>\n<\/div>\n<\/div>\n<\/div>\n<p data-start=\"465\" data-end=\"910\"><strong>Por Fl\u00e1vio Chaves \u2013 Jornalista, poeta, escritor e membro da Academia Pernambucana de Letras. Foi Delegado Federal\/Minc\u00a0 \u2013\u00a0\u00a0<\/strong>Neste m\u00eas, Sheikha Moza Bint Nasser celebra mais um anivers\u00e1rio. N\u00e3o se trata apenas da passagem de um ano, mas da renova\u00e7\u00e3o de uma presen\u00e7a que marcou e continua a marcar a hist\u00f3ria contempor\u00e2nea. Porque Moza n\u00e3o habita apenas o Qatar: ela habita a ideia de que tradi\u00e7\u00e3o e modernidade podem caminhar lado a lado, e de que o poder, quando guiado pela intelig\u00eancia e pela vis\u00e3o de longo alcance, pode semear um futuro que transcenda fronteiras.<\/p>\n<p data-start=\"912\" data-end=\"1391\">Ela n\u00e3o se limita aos bastidores da hist\u00f3ria, caminha no centro do palco, consciente de cada holofote que a segue e de cada sombra que tenta cont\u00ea-la. Seu percurso \u00e9 feito de uma rara conjuga\u00e7\u00e3o: a delicadeza de uma presen\u00e7a que sabe calar para ouvir e a firmeza de uma lideran\u00e7a que sabe falar quando \u00e9 hora de mudar o curso das coisas. Entre o refinamento das vestes e o peso das decis\u00f5es, construiu uma persona que \u00e9 tanto obra de si quanto resposta ao mundo que a observa.<\/p>\n<p data-start=\"1393\" data-end=\"1886\">Moza transformou a educa\u00e7\u00e3o em alicerce de soberania, a cultura em linguagem diplom\u00e1tica e a imagem em ferramenta estrat\u00e9gica. Nos corredores da Qatar Foundation e nas salas onde se desenham acordos internacionais, ela n\u00e3o \u00e9 apenas interlocutora, \u00e9 protagonista. Sabe que o mundo \u00e1rabe \u00e9 muitas vezes lido pelo Ocidente por meio de estere\u00f3tipos fr\u00e1geis e, por isso, oferece ao mundo uma outra narrativa: a de uma mulher que n\u00e3o aceita o confinamento simb\u00f3lico e que recusa a invisibilidade.<\/p>\n<p data-start=\"1888\" data-end=\"2096\">Celebrar Moza \u00e9 reconhecer que ela n\u00e3o \u00e9 apenas filha do seu tempo: \u00e9 uma engenheira do futuro. Entre o que h\u00e1 e o que vir\u00e1, ergue-se como ponte viva, sustentada por colunas de saber, vis\u00e3o e persist\u00eancia.<\/p>\n<p data-start=\"2098\" data-end=\"2388\">Se Of\u00e9lia, no universo de Shakespeare, foi levada pela corrente, Moza aprendeu a caminhar sobre as \u00e1guas. Onde a personagem tr\u00e1gica se deixou afundar, ela planta marcos. Onde o amor e o poder esmagaram, ela converteu o peso em alavanca. E, assim, ao inv\u00e9s de desaparecer, tornou-se farol.<\/p>\n<p data-start=\"2390\" data-end=\"2636\">H\u00e1 anivers\u00e1rios que s\u00e3o apenas datas. O dela \u00e9 clar\u00e3o. N\u00e3o por conta das velas, mas porque ilumina o espa\u00e7o entre passado e futuro, um espa\u00e7o que ela ocupa com a certeza de que, no tabuleiro das na\u00e7\u00f5es, n\u00e3o basta existir: \u00e9 preciso permanecer.<\/p>\n","protected":false},"excerpt":{"rendered":"<p>\u00a9 UK Press via Getty Images Por Fl\u00e1vio Chaves \u2013 Jornalista, poeta, escritor e membro da Academia Pernambucana de Letras. Foi Delegado Federal\/Minc\u00a0 \u2013\u00a0\u00a0Neste m\u00eas, Sheikha Moza Bint Nasser celebra mais um anivers\u00e1rio. N\u00e3o se trata apenas da passagem de um ano, mas da renova\u00e7\u00e3o de uma presen\u00e7a que marcou e continua a marcar a [&hellip;]<\/p>\n","protected":false},"author":1,"featured_media":1432,"comment_status":"open","ping_status":"open","sticky":false,"template":"","format":"standard","meta":{"footnotes":"","jetpack_publicize_message":"","jetpack_publicize_feature_enabled":true,"jetpack_social_post_already_shared":false,"jetpack_social_options":{"image_generator_settings":{"template":"highway","default_image_id":0,"font":"","enabled":false},"version":2}},"categories":[1,35,36,65],"tags":[],"class_list":["post-1431","post","type-post","status-publish","format-standard","has-post-thumbnail","hentry","category-https-gazetapernambucana-com-page_id225","category-https-gazetapernambucana-com-page_id218","category-https-gazetapernambucana-com-page_id209","category-politica"],"yoast_head":"<!-- This site is optimized with the Yoast SEO plugin v24.5 - https:\/\/yoast.com\/wordpress\/plugins\/seo\/ -->\n<title>Sheikha Moza Bint Nasser: O Anivers\u00e1rio de Uma Mulher Que Faz do Futuro Seu Territ\u00f3rio. Por Fl\u00e1vio Chaves -<\/title>\n<meta name=\"robots\" content=\"index, follow, max-snippet:-1, max-image-preview:large, max-video-preview:-1\" \/>\n<link rel=\"canonical\" href=\"https:\/\/gazetapernambucana.com\/?p=1431\" \/>\n<meta property=\"og:locale\" content=\"pt_BR\" \/>\n<meta property=\"og:type\" content=\"article\" \/>\n<meta property=\"og:title\" content=\"Sheikha Moza Bint Nasser: O Anivers\u00e1rio de Uma Mulher Que Faz do Futuro Seu Territ\u00f3rio. Por Fl\u00e1vio Chaves -\" \/>\n<meta property=\"og:description\" content=\"\u00a9 UK Press via Getty Images Por Fl\u00e1vio Chaves \u2013 Jornalista, poeta, escritor e membro da Academia Pernambucana de Letras. Foi Delegado Federal\/Minc\u00a0 \u2013\u00a0\u00a0Neste m\u00eas, Sheikha Moza Bint Nasser celebra mais um anivers\u00e1rio. N\u00e3o se trata apenas da passagem de um ano, mas da renova\u00e7\u00e3o de uma presen\u00e7a que marcou e continua a marcar a [&hellip;]\" \/>\n<meta property=\"og:url\" content=\"https:\/\/gazetapernambucana.com\/?p=1431\" \/>\n<meta property=\"article:published_time\" content=\"2025-08-09T20:13:49+00:00\" \/>\n<meta property=\"article:modified_time\" content=\"2025-08-10T02:04:53+00:00\" \/>\n<meta property=\"og:image\" content=\"https:\/\/gazetapernambucana.com\/wp-content\/uploads\/2025\/08\/4149b8d48f2f-gettyimages-167834454-1.webp\" \/>\n\t<meta property=\"og:image:width\" content=\"640\" \/>\n\t<meta property=\"og:image:height\" content=\"360\" \/>\n\t<meta property=\"og:image:type\" content=\"image\/webp\" \/>\n<meta name=\"author\" content=\"GP\" \/>\n<meta name=\"twitter:card\" content=\"summary_large_image\" \/>\n<meta name=\"twitter:label1\" content=\"Escrito por\" \/>\n\t<meta name=\"twitter:data1\" content=\"GP\" \/>\n\t<meta name=\"twitter:label2\" content=\"Est. tempo de leitura\" \/>\n\t<meta name=\"twitter:data2\" content=\"3 minutos\" \/>\n<script type=\"application\/ld+json\" class=\"yoast-schema-graph\">{\"@context\":\"https:\/\/schema.org\",\"@graph\":[{\"@type\":\"WebPage\",\"@id\":\"https:\/\/gazetapernambucana.com\/?p=1431\",\"url\":\"https:\/\/gazetapernambucana.com\/?p=1431\",\"name\":\"Sheikha Moza Bint Nasser: O Anivers\u00e1rio de Uma Mulher Que Faz do Futuro Seu Territ\u00f3rio. Por Fl\u00e1vio Chaves -\",\"isPartOf\":{\"@id\":\"https:\/\/gazetapernambucana.com\/#website\"},\"primaryImageOfPage\":{\"@id\":\"https:\/\/gazetapernambucana.com\/?p=1431#primaryimage\"},\"image\":{\"@id\":\"https:\/\/gazetapernambucana.com\/?p=1431#primaryimage\"},\"thumbnailUrl\":\"https:\/\/gazetapernambucana.com\/wp-content\/uploads\/2025\/08\/4149b8d48f2f-gettyimages-167834454-1.webp\",\"datePublished\":\"2025-08-09T20:13:49+00:00\",\"dateModified\":\"2025-08-10T02:04:53+00:00\",\"author\":{\"@id\":\"https:\/\/gazetapernambucana.com\/#\/schema\/person\/188dc283325181ac2de4db1e9e987427\"},\"breadcrumb\":{\"@id\":\"https:\/\/gazetapernambucana.com\/?p=1431#breadcrumb\"},\"inLanguage\":\"pt-BR\",\"potentialAction\":[{\"@type\":\"ReadAction\",\"target\":[\"https:\/\/gazetapernambucana.com\/?p=1431\"]}]},{\"@type\":\"ImageObject\",\"inLanguage\":\"pt-BR\",\"@id\":\"https:\/\/gazetapernambucana.com\/?p=1431#primaryimage\",\"url\":\"https:\/\/gazetapernambucana.com\/wp-content\/uploads\/2025\/08\/4149b8d48f2f-gettyimages-167834454-1.webp\",\"contentUrl\":\"https:\/\/gazetapernambucana.com\/wp-content\/uploads\/2025\/08\/4149b8d48f2f-gettyimages-167834454-1.webp\",\"width\":640,\"height\":360},{\"@type\":\"BreadcrumbList\",\"@id\":\"https:\/\/gazetapernambucana.com\/?p=1431#breadcrumb\",\"itemListElement\":[{\"@type\":\"ListItem\",\"position\":1,\"name\":\"In\u00edcio\",\"item\":\"https:\/\/gazetapernambucana.com\/\"},{\"@type\":\"ListItem\",\"position\":2,\"name\":\"Sheikha Moza Bint Nasser: O Anivers\u00e1rio de Uma Mulher Que Faz do Futuro Seu Territ\u00f3rio. Por Fl\u00e1vio Chaves\"}]},{\"@type\":\"WebSite\",\"@id\":\"https:\/\/gazetapernambucana.com\/#website\",\"url\":\"https:\/\/gazetapernambucana.com\/\",\"name\":\"\",\"description\":\"\",\"potentialAction\":[{\"@type\":\"SearchAction\",\"target\":{\"@type\":\"EntryPoint\",\"urlTemplate\":\"https:\/\/gazetapernambucana.com\/?s={search_term_string}\"},\"query-input\":{\"@type\":\"PropertyValueSpecification\",\"valueRequired\":true,\"valueName\":\"search_term_string\"}}],\"inLanguage\":\"pt-BR\"},{\"@type\":\"Person\",\"@id\":\"https:\/\/gazetapernambucana.com\/#\/schema\/person\/188dc283325181ac2de4db1e9e987427\",\"name\":\"GP\",\"image\":{\"@type\":\"ImageObject\",\"inLanguage\":\"pt-BR\",\"@id\":\"https:\/\/gazetapernambucana.com\/#\/schema\/person\/image\/\",\"url\":\"https:\/\/secure.gravatar.com\/avatar\/9dad78ff9a2d8b5742d11779f8a3f53b052320c550b2e1907882353c067bb111?s=96&d=mm&r=g\",\"contentUrl\":\"https:\/\/secure.gravatar.com\/avatar\/9dad78ff9a2d8b5742d11779f8a3f53b052320c550b2e1907882353c067bb111?s=96&d=mm&r=g\",\"caption\":\"GP\"},\"sameAs\":[\"http:\/\/gazetapernambucana.com\"],\"url\":\"https:\/\/gazetapernambucana.com\/?author=1\"}]}<\/script>\n<!-- \/ Yoast SEO plugin. -->","yoast_head_json":{"title":"Sheikha Moza Bint Nasser: O Anivers\u00e1rio de Uma Mulher Que Faz do Futuro Seu Territ\u00f3rio. Por Fl\u00e1vio Chaves -","robots":{"index":"index","follow":"follow","max-snippet":"max-snippet:-1","max-image-preview":"max-image-preview:large","max-video-preview":"max-video-preview:-1"},"canonical":"https:\/\/gazetapernambucana.com\/?p=1431","og_locale":"pt_BR","og_type":"article","og_title":"Sheikha Moza Bint Nasser: O Anivers\u00e1rio de Uma Mulher Que Faz do Futuro Seu Territ\u00f3rio. Por Fl\u00e1vio Chaves -","og_description":"\u00a9 UK Press via Getty Images Por Fl\u00e1vio Chaves \u2013 Jornalista, poeta, escritor e membro da Academia Pernambucana de Letras. Foi Delegado Federal\/Minc\u00a0 \u2013\u00a0\u00a0Neste m\u00eas, Sheikha Moza Bint Nasser celebra mais um anivers\u00e1rio. N\u00e3o se trata apenas da passagem de um ano, mas da renova\u00e7\u00e3o de uma presen\u00e7a que marcou e continua a marcar a [&hellip;]","og_url":"https:\/\/gazetapernambucana.com\/?p=1431","article_published_time":"2025-08-09T20:13:49+00:00","article_modified_time":"2025-08-10T02:04:53+00:00","og_image":[{"width":640,"height":360,"url":"https:\/\/gazetapernambucana.com\/wp-content\/uploads\/2025\/08\/4149b8d48f2f-gettyimages-167834454-1.webp","type":"image\/webp"}],"author":"GP","twitter_card":"summary_large_image","twitter_misc":{"Escrito por":"GP","Est. tempo de leitura":"3 minutos"},"schema":{"@context":"https:\/\/schema.org","@graph":[{"@type":"WebPage","@id":"https:\/\/gazetapernambucana.com\/?p=1431","url":"https:\/\/gazetapernambucana.com\/?p=1431","name":"Sheikha Moza Bint Nasser: O Anivers\u00e1rio de Uma Mulher Que Faz do Futuro Seu Territ\u00f3rio. Por Fl\u00e1vio Chaves -","isPartOf":{"@id":"https:\/\/gazetapernambucana.com\/#website"},"primaryImageOfPage":{"@id":"https:\/\/gazetapernambucana.com\/?p=1431#primaryimage"},"image":{"@id":"https:\/\/gazetapernambucana.com\/?p=1431#primaryimage"},"thumbnailUrl":"https:\/\/gazetapernambucana.com\/wp-content\/uploads\/2025\/08\/4149b8d48f2f-gettyimages-167834454-1.webp","datePublished":"2025-08-09T20:13:49+00:00","dateModified":"2025-08-10T02:04:53+00:00","author":{"@id":"https:\/\/gazetapernambucana.com\/#\/schema\/person\/188dc283325181ac2de4db1e9e987427"},"breadcrumb":{"@id":"https:\/\/gazetapernambucana.com\/?p=1431#breadcrumb"},"inLanguage":"pt-BR","potentialAction":[{"@type":"ReadAction","target":["https:\/\/gazetapernambucana.com\/?p=1431"]}]},{"@type":"ImageObject","inLanguage":"pt-BR","@id":"https:\/\/gazetapernambucana.com\/?p=1431#primaryimage","url":"https:\/\/gazetapernambucana.com\/wp-content\/uploads\/2025\/08\/4149b8d48f2f-gettyimages-167834454-1.webp","contentUrl":"https:\/\/gazetapernambucana.com\/wp-content\/uploads\/2025\/08\/4149b8d48f2f-gettyimages-167834454-1.webp","width":640,"height":360},{"@type":"BreadcrumbList","@id":"https:\/\/gazetapernambucana.com\/?p=1431#breadcrumb","itemListElement":[{"@type":"ListItem","position":1,"name":"In\u00edcio","item":"https:\/\/gazetapernambucana.com\/"},{"@type":"ListItem","position":2,"name":"Sheikha Moza Bint Nasser: O Anivers\u00e1rio de Uma Mulher Que Faz do Futuro Seu Territ\u00f3rio. Por Fl\u00e1vio Chaves"}]},{"@type":"WebSite","@id":"https:\/\/gazetapernambucana.com\/#website","url":"https:\/\/gazetapernambucana.com\/","name":"","description":"","potentialAction":[{"@type":"SearchAction","target":{"@type":"EntryPoint","urlTemplate":"https:\/\/gazetapernambucana.com\/?s={search_term_string}"},"query-input":{"@type":"PropertyValueSpecification","valueRequired":true,"valueName":"search_term_string"}}],"inLanguage":"pt-BR"},{"@type":"Person","@id":"https:\/\/gazetapernambucana.com\/#\/schema\/person\/188dc283325181ac2de4db1e9e987427","name":"GP","image":{"@type":"ImageObject","inLanguage":"pt-BR","@id":"https:\/\/gazetapernambucana.com\/#\/schema\/person\/image\/","url":"https:\/\/secure.gravatar.com\/avatar\/9dad78ff9a2d8b5742d11779f8a3f53b052320c550b2e1907882353c067bb111?s=96&d=mm&r=g","contentUrl":"https:\/\/secure.gravatar.com\/avatar\/9dad78ff9a2d8b5742d11779f8a3f53b052320c550b2e1907882353c067bb111?s=96&d=mm&r=g","caption":"GP"},"sameAs":["http:\/\/gazetapernambucana.com"],"url":"https:\/\/gazetapernambucana.com\/?author=1"}]}},"jetpack_publicize_connections":[],"_links":{"self":[{"href":"https:\/\/gazetapernambucana.com\/index.php?rest_route=\/wp\/v2\/posts\/1431","targetHints":{"allow":["GET"]}}],"collection":[{"href":"https:\/\/gazetapernambucana.com\/index.php?rest_route=\/wp\/v2\/posts"}],"about":[{"href":"https:\/\/gazetapernambucana.com\/index.php?rest_route=\/wp\/v2\/types\/post"}],"author":[{"embeddable":true,"href":"https:\/\/gazetapernambucana.com\/index.php?rest_route=\/wp\/v2\/users\/1"}],"replies":[{"embeddable":true,"href":"https:\/\/gazetapernambucana.com\/index.php?rest_route=%2Fwp%2Fv2%2Fcomments&post=1431"}],"version-history":[{"count":5,"href":"https:\/\/gazetapernambucana.com\/index.php?rest_route=\/wp\/v2\/posts\/1431\/revisions"}],"predecessor-version":[{"id":1439,"href":"https:\/\/gazetapernambucana.com\/index.php?rest_route=\/wp\/v2\/posts\/1431\/revisions\/1439"}],"wp:featuredmedia":[{"embeddable":true,"href":"https:\/\/gazetapernambucana.com\/index.php?rest_route=\/wp\/v2\/media\/1432"}],"wp:attachment":[{"href":"https:\/\/gazetapernambucana.com\/index.php?rest_route=%2Fwp%2Fv2%2Fmedia&parent=1431"}],"wp:term":[{"taxonomy":"category","embeddable":true,"href":"https:\/\/gazetapernambucana.com\/index.php?rest_route=%2Fwp%2Fv2%2Fcategories&post=1431"},{"taxonomy":"post_tag","embeddable":true,"href":"https:\/\/gazetapernambucana.com\/index.php?rest_route=%2Fwp%2Fv2%2Ftags&post=1431"}],"curies":[{"name":"wp","href":"https:\/\/api.w.org\/{rel}","templated":true}]}}