{"id":1427,"date":"2025-08-08T23:52:28","date_gmt":"2025-08-09T02:52:28","guid":{"rendered":"https:\/\/gazetapernambucana.com\/?p=1427"},"modified":"2025-08-09T14:36:38","modified_gmt":"2025-08-09T17:36:38","slug":"morre-o-sambista-arlindo-cruz-aos-66-anos-no-rio-de-janeiro","status":"publish","type":"post","link":"https:\/\/gazetapernambucana.com\/?p=1427","title":{"rendered":"Morre o sambista Arlindo Cruz, aos 66 anos, no Rio de Janeiro"},"content":{"rendered":"<header class=\"title-block\"><\/header>\n<div class=\"columns\">\n<section class=\"content\">\n<figure class=\"image-block\">\n<div class=\"\"><img loading=\"lazy\" decoding=\"async\" class=\"wp-image-982108 size-large\" src=\"https:\/\/static.cdn.pleno.news\/2022\/07\/AGN_2052723_023-1024x683.jpg\" sizes=\"auto, (max-width: 1024px) 100vw, 1024px\" srcset=\"https:\/\/static.cdn.pleno.news\/2022\/07\/AGN_2052723_023-1024x683.jpg 1024w, https:\/\/static.cdn.pleno.news\/2022\/07\/AGN_2052723_023-300x200.jpg 300w, https:\/\/static.cdn.pleno.news\/2022\/07\/AGN_2052723_023-768x512.jpg 768w, https:\/\/static.cdn.pleno.news\/2022\/07\/AGN_2052723_023-225x150.jpg 225w, https:\/\/static.cdn.pleno.news\/2022\/07\/AGN_2052723_023-250x167.jpg 250w, https:\/\/static.cdn.pleno.news\/2022\/07\/AGN_2052723_023-22x15.jpg 22w\" alt=\"\" width=\"1024\" height=\"683\" \/><\/div><figcaption><strong>Arlindo Cruz<\/strong>\u00a0<span class=\"name\">Foto: AgNews<\/span><\/figcaption><\/figure>\n<p>O m\u00fasico e compositor Arlindo Cruz morreu nesta sexta-feira (8), aos 66 anos. Ele estava internado desde mar\u00e7o em um hospital do Rio de Janeiro ap\u00f3s um diagn\u00f3stico de pneumonia. O artista enfrentava tamb\u00e9m graves sequelas causadas por um acidente vascular cerebral (AVC) isqu\u00eamico sofrido em mar\u00e7o de 2017.<\/p>\n<p>Mesmo ap\u00f3s in\u00fameras cirurgias, desde julho o sambista parou de responder aos est\u00edmulos e n\u00e3o apresentava mais avan\u00e7os. Babi Cruz, esposa do cantor, chegou a dizer que o marido estava \u201ccada vez mais distante\u201d.<\/p>\n<p>Nos \u00faltimos anos, o artista passou por ao menos 17 cirurgias, uma caxumba bacteriana em 2023, outra pneumonia no mesmo ano, al\u00e9m de ter uma doen\u00e7a autoimune. Ele utilizava uma sonda alimentar, sendo traqueostomizado e gastrostomizado.<\/p>\n<p>Arlindo teve a fala comprometida e perdeu os movimentos de boa parte do corpo.<\/p>\n<p>Os maiores sucessos de sua carreira foram as musicas\u00a0<em>Meu Lugar, O Bem, Ser\u00e1 Que \u00c9 Amor<\/em>\u00a0e\u00a0<em>O Show Tem Que Continuar.<\/em><\/p>\n<p>Em maio deste ano, ele foi condecorado com a Ordem do M\u00e9rito Cultural (OMC), maior honraria p\u00fablica do setor cultural do pa\u00eds. Ele recebeu o Gr\u00e3-Cruz, o mais alto dos tr\u00eas graus da condecora\u00e7\u00e3o.<\/p>\n<\/section>\n<\/div>\n","protected":false},"excerpt":{"rendered":"<p>Arlindo Cruz\u00a0Foto: AgNews O m\u00fasico e compositor Arlindo Cruz morreu nesta sexta-feira (8), aos 66 anos. Ele estava internado desde mar\u00e7o em um hospital do Rio de Janeiro ap\u00f3s um diagn\u00f3stico de pneumonia. O artista enfrentava tamb\u00e9m graves sequelas causadas por um acidente vascular cerebral (AVC) isqu\u00eamico sofrido em mar\u00e7o de 2017. Mesmo ap\u00f3s in\u00fameras [&hellip;]<\/p>\n","protected":false},"author":1,"featured_media":1428,"comment_status":"open","ping_status":"open","sticky":false,"template":"","format":"standard","meta":{"footnotes":"","jetpack_publicize_message":"","jetpack_publicize_feature_enabled":true,"jetpack_social_post_already_shared":false,"jetpack_social_options":{"image_generator_settings":{"template":"highway","default_image_id":0,"font":"","enabled":false},"version":2}},"categories":[37,1,35],"tags":[],"class_list":["post-1427","post","type-post","status-publish","format-standard","has-post-thumbnail","hentry","category-https-gazetapernambucana-com-page_id212","category-https-gazetapernambucana-com-page_id225","category-https-gazetapernambucana-com-page_id218"],"yoast_head":"<!-- This site is optimized with the Yoast SEO plugin v24.5 - https:\/\/yoast.com\/wordpress\/plugins\/seo\/ -->\n<title>Morre o sambista Arlindo Cruz, aos 66 anos, no Rio de Janeiro -<\/title>\n<meta name=\"robots\" content=\"index, follow, max-snippet:-1, max-image-preview:large, max-video-preview:-1\" \/>\n<link rel=\"canonical\" href=\"https:\/\/gazetapernambucana.com\/?p=1427\" \/>\n<meta property=\"og:locale\" content=\"pt_BR\" \/>\n<meta property=\"og:type\" content=\"article\" \/>\n<meta property=\"og:title\" content=\"Morre o sambista Arlindo Cruz, aos 66 anos, no Rio de Janeiro -\" \/>\n<meta property=\"og:description\" content=\"Arlindo Cruz\u00a0Foto: AgNews O m\u00fasico e compositor Arlindo Cruz morreu nesta sexta-feira (8), aos 66 anos. Ele estava internado desde mar\u00e7o em um hospital do Rio de Janeiro ap\u00f3s um diagn\u00f3stico de pneumonia. O artista enfrentava tamb\u00e9m graves sequelas causadas por um acidente vascular cerebral (AVC) isqu\u00eamico sofrido em mar\u00e7o de 2017. Mesmo ap\u00f3s in\u00fameras [&hellip;]\" \/>\n<meta property=\"og:url\" content=\"https:\/\/gazetapernambucana.com\/?p=1427\" \/>\n<meta property=\"article:published_time\" content=\"2025-08-09T02:52:28+00:00\" \/>\n<meta property=\"article:modified_time\" content=\"2025-08-09T17:36:38+00:00\" \/>\n<meta property=\"og:image\" content=\"https:\/\/gazetapernambucana.com\/wp-content\/uploads\/2025\/08\/AGN_2052723_023-1024x683-1.webp\" \/>\n\t<meta property=\"og:image:width\" content=\"1024\" \/>\n\t<meta property=\"og:image:height\" content=\"683\" \/>\n\t<meta property=\"og:image:type\" content=\"image\/webp\" \/>\n<meta name=\"author\" content=\"GP\" \/>\n<meta name=\"twitter:card\" content=\"summary_large_image\" \/>\n<meta name=\"twitter:label1\" content=\"Escrito por\" \/>\n\t<meta name=\"twitter:data1\" content=\"GP\" \/>\n\t<meta name=\"twitter:label2\" content=\"Est. tempo de leitura\" \/>\n\t<meta name=\"twitter:data2\" content=\"2 minutos\" \/>\n<script type=\"application\/ld+json\" class=\"yoast-schema-graph\">{\"@context\":\"https:\/\/schema.org\",\"@graph\":[{\"@type\":\"WebPage\",\"@id\":\"https:\/\/gazetapernambucana.com\/?p=1427\",\"url\":\"https:\/\/gazetapernambucana.com\/?p=1427\",\"name\":\"Morre o sambista Arlindo Cruz, aos 66 anos, no Rio de Janeiro -\",\"isPartOf\":{\"@id\":\"https:\/\/gazetapernambucana.com\/#website\"},\"primaryImageOfPage\":{\"@id\":\"https:\/\/gazetapernambucana.com\/?p=1427#primaryimage\"},\"image\":{\"@id\":\"https:\/\/gazetapernambucana.com\/?p=1427#primaryimage\"},\"thumbnailUrl\":\"https:\/\/gazetapernambucana.com\/wp-content\/uploads\/2025\/08\/AGN_2052723_023-1024x683-1.webp\",\"datePublished\":\"2025-08-09T02:52:28+00:00\",\"dateModified\":\"2025-08-09T17:36:38+00:00\",\"author\":{\"@id\":\"https:\/\/gazetapernambucana.com\/#\/schema\/person\/188dc283325181ac2de4db1e9e987427\"},\"breadcrumb\":{\"@id\":\"https:\/\/gazetapernambucana.com\/?p=1427#breadcrumb\"},\"inLanguage\":\"pt-BR\",\"potentialAction\":[{\"@type\":\"ReadAction\",\"target\":[\"https:\/\/gazetapernambucana.com\/?p=1427\"]}]},{\"@type\":\"ImageObject\",\"inLanguage\":\"pt-BR\",\"@id\":\"https:\/\/gazetapernambucana.com\/?p=1427#primaryimage\",\"url\":\"https:\/\/gazetapernambucana.com\/wp-content\/uploads\/2025\/08\/AGN_2052723_023-1024x683-1.webp\",\"contentUrl\":\"https:\/\/gazetapernambucana.com\/wp-content\/uploads\/2025\/08\/AGN_2052723_023-1024x683-1.webp\",\"width\":1024,\"height\":683},{\"@type\":\"BreadcrumbList\",\"@id\":\"https:\/\/gazetapernambucana.com\/?p=1427#breadcrumb\",\"itemListElement\":[{\"@type\":\"ListItem\",\"position\":1,\"name\":\"In\u00edcio\",\"item\":\"https:\/\/gazetapernambucana.com\/\"},{\"@type\":\"ListItem\",\"position\":2,\"name\":\"Morre o sambista Arlindo Cruz, aos 66 anos, no Rio de Janeiro\"}]},{\"@type\":\"WebSite\",\"@id\":\"https:\/\/gazetapernambucana.com\/#website\",\"url\":\"https:\/\/gazetapernambucana.com\/\",\"name\":\"\",\"description\":\"\",\"potentialAction\":[{\"@type\":\"SearchAction\",\"target\":{\"@type\":\"EntryPoint\",\"urlTemplate\":\"https:\/\/gazetapernambucana.com\/?s={search_term_string}\"},\"query-input\":{\"@type\":\"PropertyValueSpecification\",\"valueRequired\":true,\"valueName\":\"search_term_string\"}}],\"inLanguage\":\"pt-BR\"},{\"@type\":\"Person\",\"@id\":\"https:\/\/gazetapernambucana.com\/#\/schema\/person\/188dc283325181ac2de4db1e9e987427\",\"name\":\"GP\",\"image\":{\"@type\":\"ImageObject\",\"inLanguage\":\"pt-BR\",\"@id\":\"https:\/\/gazetapernambucana.com\/#\/schema\/person\/image\/\",\"url\":\"https:\/\/secure.gravatar.com\/avatar\/9dad78ff9a2d8b5742d11779f8a3f53b052320c550b2e1907882353c067bb111?s=96&d=mm&r=g\",\"contentUrl\":\"https:\/\/secure.gravatar.com\/avatar\/9dad78ff9a2d8b5742d11779f8a3f53b052320c550b2e1907882353c067bb111?s=96&d=mm&r=g\",\"caption\":\"GP\"},\"sameAs\":[\"http:\/\/gazetapernambucana.com\"],\"url\":\"https:\/\/gazetapernambucana.com\/?author=1\"}]}<\/script>\n<!-- \/ Yoast SEO plugin. -->","yoast_head_json":{"title":"Morre o sambista Arlindo Cruz, aos 66 anos, no Rio de Janeiro -","robots":{"index":"index","follow":"follow","max-snippet":"max-snippet:-1","max-image-preview":"max-image-preview:large","max-video-preview":"max-video-preview:-1"},"canonical":"https:\/\/gazetapernambucana.com\/?p=1427","og_locale":"pt_BR","og_type":"article","og_title":"Morre o sambista Arlindo Cruz, aos 66 anos, no Rio de Janeiro -","og_description":"Arlindo Cruz\u00a0Foto: AgNews O m\u00fasico e compositor Arlindo Cruz morreu nesta sexta-feira (8), aos 66 anos. Ele estava internado desde mar\u00e7o em um hospital do Rio de Janeiro ap\u00f3s um diagn\u00f3stico de pneumonia. O artista enfrentava tamb\u00e9m graves sequelas causadas por um acidente vascular cerebral (AVC) isqu\u00eamico sofrido em mar\u00e7o de 2017. Mesmo ap\u00f3s in\u00fameras [&hellip;]","og_url":"https:\/\/gazetapernambucana.com\/?p=1427","article_published_time":"2025-08-09T02:52:28+00:00","article_modified_time":"2025-08-09T17:36:38+00:00","og_image":[{"width":1024,"height":683,"url":"https:\/\/gazetapernambucana.com\/wp-content\/uploads\/2025\/08\/AGN_2052723_023-1024x683-1.webp","type":"image\/webp"}],"author":"GP","twitter_card":"summary_large_image","twitter_misc":{"Escrito por":"GP","Est. tempo de leitura":"2 minutos"},"schema":{"@context":"https:\/\/schema.org","@graph":[{"@type":"WebPage","@id":"https:\/\/gazetapernambucana.com\/?p=1427","url":"https:\/\/gazetapernambucana.com\/?p=1427","name":"Morre o sambista Arlindo Cruz, aos 66 anos, no Rio de Janeiro -","isPartOf":{"@id":"https:\/\/gazetapernambucana.com\/#website"},"primaryImageOfPage":{"@id":"https:\/\/gazetapernambucana.com\/?p=1427#primaryimage"},"image":{"@id":"https:\/\/gazetapernambucana.com\/?p=1427#primaryimage"},"thumbnailUrl":"https:\/\/gazetapernambucana.com\/wp-content\/uploads\/2025\/08\/AGN_2052723_023-1024x683-1.webp","datePublished":"2025-08-09T02:52:28+00:00","dateModified":"2025-08-09T17:36:38+00:00","author":{"@id":"https:\/\/gazetapernambucana.com\/#\/schema\/person\/188dc283325181ac2de4db1e9e987427"},"breadcrumb":{"@id":"https:\/\/gazetapernambucana.com\/?p=1427#breadcrumb"},"inLanguage":"pt-BR","potentialAction":[{"@type":"ReadAction","target":["https:\/\/gazetapernambucana.com\/?p=1427"]}]},{"@type":"ImageObject","inLanguage":"pt-BR","@id":"https:\/\/gazetapernambucana.com\/?p=1427#primaryimage","url":"https:\/\/gazetapernambucana.com\/wp-content\/uploads\/2025\/08\/AGN_2052723_023-1024x683-1.webp","contentUrl":"https:\/\/gazetapernambucana.com\/wp-content\/uploads\/2025\/08\/AGN_2052723_023-1024x683-1.webp","width":1024,"height":683},{"@type":"BreadcrumbList","@id":"https:\/\/gazetapernambucana.com\/?p=1427#breadcrumb","itemListElement":[{"@type":"ListItem","position":1,"name":"In\u00edcio","item":"https:\/\/gazetapernambucana.com\/"},{"@type":"ListItem","position":2,"name":"Morre o sambista Arlindo Cruz, aos 66 anos, no Rio de Janeiro"}]},{"@type":"WebSite","@id":"https:\/\/gazetapernambucana.com\/#website","url":"https:\/\/gazetapernambucana.com\/","name":"","description":"","potentialAction":[{"@type":"SearchAction","target":{"@type":"EntryPoint","urlTemplate":"https:\/\/gazetapernambucana.com\/?s={search_term_string}"},"query-input":{"@type":"PropertyValueSpecification","valueRequired":true,"valueName":"search_term_string"}}],"inLanguage":"pt-BR"},{"@type":"Person","@id":"https:\/\/gazetapernambucana.com\/#\/schema\/person\/188dc283325181ac2de4db1e9e987427","name":"GP","image":{"@type":"ImageObject","inLanguage":"pt-BR","@id":"https:\/\/gazetapernambucana.com\/#\/schema\/person\/image\/","url":"https:\/\/secure.gravatar.com\/avatar\/9dad78ff9a2d8b5742d11779f8a3f53b052320c550b2e1907882353c067bb111?s=96&d=mm&r=g","contentUrl":"https:\/\/secure.gravatar.com\/avatar\/9dad78ff9a2d8b5742d11779f8a3f53b052320c550b2e1907882353c067bb111?s=96&d=mm&r=g","caption":"GP"},"sameAs":["http:\/\/gazetapernambucana.com"],"url":"https:\/\/gazetapernambucana.com\/?author=1"}]}},"jetpack_publicize_connections":[],"_links":{"self":[{"href":"https:\/\/gazetapernambucana.com\/index.php?rest_route=\/wp\/v2\/posts\/1427","targetHints":{"allow":["GET"]}}],"collection":[{"href":"https:\/\/gazetapernambucana.com\/index.php?rest_route=\/wp\/v2\/posts"}],"about":[{"href":"https:\/\/gazetapernambucana.com\/index.php?rest_route=\/wp\/v2\/types\/post"}],"author":[{"embeddable":true,"href":"https:\/\/gazetapernambucana.com\/index.php?rest_route=\/wp\/v2\/users\/1"}],"replies":[{"embeddable":true,"href":"https:\/\/gazetapernambucana.com\/index.php?rest_route=%2Fwp%2Fv2%2Fcomments&post=1427"}],"version-history":[{"count":2,"href":"https:\/\/gazetapernambucana.com\/index.php?rest_route=\/wp\/v2\/posts\/1427\/revisions"}],"predecessor-version":[{"id":1430,"href":"https:\/\/gazetapernambucana.com\/index.php?rest_route=\/wp\/v2\/posts\/1427\/revisions\/1430"}],"wp:featuredmedia":[{"embeddable":true,"href":"https:\/\/gazetapernambucana.com\/index.php?rest_route=\/wp\/v2\/media\/1428"}],"wp:attachment":[{"href":"https:\/\/gazetapernambucana.com\/index.php?rest_route=%2Fwp%2Fv2%2Fmedia&parent=1427"}],"wp:term":[{"taxonomy":"category","embeddable":true,"href":"https:\/\/gazetapernambucana.com\/index.php?rest_route=%2Fwp%2Fv2%2Fcategories&post=1427"},{"taxonomy":"post_tag","embeddable":true,"href":"https:\/\/gazetapernambucana.com\/index.php?rest_route=%2Fwp%2Fv2%2Ftags&post=1427"}],"curies":[{"name":"wp","href":"https:\/\/api.w.org\/{rel}","templated":true}]}}