{"id":1417,"date":"2025-08-06T01:18:40","date_gmt":"2025-08-06T04:18:40","guid":{"rendered":"https:\/\/gazetapernambucana.com\/?p=1417"},"modified":"2025-08-06T01:18:40","modified_gmt":"2025-08-06T04:18:40","slug":"lancamento-de-os-leoes-do-norte-emociona-sanharo-e-reafirma-a-importancia-da-memoria-politica-de-pernambuco","status":"publish","type":"post","link":"https:\/\/gazetapernambucana.com\/?p=1417","title":{"rendered":"Lan\u00e7amento de \u201cOs Le\u00f5es do Norte\u201d emociona Sanhar\u00f3 e reafirma a import\u00e2ncia da mem\u00f3ria pol\u00edtica de Pernambuco"},"content":{"rendered":"<p data-start=\"237\" data-end=\"689\"><img loading=\"lazy\" decoding=\"async\" class=\"alignnone size-medium wp-image-174413\" src=\"https:\/\/flaviochaves.com.br\/wp-content\/uploads\/2025\/08\/WhatsApp-Image-2025-08-05-at-20.03.55-300x225.jpeg\" alt=\"\" width=\"300\" height=\"225\" \/>\u00a0 \u00a0 \u00a0O lan\u00e7amento do livro <em data-start=\"259\" data-end=\"278\">Os Le\u00f5es do Norte<\/em>, do jornalista Magno Martins, na noite desta ter\u00e7a-feira (5), na C\u00e2mara de Vereadores de Sanhar\u00f3, foi marcado por um \u00eaxito retumbante. Com o plen\u00e1rio lotado, a obra ganhou espa\u00e7o n\u00e3o apenas nas estantes, mas nos cora\u00e7\u00f5es e nas bibliotecas p\u00fablicas do munic\u00edpio, por iniciativa do prefeito C\u00e9sar Freitas (PCdoB), que demonstrou sensibilidade hist\u00f3rica ao acolher e prestigiar o autor em um evento memor\u00e1vel.<\/p>\n<p data-start=\"691\" data-end=\"1026\">Ao lado do prefeito, estiveram presentes o vice-prefeito Rodrigo Didier (PSB), a secret\u00e1ria de Assist\u00eancia Social \u00c1gueda Brito, diversos secret\u00e1rios municipais, vereadores e o blogueiro Paulinho Muniz (Blog Abelhudo), al\u00e9m de uma expressiva plateia de leitores e admiradores que fizeram fila para garantir seus exemplares autografados.<\/p>\n<p data-start=\"691\" data-end=\"1026\"><img loading=\"lazy\" decoding=\"async\" class=\"size-medium wp-image-174414 aligncenter\" src=\"https:\/\/flaviochaves.com.br\/wp-content\/uploads\/2025\/08\/WhatsApp-Image-2025-08-05-at-19.44.01-1-300x225.jpeg\" alt=\"\" width=\"300\" height=\"225\" \/><\/p>\n<p data-start=\"1028\" data-end=\"1427\">A obra, fruto de extensa pesquisa historiogr\u00e1fica e jornal\u00edstica, re\u00fane 22 perfis biogr\u00e1ficos de ex-governadores de Pernambuco que governaram entre 1930 e 2022. Mais do que uma colet\u00e2nea de trajet\u00f3rias pol\u00edticas, <em data-start=\"1241\" data-end=\"1260\">Os Le\u00f5es do Norte<\/em> \u00e9 um testemunho necess\u00e1rio \u00e0 preserva\u00e7\u00e3o da mem\u00f3ria institucional do Estado, ressaltando o papel decisivo de Pernambuco como forjador de grandes lideran\u00e7as nacionais.<\/p>\n<p data-start=\"1429\" data-end=\"1952\">Hoje, quarta-feira (6), o ciclo de lan\u00e7amentos segue para a cidade de Pesqueira, onde Magno Martins ser\u00e1 recebido na C\u00e2mara de Vereadores, \u00e0s 19h, com apoio do prefeito Marcos Cacique (Republicanos). O livro continua sua jornada pelo interior na quinta-feira (7) em Arcoverde, sob coordena\u00e7\u00e3o do presidente da C\u00e2mara, Luciano Pacheco (MDB), e se encerra em Venturosa, onde o prefeito Kelvin Douglas (PSD) mobilizou a rede p\u00fablica de ensino para prestigiar o evento e valorizar a obra como fonte de consulta escolar.<\/p>\n<p data-start=\"1954\" data-end=\"2334\">Cada parada do itiner\u00e1rio de lan\u00e7amento refor\u00e7a a relev\u00e2ncia da obra como instrumento de conhecimento, cidadania e reflex\u00e3o cr\u00edtica sobre a hist\u00f3ria recente do Estado. <em data-start=\"2122\" data-end=\"2141\">Os Le\u00f5es do Norte<\/em> n\u00e3o \u00e9 apenas um livro: \u00e9 um ato de resist\u00eancia contra o esquecimento, uma convoca\u00e7\u00e3o \u00e0 consci\u00eancia pol\u00edtica e um tributo \u00e0queles que, entre acertos e erros, moldaram os destinos de Pernambuco.<\/p>\n<p><iframe loading=\"lazy\" title=\"Sucesso absoluto no lan\u00e7amento de \u2018Os Le\u00f5es do Norte\u2019 em Sanhar\u00f3\" width=\"640\" height=\"360\" src=\"https:\/\/www.youtube.com\/embed\/RXdCGoQfLMA?start=7&#038;feature=oembed\" frameborder=\"0\" allow=\"accelerometer; autoplay; clipboard-write; encrypted-media; gyroscope; picture-in-picture; web-share\" referrerpolicy=\"strict-origin-when-cross-origin\" allowfullscreen><\/iframe><\/p>\n","protected":false},"excerpt":{"rendered":"<p>\u00a0 \u00a0 \u00a0O lan\u00e7amento do livro Os Le\u00f5es do Norte, do jornalista Magno Martins, na noite desta ter\u00e7a-feira (5), na C\u00e2mara de Vereadores de Sanhar\u00f3, foi marcado por um \u00eaxito retumbante. Com o plen\u00e1rio lotado, a obra ganhou espa\u00e7o n\u00e3o apenas nas estantes, mas nos cora\u00e7\u00f5es e nas bibliotecas p\u00fablicas do munic\u00edpio, por iniciativa do [&hellip;]<\/p>\n","protected":false},"author":1,"featured_media":1418,"comment_status":"open","ping_status":"open","sticky":false,"template":"","format":"standard","meta":{"footnotes":"","jetpack_publicize_message":"","jetpack_publicize_feature_enabled":true,"jetpack_social_post_already_shared":false,"jetpack_social_options":{"image_generator_settings":{"template":"highway","default_image_id":0,"font":"","enabled":false},"version":2}},"categories":[66,1,35,46],"tags":[],"class_list":["post-1417","post","type-post","status-publish","format-standard","has-post-thumbnail","hentry","category-cidades","category-https-gazetapernambucana-com-page_id225","category-https-gazetapernambucana-com-page_id218","category-literatura"],"yoast_head":"<!-- This site is optimized with the Yoast SEO plugin v24.5 - https:\/\/yoast.com\/wordpress\/plugins\/seo\/ -->\n<title>Lan\u00e7amento de \u201cOs Le\u00f5es do Norte\u201d emociona Sanhar\u00f3 e reafirma a import\u00e2ncia da mem\u00f3ria pol\u00edtica de Pernambuco -<\/title>\n<meta name=\"robots\" content=\"index, follow, max-snippet:-1, max-image-preview:large, max-video-preview:-1\" \/>\n<link rel=\"canonical\" href=\"https:\/\/gazetapernambucana.com\/?p=1417\" \/>\n<meta property=\"og:locale\" content=\"pt_BR\" \/>\n<meta property=\"og:type\" content=\"article\" \/>\n<meta property=\"og:title\" content=\"Lan\u00e7amento de \u201cOs Le\u00f5es do Norte\u201d emociona Sanhar\u00f3 e reafirma a import\u00e2ncia da mem\u00f3ria pol\u00edtica de Pernambuco -\" \/>\n<meta property=\"og:description\" content=\"\u00a0 \u00a0 \u00a0O lan\u00e7amento do livro Os Le\u00f5es do Norte, do jornalista Magno Martins, na noite desta ter\u00e7a-feira (5), na C\u00e2mara de Vereadores de Sanhar\u00f3, foi marcado por um \u00eaxito retumbante. Com o plen\u00e1rio lotado, a obra ganhou espa\u00e7o n\u00e3o apenas nas estantes, mas nos cora\u00e7\u00f5es e nas bibliotecas p\u00fablicas do munic\u00edpio, por iniciativa do [&hellip;]\" \/>\n<meta property=\"og:url\" content=\"https:\/\/gazetapernambucana.com\/?p=1417\" \/>\n<meta property=\"article:published_time\" content=\"2025-08-06T04:18:40+00:00\" \/>\n<meta property=\"og:image\" content=\"https:\/\/gazetapernambucana.com\/wp-content\/uploads\/2025\/08\/WhatsApp-Image-2025-08-05-at-20.03.55.jpeg\" \/>\n\t<meta property=\"og:image:width\" content=\"1600\" \/>\n\t<meta property=\"og:image:height\" content=\"1200\" \/>\n\t<meta property=\"og:image:type\" content=\"image\/jpeg\" \/>\n<meta name=\"author\" content=\"GP\" \/>\n<meta name=\"twitter:card\" content=\"summary_large_image\" \/>\n<meta name=\"twitter:label1\" content=\"Escrito por\" \/>\n\t<meta name=\"twitter:data1\" content=\"GP\" \/>\n\t<meta name=\"twitter:label2\" content=\"Est. tempo de leitura\" \/>\n\t<meta name=\"twitter:data2\" content=\"3 minutos\" \/>\n<script type=\"application\/ld+json\" class=\"yoast-schema-graph\">{\"@context\":\"https:\/\/schema.org\",\"@graph\":[{\"@type\":\"WebPage\",\"@id\":\"https:\/\/gazetapernambucana.com\/?p=1417\",\"url\":\"https:\/\/gazetapernambucana.com\/?p=1417\",\"name\":\"Lan\u00e7amento de \u201cOs Le\u00f5es do Norte\u201d emociona Sanhar\u00f3 e reafirma a import\u00e2ncia da mem\u00f3ria pol\u00edtica de Pernambuco -\",\"isPartOf\":{\"@id\":\"https:\/\/gazetapernambucana.com\/#website\"},\"primaryImageOfPage\":{\"@id\":\"https:\/\/gazetapernambucana.com\/?p=1417#primaryimage\"},\"image\":{\"@id\":\"https:\/\/gazetapernambucana.com\/?p=1417#primaryimage\"},\"thumbnailUrl\":\"https:\/\/gazetapernambucana.com\/wp-content\/uploads\/2025\/08\/WhatsApp-Image-2025-08-05-at-20.03.55.jpeg\",\"datePublished\":\"2025-08-06T04:18:40+00:00\",\"author\":{\"@id\":\"https:\/\/gazetapernambucana.com\/#\/schema\/person\/188dc283325181ac2de4db1e9e987427\"},\"breadcrumb\":{\"@id\":\"https:\/\/gazetapernambucana.com\/?p=1417#breadcrumb\"},\"inLanguage\":\"pt-BR\",\"potentialAction\":[{\"@type\":\"ReadAction\",\"target\":[\"https:\/\/gazetapernambucana.com\/?p=1417\"]}]},{\"@type\":\"ImageObject\",\"inLanguage\":\"pt-BR\",\"@id\":\"https:\/\/gazetapernambucana.com\/?p=1417#primaryimage\",\"url\":\"https:\/\/gazetapernambucana.com\/wp-content\/uploads\/2025\/08\/WhatsApp-Image-2025-08-05-at-20.03.55.jpeg\",\"contentUrl\":\"https:\/\/gazetapernambucana.com\/wp-content\/uploads\/2025\/08\/WhatsApp-Image-2025-08-05-at-20.03.55.jpeg\",\"width\":1600,\"height\":1200},{\"@type\":\"BreadcrumbList\",\"@id\":\"https:\/\/gazetapernambucana.com\/?p=1417#breadcrumb\",\"itemListElement\":[{\"@type\":\"ListItem\",\"position\":1,\"name\":\"In\u00edcio\",\"item\":\"https:\/\/gazetapernambucana.com\/\"},{\"@type\":\"ListItem\",\"position\":2,\"name\":\"Lan\u00e7amento de \u201cOs Le\u00f5es do Norte\u201d emociona Sanhar\u00f3 e reafirma a import\u00e2ncia da mem\u00f3ria pol\u00edtica de Pernambuco\"}]},{\"@type\":\"WebSite\",\"@id\":\"https:\/\/gazetapernambucana.com\/#website\",\"url\":\"https:\/\/gazetapernambucana.com\/\",\"name\":\"\",\"description\":\"\",\"potentialAction\":[{\"@type\":\"SearchAction\",\"target\":{\"@type\":\"EntryPoint\",\"urlTemplate\":\"https:\/\/gazetapernambucana.com\/?s={search_term_string}\"},\"query-input\":{\"@type\":\"PropertyValueSpecification\",\"valueRequired\":true,\"valueName\":\"search_term_string\"}}],\"inLanguage\":\"pt-BR\"},{\"@type\":\"Person\",\"@id\":\"https:\/\/gazetapernambucana.com\/#\/schema\/person\/188dc283325181ac2de4db1e9e987427\",\"name\":\"GP\",\"image\":{\"@type\":\"ImageObject\",\"inLanguage\":\"pt-BR\",\"@id\":\"https:\/\/gazetapernambucana.com\/#\/schema\/person\/image\/\",\"url\":\"https:\/\/secure.gravatar.com\/avatar\/9dad78ff9a2d8b5742d11779f8a3f53b052320c550b2e1907882353c067bb111?s=96&d=mm&r=g\",\"contentUrl\":\"https:\/\/secure.gravatar.com\/avatar\/9dad78ff9a2d8b5742d11779f8a3f53b052320c550b2e1907882353c067bb111?s=96&d=mm&r=g\",\"caption\":\"GP\"},\"sameAs\":[\"http:\/\/gazetapernambucana.com\"],\"url\":\"https:\/\/gazetapernambucana.com\/?author=1\"}]}<\/script>\n<!-- \/ Yoast SEO plugin. -->","yoast_head_json":{"title":"Lan\u00e7amento de \u201cOs Le\u00f5es do Norte\u201d emociona Sanhar\u00f3 e reafirma a import\u00e2ncia da mem\u00f3ria pol\u00edtica de Pernambuco -","robots":{"index":"index","follow":"follow","max-snippet":"max-snippet:-1","max-image-preview":"max-image-preview:large","max-video-preview":"max-video-preview:-1"},"canonical":"https:\/\/gazetapernambucana.com\/?p=1417","og_locale":"pt_BR","og_type":"article","og_title":"Lan\u00e7amento de \u201cOs Le\u00f5es do Norte\u201d emociona Sanhar\u00f3 e reafirma a import\u00e2ncia da mem\u00f3ria pol\u00edtica de Pernambuco -","og_description":"\u00a0 \u00a0 \u00a0O lan\u00e7amento do livro Os Le\u00f5es do Norte, do jornalista Magno Martins, na noite desta ter\u00e7a-feira (5), na C\u00e2mara de Vereadores de Sanhar\u00f3, foi marcado por um \u00eaxito retumbante. Com o plen\u00e1rio lotado, a obra ganhou espa\u00e7o n\u00e3o apenas nas estantes, mas nos cora\u00e7\u00f5es e nas bibliotecas p\u00fablicas do munic\u00edpio, por iniciativa do [&hellip;]","og_url":"https:\/\/gazetapernambucana.com\/?p=1417","article_published_time":"2025-08-06T04:18:40+00:00","og_image":[{"width":1600,"height":1200,"url":"https:\/\/gazetapernambucana.com\/wp-content\/uploads\/2025\/08\/WhatsApp-Image-2025-08-05-at-20.03.55.jpeg","type":"image\/jpeg"}],"author":"GP","twitter_card":"summary_large_image","twitter_misc":{"Escrito por":"GP","Est. tempo de leitura":"3 minutos"},"schema":{"@context":"https:\/\/schema.org","@graph":[{"@type":"WebPage","@id":"https:\/\/gazetapernambucana.com\/?p=1417","url":"https:\/\/gazetapernambucana.com\/?p=1417","name":"Lan\u00e7amento de \u201cOs Le\u00f5es do Norte\u201d emociona Sanhar\u00f3 e reafirma a import\u00e2ncia da mem\u00f3ria pol\u00edtica de Pernambuco -","isPartOf":{"@id":"https:\/\/gazetapernambucana.com\/#website"},"primaryImageOfPage":{"@id":"https:\/\/gazetapernambucana.com\/?p=1417#primaryimage"},"image":{"@id":"https:\/\/gazetapernambucana.com\/?p=1417#primaryimage"},"thumbnailUrl":"https:\/\/gazetapernambucana.com\/wp-content\/uploads\/2025\/08\/WhatsApp-Image-2025-08-05-at-20.03.55.jpeg","datePublished":"2025-08-06T04:18:40+00:00","author":{"@id":"https:\/\/gazetapernambucana.com\/#\/schema\/person\/188dc283325181ac2de4db1e9e987427"},"breadcrumb":{"@id":"https:\/\/gazetapernambucana.com\/?p=1417#breadcrumb"},"inLanguage":"pt-BR","potentialAction":[{"@type":"ReadAction","target":["https:\/\/gazetapernambucana.com\/?p=1417"]}]},{"@type":"ImageObject","inLanguage":"pt-BR","@id":"https:\/\/gazetapernambucana.com\/?p=1417#primaryimage","url":"https:\/\/gazetapernambucana.com\/wp-content\/uploads\/2025\/08\/WhatsApp-Image-2025-08-05-at-20.03.55.jpeg","contentUrl":"https:\/\/gazetapernambucana.com\/wp-content\/uploads\/2025\/08\/WhatsApp-Image-2025-08-05-at-20.03.55.jpeg","width":1600,"height":1200},{"@type":"BreadcrumbList","@id":"https:\/\/gazetapernambucana.com\/?p=1417#breadcrumb","itemListElement":[{"@type":"ListItem","position":1,"name":"In\u00edcio","item":"https:\/\/gazetapernambucana.com\/"},{"@type":"ListItem","position":2,"name":"Lan\u00e7amento de \u201cOs Le\u00f5es do Norte\u201d emociona Sanhar\u00f3 e reafirma a import\u00e2ncia da mem\u00f3ria pol\u00edtica de Pernambuco"}]},{"@type":"WebSite","@id":"https:\/\/gazetapernambucana.com\/#website","url":"https:\/\/gazetapernambucana.com\/","name":"","description":"","potentialAction":[{"@type":"SearchAction","target":{"@type":"EntryPoint","urlTemplate":"https:\/\/gazetapernambucana.com\/?s={search_term_string}"},"query-input":{"@type":"PropertyValueSpecification","valueRequired":true,"valueName":"search_term_string"}}],"inLanguage":"pt-BR"},{"@type":"Person","@id":"https:\/\/gazetapernambucana.com\/#\/schema\/person\/188dc283325181ac2de4db1e9e987427","name":"GP","image":{"@type":"ImageObject","inLanguage":"pt-BR","@id":"https:\/\/gazetapernambucana.com\/#\/schema\/person\/image\/","url":"https:\/\/secure.gravatar.com\/avatar\/9dad78ff9a2d8b5742d11779f8a3f53b052320c550b2e1907882353c067bb111?s=96&d=mm&r=g","contentUrl":"https:\/\/secure.gravatar.com\/avatar\/9dad78ff9a2d8b5742d11779f8a3f53b052320c550b2e1907882353c067bb111?s=96&d=mm&r=g","caption":"GP"},"sameAs":["http:\/\/gazetapernambucana.com"],"url":"https:\/\/gazetapernambucana.com\/?author=1"}]}},"jetpack_publicize_connections":[],"_links":{"self":[{"href":"https:\/\/gazetapernambucana.com\/index.php?rest_route=\/wp\/v2\/posts\/1417","targetHints":{"allow":["GET"]}}],"collection":[{"href":"https:\/\/gazetapernambucana.com\/index.php?rest_route=\/wp\/v2\/posts"}],"about":[{"href":"https:\/\/gazetapernambucana.com\/index.php?rest_route=\/wp\/v2\/types\/post"}],"author":[{"embeddable":true,"href":"https:\/\/gazetapernambucana.com\/index.php?rest_route=\/wp\/v2\/users\/1"}],"replies":[{"embeddable":true,"href":"https:\/\/gazetapernambucana.com\/index.php?rest_route=%2Fwp%2Fv2%2Fcomments&post=1417"}],"version-history":[{"count":1,"href":"https:\/\/gazetapernambucana.com\/index.php?rest_route=\/wp\/v2\/posts\/1417\/revisions"}],"predecessor-version":[{"id":1419,"href":"https:\/\/gazetapernambucana.com\/index.php?rest_route=\/wp\/v2\/posts\/1417\/revisions\/1419"}],"wp:featuredmedia":[{"embeddable":true,"href":"https:\/\/gazetapernambucana.com\/index.php?rest_route=\/wp\/v2\/media\/1418"}],"wp:attachment":[{"href":"https:\/\/gazetapernambucana.com\/index.php?rest_route=%2Fwp%2Fv2%2Fmedia&parent=1417"}],"wp:term":[{"taxonomy":"category","embeddable":true,"href":"https:\/\/gazetapernambucana.com\/index.php?rest_route=%2Fwp%2Fv2%2Fcategories&post=1417"},{"taxonomy":"post_tag","embeddable":true,"href":"https:\/\/gazetapernambucana.com\/index.php?rest_route=%2Fwp%2Fv2%2Ftags&post=1417"}],"curies":[{"name":"wp","href":"https:\/\/api.w.org\/{rel}","templated":true}]}}