{"id":1408,"date":"2025-08-05T20:09:44","date_gmt":"2025-08-05T23:09:44","guid":{"rendered":"https:\/\/gazetapernambucana.com\/?p=1408"},"modified":"2025-08-05T20:09:44","modified_gmt":"2025-08-05T23:09:44","slug":"prisao-de-bolsonaro-gera-tensao-no-stf-isola-moraes-e-pode-ser-revista","status":"publish","type":"post","link":"https:\/\/gazetapernambucana.com\/?p=1408","title":{"rendered":"Pris\u00e3o de Bolsonaro gera tens\u00e3o no STF, isola Moraes e pode ser revista"},"content":{"rendered":"<div class=\"entry-header\">\n<div class=\"jeg_meta_container\">\n<div class=\"jeg_post_meta jeg_post_meta_2\">\n<div class=\"meta_right\">\n<div class=\"jeg_meta_zoom\" data-in-step=\"3\" data-out-step=\"2\">\n<div class=\"zoom-dropdown\">\n<div class=\"zoom-icon\"><\/div>\n<\/div>\n<\/div>\n<\/div>\n<\/div>\n<\/div>\n<\/div>\n<div class=\"row\">\n<div class=\"jeg_main_content col-md-8\">\n<div class=\"jeg_inner_content\">\n<div class=\"jeg_featured featured_image \">\n<div class=\"thumbnail-container\"><img loading=\"lazy\" decoding=\"async\" class=\"wp-post-image entered litespeed-loaded\" src=\"https:\/\/ricardoantunes.net\/wp-content\/uploads\/2025\/08\/asd7sdsa7da7sd-750x375.jpg\" alt=\"\" width=\"750\" height=\"375\" data-lazyloaded=\"1\" data-src=\"https:\/\/ricardoantunes.net\/wp-content\/uploads\/2025\/08\/asd7sdsa7da7sd-750x375.jpg\" data-ll-status=\"loaded\" \/><\/div>\n<\/div>\n<div class=\"entry-content no-share\">\n<div class=\"content-inner \">\n<p><strong>Por M\u00f4nica Bergamo, da Folha de S\u00e3o Paulo \u2013<\/strong>\u00a0A pris\u00e3o domiciliar de Jair Bolsonaro (PL) irritou ministros do Supremo Tribunal Federal (STF) e deixou Alexandre de Moraes isolado na Corte.<\/p>\n<p>Magistrados inclusive que n\u00e3o participam do julgamento do ex-presidente na Primeira Turma, e tamb\u00e9m alguns que a integram, consideram que a decis\u00e3o foi exagerada, desnecess\u00e1ria e insustent\u00e1vel do ponto de vista jur\u00eddico.<\/p>\n<p>Com isso, dizem, o ministro debilita o STF justamente no momento em que a Corte, e especialmente ele pr\u00f3prio, est\u00e3o sob feroz ataque de uma pot\u00eancia estrangeira, os EUA.<\/p>\n<p>A aposta entre integrantes do Supremo \u00e9 a de que Moraes vai reconsiderar a determina\u00e7\u00e3o de mandar Bolsonaro para a pris\u00e3o domiciliar.<\/p>\n<p>Do ponto de vista t\u00e9cnico, magistrados ouvidos pela coluna consideram que n\u00e3o faz sentido Moraes afirmar, em decis\u00e3o anterior, que Bolsonaro estava liberado para \u201cproferir discursos em eventos p\u00fablicos ou privados\u201d e na sequ\u00eancia mandar prender o ex-presidente porque ele falou a manifestantes em Copacabana no domingo (3).<\/p>\n<p>Neste dia, por meio de liga\u00e7\u00e3o telef\u00f4nica transmitida em viva-voz por seu filho, o senador Fl\u00e1vio Bolsonaro, o ex-presidente disse \u201cboa tarde, Copacabana. Boa tarde, meu Brasil. Um abra\u00e7o a todos. \u00c9 pela nossa liberdade. Estamos juntos\u201d.<\/p>\n<p>Do ponto de vista pol\u00edtico, integrantes do STF afirmaram \u00e0 coluna que a decis\u00e3o de Moraes teve o cond\u00e3o de quebrar o consenso que existia at\u00e9 ent\u00e3o entre amplos setores do empresariado, da imprensa e da opini\u00e3o p\u00fablica de que os ataques do presidente norte-americano Donald Trump ao Brasil estavam tendo respostas adequadas do STF.<\/p>\n<p>O vento estava a favor do Supremo e contra Trump e Jair Bolsonaro. Mas desde a segunda (4), dizem, come\u00e7ou a mudar.<\/p>\n<p>Antes da pris\u00e3o de Bolsonaro, diversas pesquisas mostravam que a popula\u00e7\u00e3o brasileira estava contra as atitudes de Trump que condenava a fam\u00edlia Bolsonaro por causa do tarifa\u00e7o. A rea\u00e7\u00e3o de Lula em defesa da soberania brasileira tamb\u00e9m era aprovada pela maioria.<\/p>\n<p>Empres\u00e1rios, economistas, cientistas pol\u00edticos, advogados, diplomatas e ex-chanceleres eram praticamente un\u00e2nimes em dizer que o norte-americano tentava submeter o pa\u00eds a uma chantagem e que Bolsonaro e seu filho estavam traindo a pr\u00f3pria p\u00e1tria.<\/p>\n<p>Depois da decis\u00e3o de Moraes, afirma um magistrado, a conta do tarifa\u00e7o de Trump come\u00e7ou a cair no colo do STF.<\/p>\n<p>Editoriais de jornais, analistas e empres\u00e1rios passaram a criticar duramente a decis\u00e3o de Moraes.<\/p>\n<p>A defesa de Bolsonaro j\u00e1 recorreu para que o magistrado reconsidere a determina\u00e7\u00e3o.<\/p>\n<\/div>\n<\/div>\n<\/div>\n<\/div>\n<\/div>\n","protected":false},"excerpt":{"rendered":"<p>Por M\u00f4nica Bergamo, da Folha de S\u00e3o Paulo \u2013\u00a0A pris\u00e3o domiciliar de Jair Bolsonaro (PL) irritou ministros do Supremo Tribunal Federal (STF) e deixou Alexandre de Moraes isolado na Corte. Magistrados inclusive que n\u00e3o participam do julgamento do ex-presidente na Primeira Turma, e tamb\u00e9m alguns que a integram, consideram que a decis\u00e3o foi exagerada, desnecess\u00e1ria [&hellip;]<\/p>\n","protected":false},"author":1,"featured_media":1409,"comment_status":"open","ping_status":"open","sticky":false,"template":"","format":"standard","meta":{"footnotes":"","jetpack_publicize_message":"","jetpack_publicize_feature_enabled":true,"jetpack_social_post_already_shared":false,"jetpack_social_options":{"image_generator_settings":{"template":"highway","default_image_id":0,"font":"","enabled":false},"version":2}},"categories":[37,1,65],"tags":[],"class_list":["post-1408","post","type-post","status-publish","format-standard","has-post-thumbnail","hentry","category-https-gazetapernambucana-com-page_id212","category-https-gazetapernambucana-com-page_id225","category-politica"],"yoast_head":"<!-- This site is optimized with the Yoast SEO plugin v24.5 - https:\/\/yoast.com\/wordpress\/plugins\/seo\/ -->\n<title>Pris\u00e3o de Bolsonaro gera tens\u00e3o no STF, isola Moraes e pode ser revista -<\/title>\n<meta name=\"robots\" content=\"index, follow, max-snippet:-1, max-image-preview:large, max-video-preview:-1\" \/>\n<link rel=\"canonical\" href=\"https:\/\/gazetapernambucana.com\/?p=1408\" \/>\n<meta property=\"og:locale\" content=\"pt_BR\" \/>\n<meta property=\"og:type\" content=\"article\" \/>\n<meta property=\"og:title\" content=\"Pris\u00e3o de Bolsonaro gera tens\u00e3o no STF, isola Moraes e pode ser revista -\" \/>\n<meta property=\"og:description\" content=\"Por M\u00f4nica Bergamo, da Folha de S\u00e3o Paulo \u2013\u00a0A pris\u00e3o domiciliar de Jair Bolsonaro (PL) irritou ministros do Supremo Tribunal Federal (STF) e deixou Alexandre de Moraes isolado na Corte. Magistrados inclusive que n\u00e3o participam do julgamento do ex-presidente na Primeira Turma, e tamb\u00e9m alguns que a integram, consideram que a decis\u00e3o foi exagerada, desnecess\u00e1ria [&hellip;]\" \/>\n<meta property=\"og:url\" content=\"https:\/\/gazetapernambucana.com\/?p=1408\" \/>\n<meta property=\"article:published_time\" content=\"2025-08-05T23:09:44+00:00\" \/>\n<meta property=\"og:image\" content=\"https:\/\/gazetapernambucana.com\/wp-content\/uploads\/2025\/08\/asd7sdsa7da7sd-750x375-1.jpg\" \/>\n\t<meta property=\"og:image:width\" content=\"750\" \/>\n\t<meta property=\"og:image:height\" content=\"375\" \/>\n\t<meta property=\"og:image:type\" content=\"image\/jpeg\" \/>\n<meta name=\"author\" content=\"GP\" \/>\n<meta name=\"twitter:card\" content=\"summary_large_image\" \/>\n<meta name=\"twitter:label1\" content=\"Escrito por\" \/>\n\t<meta name=\"twitter:data1\" content=\"GP\" \/>\n\t<meta name=\"twitter:label2\" content=\"Est. tempo de leitura\" \/>\n\t<meta name=\"twitter:data2\" content=\"3 minutos\" \/>\n<script type=\"application\/ld+json\" class=\"yoast-schema-graph\">{\"@context\":\"https:\/\/schema.org\",\"@graph\":[{\"@type\":\"WebPage\",\"@id\":\"https:\/\/gazetapernambucana.com\/?p=1408\",\"url\":\"https:\/\/gazetapernambucana.com\/?p=1408\",\"name\":\"Pris\u00e3o de Bolsonaro gera tens\u00e3o no STF, isola Moraes e pode ser revista -\",\"isPartOf\":{\"@id\":\"https:\/\/gazetapernambucana.com\/#website\"},\"primaryImageOfPage\":{\"@id\":\"https:\/\/gazetapernambucana.com\/?p=1408#primaryimage\"},\"image\":{\"@id\":\"https:\/\/gazetapernambucana.com\/?p=1408#primaryimage\"},\"thumbnailUrl\":\"https:\/\/gazetapernambucana.com\/wp-content\/uploads\/2025\/08\/asd7sdsa7da7sd-750x375-1.jpg\",\"datePublished\":\"2025-08-05T23:09:44+00:00\",\"author\":{\"@id\":\"https:\/\/gazetapernambucana.com\/#\/schema\/person\/188dc283325181ac2de4db1e9e987427\"},\"breadcrumb\":{\"@id\":\"https:\/\/gazetapernambucana.com\/?p=1408#breadcrumb\"},\"inLanguage\":\"pt-BR\",\"potentialAction\":[{\"@type\":\"ReadAction\",\"target\":[\"https:\/\/gazetapernambucana.com\/?p=1408\"]}]},{\"@type\":\"ImageObject\",\"inLanguage\":\"pt-BR\",\"@id\":\"https:\/\/gazetapernambucana.com\/?p=1408#primaryimage\",\"url\":\"https:\/\/gazetapernambucana.com\/wp-content\/uploads\/2025\/08\/asd7sdsa7da7sd-750x375-1.jpg\",\"contentUrl\":\"https:\/\/gazetapernambucana.com\/wp-content\/uploads\/2025\/08\/asd7sdsa7da7sd-750x375-1.jpg\",\"width\":750,\"height\":375},{\"@type\":\"BreadcrumbList\",\"@id\":\"https:\/\/gazetapernambucana.com\/?p=1408#breadcrumb\",\"itemListElement\":[{\"@type\":\"ListItem\",\"position\":1,\"name\":\"In\u00edcio\",\"item\":\"https:\/\/gazetapernambucana.com\/\"},{\"@type\":\"ListItem\",\"position\":2,\"name\":\"Pris\u00e3o de Bolsonaro gera tens\u00e3o no STF, isola Moraes e pode ser revista\"}]},{\"@type\":\"WebSite\",\"@id\":\"https:\/\/gazetapernambucana.com\/#website\",\"url\":\"https:\/\/gazetapernambucana.com\/\",\"name\":\"\",\"description\":\"\",\"potentialAction\":[{\"@type\":\"SearchAction\",\"target\":{\"@type\":\"EntryPoint\",\"urlTemplate\":\"https:\/\/gazetapernambucana.com\/?s={search_term_string}\"},\"query-input\":{\"@type\":\"PropertyValueSpecification\",\"valueRequired\":true,\"valueName\":\"search_term_string\"}}],\"inLanguage\":\"pt-BR\"},{\"@type\":\"Person\",\"@id\":\"https:\/\/gazetapernambucana.com\/#\/schema\/person\/188dc283325181ac2de4db1e9e987427\",\"name\":\"GP\",\"image\":{\"@type\":\"ImageObject\",\"inLanguage\":\"pt-BR\",\"@id\":\"https:\/\/gazetapernambucana.com\/#\/schema\/person\/image\/\",\"url\":\"https:\/\/secure.gravatar.com\/avatar\/9dad78ff9a2d8b5742d11779f8a3f53b052320c550b2e1907882353c067bb111?s=96&d=mm&r=g\",\"contentUrl\":\"https:\/\/secure.gravatar.com\/avatar\/9dad78ff9a2d8b5742d11779f8a3f53b052320c550b2e1907882353c067bb111?s=96&d=mm&r=g\",\"caption\":\"GP\"},\"sameAs\":[\"http:\/\/gazetapernambucana.com\"],\"url\":\"https:\/\/gazetapernambucana.com\/?author=1\"}]}<\/script>\n<!-- \/ Yoast SEO plugin. -->","yoast_head_json":{"title":"Pris\u00e3o de Bolsonaro gera tens\u00e3o no STF, isola Moraes e pode ser revista -","robots":{"index":"index","follow":"follow","max-snippet":"max-snippet:-1","max-image-preview":"max-image-preview:large","max-video-preview":"max-video-preview:-1"},"canonical":"https:\/\/gazetapernambucana.com\/?p=1408","og_locale":"pt_BR","og_type":"article","og_title":"Pris\u00e3o de Bolsonaro gera tens\u00e3o no STF, isola Moraes e pode ser revista -","og_description":"Por M\u00f4nica Bergamo, da Folha de S\u00e3o Paulo \u2013\u00a0A pris\u00e3o domiciliar de Jair Bolsonaro (PL) irritou ministros do Supremo Tribunal Federal (STF) e deixou Alexandre de Moraes isolado na Corte. Magistrados inclusive que n\u00e3o participam do julgamento do ex-presidente na Primeira Turma, e tamb\u00e9m alguns que a integram, consideram que a decis\u00e3o foi exagerada, desnecess\u00e1ria [&hellip;]","og_url":"https:\/\/gazetapernambucana.com\/?p=1408","article_published_time":"2025-08-05T23:09:44+00:00","og_image":[{"width":750,"height":375,"url":"https:\/\/gazetapernambucana.com\/wp-content\/uploads\/2025\/08\/asd7sdsa7da7sd-750x375-1.jpg","type":"image\/jpeg"}],"author":"GP","twitter_card":"summary_large_image","twitter_misc":{"Escrito por":"GP","Est. tempo de leitura":"3 minutos"},"schema":{"@context":"https:\/\/schema.org","@graph":[{"@type":"WebPage","@id":"https:\/\/gazetapernambucana.com\/?p=1408","url":"https:\/\/gazetapernambucana.com\/?p=1408","name":"Pris\u00e3o de Bolsonaro gera tens\u00e3o no STF, isola Moraes e pode ser revista -","isPartOf":{"@id":"https:\/\/gazetapernambucana.com\/#website"},"primaryImageOfPage":{"@id":"https:\/\/gazetapernambucana.com\/?p=1408#primaryimage"},"image":{"@id":"https:\/\/gazetapernambucana.com\/?p=1408#primaryimage"},"thumbnailUrl":"https:\/\/gazetapernambucana.com\/wp-content\/uploads\/2025\/08\/asd7sdsa7da7sd-750x375-1.jpg","datePublished":"2025-08-05T23:09:44+00:00","author":{"@id":"https:\/\/gazetapernambucana.com\/#\/schema\/person\/188dc283325181ac2de4db1e9e987427"},"breadcrumb":{"@id":"https:\/\/gazetapernambucana.com\/?p=1408#breadcrumb"},"inLanguage":"pt-BR","potentialAction":[{"@type":"ReadAction","target":["https:\/\/gazetapernambucana.com\/?p=1408"]}]},{"@type":"ImageObject","inLanguage":"pt-BR","@id":"https:\/\/gazetapernambucana.com\/?p=1408#primaryimage","url":"https:\/\/gazetapernambucana.com\/wp-content\/uploads\/2025\/08\/asd7sdsa7da7sd-750x375-1.jpg","contentUrl":"https:\/\/gazetapernambucana.com\/wp-content\/uploads\/2025\/08\/asd7sdsa7da7sd-750x375-1.jpg","width":750,"height":375},{"@type":"BreadcrumbList","@id":"https:\/\/gazetapernambucana.com\/?p=1408#breadcrumb","itemListElement":[{"@type":"ListItem","position":1,"name":"In\u00edcio","item":"https:\/\/gazetapernambucana.com\/"},{"@type":"ListItem","position":2,"name":"Pris\u00e3o de Bolsonaro gera tens\u00e3o no STF, isola Moraes e pode ser revista"}]},{"@type":"WebSite","@id":"https:\/\/gazetapernambucana.com\/#website","url":"https:\/\/gazetapernambucana.com\/","name":"","description":"","potentialAction":[{"@type":"SearchAction","target":{"@type":"EntryPoint","urlTemplate":"https:\/\/gazetapernambucana.com\/?s={search_term_string}"},"query-input":{"@type":"PropertyValueSpecification","valueRequired":true,"valueName":"search_term_string"}}],"inLanguage":"pt-BR"},{"@type":"Person","@id":"https:\/\/gazetapernambucana.com\/#\/schema\/person\/188dc283325181ac2de4db1e9e987427","name":"GP","image":{"@type":"ImageObject","inLanguage":"pt-BR","@id":"https:\/\/gazetapernambucana.com\/#\/schema\/person\/image\/","url":"https:\/\/secure.gravatar.com\/avatar\/9dad78ff9a2d8b5742d11779f8a3f53b052320c550b2e1907882353c067bb111?s=96&d=mm&r=g","contentUrl":"https:\/\/secure.gravatar.com\/avatar\/9dad78ff9a2d8b5742d11779f8a3f53b052320c550b2e1907882353c067bb111?s=96&d=mm&r=g","caption":"GP"},"sameAs":["http:\/\/gazetapernambucana.com"],"url":"https:\/\/gazetapernambucana.com\/?author=1"}]}},"jetpack_publicize_connections":[],"_links":{"self":[{"href":"https:\/\/gazetapernambucana.com\/index.php?rest_route=\/wp\/v2\/posts\/1408","targetHints":{"allow":["GET"]}}],"collection":[{"href":"https:\/\/gazetapernambucana.com\/index.php?rest_route=\/wp\/v2\/posts"}],"about":[{"href":"https:\/\/gazetapernambucana.com\/index.php?rest_route=\/wp\/v2\/types\/post"}],"author":[{"embeddable":true,"href":"https:\/\/gazetapernambucana.com\/index.php?rest_route=\/wp\/v2\/users\/1"}],"replies":[{"embeddable":true,"href":"https:\/\/gazetapernambucana.com\/index.php?rest_route=%2Fwp%2Fv2%2Fcomments&post=1408"}],"version-history":[{"count":1,"href":"https:\/\/gazetapernambucana.com\/index.php?rest_route=\/wp\/v2\/posts\/1408\/revisions"}],"predecessor-version":[{"id":1410,"href":"https:\/\/gazetapernambucana.com\/index.php?rest_route=\/wp\/v2\/posts\/1408\/revisions\/1410"}],"wp:featuredmedia":[{"embeddable":true,"href":"https:\/\/gazetapernambucana.com\/index.php?rest_route=\/wp\/v2\/media\/1409"}],"wp:attachment":[{"href":"https:\/\/gazetapernambucana.com\/index.php?rest_route=%2Fwp%2Fv2%2Fmedia&parent=1408"}],"wp:term":[{"taxonomy":"category","embeddable":true,"href":"https:\/\/gazetapernambucana.com\/index.php?rest_route=%2Fwp%2Fv2%2Fcategories&post=1408"},{"taxonomy":"post_tag","embeddable":true,"href":"https:\/\/gazetapernambucana.com\/index.php?rest_route=%2Fwp%2Fv2%2Ftags&post=1408"}],"curies":[{"name":"wp","href":"https:\/\/api.w.org\/{rel}","templated":true}]}}