{"id":1405,"date":"2025-08-05T20:05:51","date_gmt":"2025-08-05T23:05:51","guid":{"rendered":"https:\/\/gazetapernambucana.com\/?p=1405"},"modified":"2025-08-05T20:05:51","modified_gmt":"2025-08-05T23:05:51","slug":"em-rede-social-ex-presidente-da-oab-defende-matar-jair-bolsonaro","status":"publish","type":"post","link":"https:\/\/gazetapernambucana.com\/?p=1405","title":{"rendered":"Em rede social, ex-presidente da OAB defende matar Jair Bolsonaro"},"content":{"rendered":"<div class=\"entry-header\">\n<div class=\"jeg_meta_container\">\n<div class=\"jeg_post_meta jeg_post_meta_2\">\n<div class=\"meta_right\">\n<div class=\"jeg_meta_zoom\" data-in-step=\"3\" data-out-step=\"2\">\n<div class=\"zoom-dropdown\">\n<div class=\"zoom-icon\"><\/div>\n<\/div>\n<\/div>\n<\/div>\n<\/div>\n<\/div>\n<\/div>\n<div class=\"row\">\n<div class=\"jeg_main_content col-md-8\">\n<div class=\"jeg_inner_content\">\n<div class=\"jeg_featured featured_image \">\n<div class=\"thumbnail-container\"><img loading=\"lazy\" decoding=\"async\" class=\"wp-post-image entered litespeed-loaded\" src=\"https:\/\/ricardoantunes.net\/wp-content\/uploads\/2025\/08\/Sem-nome-1500-x-1080-px_20250805_142029_0000-750x375.jpg\" alt=\"Felipe Santa Cruz defendeu &quot;bala na nuca&quot; de Bolsonaro.\" width=\"750\" height=\"375\" data-lazyloaded=\"1\" data-src=\"https:\/\/ricardoantunes.net\/wp-content\/uploads\/2025\/08\/Sem-nome-1500-x-1080-px_20250805_142029_0000-750x375.jpg\" data-ll-status=\"loaded\" \/><\/div>\n<p class=\"wp-caption-text\">Felipe Santa Cruz defendeu &#8220;bala na nuca&#8221; de Bolsonaro.<\/p>\n<\/div>\n<div class=\"entry-content no-share\">\n<div class=\"content-inner \">\n<p><strong>Do Poder 360 \u2013<\/strong>\u00a0O ex-presidente da OAB (Ordem dos Advogados do Brasil) Felipe Santa Cruz comemorou nas redes sociais a pris\u00e3o domiciliar do ex-presidente Jair Bolsonaro (PL), determinada na 2\u00aa feira (4.ago.2025) pelo ministro Alexandre de Moraes, do STF (Supremo Tribunal Federal).<\/p>\n<p>\u201cHoje \u00e9 um dia de festa! Esse merda que matou tantos na pandemia est\u00e1 preso. Que os mortos o assombrem\u201d, escreveu o advogado ao responder um usu\u00e1rio em um post seu perfil no X.<\/p>\n<p>Um internauta questionou qual seria o crime de Bolsonaro que justificaria a pris\u00e3o. Santa Cruz afirmou que o ex-presidente cometeu \u201ctrai\u00e7\u00e3o aos c\u00e2nones democr\u00e1ticos\u201d e, em seu \u201cmundo ideal\u201d, a pena adequada seria a de morte. \u201cBala na nuca!\u201d, declarou.<\/p>\n<div id=\"gallery_1\" class=\"gallery galleryid-213362 gallery-columns-3 gallery-size-thumbnail\">\n<figure class=\"gallery-item\">\n<div class=\"gallery-icon landscape\"><a href=\"https:\/\/ricardoantunes.net\/wp-content\/uploads\/2025\/08\/print-felipe-santa-cruz-4ago25.webp\"><img loading=\"lazy\" decoding=\"async\" class=\"attachment-thumbnail size-thumbnail lazyautosizes lazyloaded\" src=\"https:\/\/ricardoantunes.net\/wp-content\/uploads\/2025\/08\/print-felipe-santa-cruz-4ago25-150x150.webp\" sizes=\"auto, 238px\" srcset=\"https:\/\/ricardoantunes.net\/wp-content\/uploads\/2025\/08\/print-felipe-santa-cruz-4ago25-150x150.webp 150w, https:\/\/ricardoantunes.net\/wp-content\/uploads\/2025\/08\/print-felipe-santa-cruz-4ago25-75x75.webp 75w, https:\/\/ricardoantunes.net\/wp-content\/uploads\/2025\/08\/print-felipe-santa-cruz-4ago25-350x350.webp 350w\" alt=\"\" width=\"150\" height=\"150\" data-src=\"https:\/\/ricardoantunes.net\/wp-content\/uploads\/2025\/08\/print-felipe-santa-cruz-4ago25-150x150.webp\" data-sizes=\"auto\" data-srcset=\"https:\/\/ricardoantunes.net\/wp-content\/uploads\/2025\/08\/print-felipe-santa-cruz-4ago25-150x150.webp 150w, https:\/\/ricardoantunes.net\/wp-content\/uploads\/2025\/08\/print-felipe-santa-cruz-4ago25-75x75.webp 75w, https:\/\/ricardoantunes.net\/wp-content\/uploads\/2025\/08\/print-felipe-santa-cruz-4ago25-350x350.webp 350w\" data-expand=\"700\" data-pin-no-hover=\"true\" \/><\/a><\/div>\n<\/figure>\n<figure class=\"gallery-item\">\n<div class=\"gallery-icon landscape\"><a href=\"https:\/\/ricardoantunes.net\/wp-content\/uploads\/2025\/08\/print-internauta-felipe-santa-cruz-4ago25.webp\"><img loading=\"lazy\" decoding=\"async\" class=\"attachment-thumbnail size-thumbnail lazyautosizes lazyloaded\" src=\"https:\/\/ricardoantunes.net\/wp-content\/uploads\/2025\/08\/print-internauta-felipe-santa-cruz-4ago25-150x150.webp\" sizes=\"auto, 238px\" srcset=\"https:\/\/ricardoantunes.net\/wp-content\/uploads\/2025\/08\/print-internauta-felipe-santa-cruz-4ago25-150x150.webp 150w, https:\/\/ricardoantunes.net\/wp-content\/uploads\/2025\/08\/print-internauta-felipe-santa-cruz-4ago25-75x75.webp 75w, https:\/\/ricardoantunes.net\/wp-content\/uploads\/2025\/08\/print-internauta-felipe-santa-cruz-4ago25-350x350.webp 350w\" alt=\"\" width=\"150\" height=\"150\" data-src=\"https:\/\/ricardoantunes.net\/wp-content\/uploads\/2025\/08\/print-internauta-felipe-santa-cruz-4ago25-150x150.webp\" data-sizes=\"auto\" data-srcset=\"https:\/\/ricardoantunes.net\/wp-content\/uploads\/2025\/08\/print-internauta-felipe-santa-cruz-4ago25-150x150.webp 150w, https:\/\/ricardoantunes.net\/wp-content\/uploads\/2025\/08\/print-internauta-felipe-santa-cruz-4ago25-75x75.webp 75w, https:\/\/ricardoantunes.net\/wp-content\/uploads\/2025\/08\/print-internauta-felipe-santa-cruz-4ago25-350x350.webp 350w\" data-expand=\"700\" data-pin-no-hover=\"true\" \/><\/a><\/div>\n<\/figure>\n<figure class=\"gallery-item\">\n<div class=\"gallery-icon landscape\"><a href=\"https:\/\/ricardoantunes.net\/wp-content\/uploads\/2025\/08\/resposta-santa-cruz-internauta-4ago25.webp\"><img loading=\"lazy\" decoding=\"async\" class=\"attachment-thumbnail size-thumbnail lazyautosizes lazyloaded\" src=\"https:\/\/ricardoantunes.net\/wp-content\/uploads\/2025\/08\/resposta-santa-cruz-internauta-4ago25-150x150.webp\" sizes=\"auto, 238px\" srcset=\"https:\/\/ricardoantunes.net\/wp-content\/uploads\/2025\/08\/resposta-santa-cruz-internauta-4ago25-150x150.webp 150w, https:\/\/ricardoantunes.net\/wp-content\/uploads\/2025\/08\/resposta-santa-cruz-internauta-4ago25-75x75.webp 75w, https:\/\/ricardoantunes.net\/wp-content\/uploads\/2025\/08\/resposta-santa-cruz-internauta-4ago25-350x350.webp 350w\" alt=\"\" width=\"150\" height=\"150\" data-src=\"https:\/\/ricardoantunes.net\/wp-content\/uploads\/2025\/08\/resposta-santa-cruz-internauta-4ago25-150x150.webp\" data-sizes=\"auto\" data-srcset=\"https:\/\/ricardoantunes.net\/wp-content\/uploads\/2025\/08\/resposta-santa-cruz-internauta-4ago25-150x150.webp 150w, https:\/\/ricardoantunes.net\/wp-content\/uploads\/2025\/08\/resposta-santa-cruz-internauta-4ago25-75x75.webp 75w, https:\/\/ricardoantunes.net\/wp-content\/uploads\/2025\/08\/resposta-santa-cruz-internauta-4ago25-350x350.webp 350w\" data-expand=\"700\" data-pin-no-hover=\"true\" \/><\/a><\/div>\n<\/figure>\n<figure class=\"gallery-item\">\n<div class=\"gallery-icon landscape\"><a href=\"https:\/\/ricardoantunes.net\/wp-content\/uploads\/2025\/08\/felipe-santa-cruz.webp\"><img loading=\"lazy\" decoding=\"async\" class=\"attachment-thumbnail size-thumbnail lazyautosizes lazyloaded\" src=\"https:\/\/ricardoantunes.net\/wp-content\/uploads\/2025\/08\/felipe-santa-cruz-150x150.webp\" sizes=\"auto, 238px\" srcset=\"https:\/\/ricardoantunes.net\/wp-content\/uploads\/2025\/08\/felipe-santa-cruz-150x150.webp 150w, https:\/\/ricardoantunes.net\/wp-content\/uploads\/2025\/08\/felipe-santa-cruz-75x75.webp 75w, https:\/\/ricardoantunes.net\/wp-content\/uploads\/2025\/08\/felipe-santa-cruz-350x350.webp 350w\" alt=\"\" width=\"150\" height=\"150\" data-src=\"https:\/\/ricardoantunes.net\/wp-content\/uploads\/2025\/08\/felipe-santa-cruz-150x150.webp\" data-sizes=\"auto\" data-srcset=\"https:\/\/ricardoantunes.net\/wp-content\/uploads\/2025\/08\/felipe-santa-cruz-150x150.webp 150w, https:\/\/ricardoantunes.net\/wp-content\/uploads\/2025\/08\/felipe-santa-cruz-75x75.webp 75w, https:\/\/ricardoantunes.net\/wp-content\/uploads\/2025\/08\/felipe-santa-cruz-350x350.webp 350w\" data-expand=\"700\" data-pin-no-hover=\"true\" \/><\/a><\/div>\n<\/figure>\n<\/div>\n<p>Santa Cruz tamb\u00e9m respondeu a outros coment\u00e1rios que criticavam suas declara\u00e7\u00f5es, em alguns casos utilizando palavr\u00f5es.<\/p>\n<p>Ele presidiu a OAB Nacional de 2019 a 2022 e, antes disso, comandou a OAB\/RJ (Ordem dos Advogados do Brasil \u2013 Se\u00e7\u00e3o Rio de Janeiro) no tri\u00eanio 2013-2015.<\/p>\n<figure id=\"attachment_213369\" class=\"wp-caption aligncenter\" aria-describedby=\"caption-attachment-213369\"><img loading=\"lazy\" decoding=\"async\" class=\"size-full wp-image-213369 entered litespeed-loaded\" src=\"https:\/\/ricardoantunes.net\/wp-content\/uploads\/2025\/08\/images-1-1.jpeg\" sizes=\"auto, (max-width: 341px) 100vw, 341px\" srcset=\"https:\/\/ricardoantunes.net\/wp-content\/uploads\/2025\/08\/images-1-1.jpeg 341w, https:\/\/ricardoantunes.net\/wp-content\/uploads\/2025\/08\/images-1-1-300x274.jpeg 300w\" alt=\"\" width=\"341\" height=\"312\" data-lazyloaded=\"1\" data-src=\"https:\/\/ricardoantunes.net\/wp-content\/uploads\/2025\/08\/images-1-1.jpeg\" data-srcset=\"https:\/\/ricardoantunes.net\/wp-content\/uploads\/2025\/08\/images-1-1.jpeg 341w, https:\/\/ricardoantunes.net\/wp-content\/uploads\/2025\/08\/images-1-1-300x274.jpeg 300w\" data-sizes=\"(max-width: 341px) 100vw, 341px\" data-pin-no-hover=\"true\" data-ll-status=\"loaded\" \/><figcaption id=\"caption-attachment-213369\" class=\"wp-caption-text\">Felipe Santa Cruz presidiu a OAB Nacional de 2019 a 2022.<\/figcaption><\/figure>\n<p>A ex-primeira-dama Michelle Bolsonaro reagiu \u00e0 postagem do ex-presidente da OAB. Reproduziu o post em seu perfil no Instagram e questionou o que seria \u201cliberdade de express\u00e3o\u201d. \u201cPara esses, desejar a morte \u00e9 considerado \u2018liberdade de express\u00e3o\u2019. N\u00e3o \u00e9 sobre o que se fala, \u00e9 sobre quem fala!\u201d, escreveu ela.<\/p>\n<\/div>\n<\/div>\n<\/div>\n<\/div>\n<\/div>\n","protected":false},"excerpt":{"rendered":"<p>Felipe Santa Cruz defendeu &#8220;bala na nuca&#8221; de Bolsonaro. Do Poder 360 \u2013\u00a0O ex-presidente da OAB (Ordem dos Advogados do Brasil) Felipe Santa Cruz comemorou nas redes sociais a pris\u00e3o domiciliar do ex-presidente Jair Bolsonaro (PL), determinada na 2\u00aa feira (4.ago.2025) pelo ministro Alexandre de Moraes, do STF (Supremo Tribunal Federal). \u201cHoje \u00e9 um dia [&hellip;]<\/p>\n","protected":false},"author":1,"featured_media":1406,"comment_status":"open","ping_status":"open","sticky":false,"template":"","format":"standard","meta":{"footnotes":"","jetpack_publicize_message":"","jetpack_publicize_feature_enabled":true,"jetpack_social_post_already_shared":false,"jetpack_social_options":{"image_generator_settings":{"template":"highway","default_image_id":0,"font":"","enabled":false},"version":2}},"categories":[37,1,65],"tags":[],"class_list":["post-1405","post","type-post","status-publish","format-standard","has-post-thumbnail","hentry","category-https-gazetapernambucana-com-page_id212","category-https-gazetapernambucana-com-page_id225","category-politica"],"yoast_head":"<!-- This site is optimized with the Yoast SEO plugin v24.5 - https:\/\/yoast.com\/wordpress\/plugins\/seo\/ -->\n<title>Em rede social, ex-presidente da OAB defende matar Jair Bolsonaro -<\/title>\n<meta name=\"robots\" content=\"index, follow, max-snippet:-1, max-image-preview:large, max-video-preview:-1\" \/>\n<link rel=\"canonical\" href=\"https:\/\/gazetapernambucana.com\/?p=1405\" \/>\n<meta property=\"og:locale\" content=\"pt_BR\" \/>\n<meta property=\"og:type\" content=\"article\" \/>\n<meta property=\"og:title\" content=\"Em rede social, ex-presidente da OAB defende matar Jair Bolsonaro -\" \/>\n<meta property=\"og:description\" content=\"Felipe Santa Cruz defendeu &#8220;bala na nuca&#8221; de Bolsonaro. Do Poder 360 \u2013\u00a0O ex-presidente da OAB (Ordem dos Advogados do Brasil) Felipe Santa Cruz comemorou nas redes sociais a pris\u00e3o domiciliar do ex-presidente Jair Bolsonaro (PL), determinada na 2\u00aa feira (4.ago.2025) pelo ministro Alexandre de Moraes, do STF (Supremo Tribunal Federal). \u201cHoje \u00e9 um dia [&hellip;]\" \/>\n<meta property=\"og:url\" content=\"https:\/\/gazetapernambucana.com\/?p=1405\" \/>\n<meta property=\"article:published_time\" content=\"2025-08-05T23:05:51+00:00\" \/>\n<meta property=\"og:image\" content=\"https:\/\/gazetapernambucana.com\/wp-content\/uploads\/2025\/08\/Sem-nome-1500-x-1080-px_20250805_142029_0000-750x375-1.jpg\" \/>\n\t<meta property=\"og:image:width\" content=\"750\" \/>\n\t<meta property=\"og:image:height\" content=\"375\" \/>\n\t<meta property=\"og:image:type\" content=\"image\/jpeg\" \/>\n<meta name=\"author\" content=\"GP\" \/>\n<meta name=\"twitter:card\" content=\"summary_large_image\" \/>\n<meta name=\"twitter:label1\" content=\"Escrito por\" \/>\n\t<meta name=\"twitter:data1\" content=\"GP\" \/>\n\t<meta name=\"twitter:label2\" content=\"Est. tempo de leitura\" \/>\n\t<meta name=\"twitter:data2\" content=\"3 minutos\" \/>\n<script type=\"application\/ld+json\" class=\"yoast-schema-graph\">{\"@context\":\"https:\/\/schema.org\",\"@graph\":[{\"@type\":\"WebPage\",\"@id\":\"https:\/\/gazetapernambucana.com\/?p=1405\",\"url\":\"https:\/\/gazetapernambucana.com\/?p=1405\",\"name\":\"Em rede social, ex-presidente da OAB defende matar Jair Bolsonaro -\",\"isPartOf\":{\"@id\":\"https:\/\/gazetapernambucana.com\/#website\"},\"primaryImageOfPage\":{\"@id\":\"https:\/\/gazetapernambucana.com\/?p=1405#primaryimage\"},\"image\":{\"@id\":\"https:\/\/gazetapernambucana.com\/?p=1405#primaryimage\"},\"thumbnailUrl\":\"https:\/\/gazetapernambucana.com\/wp-content\/uploads\/2025\/08\/Sem-nome-1500-x-1080-px_20250805_142029_0000-750x375-1.jpg\",\"datePublished\":\"2025-08-05T23:05:51+00:00\",\"author\":{\"@id\":\"https:\/\/gazetapernambucana.com\/#\/schema\/person\/188dc283325181ac2de4db1e9e987427\"},\"breadcrumb\":{\"@id\":\"https:\/\/gazetapernambucana.com\/?p=1405#breadcrumb\"},\"inLanguage\":\"pt-BR\",\"potentialAction\":[{\"@type\":\"ReadAction\",\"target\":[\"https:\/\/gazetapernambucana.com\/?p=1405\"]}]},{\"@type\":\"ImageObject\",\"inLanguage\":\"pt-BR\",\"@id\":\"https:\/\/gazetapernambucana.com\/?p=1405#primaryimage\",\"url\":\"https:\/\/gazetapernambucana.com\/wp-content\/uploads\/2025\/08\/Sem-nome-1500-x-1080-px_20250805_142029_0000-750x375-1.jpg\",\"contentUrl\":\"https:\/\/gazetapernambucana.com\/wp-content\/uploads\/2025\/08\/Sem-nome-1500-x-1080-px_20250805_142029_0000-750x375-1.jpg\",\"width\":750,\"height\":375},{\"@type\":\"BreadcrumbList\",\"@id\":\"https:\/\/gazetapernambucana.com\/?p=1405#breadcrumb\",\"itemListElement\":[{\"@type\":\"ListItem\",\"position\":1,\"name\":\"In\u00edcio\",\"item\":\"https:\/\/gazetapernambucana.com\/\"},{\"@type\":\"ListItem\",\"position\":2,\"name\":\"Em rede social, ex-presidente da OAB defende matar Jair Bolsonaro\"}]},{\"@type\":\"WebSite\",\"@id\":\"https:\/\/gazetapernambucana.com\/#website\",\"url\":\"https:\/\/gazetapernambucana.com\/\",\"name\":\"\",\"description\":\"\",\"potentialAction\":[{\"@type\":\"SearchAction\",\"target\":{\"@type\":\"EntryPoint\",\"urlTemplate\":\"https:\/\/gazetapernambucana.com\/?s={search_term_string}\"},\"query-input\":{\"@type\":\"PropertyValueSpecification\",\"valueRequired\":true,\"valueName\":\"search_term_string\"}}],\"inLanguage\":\"pt-BR\"},{\"@type\":\"Person\",\"@id\":\"https:\/\/gazetapernambucana.com\/#\/schema\/person\/188dc283325181ac2de4db1e9e987427\",\"name\":\"GP\",\"image\":{\"@type\":\"ImageObject\",\"inLanguage\":\"pt-BR\",\"@id\":\"https:\/\/gazetapernambucana.com\/#\/schema\/person\/image\/\",\"url\":\"https:\/\/secure.gravatar.com\/avatar\/9dad78ff9a2d8b5742d11779f8a3f53b052320c550b2e1907882353c067bb111?s=96&d=mm&r=g\",\"contentUrl\":\"https:\/\/secure.gravatar.com\/avatar\/9dad78ff9a2d8b5742d11779f8a3f53b052320c550b2e1907882353c067bb111?s=96&d=mm&r=g\",\"caption\":\"GP\"},\"sameAs\":[\"http:\/\/gazetapernambucana.com\"],\"url\":\"https:\/\/gazetapernambucana.com\/?author=1\"}]}<\/script>\n<!-- \/ Yoast SEO plugin. -->","yoast_head_json":{"title":"Em rede social, ex-presidente da OAB defende matar Jair Bolsonaro -","robots":{"index":"index","follow":"follow","max-snippet":"max-snippet:-1","max-image-preview":"max-image-preview:large","max-video-preview":"max-video-preview:-1"},"canonical":"https:\/\/gazetapernambucana.com\/?p=1405","og_locale":"pt_BR","og_type":"article","og_title":"Em rede social, ex-presidente da OAB defende matar Jair Bolsonaro -","og_description":"Felipe Santa Cruz defendeu &#8220;bala na nuca&#8221; de Bolsonaro. Do Poder 360 \u2013\u00a0O ex-presidente da OAB (Ordem dos Advogados do Brasil) Felipe Santa Cruz comemorou nas redes sociais a pris\u00e3o domiciliar do ex-presidente Jair Bolsonaro (PL), determinada na 2\u00aa feira (4.ago.2025) pelo ministro Alexandre de Moraes, do STF (Supremo Tribunal Federal). \u201cHoje \u00e9 um dia [&hellip;]","og_url":"https:\/\/gazetapernambucana.com\/?p=1405","article_published_time":"2025-08-05T23:05:51+00:00","og_image":[{"width":750,"height":375,"url":"https:\/\/gazetapernambucana.com\/wp-content\/uploads\/2025\/08\/Sem-nome-1500-x-1080-px_20250805_142029_0000-750x375-1.jpg","type":"image\/jpeg"}],"author":"GP","twitter_card":"summary_large_image","twitter_misc":{"Escrito por":"GP","Est. tempo de leitura":"3 minutos"},"schema":{"@context":"https:\/\/schema.org","@graph":[{"@type":"WebPage","@id":"https:\/\/gazetapernambucana.com\/?p=1405","url":"https:\/\/gazetapernambucana.com\/?p=1405","name":"Em rede social, ex-presidente da OAB defende matar Jair Bolsonaro -","isPartOf":{"@id":"https:\/\/gazetapernambucana.com\/#website"},"primaryImageOfPage":{"@id":"https:\/\/gazetapernambucana.com\/?p=1405#primaryimage"},"image":{"@id":"https:\/\/gazetapernambucana.com\/?p=1405#primaryimage"},"thumbnailUrl":"https:\/\/gazetapernambucana.com\/wp-content\/uploads\/2025\/08\/Sem-nome-1500-x-1080-px_20250805_142029_0000-750x375-1.jpg","datePublished":"2025-08-05T23:05:51+00:00","author":{"@id":"https:\/\/gazetapernambucana.com\/#\/schema\/person\/188dc283325181ac2de4db1e9e987427"},"breadcrumb":{"@id":"https:\/\/gazetapernambucana.com\/?p=1405#breadcrumb"},"inLanguage":"pt-BR","potentialAction":[{"@type":"ReadAction","target":["https:\/\/gazetapernambucana.com\/?p=1405"]}]},{"@type":"ImageObject","inLanguage":"pt-BR","@id":"https:\/\/gazetapernambucana.com\/?p=1405#primaryimage","url":"https:\/\/gazetapernambucana.com\/wp-content\/uploads\/2025\/08\/Sem-nome-1500-x-1080-px_20250805_142029_0000-750x375-1.jpg","contentUrl":"https:\/\/gazetapernambucana.com\/wp-content\/uploads\/2025\/08\/Sem-nome-1500-x-1080-px_20250805_142029_0000-750x375-1.jpg","width":750,"height":375},{"@type":"BreadcrumbList","@id":"https:\/\/gazetapernambucana.com\/?p=1405#breadcrumb","itemListElement":[{"@type":"ListItem","position":1,"name":"In\u00edcio","item":"https:\/\/gazetapernambucana.com\/"},{"@type":"ListItem","position":2,"name":"Em rede social, ex-presidente da OAB defende matar Jair Bolsonaro"}]},{"@type":"WebSite","@id":"https:\/\/gazetapernambucana.com\/#website","url":"https:\/\/gazetapernambucana.com\/","name":"","description":"","potentialAction":[{"@type":"SearchAction","target":{"@type":"EntryPoint","urlTemplate":"https:\/\/gazetapernambucana.com\/?s={search_term_string}"},"query-input":{"@type":"PropertyValueSpecification","valueRequired":true,"valueName":"search_term_string"}}],"inLanguage":"pt-BR"},{"@type":"Person","@id":"https:\/\/gazetapernambucana.com\/#\/schema\/person\/188dc283325181ac2de4db1e9e987427","name":"GP","image":{"@type":"ImageObject","inLanguage":"pt-BR","@id":"https:\/\/gazetapernambucana.com\/#\/schema\/person\/image\/","url":"https:\/\/secure.gravatar.com\/avatar\/9dad78ff9a2d8b5742d11779f8a3f53b052320c550b2e1907882353c067bb111?s=96&d=mm&r=g","contentUrl":"https:\/\/secure.gravatar.com\/avatar\/9dad78ff9a2d8b5742d11779f8a3f53b052320c550b2e1907882353c067bb111?s=96&d=mm&r=g","caption":"GP"},"sameAs":["http:\/\/gazetapernambucana.com"],"url":"https:\/\/gazetapernambucana.com\/?author=1"}]}},"jetpack_publicize_connections":[],"_links":{"self":[{"href":"https:\/\/gazetapernambucana.com\/index.php?rest_route=\/wp\/v2\/posts\/1405","targetHints":{"allow":["GET"]}}],"collection":[{"href":"https:\/\/gazetapernambucana.com\/index.php?rest_route=\/wp\/v2\/posts"}],"about":[{"href":"https:\/\/gazetapernambucana.com\/index.php?rest_route=\/wp\/v2\/types\/post"}],"author":[{"embeddable":true,"href":"https:\/\/gazetapernambucana.com\/index.php?rest_route=\/wp\/v2\/users\/1"}],"replies":[{"embeddable":true,"href":"https:\/\/gazetapernambucana.com\/index.php?rest_route=%2Fwp%2Fv2%2Fcomments&post=1405"}],"version-history":[{"count":1,"href":"https:\/\/gazetapernambucana.com\/index.php?rest_route=\/wp\/v2\/posts\/1405\/revisions"}],"predecessor-version":[{"id":1407,"href":"https:\/\/gazetapernambucana.com\/index.php?rest_route=\/wp\/v2\/posts\/1405\/revisions\/1407"}],"wp:featuredmedia":[{"embeddable":true,"href":"https:\/\/gazetapernambucana.com\/index.php?rest_route=\/wp\/v2\/media\/1406"}],"wp:attachment":[{"href":"https:\/\/gazetapernambucana.com\/index.php?rest_route=%2Fwp%2Fv2%2Fmedia&parent=1405"}],"wp:term":[{"taxonomy":"category","embeddable":true,"href":"https:\/\/gazetapernambucana.com\/index.php?rest_route=%2Fwp%2Fv2%2Fcategories&post=1405"},{"taxonomy":"post_tag","embeddable":true,"href":"https:\/\/gazetapernambucana.com\/index.php?rest_route=%2Fwp%2Fv2%2Ftags&post=1405"}],"curies":[{"name":"wp","href":"https:\/\/api.w.org\/{rel}","templated":true}]}}