{"id":1395,"date":"2025-08-05T01:40:23","date_gmt":"2025-08-05T04:40:23","guid":{"rendered":"https:\/\/gazetapernambucana.com\/?p=1395"},"modified":"2025-08-05T01:40:23","modified_gmt":"2025-08-05T04:40:23","slug":"ataque-ao-projeto-b-por-claudemir-gomes","status":"publish","type":"post","link":"https:\/\/gazetapernambucana.com\/?p=1395","title":{"rendered":"ATAQUE AO PROJETO B. Por CLAUDEMIR GOMES"},"content":{"rendered":"<h2><strong>Sport<\/strong><\/h2>\n<p><img loading=\"lazy\" decoding=\"async\" class=\"alignnone size-full wp-image-174288\" src=\"https:\/\/flaviochaves.com.br\/wp-content\/uploads\/2025\/07\/43163348_124416095196984_1643391599985557504_n-1-1-300x300-1.jpg\" alt=\"\" width=\"300\" height=\"300\" \/> <strong>Por CLAUDEMIR GOMES &#8211;\u00a0<\/strong>O empate \u2013 sem gols \u2013 com o Bahia, na d\u00e9cima-sexta apresenta\u00e7\u00e3o do Sport no Brasileiro da S\u00e9rie A, selou a sorte do rubro-negro pernambucano na competi\u00e7\u00e3o. Embora, levados pela emo\u00e7\u00e3o, e alimentados por uma gama de cronistas formados pelo You Tube, centenas de torcedores leoninos sigam debru\u00e7ados na tabela de classifica\u00e7\u00e3o buscando sa\u00eddas atrav\u00e9s de muta\u00e7\u00f5es.<\/p>\n<p>\u00c9 como se o sujeito estivesse no corredor da morte a espera de um milagre.<\/p>\n<p>Certa vez, quando dava meus primeiros passos como rep\u00f3rter do Di\u00e1rio de Pernambuco, o s\u00e1bio \u00canio Andrade me fez a seguinte advert\u00eancia, e pediu para que n\u00e3o esquecesse jamais: \u201cGaroto! Quando voc\u00eas da imprensa falam que, matematicamente ainda existe chance, a vaca j\u00e1 foi para o brejo\u201d, alertou com sabedoria um dos maiores treinadores da hist\u00f3ria do futebol brasileiro.<\/p>\n<p>Quinta-feira (31\/07\/25), em almo\u00e7o promovido pela Sucursal Recife do Panathlon Club, ouvi de Josenildo Carvalho, ex-t\u00e9cnico da Sele\u00e7\u00e3o Brasileira Masculina de V\u00f4lei, uma frase lapidada pelo pragmatismo: \u201cNo profissionalismo n\u00e3o existe sorte, existe compet\u00eancia\u201d.<\/p>\n<p>O presidente do Sport, Yuri Rom\u00e3o, recentemente fez um \u201cmea culpa\u201d assumindo os erros da desastrosa campanha que o Clube da Ilha do Retiro vem descrevendo no Brasileiro: 16 jogos e nenhuma vit\u00f3ria. A regularidade da incompet\u00eancia \u00e9 o produto da arrog\u00e2ncia, da soberba e da prepot\u00eancia de um grupo de dirigentes que pouco sabem da mat\u00e9ria futebol, e tiveram seus egos inflados com uma sofrida ascens\u00e3o a S\u00e9rie A e a conquista do t\u00edtulo do Pernambucano cujo brilho foi empanado por uma derrota para o Retr\u00f4 no jogo final.<\/p>\n<p>Como o pior cego \u00e9 aquele que n\u00e3o quer enxergar, o fracasso do Sport no Brasileiro deve ser creditado ao presidente por ter bancado a incompet\u00eancia dos seus pares, bem traduzida na montagem do grupo e na troca de t\u00e9cnicos, ao trazer, para miss\u00e3o quase imposs\u00edvel, um profissional sem hist\u00f3rico na S\u00e9rie A. Vale lembrar que: primeiro \u00e9 primeiro e segundo \u00e9 segundo em qualquer lugar do mundo.<\/p>\n<p>Sabemos que, uma hist\u00f3ria n\u00e3o se escreve com um \u00fanico cap\u00edtulo.<\/p>\n<p>Yuri tem m\u00e9ritos e qualidade na sua passagem pela presid\u00eancia executiva do Sport. \u00c9 um bom captador de recursos; restaurou grande parte do patrim\u00f4nio da Ilha do Retiro; mas errou na escolha dos \u201ccardiologistas\u201d que iriam tomar conta do cora\u00e7\u00e3o do clube que \u00e9 o futebol.<\/p>\n<p>Quando lhe \u00e9 conveniente sabe ser pol\u00edtico. Ouviu sugest\u00f5es de v\u00e1rios ex-presidentes, mas n\u00e3o p\u00f4s nada em pr\u00e1tica. Acabou desgostando, ou magoando a todos. Afinal, sua \u201cescutat\u00f3ria\u201d n\u00e3o serviu para nada.<\/p>\n<p>Evidente que, este cap\u00edtulo t\u00e3o sombrio que est\u00e1vamos testemunhando, n\u00e3o ser\u00e1 o ponto final de sua hist\u00f3ria na Ilha do Retiro. O manifesto de pessoas que vimos reivindicando sua sa\u00edda n\u00e3o tem nenhuma representatividade. Pode ter at\u00e9 um n\u00famero expressivo de insatisfeitos, mas sem representatividade os gritos de \u201cfora Yuri\u201d n\u00e3o produzem eco.<\/p>\n<p>Bom! Como o futuro se constr\u00f3i hoje, vale algu\u00e9m sugerir ao presidente atacar o Projeto B desde j\u00e1.<\/p>\n","protected":false},"excerpt":{"rendered":"<p>Sport Por CLAUDEMIR GOMES &#8211;\u00a0O empate \u2013 sem gols \u2013 com o Bahia, na d\u00e9cima-sexta apresenta\u00e7\u00e3o do Sport no Brasileiro da S\u00e9rie A, selou a sorte do rubro-negro pernambucano na competi\u00e7\u00e3o. Embora, levados pela emo\u00e7\u00e3o, e alimentados por uma gama de cronistas formados pelo You Tube, centenas de torcedores leoninos sigam debru\u00e7ados na tabela de [&hellip;]<\/p>\n","protected":false},"author":1,"featured_media":1250,"comment_status":"open","ping_status":"open","sticky":false,"template":"","format":"standard","meta":{"footnotes":"","jetpack_publicize_message":"","jetpack_publicize_feature_enabled":true,"jetpack_social_post_already_shared":false,"jetpack_social_options":{"image_generator_settings":{"template":"highway","default_image_id":0,"font":"","enabled":false},"version":2}},"categories":[1,39,76],"tags":[],"class_list":["post-1395","post","type-post","status-publish","format-standard","has-post-thumbnail","hentry","category-https-gazetapernambucana-com-page_id225","category-https-gazetapernambucana-com-page_id221","category-opiniao"],"yoast_head":"<!-- This site is optimized with the Yoast SEO plugin v24.5 - https:\/\/yoast.com\/wordpress\/plugins\/seo\/ -->\n<title>ATAQUE AO PROJETO B. Por CLAUDEMIR GOMES -<\/title>\n<meta name=\"robots\" content=\"index, follow, max-snippet:-1, max-image-preview:large, max-video-preview:-1\" \/>\n<link rel=\"canonical\" href=\"https:\/\/gazetapernambucana.com\/?p=1395\" \/>\n<meta property=\"og:locale\" content=\"pt_BR\" \/>\n<meta property=\"og:type\" content=\"article\" \/>\n<meta property=\"og:title\" content=\"ATAQUE AO PROJETO B. Por CLAUDEMIR GOMES -\" \/>\n<meta property=\"og:description\" content=\"Sport Por CLAUDEMIR GOMES &#8211;\u00a0O empate \u2013 sem gols \u2013 com o Bahia, na d\u00e9cima-sexta apresenta\u00e7\u00e3o do Sport no Brasileiro da S\u00e9rie A, selou a sorte do rubro-negro pernambucano na competi\u00e7\u00e3o. Embora, levados pela emo\u00e7\u00e3o, e alimentados por uma gama de cronistas formados pelo You Tube, centenas de torcedores leoninos sigam debru\u00e7ados na tabela de [&hellip;]\" \/>\n<meta property=\"og:url\" content=\"https:\/\/gazetapernambucana.com\/?p=1395\" \/>\n<meta property=\"article:published_time\" content=\"2025-08-05T04:40:23+00:00\" \/>\n<meta property=\"og:image\" content=\"https:\/\/gazetapernambucana.com\/wp-content\/uploads\/2025\/07\/43163348_124416095196984_1643391599985557504_n-1-1-300x300-1.jpg\" \/>\n\t<meta property=\"og:image:width\" content=\"300\" \/>\n\t<meta property=\"og:image:height\" content=\"300\" \/>\n\t<meta property=\"og:image:type\" content=\"image\/jpeg\" \/>\n<meta name=\"author\" content=\"GP\" \/>\n<meta name=\"twitter:card\" content=\"summary_large_image\" \/>\n<meta name=\"twitter:label1\" content=\"Escrito por\" \/>\n\t<meta name=\"twitter:data1\" content=\"GP\" \/>\n\t<meta name=\"twitter:label2\" content=\"Est. tempo de leitura\" \/>\n\t<meta name=\"twitter:data2\" content=\"4 minutos\" \/>\n<script type=\"application\/ld+json\" class=\"yoast-schema-graph\">{\"@context\":\"https:\/\/schema.org\",\"@graph\":[{\"@type\":\"WebPage\",\"@id\":\"https:\/\/gazetapernambucana.com\/?p=1395\",\"url\":\"https:\/\/gazetapernambucana.com\/?p=1395\",\"name\":\"ATAQUE AO PROJETO B. Por CLAUDEMIR GOMES -\",\"isPartOf\":{\"@id\":\"https:\/\/gazetapernambucana.com\/#website\"},\"primaryImageOfPage\":{\"@id\":\"https:\/\/gazetapernambucana.com\/?p=1395#primaryimage\"},\"image\":{\"@id\":\"https:\/\/gazetapernambucana.com\/?p=1395#primaryimage\"},\"thumbnailUrl\":\"https:\/\/gazetapernambucana.com\/wp-content\/uploads\/2025\/07\/43163348_124416095196984_1643391599985557504_n-1-1-300x300-1.jpg\",\"datePublished\":\"2025-08-05T04:40:23+00:00\",\"author\":{\"@id\":\"https:\/\/gazetapernambucana.com\/#\/schema\/person\/188dc283325181ac2de4db1e9e987427\"},\"breadcrumb\":{\"@id\":\"https:\/\/gazetapernambucana.com\/?p=1395#breadcrumb\"},\"inLanguage\":\"pt-BR\",\"potentialAction\":[{\"@type\":\"ReadAction\",\"target\":[\"https:\/\/gazetapernambucana.com\/?p=1395\"]}]},{\"@type\":\"ImageObject\",\"inLanguage\":\"pt-BR\",\"@id\":\"https:\/\/gazetapernambucana.com\/?p=1395#primaryimage\",\"url\":\"https:\/\/gazetapernambucana.com\/wp-content\/uploads\/2025\/07\/43163348_124416095196984_1643391599985557504_n-1-1-300x300-1.jpg\",\"contentUrl\":\"https:\/\/gazetapernambucana.com\/wp-content\/uploads\/2025\/07\/43163348_124416095196984_1643391599985557504_n-1-1-300x300-1.jpg\",\"width\":300,\"height\":300},{\"@type\":\"BreadcrumbList\",\"@id\":\"https:\/\/gazetapernambucana.com\/?p=1395#breadcrumb\",\"itemListElement\":[{\"@type\":\"ListItem\",\"position\":1,\"name\":\"In\u00edcio\",\"item\":\"https:\/\/gazetapernambucana.com\/\"},{\"@type\":\"ListItem\",\"position\":2,\"name\":\"ATAQUE AO PROJETO B. Por CLAUDEMIR GOMES\"}]},{\"@type\":\"WebSite\",\"@id\":\"https:\/\/gazetapernambucana.com\/#website\",\"url\":\"https:\/\/gazetapernambucana.com\/\",\"name\":\"\",\"description\":\"\",\"potentialAction\":[{\"@type\":\"SearchAction\",\"target\":{\"@type\":\"EntryPoint\",\"urlTemplate\":\"https:\/\/gazetapernambucana.com\/?s={search_term_string}\"},\"query-input\":{\"@type\":\"PropertyValueSpecification\",\"valueRequired\":true,\"valueName\":\"search_term_string\"}}],\"inLanguage\":\"pt-BR\"},{\"@type\":\"Person\",\"@id\":\"https:\/\/gazetapernambucana.com\/#\/schema\/person\/188dc283325181ac2de4db1e9e987427\",\"name\":\"GP\",\"image\":{\"@type\":\"ImageObject\",\"inLanguage\":\"pt-BR\",\"@id\":\"https:\/\/gazetapernambucana.com\/#\/schema\/person\/image\/\",\"url\":\"https:\/\/secure.gravatar.com\/avatar\/9dad78ff9a2d8b5742d11779f8a3f53b052320c550b2e1907882353c067bb111?s=96&d=mm&r=g\",\"contentUrl\":\"https:\/\/secure.gravatar.com\/avatar\/9dad78ff9a2d8b5742d11779f8a3f53b052320c550b2e1907882353c067bb111?s=96&d=mm&r=g\",\"caption\":\"GP\"},\"sameAs\":[\"http:\/\/gazetapernambucana.com\"],\"url\":\"https:\/\/gazetapernambucana.com\/?author=1\"}]}<\/script>\n<!-- \/ Yoast SEO plugin. -->","yoast_head_json":{"title":"ATAQUE AO PROJETO B. Por CLAUDEMIR GOMES -","robots":{"index":"index","follow":"follow","max-snippet":"max-snippet:-1","max-image-preview":"max-image-preview:large","max-video-preview":"max-video-preview:-1"},"canonical":"https:\/\/gazetapernambucana.com\/?p=1395","og_locale":"pt_BR","og_type":"article","og_title":"ATAQUE AO PROJETO B. Por CLAUDEMIR GOMES -","og_description":"Sport Por CLAUDEMIR GOMES &#8211;\u00a0O empate \u2013 sem gols \u2013 com o Bahia, na d\u00e9cima-sexta apresenta\u00e7\u00e3o do Sport no Brasileiro da S\u00e9rie A, selou a sorte do rubro-negro pernambucano na competi\u00e7\u00e3o. Embora, levados pela emo\u00e7\u00e3o, e alimentados por uma gama de cronistas formados pelo You Tube, centenas de torcedores leoninos sigam debru\u00e7ados na tabela de [&hellip;]","og_url":"https:\/\/gazetapernambucana.com\/?p=1395","article_published_time":"2025-08-05T04:40:23+00:00","og_image":[{"width":300,"height":300,"url":"https:\/\/gazetapernambucana.com\/wp-content\/uploads\/2025\/07\/43163348_124416095196984_1643391599985557504_n-1-1-300x300-1.jpg","type":"image\/jpeg"}],"author":"GP","twitter_card":"summary_large_image","twitter_misc":{"Escrito por":"GP","Est. tempo de leitura":"4 minutos"},"schema":{"@context":"https:\/\/schema.org","@graph":[{"@type":"WebPage","@id":"https:\/\/gazetapernambucana.com\/?p=1395","url":"https:\/\/gazetapernambucana.com\/?p=1395","name":"ATAQUE AO PROJETO B. Por CLAUDEMIR GOMES -","isPartOf":{"@id":"https:\/\/gazetapernambucana.com\/#website"},"primaryImageOfPage":{"@id":"https:\/\/gazetapernambucana.com\/?p=1395#primaryimage"},"image":{"@id":"https:\/\/gazetapernambucana.com\/?p=1395#primaryimage"},"thumbnailUrl":"https:\/\/gazetapernambucana.com\/wp-content\/uploads\/2025\/07\/43163348_124416095196984_1643391599985557504_n-1-1-300x300-1.jpg","datePublished":"2025-08-05T04:40:23+00:00","author":{"@id":"https:\/\/gazetapernambucana.com\/#\/schema\/person\/188dc283325181ac2de4db1e9e987427"},"breadcrumb":{"@id":"https:\/\/gazetapernambucana.com\/?p=1395#breadcrumb"},"inLanguage":"pt-BR","potentialAction":[{"@type":"ReadAction","target":["https:\/\/gazetapernambucana.com\/?p=1395"]}]},{"@type":"ImageObject","inLanguage":"pt-BR","@id":"https:\/\/gazetapernambucana.com\/?p=1395#primaryimage","url":"https:\/\/gazetapernambucana.com\/wp-content\/uploads\/2025\/07\/43163348_124416095196984_1643391599985557504_n-1-1-300x300-1.jpg","contentUrl":"https:\/\/gazetapernambucana.com\/wp-content\/uploads\/2025\/07\/43163348_124416095196984_1643391599985557504_n-1-1-300x300-1.jpg","width":300,"height":300},{"@type":"BreadcrumbList","@id":"https:\/\/gazetapernambucana.com\/?p=1395#breadcrumb","itemListElement":[{"@type":"ListItem","position":1,"name":"In\u00edcio","item":"https:\/\/gazetapernambucana.com\/"},{"@type":"ListItem","position":2,"name":"ATAQUE AO PROJETO B. Por CLAUDEMIR GOMES"}]},{"@type":"WebSite","@id":"https:\/\/gazetapernambucana.com\/#website","url":"https:\/\/gazetapernambucana.com\/","name":"","description":"","potentialAction":[{"@type":"SearchAction","target":{"@type":"EntryPoint","urlTemplate":"https:\/\/gazetapernambucana.com\/?s={search_term_string}"},"query-input":{"@type":"PropertyValueSpecification","valueRequired":true,"valueName":"search_term_string"}}],"inLanguage":"pt-BR"},{"@type":"Person","@id":"https:\/\/gazetapernambucana.com\/#\/schema\/person\/188dc283325181ac2de4db1e9e987427","name":"GP","image":{"@type":"ImageObject","inLanguage":"pt-BR","@id":"https:\/\/gazetapernambucana.com\/#\/schema\/person\/image\/","url":"https:\/\/secure.gravatar.com\/avatar\/9dad78ff9a2d8b5742d11779f8a3f53b052320c550b2e1907882353c067bb111?s=96&d=mm&r=g","contentUrl":"https:\/\/secure.gravatar.com\/avatar\/9dad78ff9a2d8b5742d11779f8a3f53b052320c550b2e1907882353c067bb111?s=96&d=mm&r=g","caption":"GP"},"sameAs":["http:\/\/gazetapernambucana.com"],"url":"https:\/\/gazetapernambucana.com\/?author=1"}]}},"jetpack_publicize_connections":[],"_links":{"self":[{"href":"https:\/\/gazetapernambucana.com\/index.php?rest_route=\/wp\/v2\/posts\/1395","targetHints":{"allow":["GET"]}}],"collection":[{"href":"https:\/\/gazetapernambucana.com\/index.php?rest_route=\/wp\/v2\/posts"}],"about":[{"href":"https:\/\/gazetapernambucana.com\/index.php?rest_route=\/wp\/v2\/types\/post"}],"author":[{"embeddable":true,"href":"https:\/\/gazetapernambucana.com\/index.php?rest_route=\/wp\/v2\/users\/1"}],"replies":[{"embeddable":true,"href":"https:\/\/gazetapernambucana.com\/index.php?rest_route=%2Fwp%2Fv2%2Fcomments&post=1395"}],"version-history":[{"count":1,"href":"https:\/\/gazetapernambucana.com\/index.php?rest_route=\/wp\/v2\/posts\/1395\/revisions"}],"predecessor-version":[{"id":1396,"href":"https:\/\/gazetapernambucana.com\/index.php?rest_route=\/wp\/v2\/posts\/1395\/revisions\/1396"}],"wp:featuredmedia":[{"embeddable":true,"href":"https:\/\/gazetapernambucana.com\/index.php?rest_route=\/wp\/v2\/media\/1250"}],"wp:attachment":[{"href":"https:\/\/gazetapernambucana.com\/index.php?rest_route=%2Fwp%2Fv2%2Fmedia&parent=1395"}],"wp:term":[{"taxonomy":"category","embeddable":true,"href":"https:\/\/gazetapernambucana.com\/index.php?rest_route=%2Fwp%2Fv2%2Fcategories&post=1395"},{"taxonomy":"post_tag","embeddable":true,"href":"https:\/\/gazetapernambucana.com\/index.php?rest_route=%2Fwp%2Fv2%2Ftags&post=1395"}],"curies":[{"name":"wp","href":"https:\/\/api.w.org\/{rel}","templated":true}]}}