{"id":1355,"date":"2025-08-03T18:14:46","date_gmt":"2025-08-03T21:14:46","guid":{"rendered":"https:\/\/gazetapernambucana.com\/?p=1355"},"modified":"2025-08-03T18:14:46","modified_gmt":"2025-08-03T21:14:46","slug":"rafael-camara-faz-historia-na-hungria-e-conquista-titulo-da-formula-3-um-orgulho-de-pernambuco-para-o-mundo-por-flavio-chaves","status":"publish","type":"post","link":"https:\/\/gazetapernambucana.com\/?p=1355","title":{"rendered":"Rafael C\u00e2mara faz hist\u00f3ria na Hungria e conquista t\u00edtulo da F\u00f3rmula 3: um orgulho de Pernambuco para o mundo. Por Fl\u00e1vio Chaves"},"content":{"rendered":"<div class=\"entry-content\">\n<p data-start=\"129\" data-end=\"241\"><picture class=\"ms-item__picture ms-article__main-img border-t-4 border-accent-color-default\" data-large-img=\"https:\/\/cdn-4.motorsport.com\/images\/amp\/0RrQWxV0\/s6\/f3-drivers-champion-and-race-w.jpg\" data-photo-id=\"71517228\" data-detail-url=\"\/all\/photos\/f3-drivers-champion-and-race-winner-rafael-camara-trident\/71517228\/\"><img loading=\"lazy\" decoding=\"async\" class=\"ms-item__img ms-item__img--3_2\" src=\"https:\/\/cdn-4.motorsport.com\/images\/amp\/0RrQWxV0\/s1000\/f3-drivers-champion-and-race-w.jpg\" alt=\"F3 Drivers champion and race winner Rafael Camara, Trident\" width=\"1000\" height=\"666\" \/><\/picture><strong>\u201cAgora eu posso relaxar um pouco\u201d, comemorou Rafael C\u00e2mara ap\u00f3s a corrida deste domingo<\/strong>\u00a0|\u00a0<picture class=\"ms-item__picture ms-article__main-img border-t-4 border-accent-color-default\" data-large-img=\"https:\/\/cdn-4.motorsport.com\/images\/amp\/0RrQWxV0\/s6\/f3-drivers-champion-and-race-w.jpg\" data-photo-id=\"71517228\" data-detail-url=\"\/all\/photos\/f3-drivers-champion-and-race-winner-rafael-camara-trident\/71517228\/\"><\/picture>Foto de: Zak Mauger<\/p>\n<p data-start=\"243\" data-end=\"662\"><strong>Por Fl\u00e1vio Chaves<\/strong>\u00a0\u2013\u00a0 O que era promessa se confirmou com brilho e emo\u00e7\u00e3o na madrugada deste domingo, 3 de agosto. O pernambucano Rafael C\u00e2mara, aos 19 anos, escreveu uma das p\u00e1ginas mais marcantes do automobilismo brasileiro ao vencer a corrida principal do GP da Hungria e sagrar-se campe\u00e3o da F\u00f3rmula 3 com uma etapa de anteced\u00eancia. Um feito gigante, digno de quem carrega no peito o talento nato e, nas veias, o sangue quente do Recife.<\/p>\n<p data-start=\"664\" data-end=\"945\">Piloto da equipe Trident, Rafael cruzou a linha de chegada em Budapeste com a leveza de quem venceu muito mais do que uma prova: venceu o tempo, os obst\u00e1culos, a dist\u00e2ncia da fam\u00edlia, a dureza da estrada \u2014 e consagrou uma trajet\u00f3ria constru\u00edda com suor, persist\u00eancia e f\u00e9 no sonho.<\/p>\n<p data-start=\"947\" data-end=\"1189\">\u201cEstou muito feliz, principalmente com o trabalho da equipe. Desde o come\u00e7o da temporada, fomos constantes, e isso fez a diferen\u00e7a para conquistar o t\u00edtulo antes da \u00faltima etapa\u201d, declarou, emocionado, em entrevista \u00e0 rep\u00f3rter Mariana Becker.<\/p>\n<p data-start=\"1191\" data-end=\"1483\">A vit\u00f3ria na Hungria coroou uma temporada irrepreens\u00edvel. Com tr\u00eas vit\u00f3rias em corridas principais, consist\u00eancia em todos os fins de semana e um foco obstinado, Rafael dominou a F3 com a maturidade de quem j\u00e1 vislumbra o pr\u00f3ximo passo: a F\u00f3rmula 2 em 2026, e, quem sabe, a F\u00f3rmula 1 em breve.<\/p>\n<p data-start=\"1485\" data-end=\"1788\">Mas, por tr\u00e1s do capacete, existe o menino que come\u00e7ou no kart aos seis anos, em Recife, correndo com apenas dez pilotos no grid. E \u00e9 imposs\u00edvel n\u00e3o reconhecer o papel fundamental de seus pais, Maru C\u00e2mara e Paula Chaves C\u00e2mara, que foram os primeiros a acreditar, mesmo quando o futuro parecia incerto.<\/p>\n<p data-start=\"1790\" data-end=\"2079\">\u201cMeus pais sempre pensavam se deveriam continuar, se dava para seguir\u2026 e eu sempre conseguia surpreender de algum jeito. Eles n\u00e3o queriam tirar esse sonho de mim. Ver hoje todo mundo torcendo, a fam\u00edlia mandando mensagem, \u00e9 at\u00e9 uma press\u00e3o a mais \u2014 mas uma press\u00e3o boa\u201d, revelou o campe\u00e3o.<\/p>\n<p data-start=\"2081\" data-end=\"2328\">Agora, ap\u00f3s nove corridas intensas, Rafael planeja descansar com os pais, os amigos e a fam\u00edlia. A participa\u00e7\u00e3o ainda em 2025 em provas da F2 est\u00e1 sendo considerada, mas o foco principal \u00e9 2026, e tudo indica que as negocia\u00e7\u00f5es j\u00e1 est\u00e3o avan\u00e7adas.<\/p>\n<p data-start=\"2330\" data-end=\"2577\">\u201cTenho uma ideia, mas n\u00e3o posso falar ainda. Provavelmente j\u00e1 nessas f\u00e9rias vai estar assinado. Depois de Monza, a ideia \u00e9 focar completamente na F\u00f3rmula 2 e come\u00e7ar o ano do jeito certo\u201d, disse, com a serenidade de quem sabe o caminho que trilha.<\/p>\n<p data-start=\"2579\" data-end=\"2837\">A \u00faltima etapa da F3 ser\u00e1 em Monza, na It\u00e1lia, em setembro. Mas, para Rafael C\u00e2mara, o campeonato j\u00e1 est\u00e1 vencido. E n\u00e3o \u00e9 apenas um trof\u00e9u que ele leva para casa \u2014 \u00e9 o reconhecimento mundial de que o Brasil, mais uma vez, revela ao mundo um talento de ouro.<\/p>\n<p data-start=\"2839\" data-end=\"3016\">De Recife para Budapeste, das pistas do kart aos holofotes do automobilismo europeu, Rafael C\u00e2mara \u00e9 hoje s\u00edmbolo de uma nova gera\u00e7\u00e3o e motivo de imenso orgulho para Pernambuco.<\/p>\n<div class=\"embed-twitter\">\n<div class=\"twitter-tweet twitter-tweet-rendered\">\n<blockquote class=\"twitter-tweet\" data-width=\"550\" data-dnt=\"true\">\n<p lang=\"en\" dir=\"ltr\">Rafa&#39;s first Podium celebration as an <a href=\"https:\/\/twitter.com\/hashtag\/F3?src=hash&amp;ref_src=twsrc%5Etfw\">#F3<\/a> Champion! \ud83c\udf7e\ud83d\udc51<a href=\"https:\/\/twitter.com\/hashtag\/F3?src=hash&amp;ref_src=twsrc%5Etfw\">#F3<\/a> <a href=\"https:\/\/twitter.com\/hashtag\/HungarianGP?src=hash&amp;ref_src=twsrc%5Etfw\">#HungarianGP<\/a> <a href=\"https:\/\/t.co\/qh8JQbOPp1\">pic.twitter.com\/qh8JQbOPp1<\/a><\/p>\n<p>&mdash; Formula 3 (@Formula3) <a href=\"https:\/\/twitter.com\/Formula3\/status\/1951912083999629680?ref_src=twsrc%5Etfw\">August 3, 2025<\/a><\/p><\/blockquote>\n<p><script async src=\"https:\/\/platform.twitter.com\/widgets.js\" charset=\"utf-8\"><\/script><\/p>\n<blockquote class=\"twitter-tweet\" data-width=\"550\" data-dnt=\"true\">\n<p lang=\"en\" dir=\"ltr\">The <a href=\"https:\/\/twitter.com\/Formula3?ref_src=twsrc%5Etfw\">@Formula3<\/a> CHAMPION of 2025! \ud83d\udc4f\ud83d\udc4f\ud83d\udc4f <a href=\"https:\/\/t.co\/LGqE5UmrHC\">pic.twitter.com\/LGqE5UmrHC<\/a><\/p>\n<p>&mdash; Scuderia Ferrari Driver Academy (@insideFDA) <a href=\"https:\/\/twitter.com\/insideFDA\/status\/1951929548188291148?ref_src=twsrc%5Etfw\">August 3, 2025<\/a><\/p><\/blockquote>\n<p><script async src=\"https:\/\/platform.twitter.com\/widgets.js\" charset=\"utf-8\"><\/script><\/p>\n<\/div>\n<\/div>\n<\/div>\n<div class=\"entry-meta-footer\">\n<div class=\"meta meta-left\"><\/div>\n<\/div>\n","protected":false},"excerpt":{"rendered":"<p>\u201cAgora eu posso relaxar um pouco\u201d, comemorou Rafael C\u00e2mara ap\u00f3s a corrida deste domingo\u00a0|\u00a0Foto de: Zak Mauger Por Fl\u00e1vio Chaves\u00a0\u2013\u00a0 O que era promessa se confirmou com brilho e emo\u00e7\u00e3o na madrugada deste domingo, 3 de agosto. O pernambucano Rafael C\u00e2mara, aos 19 anos, escreveu uma das p\u00e1ginas mais marcantes do automobilismo brasileiro ao vencer [&hellip;]<\/p>\n","protected":false},"author":1,"featured_media":1356,"comment_status":"open","ping_status":"open","sticky":false,"template":"","format":"standard","meta":{"footnotes":"","jetpack_publicize_message":"","jetpack_publicize_feature_enabled":true,"jetpack_social_post_already_shared":false,"jetpack_social_options":{"image_generator_settings":{"template":"highway","default_image_id":0,"font":"","enabled":false},"version":2}},"categories":[37,1,39,36],"tags":[],"class_list":["post-1355","post","type-post","status-publish","format-standard","has-post-thumbnail","hentry","category-https-gazetapernambucana-com-page_id212","category-https-gazetapernambucana-com-page_id225","category-https-gazetapernambucana-com-page_id221","category-https-gazetapernambucana-com-page_id209"],"yoast_head":"<!-- This site is optimized with the Yoast SEO plugin v24.5 - https:\/\/yoast.com\/wordpress\/plugins\/seo\/ -->\n<title>Rafael C\u00e2mara faz hist\u00f3ria na Hungria e conquista t\u00edtulo da F\u00f3rmula 3: um orgulho de Pernambuco para o mundo. Por Fl\u00e1vio Chaves -<\/title>\n<meta name=\"robots\" content=\"index, follow, max-snippet:-1, max-image-preview:large, max-video-preview:-1\" \/>\n<link rel=\"canonical\" href=\"https:\/\/gazetapernambucana.com\/?p=1355\" \/>\n<meta property=\"og:locale\" content=\"pt_BR\" \/>\n<meta property=\"og:type\" content=\"article\" \/>\n<meta property=\"og:title\" content=\"Rafael C\u00e2mara faz hist\u00f3ria na Hungria e conquista t\u00edtulo da F\u00f3rmula 3: um orgulho de Pernambuco para o mundo. Por Fl\u00e1vio Chaves -\" \/>\n<meta property=\"og:description\" content=\"\u201cAgora eu posso relaxar um pouco\u201d, comemorou Rafael C\u00e2mara ap\u00f3s a corrida deste domingo\u00a0|\u00a0Foto de: Zak Mauger Por Fl\u00e1vio Chaves\u00a0\u2013\u00a0 O que era promessa se confirmou com brilho e emo\u00e7\u00e3o na madrugada deste domingo, 3 de agosto. O pernambucano Rafael C\u00e2mara, aos 19 anos, escreveu uma das p\u00e1ginas mais marcantes do automobilismo brasileiro ao vencer [&hellip;]\" \/>\n<meta property=\"og:url\" content=\"https:\/\/gazetapernambucana.com\/?p=1355\" \/>\n<meta property=\"article:published_time\" content=\"2025-08-03T21:14:46+00:00\" \/>\n<meta property=\"og:image\" content=\"https:\/\/gazetapernambucana.com\/wp-content\/uploads\/2025\/08\/f3-drivers-champion-and-race-w.webp\" \/>\n\t<meta property=\"og:image:width\" content=\"1200\" \/>\n\t<meta property=\"og:image:height\" content=\"801\" \/>\n\t<meta property=\"og:image:type\" content=\"image\/webp\" \/>\n<meta name=\"author\" content=\"GP\" \/>\n<meta name=\"twitter:card\" content=\"summary_large_image\" \/>\n<meta name=\"twitter:label1\" content=\"Escrito por\" \/>\n\t<meta name=\"twitter:data1\" content=\"GP\" \/>\n\t<meta name=\"twitter:label2\" content=\"Est. tempo de leitura\" \/>\n\t<meta name=\"twitter:data2\" content=\"4 minutos\" \/>\n<script type=\"application\/ld+json\" class=\"yoast-schema-graph\">{\"@context\":\"https:\/\/schema.org\",\"@graph\":[{\"@type\":\"WebPage\",\"@id\":\"https:\/\/gazetapernambucana.com\/?p=1355\",\"url\":\"https:\/\/gazetapernambucana.com\/?p=1355\",\"name\":\"Rafael C\u00e2mara faz hist\u00f3ria na Hungria e conquista t\u00edtulo da F\u00f3rmula 3: um orgulho de Pernambuco para o mundo. Por Fl\u00e1vio Chaves -\",\"isPartOf\":{\"@id\":\"https:\/\/gazetapernambucana.com\/#website\"},\"primaryImageOfPage\":{\"@id\":\"https:\/\/gazetapernambucana.com\/?p=1355#primaryimage\"},\"image\":{\"@id\":\"https:\/\/gazetapernambucana.com\/?p=1355#primaryimage\"},\"thumbnailUrl\":\"https:\/\/gazetapernambucana.com\/wp-content\/uploads\/2025\/08\/f3-drivers-champion-and-race-w.webp\",\"datePublished\":\"2025-08-03T21:14:46+00:00\",\"author\":{\"@id\":\"https:\/\/gazetapernambucana.com\/#\/schema\/person\/188dc283325181ac2de4db1e9e987427\"},\"breadcrumb\":{\"@id\":\"https:\/\/gazetapernambucana.com\/?p=1355#breadcrumb\"},\"inLanguage\":\"pt-BR\",\"potentialAction\":[{\"@type\":\"ReadAction\",\"target\":[\"https:\/\/gazetapernambucana.com\/?p=1355\"]}]},{\"@type\":\"ImageObject\",\"inLanguage\":\"pt-BR\",\"@id\":\"https:\/\/gazetapernambucana.com\/?p=1355#primaryimage\",\"url\":\"https:\/\/gazetapernambucana.com\/wp-content\/uploads\/2025\/08\/f3-drivers-champion-and-race-w.webp\",\"contentUrl\":\"https:\/\/gazetapernambucana.com\/wp-content\/uploads\/2025\/08\/f3-drivers-champion-and-race-w.webp\",\"width\":1200,\"height\":801},{\"@type\":\"BreadcrumbList\",\"@id\":\"https:\/\/gazetapernambucana.com\/?p=1355#breadcrumb\",\"itemListElement\":[{\"@type\":\"ListItem\",\"position\":1,\"name\":\"In\u00edcio\",\"item\":\"https:\/\/gazetapernambucana.com\/\"},{\"@type\":\"ListItem\",\"position\":2,\"name\":\"Rafael C\u00e2mara faz hist\u00f3ria na Hungria e conquista t\u00edtulo da F\u00f3rmula 3: um orgulho de Pernambuco para o mundo. Por Fl\u00e1vio Chaves\"}]},{\"@type\":\"WebSite\",\"@id\":\"https:\/\/gazetapernambucana.com\/#website\",\"url\":\"https:\/\/gazetapernambucana.com\/\",\"name\":\"\",\"description\":\"\",\"potentialAction\":[{\"@type\":\"SearchAction\",\"target\":{\"@type\":\"EntryPoint\",\"urlTemplate\":\"https:\/\/gazetapernambucana.com\/?s={search_term_string}\"},\"query-input\":{\"@type\":\"PropertyValueSpecification\",\"valueRequired\":true,\"valueName\":\"search_term_string\"}}],\"inLanguage\":\"pt-BR\"},{\"@type\":\"Person\",\"@id\":\"https:\/\/gazetapernambucana.com\/#\/schema\/person\/188dc283325181ac2de4db1e9e987427\",\"name\":\"GP\",\"image\":{\"@type\":\"ImageObject\",\"inLanguage\":\"pt-BR\",\"@id\":\"https:\/\/gazetapernambucana.com\/#\/schema\/person\/image\/\",\"url\":\"https:\/\/secure.gravatar.com\/avatar\/9dad78ff9a2d8b5742d11779f8a3f53b052320c550b2e1907882353c067bb111?s=96&d=mm&r=g\",\"contentUrl\":\"https:\/\/secure.gravatar.com\/avatar\/9dad78ff9a2d8b5742d11779f8a3f53b052320c550b2e1907882353c067bb111?s=96&d=mm&r=g\",\"caption\":\"GP\"},\"sameAs\":[\"http:\/\/gazetapernambucana.com\"],\"url\":\"https:\/\/gazetapernambucana.com\/?author=1\"}]}<\/script>\n<!-- \/ Yoast SEO plugin. -->","yoast_head_json":{"title":"Rafael C\u00e2mara faz hist\u00f3ria na Hungria e conquista t\u00edtulo da F\u00f3rmula 3: um orgulho de Pernambuco para o mundo. Por Fl\u00e1vio Chaves -","robots":{"index":"index","follow":"follow","max-snippet":"max-snippet:-1","max-image-preview":"max-image-preview:large","max-video-preview":"max-video-preview:-1"},"canonical":"https:\/\/gazetapernambucana.com\/?p=1355","og_locale":"pt_BR","og_type":"article","og_title":"Rafael C\u00e2mara faz hist\u00f3ria na Hungria e conquista t\u00edtulo da F\u00f3rmula 3: um orgulho de Pernambuco para o mundo. Por Fl\u00e1vio Chaves -","og_description":"\u201cAgora eu posso relaxar um pouco\u201d, comemorou Rafael C\u00e2mara ap\u00f3s a corrida deste domingo\u00a0|\u00a0Foto de: Zak Mauger Por Fl\u00e1vio Chaves\u00a0\u2013\u00a0 O que era promessa se confirmou com brilho e emo\u00e7\u00e3o na madrugada deste domingo, 3 de agosto. O pernambucano Rafael C\u00e2mara, aos 19 anos, escreveu uma das p\u00e1ginas mais marcantes do automobilismo brasileiro ao vencer [&hellip;]","og_url":"https:\/\/gazetapernambucana.com\/?p=1355","article_published_time":"2025-08-03T21:14:46+00:00","og_image":[{"width":1200,"height":801,"url":"https:\/\/gazetapernambucana.com\/wp-content\/uploads\/2025\/08\/f3-drivers-champion-and-race-w.webp","type":"image\/webp"}],"author":"GP","twitter_card":"summary_large_image","twitter_misc":{"Escrito por":"GP","Est. tempo de leitura":"4 minutos"},"schema":{"@context":"https:\/\/schema.org","@graph":[{"@type":"WebPage","@id":"https:\/\/gazetapernambucana.com\/?p=1355","url":"https:\/\/gazetapernambucana.com\/?p=1355","name":"Rafael C\u00e2mara faz hist\u00f3ria na Hungria e conquista t\u00edtulo da F\u00f3rmula 3: um orgulho de Pernambuco para o mundo. Por Fl\u00e1vio Chaves -","isPartOf":{"@id":"https:\/\/gazetapernambucana.com\/#website"},"primaryImageOfPage":{"@id":"https:\/\/gazetapernambucana.com\/?p=1355#primaryimage"},"image":{"@id":"https:\/\/gazetapernambucana.com\/?p=1355#primaryimage"},"thumbnailUrl":"https:\/\/gazetapernambucana.com\/wp-content\/uploads\/2025\/08\/f3-drivers-champion-and-race-w.webp","datePublished":"2025-08-03T21:14:46+00:00","author":{"@id":"https:\/\/gazetapernambucana.com\/#\/schema\/person\/188dc283325181ac2de4db1e9e987427"},"breadcrumb":{"@id":"https:\/\/gazetapernambucana.com\/?p=1355#breadcrumb"},"inLanguage":"pt-BR","potentialAction":[{"@type":"ReadAction","target":["https:\/\/gazetapernambucana.com\/?p=1355"]}]},{"@type":"ImageObject","inLanguage":"pt-BR","@id":"https:\/\/gazetapernambucana.com\/?p=1355#primaryimage","url":"https:\/\/gazetapernambucana.com\/wp-content\/uploads\/2025\/08\/f3-drivers-champion-and-race-w.webp","contentUrl":"https:\/\/gazetapernambucana.com\/wp-content\/uploads\/2025\/08\/f3-drivers-champion-and-race-w.webp","width":1200,"height":801},{"@type":"BreadcrumbList","@id":"https:\/\/gazetapernambucana.com\/?p=1355#breadcrumb","itemListElement":[{"@type":"ListItem","position":1,"name":"In\u00edcio","item":"https:\/\/gazetapernambucana.com\/"},{"@type":"ListItem","position":2,"name":"Rafael C\u00e2mara faz hist\u00f3ria na Hungria e conquista t\u00edtulo da F\u00f3rmula 3: um orgulho de Pernambuco para o mundo. Por Fl\u00e1vio Chaves"}]},{"@type":"WebSite","@id":"https:\/\/gazetapernambucana.com\/#website","url":"https:\/\/gazetapernambucana.com\/","name":"","description":"","potentialAction":[{"@type":"SearchAction","target":{"@type":"EntryPoint","urlTemplate":"https:\/\/gazetapernambucana.com\/?s={search_term_string}"},"query-input":{"@type":"PropertyValueSpecification","valueRequired":true,"valueName":"search_term_string"}}],"inLanguage":"pt-BR"},{"@type":"Person","@id":"https:\/\/gazetapernambucana.com\/#\/schema\/person\/188dc283325181ac2de4db1e9e987427","name":"GP","image":{"@type":"ImageObject","inLanguage":"pt-BR","@id":"https:\/\/gazetapernambucana.com\/#\/schema\/person\/image\/","url":"https:\/\/secure.gravatar.com\/avatar\/9dad78ff9a2d8b5742d11779f8a3f53b052320c550b2e1907882353c067bb111?s=96&d=mm&r=g","contentUrl":"https:\/\/secure.gravatar.com\/avatar\/9dad78ff9a2d8b5742d11779f8a3f53b052320c550b2e1907882353c067bb111?s=96&d=mm&r=g","caption":"GP"},"sameAs":["http:\/\/gazetapernambucana.com"],"url":"https:\/\/gazetapernambucana.com\/?author=1"}]}},"jetpack_publicize_connections":[],"_links":{"self":[{"href":"https:\/\/gazetapernambucana.com\/index.php?rest_route=\/wp\/v2\/posts\/1355","targetHints":{"allow":["GET"]}}],"collection":[{"href":"https:\/\/gazetapernambucana.com\/index.php?rest_route=\/wp\/v2\/posts"}],"about":[{"href":"https:\/\/gazetapernambucana.com\/index.php?rest_route=\/wp\/v2\/types\/post"}],"author":[{"embeddable":true,"href":"https:\/\/gazetapernambucana.com\/index.php?rest_route=\/wp\/v2\/users\/1"}],"replies":[{"embeddable":true,"href":"https:\/\/gazetapernambucana.com\/index.php?rest_route=%2Fwp%2Fv2%2Fcomments&post=1355"}],"version-history":[{"count":1,"href":"https:\/\/gazetapernambucana.com\/index.php?rest_route=\/wp\/v2\/posts\/1355\/revisions"}],"predecessor-version":[{"id":1357,"href":"https:\/\/gazetapernambucana.com\/index.php?rest_route=\/wp\/v2\/posts\/1355\/revisions\/1357"}],"wp:featuredmedia":[{"embeddable":true,"href":"https:\/\/gazetapernambucana.com\/index.php?rest_route=\/wp\/v2\/media\/1356"}],"wp:attachment":[{"href":"https:\/\/gazetapernambucana.com\/index.php?rest_route=%2Fwp%2Fv2%2Fmedia&parent=1355"}],"wp:term":[{"taxonomy":"category","embeddable":true,"href":"https:\/\/gazetapernambucana.com\/index.php?rest_route=%2Fwp%2Fv2%2Fcategories&post=1355"},{"taxonomy":"post_tag","embeddable":true,"href":"https:\/\/gazetapernambucana.com\/index.php?rest_route=%2Fwp%2Fv2%2Ftags&post=1355"}],"curies":[{"name":"wp","href":"https:\/\/api.w.org\/{rel}","templated":true}]}}