{"id":1348,"date":"2025-08-03T02:20:00","date_gmt":"2025-08-03T05:20:00","guid":{"rendered":"https:\/\/gazetapernambucana.com\/?p=1348"},"modified":"2025-08-03T02:20:00","modified_gmt":"2025-08-03T05:20:00","slug":"todo-grande-amor-e-perseguido-por-flavio-chaves","status":"publish","type":"post","link":"https:\/\/gazetapernambucana.com\/?p=1348","title":{"rendered":"Todo grande amor \u00e9 perseguido. Por Fl\u00e1vio Chaves"},"content":{"rendered":"<div class=\"byline\"><\/div>\n<div class=\"entry-content\">\n<p><img loading=\"lazy\" decoding=\"async\" class=\"alignnone size-full wp-image-174319\" src=\"https:\/\/flaviochaves.com.br\/wp-content\/uploads\/2025\/07\/462562856_2457397397798111_6719032111439857149_n-1-150x150-1.jpg\" sizes=\"auto, (max-width: 150px) 100vw, 150px\" srcset=\"https:\/\/flaviochaves.com.br\/wp-content\/uploads\/2025\/07\/462562856_2457397397798111_6719032111439857149_n-1-150x150-1.jpg 150w, https:\/\/flaviochaves.com.br\/wp-content\/uploads\/2025\/07\/462562856_2457397397798111_6719032111439857149_n-1-150x150-1-144x144.jpg 144w\" alt=\"\" width=\"150\" height=\"150\" \/>\u00a0\u00a0<strong>Por Fl\u00e1vio Chaves \u2013 Jornalista, poeta, escritor e membro da Academia Pernambucana de Letras. Foi Delegado Federal\/Minc\u00a0 \u2013\u00a0<\/strong>\u00a0Enquanto o mundo corria, eles se perderam. N\u00e3o por escolha, nem por cansa\u00e7o, mas por vozes alheias que empurraram cada um para longe. Ficaram em cantos diferentes do mesmo tempo, respirando lembran\u00e7as que n\u00e3o se completavam.<\/p>\n<p>N\u00e3o houve reencontro, n\u00e3o houve busca. O que houve foi aus\u00eancia, tecida dia ap\u00f3s dia como quem tricota uma esperan\u00e7a que n\u00e3o se veste mais. Nenhuma not\u00edcia. Nenhuma carta. S\u00f3 o tempo comendo as bordas das lembran\u00e7as.<\/p>\n<p>Estavam um no mundo do outro, mas como sombras no vidro, pr\u00f3ximos, intoc\u00e1veis. O que se dividiu n\u00e3o rachou: se esfarelou. As m\u00e3os, quando olhavam para si mesmas, viam o rosto do outro. Como se o amor tivesse ficado impresso na pele, tatuado em sil\u00eancio.<\/p>\n<p>N\u00e3o esqueceram um do outro. Esqueceram foi o calend\u00e1rio. As datas, os rituais, os lugares combinados. A persegui\u00e7\u00e3o virou desvio, a urg\u00eancia virou atraso. E ent\u00e3o, sem um gesto final, viverem repartidos virou decis\u00e3o, do\u00edda, resignada, permanente.<\/p>\n<p>A vida \u00e9 assim: \u00e0s vezes as montanhas se erguem sem aviso e escondem as pessoas que se querem. Deixam-nas assim, ardendo sozinhas em mundos paralelos, acesas uma na outra como l\u00e2mpadas em c\u00f4modos separados.<\/p>\n<p>Enquanto o mundo corre, eles ainda esperam. N\u00e3o por um reencontro. Mas por um instante qualquer em que o tempo distra\u00eddo os cruze outra vez, nem que seja s\u00f3 no pensamento.<\/p>\n<\/div>\n","protected":false},"excerpt":{"rendered":"<p>\u00a0\u00a0Por Fl\u00e1vio Chaves \u2013 Jornalista, poeta, escritor e membro da Academia Pernambucana de Letras. Foi Delegado Federal\/Minc\u00a0 \u2013\u00a0\u00a0Enquanto o mundo corria, eles se perderam. N\u00e3o por escolha, nem por cansa\u00e7o, mas por vozes alheias que empurraram cada um para longe. Ficaram em cantos diferentes do mesmo tempo, respirando lembran\u00e7as que n\u00e3o se completavam. N\u00e3o houve [&hellip;]<\/p>\n","protected":false},"author":1,"featured_media":1017,"comment_status":"open","ping_status":"open","sticky":false,"template":"","format":"standard","meta":{"footnotes":"","jetpack_publicize_message":"","jetpack_publicize_feature_enabled":true,"jetpack_social_post_already_shared":false,"jetpack_social_options":{"image_generator_settings":{"template":"highway","default_image_id":0,"font":"","enabled":false},"version":2}},"categories":[37,1,39,36],"tags":[],"class_list":["post-1348","post","type-post","status-publish","format-standard","has-post-thumbnail","hentry","category-https-gazetapernambucana-com-page_id212","category-https-gazetapernambucana-com-page_id225","category-https-gazetapernambucana-com-page_id221","category-https-gazetapernambucana-com-page_id209"],"yoast_head":"<!-- This site is optimized with the Yoast SEO plugin v24.5 - https:\/\/yoast.com\/wordpress\/plugins\/seo\/ -->\n<title>Todo grande amor \u00e9 perseguido. Por Fl\u00e1vio Chaves -<\/title>\n<meta name=\"robots\" content=\"index, follow, max-snippet:-1, max-image-preview:large, max-video-preview:-1\" \/>\n<link rel=\"canonical\" href=\"https:\/\/gazetapernambucana.com\/?p=1348\" \/>\n<meta property=\"og:locale\" content=\"pt_BR\" \/>\n<meta property=\"og:type\" content=\"article\" \/>\n<meta property=\"og:title\" content=\"Todo grande amor \u00e9 perseguido. Por Fl\u00e1vio Chaves -\" \/>\n<meta property=\"og:description\" content=\"\u00a0\u00a0Por Fl\u00e1vio Chaves \u2013 Jornalista, poeta, escritor e membro da Academia Pernambucana de Letras. Foi Delegado Federal\/Minc\u00a0 \u2013\u00a0\u00a0Enquanto o mundo corria, eles se perderam. N\u00e3o por escolha, nem por cansa\u00e7o, mas por vozes alheias que empurraram cada um para longe. Ficaram em cantos diferentes do mesmo tempo, respirando lembran\u00e7as que n\u00e3o se completavam. N\u00e3o houve [&hellip;]\" \/>\n<meta property=\"og:url\" content=\"https:\/\/gazetapernambucana.com\/?p=1348\" \/>\n<meta property=\"article:published_time\" content=\"2025-08-03T05:20:00+00:00\" \/>\n<meta property=\"og:image\" content=\"https:\/\/gazetapernambucana.com\/wp-content\/uploads\/2025\/06\/462562856_2457397397798111_6719032111439857149_n-1-1.jpg\" \/>\n\t<meta property=\"og:image:width\" content=\"212\" \/>\n\t<meta property=\"og:image:height\" content=\"208\" \/>\n\t<meta property=\"og:image:type\" content=\"image\/jpeg\" \/>\n<meta name=\"author\" content=\"GP\" \/>\n<meta name=\"twitter:card\" content=\"summary_large_image\" \/>\n<meta name=\"twitter:label1\" content=\"Escrito por\" \/>\n\t<meta name=\"twitter:data1\" content=\"GP\" \/>\n\t<meta name=\"twitter:label2\" content=\"Est. tempo de leitura\" \/>\n\t<meta name=\"twitter:data2\" content=\"2 minutos\" \/>\n<script type=\"application\/ld+json\" class=\"yoast-schema-graph\">{\"@context\":\"https:\/\/schema.org\",\"@graph\":[{\"@type\":\"WebPage\",\"@id\":\"https:\/\/gazetapernambucana.com\/?p=1348\",\"url\":\"https:\/\/gazetapernambucana.com\/?p=1348\",\"name\":\"Todo grande amor \u00e9 perseguido. Por Fl\u00e1vio Chaves -\",\"isPartOf\":{\"@id\":\"https:\/\/gazetapernambucana.com\/#website\"},\"primaryImageOfPage\":{\"@id\":\"https:\/\/gazetapernambucana.com\/?p=1348#primaryimage\"},\"image\":{\"@id\":\"https:\/\/gazetapernambucana.com\/?p=1348#primaryimage\"},\"thumbnailUrl\":\"https:\/\/gazetapernambucana.com\/wp-content\/uploads\/2025\/06\/462562856_2457397397798111_6719032111439857149_n-1-1.jpg\",\"datePublished\":\"2025-08-03T05:20:00+00:00\",\"author\":{\"@id\":\"https:\/\/gazetapernambucana.com\/#\/schema\/person\/188dc283325181ac2de4db1e9e987427\"},\"breadcrumb\":{\"@id\":\"https:\/\/gazetapernambucana.com\/?p=1348#breadcrumb\"},\"inLanguage\":\"pt-BR\",\"potentialAction\":[{\"@type\":\"ReadAction\",\"target\":[\"https:\/\/gazetapernambucana.com\/?p=1348\"]}]},{\"@type\":\"ImageObject\",\"inLanguage\":\"pt-BR\",\"@id\":\"https:\/\/gazetapernambucana.com\/?p=1348#primaryimage\",\"url\":\"https:\/\/gazetapernambucana.com\/wp-content\/uploads\/2025\/06\/462562856_2457397397798111_6719032111439857149_n-1-1.jpg\",\"contentUrl\":\"https:\/\/gazetapernambucana.com\/wp-content\/uploads\/2025\/06\/462562856_2457397397798111_6719032111439857149_n-1-1.jpg\",\"width\":212,\"height\":208},{\"@type\":\"BreadcrumbList\",\"@id\":\"https:\/\/gazetapernambucana.com\/?p=1348#breadcrumb\",\"itemListElement\":[{\"@type\":\"ListItem\",\"position\":1,\"name\":\"In\u00edcio\",\"item\":\"https:\/\/gazetapernambucana.com\/\"},{\"@type\":\"ListItem\",\"position\":2,\"name\":\"Todo grande amor \u00e9 perseguido. Por Fl\u00e1vio Chaves\"}]},{\"@type\":\"WebSite\",\"@id\":\"https:\/\/gazetapernambucana.com\/#website\",\"url\":\"https:\/\/gazetapernambucana.com\/\",\"name\":\"\",\"description\":\"\",\"potentialAction\":[{\"@type\":\"SearchAction\",\"target\":{\"@type\":\"EntryPoint\",\"urlTemplate\":\"https:\/\/gazetapernambucana.com\/?s={search_term_string}\"},\"query-input\":{\"@type\":\"PropertyValueSpecification\",\"valueRequired\":true,\"valueName\":\"search_term_string\"}}],\"inLanguage\":\"pt-BR\"},{\"@type\":\"Person\",\"@id\":\"https:\/\/gazetapernambucana.com\/#\/schema\/person\/188dc283325181ac2de4db1e9e987427\",\"name\":\"GP\",\"image\":{\"@type\":\"ImageObject\",\"inLanguage\":\"pt-BR\",\"@id\":\"https:\/\/gazetapernambucana.com\/#\/schema\/person\/image\/\",\"url\":\"https:\/\/secure.gravatar.com\/avatar\/9dad78ff9a2d8b5742d11779f8a3f53b052320c550b2e1907882353c067bb111?s=96&d=mm&r=g\",\"contentUrl\":\"https:\/\/secure.gravatar.com\/avatar\/9dad78ff9a2d8b5742d11779f8a3f53b052320c550b2e1907882353c067bb111?s=96&d=mm&r=g\",\"caption\":\"GP\"},\"sameAs\":[\"http:\/\/gazetapernambucana.com\"],\"url\":\"https:\/\/gazetapernambucana.com\/?author=1\"}]}<\/script>\n<!-- \/ Yoast SEO plugin. -->","yoast_head_json":{"title":"Todo grande amor \u00e9 perseguido. Por Fl\u00e1vio Chaves -","robots":{"index":"index","follow":"follow","max-snippet":"max-snippet:-1","max-image-preview":"max-image-preview:large","max-video-preview":"max-video-preview:-1"},"canonical":"https:\/\/gazetapernambucana.com\/?p=1348","og_locale":"pt_BR","og_type":"article","og_title":"Todo grande amor \u00e9 perseguido. Por Fl\u00e1vio Chaves -","og_description":"\u00a0\u00a0Por Fl\u00e1vio Chaves \u2013 Jornalista, poeta, escritor e membro da Academia Pernambucana de Letras. Foi Delegado Federal\/Minc\u00a0 \u2013\u00a0\u00a0Enquanto o mundo corria, eles se perderam. N\u00e3o por escolha, nem por cansa\u00e7o, mas por vozes alheias que empurraram cada um para longe. Ficaram em cantos diferentes do mesmo tempo, respirando lembran\u00e7as que n\u00e3o se completavam. N\u00e3o houve [&hellip;]","og_url":"https:\/\/gazetapernambucana.com\/?p=1348","article_published_time":"2025-08-03T05:20:00+00:00","og_image":[{"width":212,"height":208,"url":"https:\/\/gazetapernambucana.com\/wp-content\/uploads\/2025\/06\/462562856_2457397397798111_6719032111439857149_n-1-1.jpg","type":"image\/jpeg"}],"author":"GP","twitter_card":"summary_large_image","twitter_misc":{"Escrito por":"GP","Est. tempo de leitura":"2 minutos"},"schema":{"@context":"https:\/\/schema.org","@graph":[{"@type":"WebPage","@id":"https:\/\/gazetapernambucana.com\/?p=1348","url":"https:\/\/gazetapernambucana.com\/?p=1348","name":"Todo grande amor \u00e9 perseguido. Por Fl\u00e1vio Chaves -","isPartOf":{"@id":"https:\/\/gazetapernambucana.com\/#website"},"primaryImageOfPage":{"@id":"https:\/\/gazetapernambucana.com\/?p=1348#primaryimage"},"image":{"@id":"https:\/\/gazetapernambucana.com\/?p=1348#primaryimage"},"thumbnailUrl":"https:\/\/gazetapernambucana.com\/wp-content\/uploads\/2025\/06\/462562856_2457397397798111_6719032111439857149_n-1-1.jpg","datePublished":"2025-08-03T05:20:00+00:00","author":{"@id":"https:\/\/gazetapernambucana.com\/#\/schema\/person\/188dc283325181ac2de4db1e9e987427"},"breadcrumb":{"@id":"https:\/\/gazetapernambucana.com\/?p=1348#breadcrumb"},"inLanguage":"pt-BR","potentialAction":[{"@type":"ReadAction","target":["https:\/\/gazetapernambucana.com\/?p=1348"]}]},{"@type":"ImageObject","inLanguage":"pt-BR","@id":"https:\/\/gazetapernambucana.com\/?p=1348#primaryimage","url":"https:\/\/gazetapernambucana.com\/wp-content\/uploads\/2025\/06\/462562856_2457397397798111_6719032111439857149_n-1-1.jpg","contentUrl":"https:\/\/gazetapernambucana.com\/wp-content\/uploads\/2025\/06\/462562856_2457397397798111_6719032111439857149_n-1-1.jpg","width":212,"height":208},{"@type":"BreadcrumbList","@id":"https:\/\/gazetapernambucana.com\/?p=1348#breadcrumb","itemListElement":[{"@type":"ListItem","position":1,"name":"In\u00edcio","item":"https:\/\/gazetapernambucana.com\/"},{"@type":"ListItem","position":2,"name":"Todo grande amor \u00e9 perseguido. Por Fl\u00e1vio Chaves"}]},{"@type":"WebSite","@id":"https:\/\/gazetapernambucana.com\/#website","url":"https:\/\/gazetapernambucana.com\/","name":"","description":"","potentialAction":[{"@type":"SearchAction","target":{"@type":"EntryPoint","urlTemplate":"https:\/\/gazetapernambucana.com\/?s={search_term_string}"},"query-input":{"@type":"PropertyValueSpecification","valueRequired":true,"valueName":"search_term_string"}}],"inLanguage":"pt-BR"},{"@type":"Person","@id":"https:\/\/gazetapernambucana.com\/#\/schema\/person\/188dc283325181ac2de4db1e9e987427","name":"GP","image":{"@type":"ImageObject","inLanguage":"pt-BR","@id":"https:\/\/gazetapernambucana.com\/#\/schema\/person\/image\/","url":"https:\/\/secure.gravatar.com\/avatar\/9dad78ff9a2d8b5742d11779f8a3f53b052320c550b2e1907882353c067bb111?s=96&d=mm&r=g","contentUrl":"https:\/\/secure.gravatar.com\/avatar\/9dad78ff9a2d8b5742d11779f8a3f53b052320c550b2e1907882353c067bb111?s=96&d=mm&r=g","caption":"GP"},"sameAs":["http:\/\/gazetapernambucana.com"],"url":"https:\/\/gazetapernambucana.com\/?author=1"}]}},"jetpack_publicize_connections":[],"_links":{"self":[{"href":"https:\/\/gazetapernambucana.com\/index.php?rest_route=\/wp\/v2\/posts\/1348","targetHints":{"allow":["GET"]}}],"collection":[{"href":"https:\/\/gazetapernambucana.com\/index.php?rest_route=\/wp\/v2\/posts"}],"about":[{"href":"https:\/\/gazetapernambucana.com\/index.php?rest_route=\/wp\/v2\/types\/post"}],"author":[{"embeddable":true,"href":"https:\/\/gazetapernambucana.com\/index.php?rest_route=\/wp\/v2\/users\/1"}],"replies":[{"embeddable":true,"href":"https:\/\/gazetapernambucana.com\/index.php?rest_route=%2Fwp%2Fv2%2Fcomments&post=1348"}],"version-history":[{"count":1,"href":"https:\/\/gazetapernambucana.com\/index.php?rest_route=\/wp\/v2\/posts\/1348\/revisions"}],"predecessor-version":[{"id":1349,"href":"https:\/\/gazetapernambucana.com\/index.php?rest_route=\/wp\/v2\/posts\/1348\/revisions\/1349"}],"wp:featuredmedia":[{"embeddable":true,"href":"https:\/\/gazetapernambucana.com\/index.php?rest_route=\/wp\/v2\/media\/1017"}],"wp:attachment":[{"href":"https:\/\/gazetapernambucana.com\/index.php?rest_route=%2Fwp%2Fv2%2Fmedia&parent=1348"}],"wp:term":[{"taxonomy":"category","embeddable":true,"href":"https:\/\/gazetapernambucana.com\/index.php?rest_route=%2Fwp%2Fv2%2Fcategories&post=1348"},{"taxonomy":"post_tag","embeddable":true,"href":"https:\/\/gazetapernambucana.com\/index.php?rest_route=%2Fwp%2Fv2%2Ftags&post=1348"}],"curies":[{"name":"wp","href":"https:\/\/api.w.org\/{rel}","templated":true}]}}